{"id":81081,"date":"2014-04-25T20:00:20","date_gmt":"2014-04-25T23:00:20","guid":{"rendered":"http:\/\/www.quersaberpolitica.com.br\/?p=81081"},"modified":"2014-04-25T16:32:35","modified_gmt":"2014-04-25T19:32:35","slug":"pedro-alcantara-cumpre-extensa-programacao-politica-em-casa-nova","status":"publish","type":"post","link":"https:\/\/blogdofarnesio.com.br\/?p=81081","title":{"rendered":"PEDRO ALC\u00c2NTARA CUMPRE EXTENSA PROGRAMA\u00c7\u00c3O POL\u00cdTICA EM CASA NOVA"},"content":{"rendered":"<p style=\"text-align: justify\"><a href=\"http:\/\/www.quersaberpolitica.com.br\/2016\/wp-content\/uploads\/2014\/04\/unnamed-22.jpg\"><img loading=\"lazy\" decoding=\"async\" class=\" wp-image-81082 alignleft\" alt=\"unnamed (2)\" src=\"http:\/\/www.quersaberpolitica.com.br\/2016\/wp-content\/uploads\/2014\/04\/unnamed-22.jpg\" width=\"327\" height=\"240\" srcset=\"https:\/\/blogdofarnesio.com.br\/wp-content\/uploads\/2014\/04\/unnamed-22.jpg 409w, https:\/\/blogdofarnesio.com.br\/wp-content\/uploads\/2014\/04\/unnamed-22-300x220.jpg 300w\" sizes=\"auto, (max-width: 327px) 100vw, 327px\" \/><\/a>Nesta quinta- feira (24), o Pr\u00e9 Candidato a Deputado Federal Pedro Alc\u00e2ntara, esteve presente no Audit\u00f3rio da C\u00e2mara Municipal de Juazeiro, na oportunidade acontecia o Semin\u00e1rio de Integra\u00e7\u00e3o da Caprinocultura e da Ovinocultura com \u00c1reas Irrigadas e de Fruticultura \u201c Unindo as P\u00e1ginas, com a presen\u00e7a de v\u00e1rios empres\u00e1rios, produtores e pessoas ligadas a fruticultura irrigada.<\/p>\n<p style=\"text-align: justify\">Pedr0 Alc\u00e2ntara participou em seguida da inaugura\u00e7\u00e3o da ag\u00eancia do Banco do Nordeste da vizinha cidade de Casa Nova. <!--more-->Ao ser saudado pelos oradores e receber o abra\u00e7o de pol\u00edticos e do p\u00fablico presente por suas lutas em prol da regi\u00e3o, Alc\u00e2ntara,<\/p>\n<p style=\"text-align: justify\">Ap\u00f3s a inaugura\u00e7\u00e3o, agradeceu ao Superintendente Estadual do Banco do Nordeste na Bahia Jorge Ant\u00f4nio Bagd\u00eave de Oliveira e \u00e0 Gerente da Agencia de Casa Nova, Sr\u00aa Carla Cardoso Guimar\u00e3es, e aos demais funcion\u00e1rios, pelo convite formulado para participar deste momento importante que ir\u00e1 melhorar e dignificar a vida dos moradores n\u00e3o somente de Casa Nova mas, das cidades de Remanso, Pil\u00e3o Arcado e Campo Alegre de Lourdes.<\/p>\n<p style=\"text-align: justify\">Alc\u00e2ntara, foi incisivo em afirmar que\u00a0\u00a0\u201desta ag\u00eancia ora inaugurada, ajudar\u00e1 e muito a movimentar a economia n\u00e3o somente desta pr\u00f3spera cidade, e seu povo que sofre in\u00fameras consequ\u00eancias para realizar uma opera\u00e7\u00e3o banc\u00e1ria em outras cidades, Casa Nova, \u00e9 uma cidade que muito estimo, \u00e9 uma cidade que tenho muitos amigos e servi\u00e7os prestados em prol da coletividade. \u201cPortanto, estou muito feliz por este feito\u201d.<\/p>\n<p style=\"text-align: justify\">Em seguida, Alc\u00e2ntara teve que cumprir ainda uma reuni\u00e3o com l\u00edderes pol\u00edticos, ex- Vereadores e presidentes de Associa\u00e7\u00f5es A exemplo de Jos\u00e9 Wilson, Ad\u00e3o da Costa e Domingos Jos\u00e9 dos Santos. Onde foram discutidos diversos assuntos referentes ao desenvolvimento de Casa Nova.<\/p>\n","protected":false},"excerpt":{"rendered":"<p>Nesta quinta- feira (24), o Pr\u00e9 Candidato a Deputado Federal Pedro Alc\u00e2ntara, esteve presente no Audit\u00f3rio da C\u00e2mara Municipal de Juazeiro, na oportunidade acontecia o Semin\u00e1rio de Integra\u00e7\u00e3o da Caprinocultura e da Ovinocultura com \u00c1reas Irrigadas e de Fruticultura \u201c Unindo as P\u00e1ginas, com a presen\u00e7a de v\u00e1rios empres\u00e1rios, produtores e pessoas ligadas a fruticultura irrigada. Pedr0 Alc\u00e2ntara participou em seguida da inaugura\u00e7\u00e3o da ag\u00eancia do Banco do Nordeste da vizinha cidade de Casa Nova.<\/p>\n","protected":false},"author":3,"featured_media":0,"comment_status":"open","ping_status":"open","sticky":false,"template":"","format":"standard","meta":{"_acf_changed":false,"footnotes":""},"categories":[1],"tags":[],"class_list":["post-81081","post","type-post","status-publish","format-standard","hentry","category-politica"],"acf":[],"yoast_head":"<!-- This site is optimized with the Yoast SEO plugin v27.4 - https:\/\/yoast.com\/product\/yoast-seo-wordpress\/ -->\n<title>PEDRO ALC\u00c2NTARA CUMPRE EXTENSA PROGRAMA\u00c7\u00c3O POL\u00cdTICA EM CASA NOVA - Blog do Farn\u00e9sio<\/title>\n<meta name=\"robots\" content=\"index, follow, max-snippet:-1, max-image-preview:large, max-video-preview:-1\" \/>\n<link rel=\"canonical\" href=\"https:\/\/blogdofarnesio.com.br\/?p=81081\" \/>\n<meta property=\"og:locale\" content=\"pt_BR\" \/>\n<meta property=\"og:type\" content=\"article\" \/>\n<meta property=\"og:title\" content=\"PEDRO ALC\u00c2NTARA CUMPRE EXTENSA PROGRAMA\u00c7\u00c3O POL\u00cdTICA EM CASA NOVA - Blog do Farn\u00e9sio\" \/>\n<meta property=\"og:description\" content=\"Nesta quinta- feira (24), o Pr\u00e9 Candidato a Deputado Federal Pedro Alc\u00e2ntara, esteve presente no Audit\u00f3rio da C\u00e2mara Municipal de Juazeiro, na oportunidade acontecia o Semin\u00e1rio de Integra\u00e7\u00e3o da Caprinocultura e da Ovinocultura com \u00c1reas Irrigadas e de Fruticultura \u201c Unindo as P\u00e1ginas, com a presen\u00e7a de v\u00e1rios empres\u00e1rios, produtores e pessoas ligadas a fruticultura irrigada. Pedr0 Alc\u00e2ntara participou em seguida da inaugura\u00e7\u00e3o da ag\u00eancia do Banco do Nordeste da vizinha cidade de Casa Nova.\" \/>\n<meta property=\"og:url\" content=\"https:\/\/blogdofarnesio.com.br\/?p=81081\" \/>\n<meta property=\"og:site_name\" content=\"Blog do Farn\u00e9sio\" \/>\n<meta property=\"article:publisher\" content=\"https:\/\/www.facebook.com\/BlogQuerSaberPolitica\/\" \/>\n<meta property=\"article:published_time\" content=\"2014-04-25T23:00:20+00:00\" \/>\n<meta property=\"og:image\" content=\"http:\/\/www.quersaberpolitica.com.br\/2016\/wp-content\/uploads\/2014\/04\/unnamed-22.jpg\" \/>\n<meta name=\"author\" content=\"teste\" \/>\n<meta name=\"twitter:card\" content=\"summary_large_image\" \/>\n<meta name=\"twitter:label1\" content=\"Escrito por\" \/>\n\t<meta name=\"twitter:data1\" content=\"teste\" \/>\n\t<meta name=\"twitter:label2\" content=\"Est. tempo de leitura\" \/>\n\t<meta name=\"twitter:data2\" content=\"2 minutos\" \/>\n<script type=\"application\/ld+json\" class=\"yoast-schema-graph\">{\"@context\":\"https:\\\/\\\/schema.org\",\"@graph\":[{\"@type\":\"Article\",\"@id\":\"https:\\\/\\\/blogdofarnesio.com.br\\\/?p=81081#article\",\"isPartOf\":{\"@id\":\"https:\\\/\\\/blogdofarnesio.com.br\\\/?p=81081\"},\"author\":{\"name\":\"teste\",\"@id\":\"https:\\\/\\\/blogdofarnesio.com.br\\\/#\\\/schema\\\/person\\\/dd1bf5eba40b687199ba45ca6b97dff9\"},\"headline\":\"PEDRO ALC\u00c2NTARA CUMPRE EXTENSA PROGRAMA\u00c7\u00c3O POL\u00cdTICA EM CASA NOVA\",\"datePublished\":\"2014-04-25T23:00:20+00:00\",\"mainEntityOfPage\":{\"@id\":\"https:\\\/\\\/blogdofarnesio.com.br\\\/?p=81081\"},\"wordCount\":321,\"commentCount\":0,\"publisher\":{\"@id\":\"https:\\\/\\\/blogdofarnesio.com.br\\\/#organization\"},\"image\":{\"@id\":\"https:\\\/\\\/blogdofarnesio.com.br\\\/?p=81081#primaryimage\"},\"thumbnailUrl\":\"http:\\\/\\\/www.quersaberpolitica.com.br\\\/2016\\\/wp-content\\\/uploads\\\/2014\\\/04\\\/unnamed-22.jpg\",\"articleSection\":[\"Pol\u00edtica\"],\"inLanguage\":\"pt-BR\",\"potentialAction\":[{\"@type\":\"CommentAction\",\"name\":\"Comment\",\"target\":[\"https:\\\/\\\/blogdofarnesio.com.br\\\/?p=81081#respond\"]}]},{\"@type\":\"WebPage\",\"@id\":\"https:\\\/\\\/blogdofarnesio.com.br\\\/?p=81081\",\"url\":\"https:\\\/\\\/blogdofarnesio.com.br\\\/?p=81081\",\"name\":\"PEDRO ALC\u00c2NTARA CUMPRE EXTENSA PROGRAMA\u00c7\u00c3O POL\u00cdTICA EM CASA NOVA - Blog do Farn\u00e9sio\",\"isPartOf\":{\"@id\":\"https:\\\/\\\/blogdofarnesio.com.br\\\/#website\"},\"primaryImageOfPage\":{\"@id\":\"https:\\\/\\\/blogdofarnesio.com.br\\\/?p=81081#primaryimage\"},\"image\":{\"@id\":\"https:\\\/\\\/blogdofarnesio.com.br\\\/?p=81081#primaryimage\"},\"thumbnailUrl\":\"http:\\\/\\\/www.quersaberpolitica.com.br\\\/2016\\\/wp-content\\\/uploads\\\/2014\\\/04\\\/unnamed-22.jpg\",\"datePublished\":\"2014-04-25T23:00:20+00:00\",\"breadcrumb\":{\"@id\":\"https:\\\/\\\/blogdofarnesio.com.br\\\/?p=81081#breadcrumb\"},\"inLanguage\":\"pt-BR\",\"potentialAction\":[{\"@type\":\"ReadAction\",\"target\":[\"https:\\\/\\\/blogdofarnesio.com.br\\\/?p=81081\"]}]},{\"@type\":\"ImageObject\",\"inLanguage\":\"pt-BR\",\"@id\":\"https:\\\/\\\/blogdofarnesio.com.br\\\/?p=81081#primaryimage\",\"url\":\"http:\\\/\\\/www.quersaberpolitica.com.br\\\/2016\\\/wp-content\\\/uploads\\\/2014\\\/04\\\/unnamed-22.jpg\",\"contentUrl\":\"http:\\\/\\\/www.quersaberpolitica.com.br\\\/2016\\\/wp-content\\\/uploads\\\/2014\\\/04\\\/unnamed-22.jpg\"},{\"@type\":\"BreadcrumbList\",\"@id\":\"https:\\\/\\\/blogdofarnesio.com.br\\\/?p=81081#breadcrumb\",\"itemListElement\":[{\"@type\":\"ListItem\",\"position\":1,\"name\":\"In\u00edcio\",\"item\":\"https:\\\/\\\/blogdofarnesio.com.br\\\/\"},{\"@type\":\"ListItem\",\"position\":2,\"name\":\"PEDRO ALC\u00c2NTARA CUMPRE EXTENSA PROGRAMA\u00c7\u00c3O POL\u00cdTICA EM CASA NOVA\"}]},{\"@type\":\"WebSite\",\"@id\":\"https:\\\/\\\/blogdofarnesio.com.br\\\/#website\",\"url\":\"https:\\\/\\\/blogdofarnesio.com.br\\\/\",\"name\":\"Blog do Farn\u00e9sio\",\"description\":\"Quer Saber Pol\u00edtica?\",\"publisher\":{\"@id\":\"https:\\\/\\\/blogdofarnesio.com.br\\\/#organization\"},\"potentialAction\":[{\"@type\":\"SearchAction\",\"target\":{\"@type\":\"EntryPoint\",\"urlTemplate\":\"https:\\\/\\\/blogdofarnesio.com.br\\\/?s={search_term_string}\"},\"query-input\":{\"@type\":\"PropertyValueSpecification\",\"valueRequired\":true,\"valueName\":\"search_term_string\"}}],\"inLanguage\":\"pt-BR\"},{\"@type\":\"Organization\",\"@id\":\"https:\\\/\\\/blogdofarnesio.com.br\\\/#organization\",\"name\":\"Blog do Farn\u00e9sio\",\"url\":\"https:\\\/\\\/blogdofarnesio.com.br\\\/\",\"logo\":{\"@type\":\"ImageObject\",\"inLanguage\":\"pt-BR\",\"@id\":\"https:\\\/\\\/blogdofarnesio.com.br\\\/#\\\/schema\\\/logo\\\/image\\\/\",\"url\":\"https:\\\/\\\/blogdofarnesio.com.br\\\/wp-content\\\/uploads\\\/2026\\\/03\\\/cropped-logo_new-1.png\",\"contentUrl\":\"https:\\\/\\\/blogdofarnesio.com.br\\\/wp-content\\\/uploads\\\/2026\\\/03\\\/cropped-logo_new-1.png\",\"width\":881,\"height\":685,\"caption\":\"Blog do Farn\u00e9sio\"},\"image\":{\"@id\":\"https:\\\/\\\/blogdofarnesio.com.br\\\/#\\\/schema\\\/logo\\\/image\\\/\"},\"sameAs\":[\"https:\\\/\\\/www.facebook.com\\\/BlogQuerSaberPolitica\\\/\"]},{\"@type\":\"Person\",\"@id\":\"https:\\\/\\\/blogdofarnesio.com.br\\\/#\\\/schema\\\/person\\\/dd1bf5eba40b687199ba45ca6b97dff9\",\"name\":\"teste\",\"image\":{\"@type\":\"ImageObject\",\"inLanguage\":\"pt-BR\",\"@id\":\"https:\\\/\\\/secure.gravatar.com\\\/avatar\\\/2172498d4914b51e1d89a0f97957b035ac4938723a5cac208135d389b6972a6d?s=96&d=mm&r=g\",\"url\":\"https:\\\/\\\/secure.gravatar.com\\\/avatar\\\/2172498d4914b51e1d89a0f97957b035ac4938723a5cac208135d389b6972a6d?s=96&d=mm&r=g\",\"contentUrl\":\"https:\\\/\\\/secure.gravatar.com\\\/avatar\\\/2172498d4914b51e1d89a0f97957b035ac4938723a5cac208135d389b6972a6d?s=96&d=mm&r=g\",\"caption\":\"teste\"},\"url\":\"https:\\\/\\\/blogdofarnesio.com.br\\\/?author=3\"}]}<\/script>\n<!-- \/ Yoast SEO plugin. -->","yoast_head_json":{"title":"PEDRO ALC\u00c2NTARA CUMPRE EXTENSA PROGRAMA\u00c7\u00c3O POL\u00cdTICA EM CASA NOVA - Blog do Farn\u00e9sio","robots":{"index":"index","follow":"follow","max-snippet":"max-snippet:-1","max-image-preview":"max-image-preview:large","max-video-preview":"max-video-preview:-1"},"canonical":"https:\/\/blogdofarnesio.com.br\/?p=81081","og_locale":"pt_BR","og_type":"article","og_title":"PEDRO ALC\u00c2NTARA CUMPRE EXTENSA PROGRAMA\u00c7\u00c3O POL\u00cdTICA EM CASA NOVA - Blog do Farn\u00e9sio","og_description":"Nesta quinta- feira (24), o Pr\u00e9 Candidato a Deputado Federal Pedro Alc\u00e2ntara, esteve presente no Audit\u00f3rio da C\u00e2mara Municipal de Juazeiro, na oportunidade acontecia o Semin\u00e1rio de Integra\u00e7\u00e3o da Caprinocultura e da Ovinocultura com \u00c1reas Irrigadas e de Fruticultura \u201c Unindo as P\u00e1ginas, com a presen\u00e7a de v\u00e1rios empres\u00e1rios, produtores e pessoas ligadas a fruticultura irrigada. Pedr0 Alc\u00e2ntara participou em seguida da inaugura\u00e7\u00e3o da ag\u00eancia do Banco do Nordeste da vizinha cidade de Casa Nova.","og_url":"https:\/\/blogdofarnesio.com.br\/?p=81081","og_site_name":"Blog do Farn\u00e9sio","article_publisher":"https:\/\/www.facebook.com\/BlogQuerSaberPolitica\/","article_published_time":"2014-04-25T23:00:20+00:00","og_image":[{"url":"http:\/\/www.quersaberpolitica.com.br\/2016\/wp-content\/uploads\/2014\/04\/unnamed-22.jpg","type":"","width":"","height":""}],"author":"teste","twitter_card":"summary_large_image","twitter_misc":{"Escrito por":"teste","Est. tempo de leitura":"2 minutos"},"schema":{"@context":"https:\/\/schema.org","@graph":[{"@type":"Article","@id":"https:\/\/blogdofarnesio.com.br\/?p=81081#article","isPartOf":{"@id":"https:\/\/blogdofarnesio.com.br\/?p=81081"},"author":{"name":"teste","@id":"https:\/\/blogdofarnesio.com.br\/#\/schema\/person\/dd1bf5eba40b687199ba45ca6b97dff9"},"headline":"PEDRO ALC\u00c2NTARA CUMPRE EXTENSA PROGRAMA\u00c7\u00c3O POL\u00cdTICA EM CASA NOVA","datePublished":"2014-04-25T23:00:20+00:00","mainEntityOfPage":{"@id":"https:\/\/blogdofarnesio.com.br\/?p=81081"},"wordCount":321,"commentCount":0,"publisher":{"@id":"https:\/\/blogdofarnesio.com.br\/#organization"},"image":{"@id":"https:\/\/blogdofarnesio.com.br\/?p=81081#primaryimage"},"thumbnailUrl":"http:\/\/www.quersaberpolitica.com.br\/2016\/wp-content\/uploads\/2014\/04\/unnamed-22.jpg","articleSection":["Pol\u00edtica"],"inLanguage":"pt-BR","potentialAction":[{"@type":"CommentAction","name":"Comment","target":["https:\/\/blogdofarnesio.com.br\/?p=81081#respond"]}]},{"@type":"WebPage","@id":"https:\/\/blogdofarnesio.com.br\/?p=81081","url":"https:\/\/blogdofarnesio.com.br\/?p=81081","name":"PEDRO ALC\u00c2NTARA CUMPRE EXTENSA PROGRAMA\u00c7\u00c3O POL\u00cdTICA EM CASA NOVA - Blog do Farn\u00e9sio","isPartOf":{"@id":"https:\/\/blogdofarnesio.com.br\/#website"},"primaryImageOfPage":{"@id":"https:\/\/blogdofarnesio.com.br\/?p=81081#primaryimage"},"image":{"@id":"https:\/\/blogdofarnesio.com.br\/?p=81081#primaryimage"},"thumbnailUrl":"http:\/\/www.quersaberpolitica.com.br\/2016\/wp-content\/uploads\/2014\/04\/unnamed-22.jpg","datePublished":"2014-04-25T23:00:20+00:00","breadcrumb":{"@id":"https:\/\/blogdofarnesio.com.br\/?p=81081#breadcrumb"},"inLanguage":"pt-BR","potentialAction":[{"@type":"ReadAction","target":["https:\/\/blogdofarnesio.com.br\/?p=81081"]}]},{"@type":"ImageObject","inLanguage":"pt-BR","@id":"https:\/\/blogdofarnesio.com.br\/?p=81081#primaryimage","url":"http:\/\/www.quersaberpolitica.com.br\/2016\/wp-content\/uploads\/2014\/04\/unnamed-22.jpg","contentUrl":"http:\/\/www.quersaberpolitica.com.br\/2016\/wp-content\/uploads\/2014\/04\/unnamed-22.jpg"},{"@type":"BreadcrumbList","@id":"https:\/\/blogdofarnesio.com.br\/?p=81081#breadcrumb","itemListElement":[{"@type":"ListItem","position":1,"name":"In\u00edcio","item":"https:\/\/blogdofarnesio.com.br\/"},{"@type":"ListItem","position":2,"name":"PEDRO ALC\u00c2NTARA CUMPRE EXTENSA PROGRAMA\u00c7\u00c3O POL\u00cdTICA EM CASA NOVA"}]},{"@type":"WebSite","@id":"https:\/\/blogdofarnesio.com.br\/#website","url":"https:\/\/blogdofarnesio.com.br\/","name":"Blog do Farn\u00e9sio","description":"Quer Saber Pol\u00edtica?","publisher":{"@id":"https:\/\/blogdofarnesio.com.br\/#organization"},"potentialAction":[{"@type":"SearchAction","target":{"@type":"EntryPoint","urlTemplate":"https:\/\/blogdofarnesio.com.br\/?s={search_term_string}"},"query-input":{"@type":"PropertyValueSpecification","valueRequired":true,"valueName":"search_term_string"}}],"inLanguage":"pt-BR"},{"@type":"Organization","@id":"https:\/\/blogdofarnesio.com.br\/#organization","name":"Blog do Farn\u00e9sio","url":"https:\/\/blogdofarnesio.com.br\/","logo":{"@type":"ImageObject","inLanguage":"pt-BR","@id":"https:\/\/blogdofarnesio.com.br\/#\/schema\/logo\/image\/","url":"https:\/\/blogdofarnesio.com.br\/wp-content\/uploads\/2026\/03\/cropped-logo_new-1.png","contentUrl":"https:\/\/blogdofarnesio.com.br\/wp-content\/uploads\/2026\/03\/cropped-logo_new-1.png","width":881,"height":685,"caption":"Blog do Farn\u00e9sio"},"image":{"@id":"https:\/\/blogdofarnesio.com.br\/#\/schema\/logo\/image\/"},"sameAs":["https:\/\/www.facebook.com\/BlogQuerSaberPolitica\/"]},{"@type":"Person","@id":"https:\/\/blogdofarnesio.com.br\/#\/schema\/person\/dd1bf5eba40b687199ba45ca6b97dff9","name":"teste","image":{"@type":"ImageObject","inLanguage":"pt-BR","@id":"https:\/\/secure.gravatar.com\/avatar\/2172498d4914b51e1d89a0f97957b035ac4938723a5cac208135d389b6972a6d?s=96&d=mm&r=g","url":"https:\/\/secure.gravatar.com\/avatar\/2172498d4914b51e1d89a0f97957b035ac4938723a5cac208135d389b6972a6d?s=96&d=mm&r=g","contentUrl":"https:\/\/secure.gravatar.com\/avatar\/2172498d4914b51e1d89a0f97957b035ac4938723a5cac208135d389b6972a6d?s=96&d=mm&r=g","caption":"teste"},"url":"https:\/\/blogdofarnesio.com.br\/?author=3"}]}},"_links":{"self":[{"href":"https:\/\/blogdofarnesio.com.br\/index.php?rest_route=\/wp\/v2\/posts\/81081","targetHints":{"allow":["GET"]}}],"collection":[{"href":"https:\/\/blogdofarnesio.com.br\/index.php?rest_route=\/wp\/v2\/posts"}],"about":[{"href":"https:\/\/blogdofarnesio.com.br\/index.php?rest_route=\/wp\/v2\/types\/post"}],"author":[{"embeddable":true,"href":"https:\/\/blogdofarnesio.com.br\/index.php?rest_route=\/wp\/v2\/users\/3"}],"replies":[{"embeddable":true,"href":"https:\/\/blogdofarnesio.com.br\/index.php?rest_route=%2Fwp%2Fv2%2Fcomments&post=81081"}],"version-history":[{"count":0,"href":"https:\/\/blogdofarnesio.com.br\/index.php?rest_route=\/wp\/v2\/posts\/81081\/revisions"}],"wp:attachment":[{"href":"https:\/\/blogdofarnesio.com.br\/index.php?rest_route=%2Fwp%2Fv2%2Fmedia&parent=81081"}],"wp:term":[{"taxonomy":"category","embeddable":true,"href":"https:\/\/blogdofarnesio.com.br\/index.php?rest_route=%2Fwp%2Fv2%2Fcategories&post=81081"},{"taxonomy":"post_tag","embeddable":true,"href":"https:\/\/blogdofarnesio.com.br\/index.php?rest_route=%2Fwp%2Fv2%2Ftags&post=81081"}],"curies":[{"name":"wp","href":"https:\/\/api.w.org\/{rel}","templated":true}]}}