{"id":80978,"date":"2014-04-24T16:02:50","date_gmt":"2014-04-24T19:02:50","guid":{"rendered":"http:\/\/www.quersaberpolitica.com.br\/?p=80978"},"modified":"2014-04-24T15:17:42","modified_gmt":"2014-04-24T18:17:42","slug":"direto-de-garanhuns-4","status":"publish","type":"post","link":"https:\/\/blogdofarnesio.com.br\/?p=80978","title":{"rendered":"DIRETO DE GARANHUNS"},"content":{"rendered":"<p style=\"text-align: justify\">\n<p style=\"text-align: justify\">\n<p style=\"text-align: justify\">\n<p style=\"text-align: center\"><strong>RUAS SER\u00c3O INTERDITADAS DURANTE O FESTIVAL VIVA DOMINGUINHOS<\/strong><\/p>\n<p style=\"text-align: center\"><img loading=\"lazy\" decoding=\"async\" class=\"aligncenter  wp-image-23128\" alt=\"blogqspdominguinhos1\" src=\"http:\/\/www.quersaberpolitica.com.br\/2016\/wp-content\/uploads\/2013\/01\/blogqspdominguinhos1.jpg\" width=\"518\" height=\"331\" srcset=\"https:\/\/blogdofarnesio.com.br\/wp-content\/uploads\/2013\/01\/blogqspdominguinhos1.jpg 720w, https:\/\/blogdofarnesio.com.br\/wp-content\/uploads\/2013\/01\/blogqspdominguinhos1-300x191.jpg 300w, https:\/\/blogdofarnesio.com.br\/wp-content\/uploads\/2013\/01\/blogqspdominguinhos1-469x300.jpg 469w\" sizes=\"auto, (max-width: 518px) 100vw, 518px\" \/><\/p>\n<p style=\"text-align: justify\">A Autarquia Municipal de Seguran\u00e7a, Tr\u00e2nsito e Transportes (AMSTT) informa que, a partir do meio-dia de hoje (24), a Rua Coronel Ant\u00f4nio Vitor, \u2013 trecho que inicia em frente ao Col\u00e9gio Estadual \u2013, localizada no bairro S\u00e3o Jos\u00e9, est\u00e1 interditada. A a\u00e7\u00e3o \u00e9 em decorr\u00eancia da montagem da estrutura do Festival Viva Dominguinhos, que come\u00e7a amanh\u00e3 (25), em Garanhuns.<\/p>\n<p style=\"text-align: justify\">\u00a0A AMSTT adianta, ainda, que a partir de amanh\u00e3 (25) e at\u00e9 o domingo (27), tamb\u00e9m haver\u00e1 interdi\u00e7\u00e3o da Rua Afonso Pena \u2013 em frente ao Centro Cultural Alfredo Leite Cavalcanti \u2013, at\u00e9 o sem\u00e1foro da Rua Nilo Pe\u00e7anha e a parte baixa da Pra\u00e7a Dom Moura. A interdi\u00e7\u00e3o, nessas vias, acontecer\u00e1 sempre a partir de 18h \u2013 sendo os locais, ap\u00f3s o t\u00e9rmino dos shows na Pra\u00e7a Cultural Mestre Dominguinhos, liberados para o fluxo de ve\u00edculos durante o dia.<\/p>\n<p><b>\u00a0<\/b><\/p>\n","protected":false},"excerpt":{"rendered":"<p>RUAS SER\u00c3O INTERDITADAS DURANTE O FESTIVAL VIVA DOMINGUINHOS A Autarquia Municipal de Seguran\u00e7a, Tr\u00e2nsito e Transportes (AMSTT) informa que, a partir do meio-dia de hoje (24), a Rua Coronel Ant\u00f4nio Vitor, \u2013 trecho que inicia em frente ao Col\u00e9gio Estadual \u2013, localizada no bairro S\u00e3o Jos\u00e9, est\u00e1 interditada. A a\u00e7\u00e3o \u00e9 em decorr\u00eancia da montagem da estrutura do Festival Viva Dominguinhos, que come\u00e7a amanh\u00e3 (25), em Garanhuns. \u00a0A AMSTT adianta, ainda, que a partir de amanh\u00e3 (25) e at\u00e9 o domingo (27), tamb\u00e9m haver\u00e1 interdi\u00e7\u00e3o da Rua Afonso Pena \u2013 em frente ao Centro Cultural Alfredo Leite Cavalcanti \u2013, at\u00e9 o sem\u00e1foro da Rua Nilo Pe\u00e7anha e a parte baixa da Pra\u00e7a Dom Moura. A interdi\u00e7\u00e3o, nessas vias, acontecer\u00e1 sempre&hellip; <\/p>\n","protected":false},"author":3,"featured_media":0,"comment_status":"open","ping_status":"open","sticky":false,"template":"","format":"standard","meta":{"_acf_changed":false,"footnotes":""},"categories":[27,10],"tags":[],"class_list":["post-80978","post","type-post","status-publish","format-standard","hentry","category-cidades","category-cultura"],"acf":[],"yoast_head":"<!-- This site is optimized with the Yoast SEO plugin v27.4 - https:\/\/yoast.com\/product\/yoast-seo-wordpress\/ -->\n<title>DIRETO DE GARANHUNS  - Blog do Farn\u00e9sio<\/title>\n<meta name=\"robots\" content=\"index, follow, max-snippet:-1, max-image-preview:large, max-video-preview:-1\" \/>\n<link rel=\"canonical\" href=\"https:\/\/blogdofarnesio.com.br\/?p=80978\" \/>\n<meta property=\"og:locale\" content=\"pt_BR\" \/>\n<meta property=\"og:type\" content=\"article\" \/>\n<meta property=\"og:title\" content=\"DIRETO DE GARANHUNS  - Blog do Farn\u00e9sio\" \/>\n<meta property=\"og:description\" content=\"RUAS SER\u00c3O INTERDITADAS DURANTE O FESTIVAL VIVA DOMINGUINHOS A Autarquia Municipal de Seguran\u00e7a, Tr\u00e2nsito e Transportes (AMSTT) informa que, a partir do meio-dia de hoje (24), a Rua Coronel Ant\u00f4nio Vitor, \u2013 trecho que inicia em frente ao Col\u00e9gio Estadual \u2013, localizada no bairro S\u00e3o Jos\u00e9, est\u00e1 interditada. A a\u00e7\u00e3o \u00e9 em decorr\u00eancia da montagem da estrutura do Festival Viva Dominguinhos, que come\u00e7a amanh\u00e3 (25), em Garanhuns. \u00a0A AMSTT adianta, ainda, que a partir de amanh\u00e3 (25) e at\u00e9 o domingo (27), tamb\u00e9m haver\u00e1 interdi\u00e7\u00e3o da Rua Afonso Pena \u2013 em frente ao Centro Cultural Alfredo Leite Cavalcanti \u2013, at\u00e9 o sem\u00e1foro da Rua Nilo Pe\u00e7anha e a parte baixa da Pra\u00e7a Dom Moura. A interdi\u00e7\u00e3o, nessas vias, acontecer\u00e1 sempre&hellip;\" \/>\n<meta property=\"og:url\" content=\"https:\/\/blogdofarnesio.com.br\/?p=80978\" \/>\n<meta property=\"og:site_name\" content=\"Blog do Farn\u00e9sio\" \/>\n<meta property=\"article:publisher\" content=\"https:\/\/www.facebook.com\/BlogQuerSaberPolitica\/\" \/>\n<meta property=\"article:published_time\" content=\"2014-04-24T19:02:50+00:00\" \/>\n<meta property=\"og:image\" content=\"http:\/\/www.quersaberpolitica.com.br\/2016\/wp-content\/uploads\/2013\/01\/blogqspdominguinhos1.jpg\" \/>\n<meta name=\"author\" content=\"teste\" \/>\n<meta name=\"twitter:card\" content=\"summary_large_image\" \/>\n<meta name=\"twitter:label1\" content=\"Escrito por\" \/>\n\t<meta name=\"twitter:data1\" content=\"teste\" \/>\n\t<meta name=\"twitter:label2\" content=\"Est. tempo de leitura\" \/>\n\t<meta name=\"twitter:data2\" content=\"1 minuto\" \/>\n<script type=\"application\/ld+json\" class=\"yoast-schema-graph\">{\"@context\":\"https:\\\/\\\/schema.org\",\"@graph\":[{\"@type\":\"Article\",\"@id\":\"https:\\\/\\\/blogdofarnesio.com.br\\\/?p=80978#article\",\"isPartOf\":{\"@id\":\"https:\\\/\\\/blogdofarnesio.com.br\\\/?p=80978\"},\"author\":{\"name\":\"teste\",\"@id\":\"https:\\\/\\\/blogdofarnesio.com.br\\\/#\\\/schema\\\/person\\\/dd1bf5eba40b687199ba45ca6b97dff9\"},\"headline\":\"DIRETO DE GARANHUNS\",\"datePublished\":\"2014-04-24T19:02:50+00:00\",\"mainEntityOfPage\":{\"@id\":\"https:\\\/\\\/blogdofarnesio.com.br\\\/?p=80978\"},\"wordCount\":159,\"commentCount\":0,\"publisher\":{\"@id\":\"https:\\\/\\\/blogdofarnesio.com.br\\\/#organization\"},\"image\":{\"@id\":\"https:\\\/\\\/blogdofarnesio.com.br\\\/?p=80978#primaryimage\"},\"thumbnailUrl\":\"http:\\\/\\\/www.quersaberpolitica.com.br\\\/2016\\\/wp-content\\\/uploads\\\/2013\\\/01\\\/blogqspdominguinhos1.jpg\",\"articleSection\":[\"Cidades\",\"Cultura\"],\"inLanguage\":\"pt-BR\",\"potentialAction\":[{\"@type\":\"CommentAction\",\"name\":\"Comment\",\"target\":[\"https:\\\/\\\/blogdofarnesio.com.br\\\/?p=80978#respond\"]}]},{\"@type\":\"WebPage\",\"@id\":\"https:\\\/\\\/blogdofarnesio.com.br\\\/?p=80978\",\"url\":\"https:\\\/\\\/blogdofarnesio.com.br\\\/?p=80978\",\"name\":\"DIRETO DE GARANHUNS - Blog do Farn\u00e9sio\",\"isPartOf\":{\"@id\":\"https:\\\/\\\/blogdofarnesio.com.br\\\/#website\"},\"primaryImageOfPage\":{\"@id\":\"https:\\\/\\\/blogdofarnesio.com.br\\\/?p=80978#primaryimage\"},\"image\":{\"@id\":\"https:\\\/\\\/blogdofarnesio.com.br\\\/?p=80978#primaryimage\"},\"thumbnailUrl\":\"http:\\\/\\\/www.quersaberpolitica.com.br\\\/2016\\\/wp-content\\\/uploads\\\/2013\\\/01\\\/blogqspdominguinhos1.jpg\",\"datePublished\":\"2014-04-24T19:02:50+00:00\",\"breadcrumb\":{\"@id\":\"https:\\\/\\\/blogdofarnesio.com.br\\\/?p=80978#breadcrumb\"},\"inLanguage\":\"pt-BR\",\"potentialAction\":[{\"@type\":\"ReadAction\",\"target\":[\"https:\\\/\\\/blogdofarnesio.com.br\\\/?p=80978\"]}]},{\"@type\":\"ImageObject\",\"inLanguage\":\"pt-BR\",\"@id\":\"https:\\\/\\\/blogdofarnesio.com.br\\\/?p=80978#primaryimage\",\"url\":\"http:\\\/\\\/www.quersaberpolitica.com.br\\\/2016\\\/wp-content\\\/uploads\\\/2013\\\/01\\\/blogqspdominguinhos1.jpg\",\"contentUrl\":\"http:\\\/\\\/www.quersaberpolitica.com.br\\\/2016\\\/wp-content\\\/uploads\\\/2013\\\/01\\\/blogqspdominguinhos1.jpg\"},{\"@type\":\"BreadcrumbList\",\"@id\":\"https:\\\/\\\/blogdofarnesio.com.br\\\/?p=80978#breadcrumb\",\"itemListElement\":[{\"@type\":\"ListItem\",\"position\":1,\"name\":\"In\u00edcio\",\"item\":\"https:\\\/\\\/blogdofarnesio.com.br\\\/\"},{\"@type\":\"ListItem\",\"position\":2,\"name\":\"DIRETO DE GARANHUNS\"}]},{\"@type\":\"WebSite\",\"@id\":\"https:\\\/\\\/blogdofarnesio.com.br\\\/#website\",\"url\":\"https:\\\/\\\/blogdofarnesio.com.br\\\/\",\"name\":\"Blog do Farn\u00e9sio\",\"description\":\"Quer Saber Pol\u00edtica?\",\"publisher\":{\"@id\":\"https:\\\/\\\/blogdofarnesio.com.br\\\/#organization\"},\"potentialAction\":[{\"@type\":\"SearchAction\",\"target\":{\"@type\":\"EntryPoint\",\"urlTemplate\":\"https:\\\/\\\/blogdofarnesio.com.br\\\/?s={search_term_string}\"},\"query-input\":{\"@type\":\"PropertyValueSpecification\",\"valueRequired\":true,\"valueName\":\"search_term_string\"}}],\"inLanguage\":\"pt-BR\"},{\"@type\":\"Organization\",\"@id\":\"https:\\\/\\\/blogdofarnesio.com.br\\\/#organization\",\"name\":\"Blog do Farn\u00e9sio\",\"url\":\"https:\\\/\\\/blogdofarnesio.com.br\\\/\",\"logo\":{\"@type\":\"ImageObject\",\"inLanguage\":\"pt-BR\",\"@id\":\"https:\\\/\\\/blogdofarnesio.com.br\\\/#\\\/schema\\\/logo\\\/image\\\/\",\"url\":\"https:\\\/\\\/blogdofarnesio.com.br\\\/wp-content\\\/uploads\\\/2026\\\/03\\\/cropped-logo_new-1.png\",\"contentUrl\":\"https:\\\/\\\/blogdofarnesio.com.br\\\/wp-content\\\/uploads\\\/2026\\\/03\\\/cropped-logo_new-1.png\",\"width\":881,\"height\":685,\"caption\":\"Blog do Farn\u00e9sio\"},\"image\":{\"@id\":\"https:\\\/\\\/blogdofarnesio.com.br\\\/#\\\/schema\\\/logo\\\/image\\\/\"},\"sameAs\":[\"https:\\\/\\\/www.facebook.com\\\/BlogQuerSaberPolitica\\\/\"]},{\"@type\":\"Person\",\"@id\":\"https:\\\/\\\/blogdofarnesio.com.br\\\/#\\\/schema\\\/person\\\/dd1bf5eba40b687199ba45ca6b97dff9\",\"name\":\"teste\",\"image\":{\"@type\":\"ImageObject\",\"inLanguage\":\"pt-BR\",\"@id\":\"https:\\\/\\\/secure.gravatar.com\\\/avatar\\\/2172498d4914b51e1d89a0f97957b035ac4938723a5cac208135d389b6972a6d?s=96&d=mm&r=g\",\"url\":\"https:\\\/\\\/secure.gravatar.com\\\/avatar\\\/2172498d4914b51e1d89a0f97957b035ac4938723a5cac208135d389b6972a6d?s=96&d=mm&r=g\",\"contentUrl\":\"https:\\\/\\\/secure.gravatar.com\\\/avatar\\\/2172498d4914b51e1d89a0f97957b035ac4938723a5cac208135d389b6972a6d?s=96&d=mm&r=g\",\"caption\":\"teste\"},\"url\":\"https:\\\/\\\/blogdofarnesio.com.br\\\/?author=3\"}]}<\/script>\n<!-- \/ Yoast SEO plugin. -->","yoast_head_json":{"title":"DIRETO DE GARANHUNS  - Blog do Farn\u00e9sio","robots":{"index":"index","follow":"follow","max-snippet":"max-snippet:-1","max-image-preview":"max-image-preview:large","max-video-preview":"max-video-preview:-1"},"canonical":"https:\/\/blogdofarnesio.com.br\/?p=80978","og_locale":"pt_BR","og_type":"article","og_title":"DIRETO DE GARANHUNS  - Blog do Farn\u00e9sio","og_description":"RUAS SER\u00c3O INTERDITADAS DURANTE O FESTIVAL VIVA DOMINGUINHOS A Autarquia Municipal de Seguran\u00e7a, Tr\u00e2nsito e Transportes (AMSTT) informa que, a partir do meio-dia de hoje (24), a Rua Coronel Ant\u00f4nio Vitor, \u2013 trecho que inicia em frente ao Col\u00e9gio Estadual \u2013, localizada no bairro S\u00e3o Jos\u00e9, est\u00e1 interditada. A a\u00e7\u00e3o \u00e9 em decorr\u00eancia da montagem da estrutura do Festival Viva Dominguinhos, que come\u00e7a amanh\u00e3 (25), em Garanhuns. \u00a0A AMSTT adianta, ainda, que a partir de amanh\u00e3 (25) e at\u00e9 o domingo (27), tamb\u00e9m haver\u00e1 interdi\u00e7\u00e3o da Rua Afonso Pena \u2013 em frente ao Centro Cultural Alfredo Leite Cavalcanti \u2013, at\u00e9 o sem\u00e1foro da Rua Nilo Pe\u00e7anha e a parte baixa da Pra\u00e7a Dom Moura. A interdi\u00e7\u00e3o, nessas vias, acontecer\u00e1 sempre&hellip;","og_url":"https:\/\/blogdofarnesio.com.br\/?p=80978","og_site_name":"Blog do Farn\u00e9sio","article_publisher":"https:\/\/www.facebook.com\/BlogQuerSaberPolitica\/","article_published_time":"2014-04-24T19:02:50+00:00","og_image":[{"url":"http:\/\/www.quersaberpolitica.com.br\/2016\/wp-content\/uploads\/2013\/01\/blogqspdominguinhos1.jpg","type":"","width":"","height":""}],"author":"teste","twitter_card":"summary_large_image","twitter_misc":{"Escrito por":"teste","Est. tempo de leitura":"1 minuto"},"schema":{"@context":"https:\/\/schema.org","@graph":[{"@type":"Article","@id":"https:\/\/blogdofarnesio.com.br\/?p=80978#article","isPartOf":{"@id":"https:\/\/blogdofarnesio.com.br\/?p=80978"},"author":{"name":"teste","@id":"https:\/\/blogdofarnesio.com.br\/#\/schema\/person\/dd1bf5eba40b687199ba45ca6b97dff9"},"headline":"DIRETO DE GARANHUNS","datePublished":"2014-04-24T19:02:50+00:00","mainEntityOfPage":{"@id":"https:\/\/blogdofarnesio.com.br\/?p=80978"},"wordCount":159,"commentCount":0,"publisher":{"@id":"https:\/\/blogdofarnesio.com.br\/#organization"},"image":{"@id":"https:\/\/blogdofarnesio.com.br\/?p=80978#primaryimage"},"thumbnailUrl":"http:\/\/www.quersaberpolitica.com.br\/2016\/wp-content\/uploads\/2013\/01\/blogqspdominguinhos1.jpg","articleSection":["Cidades","Cultura"],"inLanguage":"pt-BR","potentialAction":[{"@type":"CommentAction","name":"Comment","target":["https:\/\/blogdofarnesio.com.br\/?p=80978#respond"]}]},{"@type":"WebPage","@id":"https:\/\/blogdofarnesio.com.br\/?p=80978","url":"https:\/\/blogdofarnesio.com.br\/?p=80978","name":"DIRETO DE GARANHUNS - Blog do Farn\u00e9sio","isPartOf":{"@id":"https:\/\/blogdofarnesio.com.br\/#website"},"primaryImageOfPage":{"@id":"https:\/\/blogdofarnesio.com.br\/?p=80978#primaryimage"},"image":{"@id":"https:\/\/blogdofarnesio.com.br\/?p=80978#primaryimage"},"thumbnailUrl":"http:\/\/www.quersaberpolitica.com.br\/2016\/wp-content\/uploads\/2013\/01\/blogqspdominguinhos1.jpg","datePublished":"2014-04-24T19:02:50+00:00","breadcrumb":{"@id":"https:\/\/blogdofarnesio.com.br\/?p=80978#breadcrumb"},"inLanguage":"pt-BR","potentialAction":[{"@type":"ReadAction","target":["https:\/\/blogdofarnesio.com.br\/?p=80978"]}]},{"@type":"ImageObject","inLanguage":"pt-BR","@id":"https:\/\/blogdofarnesio.com.br\/?p=80978#primaryimage","url":"http:\/\/www.quersaberpolitica.com.br\/2016\/wp-content\/uploads\/2013\/01\/blogqspdominguinhos1.jpg","contentUrl":"http:\/\/www.quersaberpolitica.com.br\/2016\/wp-content\/uploads\/2013\/01\/blogqspdominguinhos1.jpg"},{"@type":"BreadcrumbList","@id":"https:\/\/blogdofarnesio.com.br\/?p=80978#breadcrumb","itemListElement":[{"@type":"ListItem","position":1,"name":"In\u00edcio","item":"https:\/\/blogdofarnesio.com.br\/"},{"@type":"ListItem","position":2,"name":"DIRETO DE GARANHUNS"}]},{"@type":"WebSite","@id":"https:\/\/blogdofarnesio.com.br\/#website","url":"https:\/\/blogdofarnesio.com.br\/","name":"Blog do Farn\u00e9sio","description":"Quer Saber Pol\u00edtica?","publisher":{"@id":"https:\/\/blogdofarnesio.com.br\/#organization"},"potentialAction":[{"@type":"SearchAction","target":{"@type":"EntryPoint","urlTemplate":"https:\/\/blogdofarnesio.com.br\/?s={search_term_string}"},"query-input":{"@type":"PropertyValueSpecification","valueRequired":true,"valueName":"search_term_string"}}],"inLanguage":"pt-BR"},{"@type":"Organization","@id":"https:\/\/blogdofarnesio.com.br\/#organization","name":"Blog do Farn\u00e9sio","url":"https:\/\/blogdofarnesio.com.br\/","logo":{"@type":"ImageObject","inLanguage":"pt-BR","@id":"https:\/\/blogdofarnesio.com.br\/#\/schema\/logo\/image\/","url":"https:\/\/blogdofarnesio.com.br\/wp-content\/uploads\/2026\/03\/cropped-logo_new-1.png","contentUrl":"https:\/\/blogdofarnesio.com.br\/wp-content\/uploads\/2026\/03\/cropped-logo_new-1.png","width":881,"height":685,"caption":"Blog do Farn\u00e9sio"},"image":{"@id":"https:\/\/blogdofarnesio.com.br\/#\/schema\/logo\/image\/"},"sameAs":["https:\/\/www.facebook.com\/BlogQuerSaberPolitica\/"]},{"@type":"Person","@id":"https:\/\/blogdofarnesio.com.br\/#\/schema\/person\/dd1bf5eba40b687199ba45ca6b97dff9","name":"teste","image":{"@type":"ImageObject","inLanguage":"pt-BR","@id":"https:\/\/secure.gravatar.com\/avatar\/2172498d4914b51e1d89a0f97957b035ac4938723a5cac208135d389b6972a6d?s=96&d=mm&r=g","url":"https:\/\/secure.gravatar.com\/avatar\/2172498d4914b51e1d89a0f97957b035ac4938723a5cac208135d389b6972a6d?s=96&d=mm&r=g","contentUrl":"https:\/\/secure.gravatar.com\/avatar\/2172498d4914b51e1d89a0f97957b035ac4938723a5cac208135d389b6972a6d?s=96&d=mm&r=g","caption":"teste"},"url":"https:\/\/blogdofarnesio.com.br\/?author=3"}]}},"_links":{"self":[{"href":"https:\/\/blogdofarnesio.com.br\/index.php?rest_route=\/wp\/v2\/posts\/80978","targetHints":{"allow":["GET"]}}],"collection":[{"href":"https:\/\/blogdofarnesio.com.br\/index.php?rest_route=\/wp\/v2\/posts"}],"about":[{"href":"https:\/\/blogdofarnesio.com.br\/index.php?rest_route=\/wp\/v2\/types\/post"}],"author":[{"embeddable":true,"href":"https:\/\/blogdofarnesio.com.br\/index.php?rest_route=\/wp\/v2\/users\/3"}],"replies":[{"embeddable":true,"href":"https:\/\/blogdofarnesio.com.br\/index.php?rest_route=%2Fwp%2Fv2%2Fcomments&post=80978"}],"version-history":[{"count":0,"href":"https:\/\/blogdofarnesio.com.br\/index.php?rest_route=\/wp\/v2\/posts\/80978\/revisions"}],"wp:attachment":[{"href":"https:\/\/blogdofarnesio.com.br\/index.php?rest_route=%2Fwp%2Fv2%2Fmedia&parent=80978"}],"wp:term":[{"taxonomy":"category","embeddable":true,"href":"https:\/\/blogdofarnesio.com.br\/index.php?rest_route=%2Fwp%2Fv2%2Fcategories&post=80978"},{"taxonomy":"post_tag","embeddable":true,"href":"https:\/\/blogdofarnesio.com.br\/index.php?rest_route=%2Fwp%2Fv2%2Ftags&post=80978"}],"curies":[{"name":"wp","href":"https:\/\/api.w.org\/{rel}","templated":true}]}}