{"id":80968,"date":"2014-04-24T13:02:46","date_gmt":"2014-04-24T16:02:46","guid":{"rendered":"http:\/\/www.quersaberpolitica.com.br\/?p=80968"},"modified":"2014-04-24T10:54:41","modified_gmt":"2014-04-24T13:54:41","slug":"lewandowski-nega-soltura-de-lider-da-greve-da-pm-ba","status":"publish","type":"post","link":"https:\/\/blogdofarnesio.com.br\/?p=80968","title":{"rendered":"LEWANDOWSKI NEGA SOLTURA DE L\u00cdDER DA GREVE DA PM-BA"},"content":{"rendered":"<div style=\"text-align: justify\"><img loading=\"lazy\" decoding=\"async\" class=\"aligncenter\" alt=\": \" src=\"http:\/\/www.brasil247.com\/images\/cache\/1000x357\/crop\/images%7Ccms-image-000368300.jpg\" width=\"480\" height=\"171\" \/><strong>247 &#8211;<\/strong>\u00a0O ministro do Supremo Tribunal Federal (STF) Ricardo Lewandowski rejeitou nesta quarta-feira (23) pedido de liberdade feito pelo vereador de Salvador Marco Prisco, do PSDB. Ele foi um dos l\u00edderes da greve da Pol\u00edcia Militar da Bahia que ocorreu na semana passada.<\/p>\n<\/div>\n<div style=\"text-align: justify\">\n<section>\n<div>\n<p>Prisco est\u00e1 preso desde o dia 18 de abril no Complexo Penitenci\u00e1rio da Papuda e foi detido por 90 dias para &#8220;garantia da ordem p\u00fablica&#8221;. Al\u00e9m de vereador, Prisco \u00e9 diretor-geral da Associa\u00e7\u00e3o de Policiais e Bombeiros e de seus Familiares no Estado da Bahia (Aspra).<\/p>\n<p>A defesa de Marco Prisco argumentou que a pris\u00e3o \u00e9 ilegal porque a greve j\u00e1 acabou.<\/p>\n<p>Segundo a decis\u00e3o que determinou a pris\u00e3o, Prisco foi detido em raz\u00e3o de a\u00e7\u00e3o penal \u00e0 qual responde sobre a greve da PM de 2012. O juiz entendeu que o C\u00f3digo de Processo Penal prev\u00ea a pris\u00e3o de quem possa cometer novamente o crime pelo qual responde.<\/p>\n<p>O vereador responde a sete crimes previstos na Lei de Seguran\u00e7a Nacional, como impedir com viol\u00eancia ou grave amea\u00e7a o livre exerc\u00edcio de qualquer dos poderes da Uni\u00e3o ou dos estados e praticar sabotagem contra instala\u00e7\u00f5es militares, meios e vias de transporte.<\/p>\n<p>Tamb\u00e9m \u00e9 processado por paralisar total ou parcialmente atividade ou servi\u00e7os p\u00fablicos essenciais para a defesa, a seguran\u00e7a ou a economia do pa\u00eds.<\/p>\n<\/div>\n<\/section>\n<\/div>\n","protected":false},"excerpt":{"rendered":"<p>247 &#8211;\u00a0O ministro do Supremo Tribunal Federal (STF) Ricardo Lewandowski rejeitou nesta quarta-feira (23) pedido de liberdade feito pelo vereador de Salvador Marco Prisco, do PSDB. Ele foi um dos l\u00edderes da greve da Pol\u00edcia Militar da Bahia que ocorreu na semana passada. Prisco est\u00e1 preso desde o dia 18 de abril no Complexo Penitenci\u00e1rio da Papuda e foi detido por 90 dias para &#8220;garantia da ordem p\u00fablica&#8221;. Al\u00e9m de vereador, Prisco \u00e9 diretor-geral da Associa\u00e7\u00e3o de Policiais e Bombeiros e de seus Familiares no Estado da Bahia (Aspra). A defesa de Marco Prisco argumentou que a pris\u00e3o \u00e9 ilegal porque a greve j\u00e1 acabou. Segundo a decis\u00e3o que determinou a pris\u00e3o, Prisco foi detido em raz\u00e3o de a\u00e7\u00e3o penal&hellip; <\/p>\n","protected":false},"author":3,"featured_media":0,"comment_status":"open","ping_status":"open","sticky":false,"template":"","format":"standard","meta":{"_acf_changed":false,"footnotes":""},"categories":[23],"tags":[],"class_list":["post-80968","post","type-post","status-publish","format-standard","hentry","category-justica"],"acf":[],"yoast_head":"<!-- This site is optimized with the Yoast SEO plugin v27.4 - https:\/\/yoast.com\/product\/yoast-seo-wordpress\/ -->\n<title>LEWANDOWSKI NEGA SOLTURA DE L\u00cdDER DA GREVE DA PM-BA - Blog do Farn\u00e9sio<\/title>\n<meta name=\"robots\" content=\"index, follow, max-snippet:-1, max-image-preview:large, max-video-preview:-1\" \/>\n<link rel=\"canonical\" href=\"https:\/\/blogdofarnesio.com.br\/?p=80968\" \/>\n<meta property=\"og:locale\" content=\"pt_BR\" \/>\n<meta property=\"og:type\" content=\"article\" \/>\n<meta property=\"og:title\" content=\"LEWANDOWSKI NEGA SOLTURA DE L\u00cdDER DA GREVE DA PM-BA - Blog do Farn\u00e9sio\" \/>\n<meta property=\"og:description\" content=\"247 &#8211;\u00a0O ministro do Supremo Tribunal Federal (STF) Ricardo Lewandowski rejeitou nesta quarta-feira (23) pedido de liberdade feito pelo vereador de Salvador Marco Prisco, do PSDB. Ele foi um dos l\u00edderes da greve da Pol\u00edcia Militar da Bahia que ocorreu na semana passada. Prisco est\u00e1 preso desde o dia 18 de abril no Complexo Penitenci\u00e1rio da Papuda e foi detido por 90 dias para &#8220;garantia da ordem p\u00fablica&#8221;. Al\u00e9m de vereador, Prisco \u00e9 diretor-geral da Associa\u00e7\u00e3o de Policiais e Bombeiros e de seus Familiares no Estado da Bahia (Aspra). A defesa de Marco Prisco argumentou que a pris\u00e3o \u00e9 ilegal porque a greve j\u00e1 acabou. Segundo a decis\u00e3o que determinou a pris\u00e3o, Prisco foi detido em raz\u00e3o de a\u00e7\u00e3o penal&hellip;\" \/>\n<meta property=\"og:url\" content=\"https:\/\/blogdofarnesio.com.br\/?p=80968\" \/>\n<meta property=\"og:site_name\" content=\"Blog do Farn\u00e9sio\" \/>\n<meta property=\"article:publisher\" content=\"https:\/\/www.facebook.com\/BlogQuerSaberPolitica\/\" \/>\n<meta property=\"article:published_time\" content=\"2014-04-24T16:02:46+00:00\" \/>\n<meta property=\"og:image\" content=\"http:\/\/www.brasil247.com\/images\/cache\/1000x357\/crop\/images%7Ccms-image-000368300.jpg\" \/>\n<meta name=\"author\" content=\"teste\" \/>\n<meta name=\"twitter:card\" content=\"summary_large_image\" \/>\n<meta name=\"twitter:label1\" content=\"Escrito por\" \/>\n\t<meta name=\"twitter:data1\" content=\"teste\" \/>\n\t<meta name=\"twitter:label2\" content=\"Est. tempo de leitura\" \/>\n\t<meta name=\"twitter:data2\" content=\"1 minuto\" \/>\n<script type=\"application\/ld+json\" class=\"yoast-schema-graph\">{\"@context\":\"https:\\\/\\\/schema.org\",\"@graph\":[{\"@type\":\"Article\",\"@id\":\"https:\\\/\\\/blogdofarnesio.com.br\\\/?p=80968#article\",\"isPartOf\":{\"@id\":\"https:\\\/\\\/blogdofarnesio.com.br\\\/?p=80968\"},\"author\":{\"name\":\"teste\",\"@id\":\"https:\\\/\\\/blogdofarnesio.com.br\\\/#\\\/schema\\\/person\\\/dd1bf5eba40b687199ba45ca6b97dff9\"},\"headline\":\"LEWANDOWSKI NEGA SOLTURA DE L\u00cdDER DA GREVE DA PM-BA\",\"datePublished\":\"2014-04-24T16:02:46+00:00\",\"mainEntityOfPage\":{\"@id\":\"https:\\\/\\\/blogdofarnesio.com.br\\\/?p=80968\"},\"wordCount\":243,\"commentCount\":1,\"publisher\":{\"@id\":\"https:\\\/\\\/blogdofarnesio.com.br\\\/#organization\"},\"image\":{\"@id\":\"https:\\\/\\\/blogdofarnesio.com.br\\\/?p=80968#primaryimage\"},\"thumbnailUrl\":\"http:\\\/\\\/www.brasil247.com\\\/images\\\/cache\\\/1000x357\\\/crop\\\/images%7Ccms-image-000368300.jpg\",\"articleSection\":[\"Justi\u00e7a\"],\"inLanguage\":\"pt-BR\",\"potentialAction\":[{\"@type\":\"CommentAction\",\"name\":\"Comment\",\"target\":[\"https:\\\/\\\/blogdofarnesio.com.br\\\/?p=80968#respond\"]}]},{\"@type\":\"WebPage\",\"@id\":\"https:\\\/\\\/blogdofarnesio.com.br\\\/?p=80968\",\"url\":\"https:\\\/\\\/blogdofarnesio.com.br\\\/?p=80968\",\"name\":\"LEWANDOWSKI NEGA SOLTURA DE L\u00cdDER DA GREVE DA PM-BA - Blog do Farn\u00e9sio\",\"isPartOf\":{\"@id\":\"https:\\\/\\\/blogdofarnesio.com.br\\\/#website\"},\"primaryImageOfPage\":{\"@id\":\"https:\\\/\\\/blogdofarnesio.com.br\\\/?p=80968#primaryimage\"},\"image\":{\"@id\":\"https:\\\/\\\/blogdofarnesio.com.br\\\/?p=80968#primaryimage\"},\"thumbnailUrl\":\"http:\\\/\\\/www.brasil247.com\\\/images\\\/cache\\\/1000x357\\\/crop\\\/images%7Ccms-image-000368300.jpg\",\"datePublished\":\"2014-04-24T16:02:46+00:00\",\"breadcrumb\":{\"@id\":\"https:\\\/\\\/blogdofarnesio.com.br\\\/?p=80968#breadcrumb\"},\"inLanguage\":\"pt-BR\",\"potentialAction\":[{\"@type\":\"ReadAction\",\"target\":[\"https:\\\/\\\/blogdofarnesio.com.br\\\/?p=80968\"]}]},{\"@type\":\"ImageObject\",\"inLanguage\":\"pt-BR\",\"@id\":\"https:\\\/\\\/blogdofarnesio.com.br\\\/?p=80968#primaryimage\",\"url\":\"http:\\\/\\\/www.brasil247.com\\\/images\\\/cache\\\/1000x357\\\/crop\\\/images%7Ccms-image-000368300.jpg\",\"contentUrl\":\"http:\\\/\\\/www.brasil247.com\\\/images\\\/cache\\\/1000x357\\\/crop\\\/images%7Ccms-image-000368300.jpg\"},{\"@type\":\"BreadcrumbList\",\"@id\":\"https:\\\/\\\/blogdofarnesio.com.br\\\/?p=80968#breadcrumb\",\"itemListElement\":[{\"@type\":\"ListItem\",\"position\":1,\"name\":\"In\u00edcio\",\"item\":\"https:\\\/\\\/blogdofarnesio.com.br\\\/\"},{\"@type\":\"ListItem\",\"position\":2,\"name\":\"LEWANDOWSKI NEGA SOLTURA DE L\u00cdDER DA GREVE DA PM-BA\"}]},{\"@type\":\"WebSite\",\"@id\":\"https:\\\/\\\/blogdofarnesio.com.br\\\/#website\",\"url\":\"https:\\\/\\\/blogdofarnesio.com.br\\\/\",\"name\":\"Blog do Farn\u00e9sio\",\"description\":\"Quer Saber Pol\u00edtica?\",\"publisher\":{\"@id\":\"https:\\\/\\\/blogdofarnesio.com.br\\\/#organization\"},\"potentialAction\":[{\"@type\":\"SearchAction\",\"target\":{\"@type\":\"EntryPoint\",\"urlTemplate\":\"https:\\\/\\\/blogdofarnesio.com.br\\\/?s={search_term_string}\"},\"query-input\":{\"@type\":\"PropertyValueSpecification\",\"valueRequired\":true,\"valueName\":\"search_term_string\"}}],\"inLanguage\":\"pt-BR\"},{\"@type\":\"Organization\",\"@id\":\"https:\\\/\\\/blogdofarnesio.com.br\\\/#organization\",\"name\":\"Blog do Farn\u00e9sio\",\"url\":\"https:\\\/\\\/blogdofarnesio.com.br\\\/\",\"logo\":{\"@type\":\"ImageObject\",\"inLanguage\":\"pt-BR\",\"@id\":\"https:\\\/\\\/blogdofarnesio.com.br\\\/#\\\/schema\\\/logo\\\/image\\\/\",\"url\":\"https:\\\/\\\/blogdofarnesio.com.br\\\/wp-content\\\/uploads\\\/2026\\\/03\\\/cropped-logo_new-1.png\",\"contentUrl\":\"https:\\\/\\\/blogdofarnesio.com.br\\\/wp-content\\\/uploads\\\/2026\\\/03\\\/cropped-logo_new-1.png\",\"width\":881,\"height\":685,\"caption\":\"Blog do Farn\u00e9sio\"},\"image\":{\"@id\":\"https:\\\/\\\/blogdofarnesio.com.br\\\/#\\\/schema\\\/logo\\\/image\\\/\"},\"sameAs\":[\"https:\\\/\\\/www.facebook.com\\\/BlogQuerSaberPolitica\\\/\"]},{\"@type\":\"Person\",\"@id\":\"https:\\\/\\\/blogdofarnesio.com.br\\\/#\\\/schema\\\/person\\\/dd1bf5eba40b687199ba45ca6b97dff9\",\"name\":\"teste\",\"image\":{\"@type\":\"ImageObject\",\"inLanguage\":\"pt-BR\",\"@id\":\"https:\\\/\\\/secure.gravatar.com\\\/avatar\\\/2172498d4914b51e1d89a0f97957b035ac4938723a5cac208135d389b6972a6d?s=96&d=mm&r=g\",\"url\":\"https:\\\/\\\/secure.gravatar.com\\\/avatar\\\/2172498d4914b51e1d89a0f97957b035ac4938723a5cac208135d389b6972a6d?s=96&d=mm&r=g\",\"contentUrl\":\"https:\\\/\\\/secure.gravatar.com\\\/avatar\\\/2172498d4914b51e1d89a0f97957b035ac4938723a5cac208135d389b6972a6d?s=96&d=mm&r=g\",\"caption\":\"teste\"},\"url\":\"https:\\\/\\\/blogdofarnesio.com.br\\\/?author=3\"}]}<\/script>\n<!-- \/ Yoast SEO plugin. -->","yoast_head_json":{"title":"LEWANDOWSKI NEGA SOLTURA DE L\u00cdDER DA GREVE DA PM-BA - Blog do Farn\u00e9sio","robots":{"index":"index","follow":"follow","max-snippet":"max-snippet:-1","max-image-preview":"max-image-preview:large","max-video-preview":"max-video-preview:-1"},"canonical":"https:\/\/blogdofarnesio.com.br\/?p=80968","og_locale":"pt_BR","og_type":"article","og_title":"LEWANDOWSKI NEGA SOLTURA DE L\u00cdDER DA GREVE DA PM-BA - Blog do Farn\u00e9sio","og_description":"247 &#8211;\u00a0O ministro do Supremo Tribunal Federal (STF) Ricardo Lewandowski rejeitou nesta quarta-feira (23) pedido de liberdade feito pelo vereador de Salvador Marco Prisco, do PSDB. Ele foi um dos l\u00edderes da greve da Pol\u00edcia Militar da Bahia que ocorreu na semana passada. Prisco est\u00e1 preso desde o dia 18 de abril no Complexo Penitenci\u00e1rio da Papuda e foi detido por 90 dias para &#8220;garantia da ordem p\u00fablica&#8221;. Al\u00e9m de vereador, Prisco \u00e9 diretor-geral da Associa\u00e7\u00e3o de Policiais e Bombeiros e de seus Familiares no Estado da Bahia (Aspra). A defesa de Marco Prisco argumentou que a pris\u00e3o \u00e9 ilegal porque a greve j\u00e1 acabou. Segundo a decis\u00e3o que determinou a pris\u00e3o, Prisco foi detido em raz\u00e3o de a\u00e7\u00e3o penal&hellip;","og_url":"https:\/\/blogdofarnesio.com.br\/?p=80968","og_site_name":"Blog do Farn\u00e9sio","article_publisher":"https:\/\/www.facebook.com\/BlogQuerSaberPolitica\/","article_published_time":"2014-04-24T16:02:46+00:00","og_image":[{"url":"http:\/\/www.brasil247.com\/images\/cache\/1000x357\/crop\/images%7Ccms-image-000368300.jpg","type":"","width":"","height":""}],"author":"teste","twitter_card":"summary_large_image","twitter_misc":{"Escrito por":"teste","Est. tempo de leitura":"1 minuto"},"schema":{"@context":"https:\/\/schema.org","@graph":[{"@type":"Article","@id":"https:\/\/blogdofarnesio.com.br\/?p=80968#article","isPartOf":{"@id":"https:\/\/blogdofarnesio.com.br\/?p=80968"},"author":{"name":"teste","@id":"https:\/\/blogdofarnesio.com.br\/#\/schema\/person\/dd1bf5eba40b687199ba45ca6b97dff9"},"headline":"LEWANDOWSKI NEGA SOLTURA DE L\u00cdDER DA GREVE DA PM-BA","datePublished":"2014-04-24T16:02:46+00:00","mainEntityOfPage":{"@id":"https:\/\/blogdofarnesio.com.br\/?p=80968"},"wordCount":243,"commentCount":1,"publisher":{"@id":"https:\/\/blogdofarnesio.com.br\/#organization"},"image":{"@id":"https:\/\/blogdofarnesio.com.br\/?p=80968#primaryimage"},"thumbnailUrl":"http:\/\/www.brasil247.com\/images\/cache\/1000x357\/crop\/images%7Ccms-image-000368300.jpg","articleSection":["Justi\u00e7a"],"inLanguage":"pt-BR","potentialAction":[{"@type":"CommentAction","name":"Comment","target":["https:\/\/blogdofarnesio.com.br\/?p=80968#respond"]}]},{"@type":"WebPage","@id":"https:\/\/blogdofarnesio.com.br\/?p=80968","url":"https:\/\/blogdofarnesio.com.br\/?p=80968","name":"LEWANDOWSKI NEGA SOLTURA DE L\u00cdDER DA GREVE DA PM-BA - Blog do Farn\u00e9sio","isPartOf":{"@id":"https:\/\/blogdofarnesio.com.br\/#website"},"primaryImageOfPage":{"@id":"https:\/\/blogdofarnesio.com.br\/?p=80968#primaryimage"},"image":{"@id":"https:\/\/blogdofarnesio.com.br\/?p=80968#primaryimage"},"thumbnailUrl":"http:\/\/www.brasil247.com\/images\/cache\/1000x357\/crop\/images%7Ccms-image-000368300.jpg","datePublished":"2014-04-24T16:02:46+00:00","breadcrumb":{"@id":"https:\/\/blogdofarnesio.com.br\/?p=80968#breadcrumb"},"inLanguage":"pt-BR","potentialAction":[{"@type":"ReadAction","target":["https:\/\/blogdofarnesio.com.br\/?p=80968"]}]},{"@type":"ImageObject","inLanguage":"pt-BR","@id":"https:\/\/blogdofarnesio.com.br\/?p=80968#primaryimage","url":"http:\/\/www.brasil247.com\/images\/cache\/1000x357\/crop\/images%7Ccms-image-000368300.jpg","contentUrl":"http:\/\/www.brasil247.com\/images\/cache\/1000x357\/crop\/images%7Ccms-image-000368300.jpg"},{"@type":"BreadcrumbList","@id":"https:\/\/blogdofarnesio.com.br\/?p=80968#breadcrumb","itemListElement":[{"@type":"ListItem","position":1,"name":"In\u00edcio","item":"https:\/\/blogdofarnesio.com.br\/"},{"@type":"ListItem","position":2,"name":"LEWANDOWSKI NEGA SOLTURA DE L\u00cdDER DA GREVE DA PM-BA"}]},{"@type":"WebSite","@id":"https:\/\/blogdofarnesio.com.br\/#website","url":"https:\/\/blogdofarnesio.com.br\/","name":"Blog do Farn\u00e9sio","description":"Quer Saber Pol\u00edtica?","publisher":{"@id":"https:\/\/blogdofarnesio.com.br\/#organization"},"potentialAction":[{"@type":"SearchAction","target":{"@type":"EntryPoint","urlTemplate":"https:\/\/blogdofarnesio.com.br\/?s={search_term_string}"},"query-input":{"@type":"PropertyValueSpecification","valueRequired":true,"valueName":"search_term_string"}}],"inLanguage":"pt-BR"},{"@type":"Organization","@id":"https:\/\/blogdofarnesio.com.br\/#organization","name":"Blog do Farn\u00e9sio","url":"https:\/\/blogdofarnesio.com.br\/","logo":{"@type":"ImageObject","inLanguage":"pt-BR","@id":"https:\/\/blogdofarnesio.com.br\/#\/schema\/logo\/image\/","url":"https:\/\/blogdofarnesio.com.br\/wp-content\/uploads\/2026\/03\/cropped-logo_new-1.png","contentUrl":"https:\/\/blogdofarnesio.com.br\/wp-content\/uploads\/2026\/03\/cropped-logo_new-1.png","width":881,"height":685,"caption":"Blog do Farn\u00e9sio"},"image":{"@id":"https:\/\/blogdofarnesio.com.br\/#\/schema\/logo\/image\/"},"sameAs":["https:\/\/www.facebook.com\/BlogQuerSaberPolitica\/"]},{"@type":"Person","@id":"https:\/\/blogdofarnesio.com.br\/#\/schema\/person\/dd1bf5eba40b687199ba45ca6b97dff9","name":"teste","image":{"@type":"ImageObject","inLanguage":"pt-BR","@id":"https:\/\/secure.gravatar.com\/avatar\/2172498d4914b51e1d89a0f97957b035ac4938723a5cac208135d389b6972a6d?s=96&d=mm&r=g","url":"https:\/\/secure.gravatar.com\/avatar\/2172498d4914b51e1d89a0f97957b035ac4938723a5cac208135d389b6972a6d?s=96&d=mm&r=g","contentUrl":"https:\/\/secure.gravatar.com\/avatar\/2172498d4914b51e1d89a0f97957b035ac4938723a5cac208135d389b6972a6d?s=96&d=mm&r=g","caption":"teste"},"url":"https:\/\/blogdofarnesio.com.br\/?author=3"}]}},"_links":{"self":[{"href":"https:\/\/blogdofarnesio.com.br\/index.php?rest_route=\/wp\/v2\/posts\/80968","targetHints":{"allow":["GET"]}}],"collection":[{"href":"https:\/\/blogdofarnesio.com.br\/index.php?rest_route=\/wp\/v2\/posts"}],"about":[{"href":"https:\/\/blogdofarnesio.com.br\/index.php?rest_route=\/wp\/v2\/types\/post"}],"author":[{"embeddable":true,"href":"https:\/\/blogdofarnesio.com.br\/index.php?rest_route=\/wp\/v2\/users\/3"}],"replies":[{"embeddable":true,"href":"https:\/\/blogdofarnesio.com.br\/index.php?rest_route=%2Fwp%2Fv2%2Fcomments&post=80968"}],"version-history":[{"count":0,"href":"https:\/\/blogdofarnesio.com.br\/index.php?rest_route=\/wp\/v2\/posts\/80968\/revisions"}],"wp:attachment":[{"href":"https:\/\/blogdofarnesio.com.br\/index.php?rest_route=%2Fwp%2Fv2%2Fmedia&parent=80968"}],"wp:term":[{"taxonomy":"category","embeddable":true,"href":"https:\/\/blogdofarnesio.com.br\/index.php?rest_route=%2Fwp%2Fv2%2Fcategories&post=80968"},{"taxonomy":"post_tag","embeddable":true,"href":"https:\/\/blogdofarnesio.com.br\/index.php?rest_route=%2Fwp%2Fv2%2Ftags&post=80968"}],"curies":[{"name":"wp","href":"https:\/\/api.w.org\/{rel}","templated":true}]}}