{"id":80945,"date":"2014-04-24T14:00:23","date_gmt":"2014-04-24T17:00:23","guid":{"rendered":"http:\/\/www.quersaberpolitica.com.br\/?p=80945"},"modified":"2014-04-24T10:56:16","modified_gmt":"2014-04-24T13:56:16","slug":"expovale-2014-contara-com-apoio-da-codevasf-2","status":"publish","type":"post","link":"https:\/\/blogdofarnesio.com.br\/?p=80945","title":{"rendered":"EXPOVALE 2014 CONTAR\u00c1 COM APOIO DA CODEVASF."},"content":{"rendered":"<p style=\"text-align: justify\"><a href=\"http:\/\/www.quersaberpolitica.com.br\/2016\/wp-content\/uploads\/2014\/04\/unnamed12.jpg\"><img loading=\"lazy\" decoding=\"async\" class=\"aligncenter size-full wp-image-80947\" alt=\"S\" src=\"http:\/\/www.quersaberpolitica.com.br\/2016\/wp-content\/uploads\/2014\/04\/unnamed12.jpg\" width=\"451\" height=\"300\" srcset=\"https:\/\/blogdofarnesio.com.br\/wp-content\/uploads\/2014\/04\/unnamed12.jpg 451w, https:\/\/blogdofarnesio.com.br\/wp-content\/uploads\/2014\/04\/unnamed12-300x199.jpg 300w\" sizes=\"auto, (max-width: 451px) 100vw, 451px\" \/><\/a>Representantes da Associa\u00e7\u00e3o dos Criadores de Caprinos e Ovinos do Sert\u00e3o do S\u00e3o Francisco (ACCOSSF) estiveram reunidos esta semana com o superintendente regional da Codevasf em Juazeiro, Ala\u00f4r Grangeon de Siqueira, para discutir a participa\u00e7\u00e3o da companhia na VIII Exposi\u00e7\u00e3o de Caprinos e Ovinos do S\u00e3o Francisco \u2013 EXPOVALE 2014, que ser\u00e1 realizada no per\u00edodo de 14 a 18 de maio, no p\u00e1tio de feiras do bairro Alto da Maravilha, em Juazeiro.<\/p>\n<p style=\"text-align: justify\">Segundo os organizadores, a\u00a0 realiza\u00e7\u00e3o do evento deve estimular e fortalecer ainda mais a atividade da agropecu\u00e1ria como um todo, em diferentes setores da cadeia produtiva, componentes necess\u00e1rios para o desenvolvimento sustent\u00e1vel do Vale do S\u00e3o Francisco, mostrando que a caprinovinocultura no sert\u00e3o nordestino \u00e9 uma realidade e uma excelente alternativa econ\u00f4mica.<!--more--><\/p>\n<p style=\"text-align: justify\">Durante a feira, a associa\u00e7\u00e3o espera reunir\u00a0 o maior n\u00famero de produtores e empres\u00e1rios do segmento de produ\u00e7\u00e3o, fornecedores de insumos, pesquisadores, empresas de beneficiamento da produ\u00e7\u00e3o, varejo e distribui\u00e7\u00e3o, entidades classistas, entidades governamentais, entidades n\u00e3o-governamentais, consumidores, estudantes de ci\u00eancias agr\u00e1rias e o p\u00fablico em geral para mostrar e discutir os potenciais avan\u00e7os tecnol\u00f3gicos e de perspectivas de mercado para o setor pecu\u00e1rio do Vale do S\u00e3o Francisco.\u00a0A programa\u00e7\u00e3o inclui tamb\u00e9m um leil\u00e3o especializado no dia 17\/05, quando os coordenadores esperam uma boa movimenta\u00e7\u00e3o em termos de volume de neg\u00f3cios fechados.<\/p>\n<p style=\"text-align: justify\"><b><a href=\"http:\/\/www.quersaberpolitica.com.br\/2016\/wp-content\/uploads\/2014\/04\/unnamed13.jpg\"><img loading=\"lazy\" decoding=\"async\" class=\"alignleft size-thumbnail wp-image-80949\" alt=\"unnamed\" src=\"http:\/\/www.quersaberpolitica.com.br\/2016\/wp-content\/uploads\/2014\/04\/unnamed13-150x150.jpg\" width=\"150\" height=\"150\" \/><\/a>Programa\u00e7\u00e3o<\/b><\/p>\n<p style=\"text-align: justify\">Entre as atividades previstas, est\u00e3o;<\/p>\n<p style=\"text-align: justify\">12\/05 \u2013 Entrega do Parque aos expositores (a partir das 12 horas)<\/p>\n<p style=\"text-align: justify\">13 e 14\/05 \u2013 Entrada de animais (8 \u00e0s 20 horas)<\/p>\n<p style=\"text-align: justify\">14 a 18\/05- Exposi\u00e7\u00e3o de animais (8 \u00e0s 20 horas)<\/p>\n<p style=\"text-align: justify\">15\/05 \u2013 Abertura oficial da feira (18 horas)<\/p>\n<p style=\"text-align: justify\">15 a 17\/05 \u2013 Julgamento e desfile de animais (9 \u00e0s 18 horas)<\/p>\n<p style=\"text-align: justify\">17\/05 \u2013 Entrega de trof\u00e9us e premia\u00e7\u00e3o (15 horas)<\/p>\n<p style=\"text-align: justify\">18\/05 \u2013 Encerramento da feira (12 horas)<\/p>\n<p style=\"text-align: justify\">18\/05 \u2013 Retirada dos animais do Parque de Exposi\u00e7\u00f5es (a partir das 8 horas)<\/p>\n<p style=\"text-align: justify\">A Codevasf foi convidada para ser um dos protagonistas da Expovale e participar do evento. O superintendente regional de Juazeiro, Ala\u00f4r Grangeon, agradeceu o convite, e encaminhou, atrav\u00e9s da Assessoria Regional de Comunica\u00e7\u00e3o, toda a documenta\u00e7\u00e3o sobre a feira para a sede da entidade em Bras\u00edlia, para aprecia\u00e7\u00e3o.\u00a0Segundo Ala\u00f4r, \u201cum evento como esse \u00e9 muito importante para o Vale do S\u00e3o Francisco e tamb\u00e9m paras as regi\u00f5es circunvizinhas, pois \u00e9 uma iniciativa que visa valorizar ainda mais uma atividade bem regional, que faz parte da hist\u00f3ria dos sertanejos\u201d.<\/p>\n<p style=\"text-align: justify\">Segundo a comiss\u00e3o da ACCOSSF, este ano a Expovale ser\u00e1 realizada separadamente da Feira Nacional da Agricultura Irrigada &#8211; FENAGRI, que no ano passado foi em Juazeiro, e este ano ser\u00e1 em Petrolina. O objetivo dessa dissocia\u00e7\u00e3o \u00e9 aumentar a import\u00e2ncia do evento para a regi\u00e3o, tornando a Expovale um evento \u00fanico, com todas as suas singularidades, e com uma programa\u00e7\u00e3o exclusiva e tamb\u00e9m inclusiva.<\/p>\n","protected":false},"excerpt":{"rendered":"<p>Representantes da Associa\u00e7\u00e3o dos Criadores de Caprinos e Ovinos do Sert\u00e3o do S\u00e3o Francisco (ACCOSSF) estiveram reunidos esta semana com o superintendente regional da Codevasf em Juazeiro, Ala\u00f4r Grangeon de Siqueira, para discutir a participa\u00e7\u00e3o da companhia na VIII Exposi\u00e7\u00e3o de Caprinos e Ovinos do S\u00e3o Francisco \u2013 EXPOVALE 2014, que ser\u00e1 realizada no per\u00edodo de 14 a 18 de maio, no p\u00e1tio de feiras do bairro Alto da Maravilha, em Juazeiro. Segundo os organizadores, a\u00a0 realiza\u00e7\u00e3o do evento deve estimular e fortalecer ainda mais a atividade da agropecu\u00e1ria como um todo, em diferentes setores da cadeia produtiva, componentes necess\u00e1rios para o desenvolvimento sustent\u00e1vel do Vale do S\u00e3o Francisco, mostrando que a caprinovinocultura no sert\u00e3o nordestino \u00e9 uma realidade e&hellip; <\/p>\n","protected":false},"author":3,"featured_media":0,"comment_status":"open","ping_status":"open","sticky":false,"template":"","format":"standard","meta":{"_acf_changed":false,"footnotes":""},"categories":[26],"tags":[],"class_list":["post-80945","post","type-post","status-publish","format-standard","hentry","category-agricultura"],"acf":[],"yoast_head":"<!-- This site is optimized with the Yoast SEO plugin v27.4 - https:\/\/yoast.com\/product\/yoast-seo-wordpress\/ -->\n<title>EXPOVALE 2014 CONTAR\u00c1 COM APOIO DA CODEVASF. - Blog do Farn\u00e9sio<\/title>\n<meta name=\"robots\" content=\"index, follow, max-snippet:-1, max-image-preview:large, max-video-preview:-1\" \/>\n<link rel=\"canonical\" href=\"https:\/\/blogdofarnesio.com.br\/?p=80945\" \/>\n<meta property=\"og:locale\" content=\"pt_BR\" \/>\n<meta property=\"og:type\" content=\"article\" \/>\n<meta property=\"og:title\" content=\"EXPOVALE 2014 CONTAR\u00c1 COM APOIO DA CODEVASF. - Blog do Farn\u00e9sio\" \/>\n<meta property=\"og:description\" content=\"Representantes da Associa\u00e7\u00e3o dos Criadores de Caprinos e Ovinos do Sert\u00e3o do S\u00e3o Francisco (ACCOSSF) estiveram reunidos esta semana com o superintendente regional da Codevasf em Juazeiro, Ala\u00f4r Grangeon de Siqueira, para discutir a participa\u00e7\u00e3o da companhia na VIII Exposi\u00e7\u00e3o de Caprinos e Ovinos do S\u00e3o Francisco \u2013 EXPOVALE 2014, que ser\u00e1 realizada no per\u00edodo de 14 a 18 de maio, no p\u00e1tio de feiras do bairro Alto da Maravilha, em Juazeiro. Segundo os organizadores, a\u00a0 realiza\u00e7\u00e3o do evento deve estimular e fortalecer ainda mais a atividade da agropecu\u00e1ria como um todo, em diferentes setores da cadeia produtiva, componentes necess\u00e1rios para o desenvolvimento sustent\u00e1vel do Vale do S\u00e3o Francisco, mostrando que a caprinovinocultura no sert\u00e3o nordestino \u00e9 uma realidade e&hellip;\" \/>\n<meta property=\"og:url\" content=\"https:\/\/blogdofarnesio.com.br\/?p=80945\" \/>\n<meta property=\"og:site_name\" content=\"Blog do Farn\u00e9sio\" \/>\n<meta property=\"article:publisher\" content=\"https:\/\/www.facebook.com\/BlogQuerSaberPolitica\/\" \/>\n<meta property=\"article:published_time\" content=\"2014-04-24T17:00:23+00:00\" \/>\n<meta property=\"og:image\" content=\"http:\/\/www.quersaberpolitica.com.br\/2016\/wp-content\/uploads\/2014\/04\/unnamed12.jpg\" \/>\n<meta name=\"author\" content=\"teste\" \/>\n<meta name=\"twitter:card\" content=\"summary_large_image\" \/>\n<meta name=\"twitter:label1\" content=\"Escrito por\" \/>\n\t<meta name=\"twitter:data1\" content=\"teste\" \/>\n\t<meta name=\"twitter:label2\" content=\"Est. tempo de leitura\" \/>\n\t<meta name=\"twitter:data2\" content=\"2 minutos\" \/>\n<script type=\"application\/ld+json\" class=\"yoast-schema-graph\">{\"@context\":\"https:\\\/\\\/schema.org\",\"@graph\":[{\"@type\":\"Article\",\"@id\":\"https:\\\/\\\/blogdofarnesio.com.br\\\/?p=80945#article\",\"isPartOf\":{\"@id\":\"https:\\\/\\\/blogdofarnesio.com.br\\\/?p=80945\"},\"author\":{\"name\":\"teste\",\"@id\":\"https:\\\/\\\/blogdofarnesio.com.br\\\/#\\\/schema\\\/person\\\/dd1bf5eba40b687199ba45ca6b97dff9\"},\"headline\":\"EXPOVALE 2014 CONTAR\u00c1 COM APOIO DA CODEVASF.\",\"datePublished\":\"2014-04-24T17:00:23+00:00\",\"mainEntityOfPage\":{\"@id\":\"https:\\\/\\\/blogdofarnesio.com.br\\\/?p=80945\"},\"wordCount\":487,\"commentCount\":0,\"publisher\":{\"@id\":\"https:\\\/\\\/blogdofarnesio.com.br\\\/#organization\"},\"image\":{\"@id\":\"https:\\\/\\\/blogdofarnesio.com.br\\\/?p=80945#primaryimage\"},\"thumbnailUrl\":\"http:\\\/\\\/www.quersaberpolitica.com.br\\\/2016\\\/wp-content\\\/uploads\\\/2014\\\/04\\\/unnamed12.jpg\",\"articleSection\":[\"Agricultura\"],\"inLanguage\":\"pt-BR\",\"potentialAction\":[{\"@type\":\"CommentAction\",\"name\":\"Comment\",\"target\":[\"https:\\\/\\\/blogdofarnesio.com.br\\\/?p=80945#respond\"]}]},{\"@type\":\"WebPage\",\"@id\":\"https:\\\/\\\/blogdofarnesio.com.br\\\/?p=80945\",\"url\":\"https:\\\/\\\/blogdofarnesio.com.br\\\/?p=80945\",\"name\":\"EXPOVALE 2014 CONTAR\u00c1 COM APOIO DA CODEVASF. - Blog do Farn\u00e9sio\",\"isPartOf\":{\"@id\":\"https:\\\/\\\/blogdofarnesio.com.br\\\/#website\"},\"primaryImageOfPage\":{\"@id\":\"https:\\\/\\\/blogdofarnesio.com.br\\\/?p=80945#primaryimage\"},\"image\":{\"@id\":\"https:\\\/\\\/blogdofarnesio.com.br\\\/?p=80945#primaryimage\"},\"thumbnailUrl\":\"http:\\\/\\\/www.quersaberpolitica.com.br\\\/2016\\\/wp-content\\\/uploads\\\/2014\\\/04\\\/unnamed12.jpg\",\"datePublished\":\"2014-04-24T17:00:23+00:00\",\"breadcrumb\":{\"@id\":\"https:\\\/\\\/blogdofarnesio.com.br\\\/?p=80945#breadcrumb\"},\"inLanguage\":\"pt-BR\",\"potentialAction\":[{\"@type\":\"ReadAction\",\"target\":[\"https:\\\/\\\/blogdofarnesio.com.br\\\/?p=80945\"]}]},{\"@type\":\"ImageObject\",\"inLanguage\":\"pt-BR\",\"@id\":\"https:\\\/\\\/blogdofarnesio.com.br\\\/?p=80945#primaryimage\",\"url\":\"http:\\\/\\\/www.quersaberpolitica.com.br\\\/2016\\\/wp-content\\\/uploads\\\/2014\\\/04\\\/unnamed12.jpg\",\"contentUrl\":\"http:\\\/\\\/www.quersaberpolitica.com.br\\\/2016\\\/wp-content\\\/uploads\\\/2014\\\/04\\\/unnamed12.jpg\"},{\"@type\":\"BreadcrumbList\",\"@id\":\"https:\\\/\\\/blogdofarnesio.com.br\\\/?p=80945#breadcrumb\",\"itemListElement\":[{\"@type\":\"ListItem\",\"position\":1,\"name\":\"In\u00edcio\",\"item\":\"https:\\\/\\\/blogdofarnesio.com.br\\\/\"},{\"@type\":\"ListItem\",\"position\":2,\"name\":\"EXPOVALE 2014 CONTAR\u00c1 COM APOIO DA CODEVASF.\"}]},{\"@type\":\"WebSite\",\"@id\":\"https:\\\/\\\/blogdofarnesio.com.br\\\/#website\",\"url\":\"https:\\\/\\\/blogdofarnesio.com.br\\\/\",\"name\":\"Blog do Farn\u00e9sio\",\"description\":\"Quer Saber Pol\u00edtica?\",\"publisher\":{\"@id\":\"https:\\\/\\\/blogdofarnesio.com.br\\\/#organization\"},\"potentialAction\":[{\"@type\":\"SearchAction\",\"target\":{\"@type\":\"EntryPoint\",\"urlTemplate\":\"https:\\\/\\\/blogdofarnesio.com.br\\\/?s={search_term_string}\"},\"query-input\":{\"@type\":\"PropertyValueSpecification\",\"valueRequired\":true,\"valueName\":\"search_term_string\"}}],\"inLanguage\":\"pt-BR\"},{\"@type\":\"Organization\",\"@id\":\"https:\\\/\\\/blogdofarnesio.com.br\\\/#organization\",\"name\":\"Blog do Farn\u00e9sio\",\"url\":\"https:\\\/\\\/blogdofarnesio.com.br\\\/\",\"logo\":{\"@type\":\"ImageObject\",\"inLanguage\":\"pt-BR\",\"@id\":\"https:\\\/\\\/blogdofarnesio.com.br\\\/#\\\/schema\\\/logo\\\/image\\\/\",\"url\":\"https:\\\/\\\/blogdofarnesio.com.br\\\/wp-content\\\/uploads\\\/2026\\\/03\\\/cropped-logo_new-1.png\",\"contentUrl\":\"https:\\\/\\\/blogdofarnesio.com.br\\\/wp-content\\\/uploads\\\/2026\\\/03\\\/cropped-logo_new-1.png\",\"width\":881,\"height\":685,\"caption\":\"Blog do Farn\u00e9sio\"},\"image\":{\"@id\":\"https:\\\/\\\/blogdofarnesio.com.br\\\/#\\\/schema\\\/logo\\\/image\\\/\"},\"sameAs\":[\"https:\\\/\\\/www.facebook.com\\\/BlogQuerSaberPolitica\\\/\"]},{\"@type\":\"Person\",\"@id\":\"https:\\\/\\\/blogdofarnesio.com.br\\\/#\\\/schema\\\/person\\\/dd1bf5eba40b687199ba45ca6b97dff9\",\"name\":\"teste\",\"image\":{\"@type\":\"ImageObject\",\"inLanguage\":\"pt-BR\",\"@id\":\"https:\\\/\\\/secure.gravatar.com\\\/avatar\\\/2172498d4914b51e1d89a0f97957b035ac4938723a5cac208135d389b6972a6d?s=96&d=mm&r=g\",\"url\":\"https:\\\/\\\/secure.gravatar.com\\\/avatar\\\/2172498d4914b51e1d89a0f97957b035ac4938723a5cac208135d389b6972a6d?s=96&d=mm&r=g\",\"contentUrl\":\"https:\\\/\\\/secure.gravatar.com\\\/avatar\\\/2172498d4914b51e1d89a0f97957b035ac4938723a5cac208135d389b6972a6d?s=96&d=mm&r=g\",\"caption\":\"teste\"},\"url\":\"https:\\\/\\\/blogdofarnesio.com.br\\\/?author=3\"}]}<\/script>\n<!-- \/ Yoast SEO plugin. -->","yoast_head_json":{"title":"EXPOVALE 2014 CONTAR\u00c1 COM APOIO DA CODEVASF. - Blog do Farn\u00e9sio","robots":{"index":"index","follow":"follow","max-snippet":"max-snippet:-1","max-image-preview":"max-image-preview:large","max-video-preview":"max-video-preview:-1"},"canonical":"https:\/\/blogdofarnesio.com.br\/?p=80945","og_locale":"pt_BR","og_type":"article","og_title":"EXPOVALE 2014 CONTAR\u00c1 COM APOIO DA CODEVASF. - Blog do Farn\u00e9sio","og_description":"Representantes da Associa\u00e7\u00e3o dos Criadores de Caprinos e Ovinos do Sert\u00e3o do S\u00e3o Francisco (ACCOSSF) estiveram reunidos esta semana com o superintendente regional da Codevasf em Juazeiro, Ala\u00f4r Grangeon de Siqueira, para discutir a participa\u00e7\u00e3o da companhia na VIII Exposi\u00e7\u00e3o de Caprinos e Ovinos do S\u00e3o Francisco \u2013 EXPOVALE 2014, que ser\u00e1 realizada no per\u00edodo de 14 a 18 de maio, no p\u00e1tio de feiras do bairro Alto da Maravilha, em Juazeiro. Segundo os organizadores, a\u00a0 realiza\u00e7\u00e3o do evento deve estimular e fortalecer ainda mais a atividade da agropecu\u00e1ria como um todo, em diferentes setores da cadeia produtiva, componentes necess\u00e1rios para o desenvolvimento sustent\u00e1vel do Vale do S\u00e3o Francisco, mostrando que a caprinovinocultura no sert\u00e3o nordestino \u00e9 uma realidade e&hellip;","og_url":"https:\/\/blogdofarnesio.com.br\/?p=80945","og_site_name":"Blog do Farn\u00e9sio","article_publisher":"https:\/\/www.facebook.com\/BlogQuerSaberPolitica\/","article_published_time":"2014-04-24T17:00:23+00:00","og_image":[{"url":"http:\/\/www.quersaberpolitica.com.br\/2016\/wp-content\/uploads\/2014\/04\/unnamed12.jpg","type":"","width":"","height":""}],"author":"teste","twitter_card":"summary_large_image","twitter_misc":{"Escrito por":"teste","Est. tempo de leitura":"2 minutos"},"schema":{"@context":"https:\/\/schema.org","@graph":[{"@type":"Article","@id":"https:\/\/blogdofarnesio.com.br\/?p=80945#article","isPartOf":{"@id":"https:\/\/blogdofarnesio.com.br\/?p=80945"},"author":{"name":"teste","@id":"https:\/\/blogdofarnesio.com.br\/#\/schema\/person\/dd1bf5eba40b687199ba45ca6b97dff9"},"headline":"EXPOVALE 2014 CONTAR\u00c1 COM APOIO DA CODEVASF.","datePublished":"2014-04-24T17:00:23+00:00","mainEntityOfPage":{"@id":"https:\/\/blogdofarnesio.com.br\/?p=80945"},"wordCount":487,"commentCount":0,"publisher":{"@id":"https:\/\/blogdofarnesio.com.br\/#organization"},"image":{"@id":"https:\/\/blogdofarnesio.com.br\/?p=80945#primaryimage"},"thumbnailUrl":"http:\/\/www.quersaberpolitica.com.br\/2016\/wp-content\/uploads\/2014\/04\/unnamed12.jpg","articleSection":["Agricultura"],"inLanguage":"pt-BR","potentialAction":[{"@type":"CommentAction","name":"Comment","target":["https:\/\/blogdofarnesio.com.br\/?p=80945#respond"]}]},{"@type":"WebPage","@id":"https:\/\/blogdofarnesio.com.br\/?p=80945","url":"https:\/\/blogdofarnesio.com.br\/?p=80945","name":"EXPOVALE 2014 CONTAR\u00c1 COM APOIO DA CODEVASF. - Blog do Farn\u00e9sio","isPartOf":{"@id":"https:\/\/blogdofarnesio.com.br\/#website"},"primaryImageOfPage":{"@id":"https:\/\/blogdofarnesio.com.br\/?p=80945#primaryimage"},"image":{"@id":"https:\/\/blogdofarnesio.com.br\/?p=80945#primaryimage"},"thumbnailUrl":"http:\/\/www.quersaberpolitica.com.br\/2016\/wp-content\/uploads\/2014\/04\/unnamed12.jpg","datePublished":"2014-04-24T17:00:23+00:00","breadcrumb":{"@id":"https:\/\/blogdofarnesio.com.br\/?p=80945#breadcrumb"},"inLanguage":"pt-BR","potentialAction":[{"@type":"ReadAction","target":["https:\/\/blogdofarnesio.com.br\/?p=80945"]}]},{"@type":"ImageObject","inLanguage":"pt-BR","@id":"https:\/\/blogdofarnesio.com.br\/?p=80945#primaryimage","url":"http:\/\/www.quersaberpolitica.com.br\/2016\/wp-content\/uploads\/2014\/04\/unnamed12.jpg","contentUrl":"http:\/\/www.quersaberpolitica.com.br\/2016\/wp-content\/uploads\/2014\/04\/unnamed12.jpg"},{"@type":"BreadcrumbList","@id":"https:\/\/blogdofarnesio.com.br\/?p=80945#breadcrumb","itemListElement":[{"@type":"ListItem","position":1,"name":"In\u00edcio","item":"https:\/\/blogdofarnesio.com.br\/"},{"@type":"ListItem","position":2,"name":"EXPOVALE 2014 CONTAR\u00c1 COM APOIO DA CODEVASF."}]},{"@type":"WebSite","@id":"https:\/\/blogdofarnesio.com.br\/#website","url":"https:\/\/blogdofarnesio.com.br\/","name":"Blog do Farn\u00e9sio","description":"Quer Saber Pol\u00edtica?","publisher":{"@id":"https:\/\/blogdofarnesio.com.br\/#organization"},"potentialAction":[{"@type":"SearchAction","target":{"@type":"EntryPoint","urlTemplate":"https:\/\/blogdofarnesio.com.br\/?s={search_term_string}"},"query-input":{"@type":"PropertyValueSpecification","valueRequired":true,"valueName":"search_term_string"}}],"inLanguage":"pt-BR"},{"@type":"Organization","@id":"https:\/\/blogdofarnesio.com.br\/#organization","name":"Blog do Farn\u00e9sio","url":"https:\/\/blogdofarnesio.com.br\/","logo":{"@type":"ImageObject","inLanguage":"pt-BR","@id":"https:\/\/blogdofarnesio.com.br\/#\/schema\/logo\/image\/","url":"https:\/\/blogdofarnesio.com.br\/wp-content\/uploads\/2026\/03\/cropped-logo_new-1.png","contentUrl":"https:\/\/blogdofarnesio.com.br\/wp-content\/uploads\/2026\/03\/cropped-logo_new-1.png","width":881,"height":685,"caption":"Blog do Farn\u00e9sio"},"image":{"@id":"https:\/\/blogdofarnesio.com.br\/#\/schema\/logo\/image\/"},"sameAs":["https:\/\/www.facebook.com\/BlogQuerSaberPolitica\/"]},{"@type":"Person","@id":"https:\/\/blogdofarnesio.com.br\/#\/schema\/person\/dd1bf5eba40b687199ba45ca6b97dff9","name":"teste","image":{"@type":"ImageObject","inLanguage":"pt-BR","@id":"https:\/\/secure.gravatar.com\/avatar\/2172498d4914b51e1d89a0f97957b035ac4938723a5cac208135d389b6972a6d?s=96&d=mm&r=g","url":"https:\/\/secure.gravatar.com\/avatar\/2172498d4914b51e1d89a0f97957b035ac4938723a5cac208135d389b6972a6d?s=96&d=mm&r=g","contentUrl":"https:\/\/secure.gravatar.com\/avatar\/2172498d4914b51e1d89a0f97957b035ac4938723a5cac208135d389b6972a6d?s=96&d=mm&r=g","caption":"teste"},"url":"https:\/\/blogdofarnesio.com.br\/?author=3"}]}},"_links":{"self":[{"href":"https:\/\/blogdofarnesio.com.br\/index.php?rest_route=\/wp\/v2\/posts\/80945","targetHints":{"allow":["GET"]}}],"collection":[{"href":"https:\/\/blogdofarnesio.com.br\/index.php?rest_route=\/wp\/v2\/posts"}],"about":[{"href":"https:\/\/blogdofarnesio.com.br\/index.php?rest_route=\/wp\/v2\/types\/post"}],"author":[{"embeddable":true,"href":"https:\/\/blogdofarnesio.com.br\/index.php?rest_route=\/wp\/v2\/users\/3"}],"replies":[{"embeddable":true,"href":"https:\/\/blogdofarnesio.com.br\/index.php?rest_route=%2Fwp%2Fv2%2Fcomments&post=80945"}],"version-history":[{"count":0,"href":"https:\/\/blogdofarnesio.com.br\/index.php?rest_route=\/wp\/v2\/posts\/80945\/revisions"}],"wp:attachment":[{"href":"https:\/\/blogdofarnesio.com.br\/index.php?rest_route=%2Fwp%2Fv2%2Fmedia&parent=80945"}],"wp:term":[{"taxonomy":"category","embeddable":true,"href":"https:\/\/blogdofarnesio.com.br\/index.php?rest_route=%2Fwp%2Fv2%2Fcategories&post=80945"},{"taxonomy":"post_tag","embeddable":true,"href":"https:\/\/blogdofarnesio.com.br\/index.php?rest_route=%2Fwp%2Fv2%2Ftags&post=80945"}],"curies":[{"name":"wp","href":"https:\/\/api.w.org\/{rel}","templated":true}]}}