{"id":80934,"date":"2014-04-24T11:34:57","date_gmt":"2014-04-24T14:34:57","guid":{"rendered":"http:\/\/www.quersaberpolitica.com.br\/?p=80934"},"modified":"2014-04-24T10:32:23","modified_gmt":"2014-04-24T13:32:23","slug":"artesao-capixaba-e-uma-das-atracoes-da-feincartes-2014","status":"publish","type":"post","link":"https:\/\/blogdofarnesio.com.br\/?p=80934","title":{"rendered":"ARTES\u00c3O CAPIXABA \u00c9 UMA DAS ATRA\u00c7\u00d5ES DA FEINCARTES 2014"},"content":{"rendered":"<p style=\"text-align: justify\"><a href=\"http:\/\/www.quersaberpolitica.com.br\/2016\/wp-content\/uploads\/2014\/04\/unnamed10.jpg\"><img loading=\"lazy\" decoding=\"async\" class=\"aligncenter size-full wp-image-80936\" alt=\"unnamed\" src=\"http:\/\/www.quersaberpolitica.com.br\/2016\/wp-content\/uploads\/2014\/04\/unnamed10.jpg\" width=\"455\" height=\"300\" srcset=\"https:\/\/blogdofarnesio.com.br\/wp-content\/uploads\/2014\/04\/unnamed10.jpg 455w, https:\/\/blogdofarnesio.com.br\/wp-content\/uploads\/2014\/04\/unnamed10-300x197.jpg 300w\" sizes=\"auto, (max-width: 455px) 100vw, 455px\" \/><\/a>Entre os dias 2 e 11 de maio, turistas e petrolinenses v\u00e3o conferir e embarcar em uma surpreendente viagem \u00e0 arte e \u00e0 cultura atrav\u00e9s da Feira Internacional de Artesanato e Decora\u00e7\u00e3o \u2013 Feincartes. Este ano, o evento promete encantar a todos com a presen\u00e7a do artes\u00e3o capixaba Mestre Pixil\u00f4 (Manoel Francisco), de 74 anos, refer\u00eancia na confec\u00e7\u00e3o das panelas de barro, of\u00edcio reconhecido nacionalmente como um Bem Cultural de Natureza Imaterial e titulado como Patrim\u00f4nio Cultural Brasileiro.<\/p>\n<p style=\"text-align: justify\">Durante a Feira, o Mestre Pixil\u00f4 far\u00e1 uma exposi\u00e7\u00e3o do processo de confec\u00e7\u00e3o das panelas de barro &#8211; t\u00e9cnica utilizada h\u00e1 mais de 400 anos e passada de pai para filho. O artes\u00e3o tamb\u00e9m apresentar\u00e1 a mat\u00e9ria-prima utilizada (argila), a modelagem feita manualmente ou com ajuda de pedras e cascas de coco e a tintura onde se utiliza tinta extra\u00edda das cascas de \u00e1rvores t\u00edpicas de regi\u00f5es de mangue.<!--more--><\/p>\n<p style=\"text-align: justify\">Outro ponto alto da Feira \u00e9 a presen\u00e7a do rico e diversificado artesanato de Petrolina, al\u00e9m da exposi\u00e7\u00e3o de pe\u00e7as,<strong> acess\u00f3rios, m\u00f3veis, esculturas, pinturas, gastronomia e artigos de moda<\/strong> vindos de 13 paises e 14 estados brasileiros. Durante a Feincartes ser\u00e1 oferecido tamb\u00e9m uma serie de cursos, oficinas gratuitas e apresenta\u00e7\u00f5es culturais.<\/p>\n<p style=\"text-align: justify\">Promovida pela\u00a0 Mathias Feiras e Eventos com o apoio da Prefeitura de Petrolina e do Sebrae, a <strong>terceira<\/strong> edi\u00e7\u00e3o da Feincartes acontece no Centro de Conven\u00e7\u00f5es Senador Nilo Coelho, em Petrolina \u2013 PE e vai funcionar durante os 10 dias sempre das 17h \u00e0s 23h. O ingresso individual ser\u00e1 comercializado a R$ 5,00 e R$ 2,50 (meia), e pessoas a partir de 60 anos pagam meia entrada. Crian\u00e7as at\u00e9 12 anos acompanhadas dos pais s\u00e3o isentas.<\/p>\n","protected":false},"excerpt":{"rendered":"<p>Entre os dias 2 e 11 de maio, turistas e petrolinenses v\u00e3o conferir e embarcar em uma surpreendente viagem \u00e0 arte e \u00e0 cultura atrav\u00e9s da Feira Internacional de Artesanato e Decora\u00e7\u00e3o \u2013 Feincartes. Este ano, o evento promete encantar a todos com a presen\u00e7a do artes\u00e3o capixaba Mestre Pixil\u00f4 (Manoel Francisco), de 74 anos, refer\u00eancia na confec\u00e7\u00e3o das panelas de barro, of\u00edcio reconhecido nacionalmente como um Bem Cultural de Natureza Imaterial e titulado como Patrim\u00f4nio Cultural Brasileiro. Durante a Feira, o Mestre Pixil\u00f4 far\u00e1 uma exposi\u00e7\u00e3o do processo de confec\u00e7\u00e3o das panelas de barro &#8211; t\u00e9cnica utilizada h\u00e1 mais de 400 anos e passada de pai para filho. O artes\u00e3o tamb\u00e9m apresentar\u00e1 a mat\u00e9ria-prima utilizada (argila), a modelagem feita&hellip; <\/p>\n","protected":false},"author":3,"featured_media":0,"comment_status":"open","ping_status":"open","sticky":false,"template":"","format":"standard","meta":{"_acf_changed":false,"footnotes":""},"categories":[10],"tags":[],"class_list":["post-80934","post","type-post","status-publish","format-standard","hentry","category-cultura"],"acf":[],"yoast_head":"<!-- This site is optimized with the Yoast SEO plugin v27.4 - https:\/\/yoast.com\/product\/yoast-seo-wordpress\/ -->\n<title>ARTES\u00c3O CAPIXABA \u00c9 UMA DAS ATRA\u00c7\u00d5ES DA FEINCARTES 2014 - Blog do Farn\u00e9sio<\/title>\n<meta name=\"robots\" content=\"index, follow, max-snippet:-1, max-image-preview:large, max-video-preview:-1\" \/>\n<link rel=\"canonical\" href=\"https:\/\/blogdofarnesio.com.br\/?p=80934\" \/>\n<meta property=\"og:locale\" content=\"pt_BR\" \/>\n<meta property=\"og:type\" content=\"article\" \/>\n<meta property=\"og:title\" content=\"ARTES\u00c3O CAPIXABA \u00c9 UMA DAS ATRA\u00c7\u00d5ES DA FEINCARTES 2014 - Blog do Farn\u00e9sio\" \/>\n<meta property=\"og:description\" content=\"Entre os dias 2 e 11 de maio, turistas e petrolinenses v\u00e3o conferir e embarcar em uma surpreendente viagem \u00e0 arte e \u00e0 cultura atrav\u00e9s da Feira Internacional de Artesanato e Decora\u00e7\u00e3o \u2013 Feincartes. Este ano, o evento promete encantar a todos com a presen\u00e7a do artes\u00e3o capixaba Mestre Pixil\u00f4 (Manoel Francisco), de 74 anos, refer\u00eancia na confec\u00e7\u00e3o das panelas de barro, of\u00edcio reconhecido nacionalmente como um Bem Cultural de Natureza Imaterial e titulado como Patrim\u00f4nio Cultural Brasileiro. Durante a Feira, o Mestre Pixil\u00f4 far\u00e1 uma exposi\u00e7\u00e3o do processo de confec\u00e7\u00e3o das panelas de barro &#8211; t\u00e9cnica utilizada h\u00e1 mais de 400 anos e passada de pai para filho. O artes\u00e3o tamb\u00e9m apresentar\u00e1 a mat\u00e9ria-prima utilizada (argila), a modelagem feita&hellip;\" \/>\n<meta property=\"og:url\" content=\"https:\/\/blogdofarnesio.com.br\/?p=80934\" \/>\n<meta property=\"og:site_name\" content=\"Blog do Farn\u00e9sio\" \/>\n<meta property=\"article:publisher\" content=\"https:\/\/www.facebook.com\/BlogQuerSaberPolitica\/\" \/>\n<meta property=\"article:published_time\" content=\"2014-04-24T14:34:57+00:00\" \/>\n<meta property=\"og:image\" content=\"http:\/\/www.quersaberpolitica.com.br\/2016\/wp-content\/uploads\/2014\/04\/unnamed10.jpg\" \/>\n<meta name=\"author\" content=\"teste\" \/>\n<meta name=\"twitter:card\" content=\"summary_large_image\" \/>\n<meta name=\"twitter:label1\" content=\"Escrito por\" \/>\n\t<meta name=\"twitter:data1\" content=\"teste\" \/>\n\t<meta name=\"twitter:label2\" content=\"Est. tempo de leitura\" \/>\n\t<meta name=\"twitter:data2\" content=\"1 minuto\" \/>\n<script type=\"application\/ld+json\" class=\"yoast-schema-graph\">{\"@context\":\"https:\\\/\\\/schema.org\",\"@graph\":[{\"@type\":\"Article\",\"@id\":\"https:\\\/\\\/blogdofarnesio.com.br\\\/?p=80934#article\",\"isPartOf\":{\"@id\":\"https:\\\/\\\/blogdofarnesio.com.br\\\/?p=80934\"},\"author\":{\"name\":\"teste\",\"@id\":\"https:\\\/\\\/blogdofarnesio.com.br\\\/#\\\/schema\\\/person\\\/dd1bf5eba40b687199ba45ca6b97dff9\"},\"headline\":\"ARTES\u00c3O CAPIXABA \u00c9 UMA DAS ATRA\u00c7\u00d5ES DA FEINCARTES 2014\",\"datePublished\":\"2014-04-24T14:34:57+00:00\",\"mainEntityOfPage\":{\"@id\":\"https:\\\/\\\/blogdofarnesio.com.br\\\/?p=80934\"},\"wordCount\":298,\"commentCount\":0,\"publisher\":{\"@id\":\"https:\\\/\\\/blogdofarnesio.com.br\\\/#organization\"},\"image\":{\"@id\":\"https:\\\/\\\/blogdofarnesio.com.br\\\/?p=80934#primaryimage\"},\"thumbnailUrl\":\"http:\\\/\\\/www.quersaberpolitica.com.br\\\/2016\\\/wp-content\\\/uploads\\\/2014\\\/04\\\/unnamed10.jpg\",\"articleSection\":[\"Cultura\"],\"inLanguage\":\"pt-BR\",\"potentialAction\":[{\"@type\":\"CommentAction\",\"name\":\"Comment\",\"target\":[\"https:\\\/\\\/blogdofarnesio.com.br\\\/?p=80934#respond\"]}]},{\"@type\":\"WebPage\",\"@id\":\"https:\\\/\\\/blogdofarnesio.com.br\\\/?p=80934\",\"url\":\"https:\\\/\\\/blogdofarnesio.com.br\\\/?p=80934\",\"name\":\"ARTES\u00c3O CAPIXABA \u00c9 UMA DAS ATRA\u00c7\u00d5ES DA FEINCARTES 2014 - Blog do Farn\u00e9sio\",\"isPartOf\":{\"@id\":\"https:\\\/\\\/blogdofarnesio.com.br\\\/#website\"},\"primaryImageOfPage\":{\"@id\":\"https:\\\/\\\/blogdofarnesio.com.br\\\/?p=80934#primaryimage\"},\"image\":{\"@id\":\"https:\\\/\\\/blogdofarnesio.com.br\\\/?p=80934#primaryimage\"},\"thumbnailUrl\":\"http:\\\/\\\/www.quersaberpolitica.com.br\\\/2016\\\/wp-content\\\/uploads\\\/2014\\\/04\\\/unnamed10.jpg\",\"datePublished\":\"2014-04-24T14:34:57+00:00\",\"breadcrumb\":{\"@id\":\"https:\\\/\\\/blogdofarnesio.com.br\\\/?p=80934#breadcrumb\"},\"inLanguage\":\"pt-BR\",\"potentialAction\":[{\"@type\":\"ReadAction\",\"target\":[\"https:\\\/\\\/blogdofarnesio.com.br\\\/?p=80934\"]}]},{\"@type\":\"ImageObject\",\"inLanguage\":\"pt-BR\",\"@id\":\"https:\\\/\\\/blogdofarnesio.com.br\\\/?p=80934#primaryimage\",\"url\":\"http:\\\/\\\/www.quersaberpolitica.com.br\\\/2016\\\/wp-content\\\/uploads\\\/2014\\\/04\\\/unnamed10.jpg\",\"contentUrl\":\"http:\\\/\\\/www.quersaberpolitica.com.br\\\/2016\\\/wp-content\\\/uploads\\\/2014\\\/04\\\/unnamed10.jpg\"},{\"@type\":\"BreadcrumbList\",\"@id\":\"https:\\\/\\\/blogdofarnesio.com.br\\\/?p=80934#breadcrumb\",\"itemListElement\":[{\"@type\":\"ListItem\",\"position\":1,\"name\":\"In\u00edcio\",\"item\":\"https:\\\/\\\/blogdofarnesio.com.br\\\/\"},{\"@type\":\"ListItem\",\"position\":2,\"name\":\"ARTES\u00c3O CAPIXABA \u00c9 UMA DAS ATRA\u00c7\u00d5ES DA FEINCARTES 2014\"}]},{\"@type\":\"WebSite\",\"@id\":\"https:\\\/\\\/blogdofarnesio.com.br\\\/#website\",\"url\":\"https:\\\/\\\/blogdofarnesio.com.br\\\/\",\"name\":\"Blog do Farn\u00e9sio\",\"description\":\"Quer Saber Pol\u00edtica?\",\"publisher\":{\"@id\":\"https:\\\/\\\/blogdofarnesio.com.br\\\/#organization\"},\"potentialAction\":[{\"@type\":\"SearchAction\",\"target\":{\"@type\":\"EntryPoint\",\"urlTemplate\":\"https:\\\/\\\/blogdofarnesio.com.br\\\/?s={search_term_string}\"},\"query-input\":{\"@type\":\"PropertyValueSpecification\",\"valueRequired\":true,\"valueName\":\"search_term_string\"}}],\"inLanguage\":\"pt-BR\"},{\"@type\":\"Organization\",\"@id\":\"https:\\\/\\\/blogdofarnesio.com.br\\\/#organization\",\"name\":\"Blog do Farn\u00e9sio\",\"url\":\"https:\\\/\\\/blogdofarnesio.com.br\\\/\",\"logo\":{\"@type\":\"ImageObject\",\"inLanguage\":\"pt-BR\",\"@id\":\"https:\\\/\\\/blogdofarnesio.com.br\\\/#\\\/schema\\\/logo\\\/image\\\/\",\"url\":\"https:\\\/\\\/blogdofarnesio.com.br\\\/wp-content\\\/uploads\\\/2026\\\/03\\\/cropped-logo_new-1.png\",\"contentUrl\":\"https:\\\/\\\/blogdofarnesio.com.br\\\/wp-content\\\/uploads\\\/2026\\\/03\\\/cropped-logo_new-1.png\",\"width\":881,\"height\":685,\"caption\":\"Blog do Farn\u00e9sio\"},\"image\":{\"@id\":\"https:\\\/\\\/blogdofarnesio.com.br\\\/#\\\/schema\\\/logo\\\/image\\\/\"},\"sameAs\":[\"https:\\\/\\\/www.facebook.com\\\/BlogQuerSaberPolitica\\\/\"]},{\"@type\":\"Person\",\"@id\":\"https:\\\/\\\/blogdofarnesio.com.br\\\/#\\\/schema\\\/person\\\/dd1bf5eba40b687199ba45ca6b97dff9\",\"name\":\"teste\",\"image\":{\"@type\":\"ImageObject\",\"inLanguage\":\"pt-BR\",\"@id\":\"https:\\\/\\\/secure.gravatar.com\\\/avatar\\\/2172498d4914b51e1d89a0f97957b035ac4938723a5cac208135d389b6972a6d?s=96&d=mm&r=g\",\"url\":\"https:\\\/\\\/secure.gravatar.com\\\/avatar\\\/2172498d4914b51e1d89a0f97957b035ac4938723a5cac208135d389b6972a6d?s=96&d=mm&r=g\",\"contentUrl\":\"https:\\\/\\\/secure.gravatar.com\\\/avatar\\\/2172498d4914b51e1d89a0f97957b035ac4938723a5cac208135d389b6972a6d?s=96&d=mm&r=g\",\"caption\":\"teste\"},\"url\":\"https:\\\/\\\/blogdofarnesio.com.br\\\/?author=3\"}]}<\/script>\n<!-- \/ Yoast SEO plugin. -->","yoast_head_json":{"title":"ARTES\u00c3O CAPIXABA \u00c9 UMA DAS ATRA\u00c7\u00d5ES DA FEINCARTES 2014 - Blog do Farn\u00e9sio","robots":{"index":"index","follow":"follow","max-snippet":"max-snippet:-1","max-image-preview":"max-image-preview:large","max-video-preview":"max-video-preview:-1"},"canonical":"https:\/\/blogdofarnesio.com.br\/?p=80934","og_locale":"pt_BR","og_type":"article","og_title":"ARTES\u00c3O CAPIXABA \u00c9 UMA DAS ATRA\u00c7\u00d5ES DA FEINCARTES 2014 - Blog do Farn\u00e9sio","og_description":"Entre os dias 2 e 11 de maio, turistas e petrolinenses v\u00e3o conferir e embarcar em uma surpreendente viagem \u00e0 arte e \u00e0 cultura atrav\u00e9s da Feira Internacional de Artesanato e Decora\u00e7\u00e3o \u2013 Feincartes. Este ano, o evento promete encantar a todos com a presen\u00e7a do artes\u00e3o capixaba Mestre Pixil\u00f4 (Manoel Francisco), de 74 anos, refer\u00eancia na confec\u00e7\u00e3o das panelas de barro, of\u00edcio reconhecido nacionalmente como um Bem Cultural de Natureza Imaterial e titulado como Patrim\u00f4nio Cultural Brasileiro. Durante a Feira, o Mestre Pixil\u00f4 far\u00e1 uma exposi\u00e7\u00e3o do processo de confec\u00e7\u00e3o das panelas de barro &#8211; t\u00e9cnica utilizada h\u00e1 mais de 400 anos e passada de pai para filho. O artes\u00e3o tamb\u00e9m apresentar\u00e1 a mat\u00e9ria-prima utilizada (argila), a modelagem feita&hellip;","og_url":"https:\/\/blogdofarnesio.com.br\/?p=80934","og_site_name":"Blog do Farn\u00e9sio","article_publisher":"https:\/\/www.facebook.com\/BlogQuerSaberPolitica\/","article_published_time":"2014-04-24T14:34:57+00:00","og_image":[{"url":"http:\/\/www.quersaberpolitica.com.br\/2016\/wp-content\/uploads\/2014\/04\/unnamed10.jpg","type":"","width":"","height":""}],"author":"teste","twitter_card":"summary_large_image","twitter_misc":{"Escrito por":"teste","Est. tempo de leitura":"1 minuto"},"schema":{"@context":"https:\/\/schema.org","@graph":[{"@type":"Article","@id":"https:\/\/blogdofarnesio.com.br\/?p=80934#article","isPartOf":{"@id":"https:\/\/blogdofarnesio.com.br\/?p=80934"},"author":{"name":"teste","@id":"https:\/\/blogdofarnesio.com.br\/#\/schema\/person\/dd1bf5eba40b687199ba45ca6b97dff9"},"headline":"ARTES\u00c3O CAPIXABA \u00c9 UMA DAS ATRA\u00c7\u00d5ES DA FEINCARTES 2014","datePublished":"2014-04-24T14:34:57+00:00","mainEntityOfPage":{"@id":"https:\/\/blogdofarnesio.com.br\/?p=80934"},"wordCount":298,"commentCount":0,"publisher":{"@id":"https:\/\/blogdofarnesio.com.br\/#organization"},"image":{"@id":"https:\/\/blogdofarnesio.com.br\/?p=80934#primaryimage"},"thumbnailUrl":"http:\/\/www.quersaberpolitica.com.br\/2016\/wp-content\/uploads\/2014\/04\/unnamed10.jpg","articleSection":["Cultura"],"inLanguage":"pt-BR","potentialAction":[{"@type":"CommentAction","name":"Comment","target":["https:\/\/blogdofarnesio.com.br\/?p=80934#respond"]}]},{"@type":"WebPage","@id":"https:\/\/blogdofarnesio.com.br\/?p=80934","url":"https:\/\/blogdofarnesio.com.br\/?p=80934","name":"ARTES\u00c3O CAPIXABA \u00c9 UMA DAS ATRA\u00c7\u00d5ES DA FEINCARTES 2014 - Blog do Farn\u00e9sio","isPartOf":{"@id":"https:\/\/blogdofarnesio.com.br\/#website"},"primaryImageOfPage":{"@id":"https:\/\/blogdofarnesio.com.br\/?p=80934#primaryimage"},"image":{"@id":"https:\/\/blogdofarnesio.com.br\/?p=80934#primaryimage"},"thumbnailUrl":"http:\/\/www.quersaberpolitica.com.br\/2016\/wp-content\/uploads\/2014\/04\/unnamed10.jpg","datePublished":"2014-04-24T14:34:57+00:00","breadcrumb":{"@id":"https:\/\/blogdofarnesio.com.br\/?p=80934#breadcrumb"},"inLanguage":"pt-BR","potentialAction":[{"@type":"ReadAction","target":["https:\/\/blogdofarnesio.com.br\/?p=80934"]}]},{"@type":"ImageObject","inLanguage":"pt-BR","@id":"https:\/\/blogdofarnesio.com.br\/?p=80934#primaryimage","url":"http:\/\/www.quersaberpolitica.com.br\/2016\/wp-content\/uploads\/2014\/04\/unnamed10.jpg","contentUrl":"http:\/\/www.quersaberpolitica.com.br\/2016\/wp-content\/uploads\/2014\/04\/unnamed10.jpg"},{"@type":"BreadcrumbList","@id":"https:\/\/blogdofarnesio.com.br\/?p=80934#breadcrumb","itemListElement":[{"@type":"ListItem","position":1,"name":"In\u00edcio","item":"https:\/\/blogdofarnesio.com.br\/"},{"@type":"ListItem","position":2,"name":"ARTES\u00c3O CAPIXABA \u00c9 UMA DAS ATRA\u00c7\u00d5ES DA FEINCARTES 2014"}]},{"@type":"WebSite","@id":"https:\/\/blogdofarnesio.com.br\/#website","url":"https:\/\/blogdofarnesio.com.br\/","name":"Blog do Farn\u00e9sio","description":"Quer Saber Pol\u00edtica?","publisher":{"@id":"https:\/\/blogdofarnesio.com.br\/#organization"},"potentialAction":[{"@type":"SearchAction","target":{"@type":"EntryPoint","urlTemplate":"https:\/\/blogdofarnesio.com.br\/?s={search_term_string}"},"query-input":{"@type":"PropertyValueSpecification","valueRequired":true,"valueName":"search_term_string"}}],"inLanguage":"pt-BR"},{"@type":"Organization","@id":"https:\/\/blogdofarnesio.com.br\/#organization","name":"Blog do Farn\u00e9sio","url":"https:\/\/blogdofarnesio.com.br\/","logo":{"@type":"ImageObject","inLanguage":"pt-BR","@id":"https:\/\/blogdofarnesio.com.br\/#\/schema\/logo\/image\/","url":"https:\/\/blogdofarnesio.com.br\/wp-content\/uploads\/2026\/03\/cropped-logo_new-1.png","contentUrl":"https:\/\/blogdofarnesio.com.br\/wp-content\/uploads\/2026\/03\/cropped-logo_new-1.png","width":881,"height":685,"caption":"Blog do Farn\u00e9sio"},"image":{"@id":"https:\/\/blogdofarnesio.com.br\/#\/schema\/logo\/image\/"},"sameAs":["https:\/\/www.facebook.com\/BlogQuerSaberPolitica\/"]},{"@type":"Person","@id":"https:\/\/blogdofarnesio.com.br\/#\/schema\/person\/dd1bf5eba40b687199ba45ca6b97dff9","name":"teste","image":{"@type":"ImageObject","inLanguage":"pt-BR","@id":"https:\/\/secure.gravatar.com\/avatar\/2172498d4914b51e1d89a0f97957b035ac4938723a5cac208135d389b6972a6d?s=96&d=mm&r=g","url":"https:\/\/secure.gravatar.com\/avatar\/2172498d4914b51e1d89a0f97957b035ac4938723a5cac208135d389b6972a6d?s=96&d=mm&r=g","contentUrl":"https:\/\/secure.gravatar.com\/avatar\/2172498d4914b51e1d89a0f97957b035ac4938723a5cac208135d389b6972a6d?s=96&d=mm&r=g","caption":"teste"},"url":"https:\/\/blogdofarnesio.com.br\/?author=3"}]}},"_links":{"self":[{"href":"https:\/\/blogdofarnesio.com.br\/index.php?rest_route=\/wp\/v2\/posts\/80934","targetHints":{"allow":["GET"]}}],"collection":[{"href":"https:\/\/blogdofarnesio.com.br\/index.php?rest_route=\/wp\/v2\/posts"}],"about":[{"href":"https:\/\/blogdofarnesio.com.br\/index.php?rest_route=\/wp\/v2\/types\/post"}],"author":[{"embeddable":true,"href":"https:\/\/blogdofarnesio.com.br\/index.php?rest_route=\/wp\/v2\/users\/3"}],"replies":[{"embeddable":true,"href":"https:\/\/blogdofarnesio.com.br\/index.php?rest_route=%2Fwp%2Fv2%2Fcomments&post=80934"}],"version-history":[{"count":0,"href":"https:\/\/blogdofarnesio.com.br\/index.php?rest_route=\/wp\/v2\/posts\/80934\/revisions"}],"wp:attachment":[{"href":"https:\/\/blogdofarnesio.com.br\/index.php?rest_route=%2Fwp%2Fv2%2Fmedia&parent=80934"}],"wp:term":[{"taxonomy":"category","embeddable":true,"href":"https:\/\/blogdofarnesio.com.br\/index.php?rest_route=%2Fwp%2Fv2%2Fcategories&post=80934"},{"taxonomy":"post_tag","embeddable":true,"href":"https:\/\/blogdofarnesio.com.br\/index.php?rest_route=%2Fwp%2Fv2%2Ftags&post=80934"}],"curies":[{"name":"wp","href":"https:\/\/api.w.org\/{rel}","templated":true}]}}