{"id":80932,"date":"2014-04-24T14:22:34","date_gmt":"2014-04-24T17:22:34","guid":{"rendered":"http:\/\/www.quersaberpolitica.com.br\/?p=80932"},"modified":"2014-04-24T11:00:05","modified_gmt":"2014-04-24T14:00:05","slug":"projeto-das-unidades-de-conservacao-da-caatinga-sera-apresentado-em-localidades-do-municipio","status":"publish","type":"post","link":"https:\/\/blogdofarnesio.com.br\/?p=80932","title":{"rendered":"PROJETO DAS UNIDADES DE CONSERVA\u00c7\u00c3O DA CAATINGA SER\u00c1 APRESENTADO EM LOCALIDADES DO MUNIC\u00cdPIO"},"content":{"rendered":"<p style=\"text-align: justify\"><b><a href=\"http:\/\/www.quersaberpolitica.com.br\/2016\/wp-content\/uploads\/2014\/01\/Bioma-Caatinga.jpg\"><img loading=\"lazy\" decoding=\"async\" class=\"aligncenter size-full wp-image-71655\" alt=\"blogqspCaatinga\" src=\"http:\/\/www.quersaberpolitica.com.br\/2016\/wp-content\/uploads\/2014\/01\/Bioma-Caatinga.jpg\" width=\"400\" height=\"300\" srcset=\"https:\/\/blogdofarnesio.com.br\/wp-content\/uploads\/2014\/01\/Bioma-Caatinga.jpg 400w, https:\/\/blogdofarnesio.com.br\/wp-content\/uploads\/2014\/01\/Bioma-Caatinga-300x225.jpg 300w\" sizes=\"auto, (max-width: 400px) 100vw, 400px\" \/><\/a>Acontece nesta quinta (24), na localidade de Ponta da Serra, a cerca de 30 quil\u00f4metros da sede de Petrolina, uma reuni\u00e3o coordenada pela Ag\u00eancia \u00a0Municipal do Meio Ambiente (AMMA) junto aos moradores da regi\u00e3o. <\/b><\/p>\n<p style=\"text-align: justify\"><b>O objetivo \u00e9 mostrar o projeto da Unidade de Conserva\u00e7\u00e3o da Caatinga: como vai funcionar, a participa\u00e7\u00e3o da comunidade, crit\u00e9rios de participa\u00e7\u00e3o. O encontro est\u00e1 marcado para \u00e0s 19h, na sede da Associa\u00e7\u00e3o de Moradores da localidade. No pr\u00f3ximo s\u00e1bado (26), reuni\u00e3o com o mesmo conte\u00fado ser\u00e1 ministrada em Lagoa dos Cavalos. <\/b><\/p>\n<p style=\"text-align: justify\"><b>\u00a0As\u00a0 Unidades de Conserva\u00e7\u00e3o da Caatinga fazem parte do Programa Municipal de Prote\u00e7\u00e3o \u00e0 Caatinga, institu\u00eddo pela lei de n\u00famero 2.575, de setembro de 2013. A gest\u00e3o do programa \u00e9 de responsabilidade da Ag\u00eancia Municipal do Meio Ambiente (AMMA). Cada Unidade dever\u00e1 ter o m\u00ednimo de cinco hectares de vegeta\u00e7\u00e3o nativa ou reflorestada com plantas t\u00edpicas do bioma caatinga.\u00a0 <\/b><\/p>\n","protected":false},"excerpt":{"rendered":"<p>Acontece nesta quinta (24), na localidade de Ponta da Serra, a cerca de 30 quil\u00f4metros da sede de Petrolina, uma reuni\u00e3o coordenada pela Ag\u00eancia \u00a0Municipal do Meio Ambiente (AMMA) junto aos moradores da regi\u00e3o. O objetivo \u00e9 mostrar o projeto da Unidade de Conserva\u00e7\u00e3o da Caatinga: como vai funcionar, a participa\u00e7\u00e3o da comunidade, crit\u00e9rios de participa\u00e7\u00e3o. O encontro est\u00e1 marcado para \u00e0s 19h, na sede da Associa\u00e7\u00e3o de Moradores da localidade. No pr\u00f3ximo s\u00e1bado (26), reuni\u00e3o com o mesmo conte\u00fado ser\u00e1 ministrada em Lagoa dos Cavalos. \u00a0As\u00a0 Unidades de Conserva\u00e7\u00e3o da Caatinga fazem parte do Programa Municipal de Prote\u00e7\u00e3o \u00e0 Caatinga, institu\u00eddo pela lei de n\u00famero 2.575, de setembro de 2013. A gest\u00e3o do programa \u00e9 de responsabilidade da Ag\u00eancia&hellip; <\/p>\n","protected":false},"author":3,"featured_media":0,"comment_status":"open","ping_status":"open","sticky":false,"template":"","format":"standard","meta":{"_acf_changed":false,"footnotes":""},"categories":[29],"tags":[],"class_list":["post-80932","post","type-post","status-publish","format-standard","hentry","category-meio-ambiente"],"acf":[],"yoast_head":"<!-- This site is optimized with the Yoast SEO plugin v27.4 - https:\/\/yoast.com\/product\/yoast-seo-wordpress\/ -->\n<title>PROJETO DAS UNIDADES DE CONSERVA\u00c7\u00c3O DA CAATINGA SER\u00c1 APRESENTADO EM LOCALIDADES DO MUNIC\u00cdPIO - Blog do Farn\u00e9sio<\/title>\n<meta name=\"robots\" content=\"index, follow, max-snippet:-1, max-image-preview:large, max-video-preview:-1\" \/>\n<link rel=\"canonical\" href=\"https:\/\/blogdofarnesio.com.br\/?p=80932\" \/>\n<meta property=\"og:locale\" content=\"pt_BR\" \/>\n<meta property=\"og:type\" content=\"article\" \/>\n<meta property=\"og:title\" content=\"PROJETO DAS UNIDADES DE CONSERVA\u00c7\u00c3O DA CAATINGA SER\u00c1 APRESENTADO EM LOCALIDADES DO MUNIC\u00cdPIO - Blog do Farn\u00e9sio\" \/>\n<meta property=\"og:description\" content=\"Acontece nesta quinta (24), na localidade de Ponta da Serra, a cerca de 30 quil\u00f4metros da sede de Petrolina, uma reuni\u00e3o coordenada pela Ag\u00eancia \u00a0Municipal do Meio Ambiente (AMMA) junto aos moradores da regi\u00e3o. O objetivo \u00e9 mostrar o projeto da Unidade de Conserva\u00e7\u00e3o da Caatinga: como vai funcionar, a participa\u00e7\u00e3o da comunidade, crit\u00e9rios de participa\u00e7\u00e3o. O encontro est\u00e1 marcado para \u00e0s 19h, na sede da Associa\u00e7\u00e3o de Moradores da localidade. No pr\u00f3ximo s\u00e1bado (26), reuni\u00e3o com o mesmo conte\u00fado ser\u00e1 ministrada em Lagoa dos Cavalos. \u00a0As\u00a0 Unidades de Conserva\u00e7\u00e3o da Caatinga fazem parte do Programa Municipal de Prote\u00e7\u00e3o \u00e0 Caatinga, institu\u00eddo pela lei de n\u00famero 2.575, de setembro de 2013. A gest\u00e3o do programa \u00e9 de responsabilidade da Ag\u00eancia&hellip;\" \/>\n<meta property=\"og:url\" content=\"https:\/\/blogdofarnesio.com.br\/?p=80932\" \/>\n<meta property=\"og:site_name\" content=\"Blog do Farn\u00e9sio\" \/>\n<meta property=\"article:publisher\" content=\"https:\/\/www.facebook.com\/BlogQuerSaberPolitica\/\" \/>\n<meta property=\"article:published_time\" content=\"2014-04-24T17:22:34+00:00\" \/>\n<meta property=\"og:image\" content=\"http:\/\/www.quersaberpolitica.com.br\/2016\/wp-content\/uploads\/2014\/01\/Bioma-Caatinga.jpg\" \/>\n<meta name=\"author\" content=\"teste\" \/>\n<meta name=\"twitter:card\" content=\"summary_large_image\" \/>\n<meta name=\"twitter:label1\" content=\"Escrito por\" \/>\n\t<meta name=\"twitter:data1\" content=\"teste\" \/>\n\t<meta name=\"twitter:label2\" content=\"Est. tempo de leitura\" \/>\n\t<meta name=\"twitter:data2\" content=\"1 minuto\" \/>\n<script type=\"application\/ld+json\" class=\"yoast-schema-graph\">{\"@context\":\"https:\\\/\\\/schema.org\",\"@graph\":[{\"@type\":\"Article\",\"@id\":\"https:\\\/\\\/blogdofarnesio.com.br\\\/?p=80932#article\",\"isPartOf\":{\"@id\":\"https:\\\/\\\/blogdofarnesio.com.br\\\/?p=80932\"},\"author\":{\"name\":\"teste\",\"@id\":\"https:\\\/\\\/blogdofarnesio.com.br\\\/#\\\/schema\\\/person\\\/dd1bf5eba40b687199ba45ca6b97dff9\"},\"headline\":\"PROJETO DAS UNIDADES DE CONSERVA\u00c7\u00c3O DA CAATINGA SER\u00c1 APRESENTADO EM LOCALIDADES DO MUNIC\u00cdPIO\",\"datePublished\":\"2014-04-24T17:22:34+00:00\",\"mainEntityOfPage\":{\"@id\":\"https:\\\/\\\/blogdofarnesio.com.br\\\/?p=80932\"},\"wordCount\":174,\"commentCount\":0,\"publisher\":{\"@id\":\"https:\\\/\\\/blogdofarnesio.com.br\\\/#organization\"},\"image\":{\"@id\":\"https:\\\/\\\/blogdofarnesio.com.br\\\/?p=80932#primaryimage\"},\"thumbnailUrl\":\"http:\\\/\\\/www.quersaberpolitica.com.br\\\/2016\\\/wp-content\\\/uploads\\\/2014\\\/01\\\/Bioma-Caatinga.jpg\",\"articleSection\":[\"Meio Ambiente\"],\"inLanguage\":\"pt-BR\",\"potentialAction\":[{\"@type\":\"CommentAction\",\"name\":\"Comment\",\"target\":[\"https:\\\/\\\/blogdofarnesio.com.br\\\/?p=80932#respond\"]}]},{\"@type\":\"WebPage\",\"@id\":\"https:\\\/\\\/blogdofarnesio.com.br\\\/?p=80932\",\"url\":\"https:\\\/\\\/blogdofarnesio.com.br\\\/?p=80932\",\"name\":\"PROJETO DAS UNIDADES DE CONSERVA\u00c7\u00c3O DA CAATINGA SER\u00c1 APRESENTADO EM LOCALIDADES DO MUNIC\u00cdPIO - Blog do Farn\u00e9sio\",\"isPartOf\":{\"@id\":\"https:\\\/\\\/blogdofarnesio.com.br\\\/#website\"},\"primaryImageOfPage\":{\"@id\":\"https:\\\/\\\/blogdofarnesio.com.br\\\/?p=80932#primaryimage\"},\"image\":{\"@id\":\"https:\\\/\\\/blogdofarnesio.com.br\\\/?p=80932#primaryimage\"},\"thumbnailUrl\":\"http:\\\/\\\/www.quersaberpolitica.com.br\\\/2016\\\/wp-content\\\/uploads\\\/2014\\\/01\\\/Bioma-Caatinga.jpg\",\"datePublished\":\"2014-04-24T17:22:34+00:00\",\"breadcrumb\":{\"@id\":\"https:\\\/\\\/blogdofarnesio.com.br\\\/?p=80932#breadcrumb\"},\"inLanguage\":\"pt-BR\",\"potentialAction\":[{\"@type\":\"ReadAction\",\"target\":[\"https:\\\/\\\/blogdofarnesio.com.br\\\/?p=80932\"]}]},{\"@type\":\"ImageObject\",\"inLanguage\":\"pt-BR\",\"@id\":\"https:\\\/\\\/blogdofarnesio.com.br\\\/?p=80932#primaryimage\",\"url\":\"http:\\\/\\\/www.quersaberpolitica.com.br\\\/2016\\\/wp-content\\\/uploads\\\/2014\\\/01\\\/Bioma-Caatinga.jpg\",\"contentUrl\":\"http:\\\/\\\/www.quersaberpolitica.com.br\\\/2016\\\/wp-content\\\/uploads\\\/2014\\\/01\\\/Bioma-Caatinga.jpg\"},{\"@type\":\"BreadcrumbList\",\"@id\":\"https:\\\/\\\/blogdofarnesio.com.br\\\/?p=80932#breadcrumb\",\"itemListElement\":[{\"@type\":\"ListItem\",\"position\":1,\"name\":\"In\u00edcio\",\"item\":\"https:\\\/\\\/blogdofarnesio.com.br\\\/\"},{\"@type\":\"ListItem\",\"position\":2,\"name\":\"PROJETO DAS UNIDADES DE CONSERVA\u00c7\u00c3O DA CAATINGA SER\u00c1 APRESENTADO EM LOCALIDADES DO MUNIC\u00cdPIO\"}]},{\"@type\":\"WebSite\",\"@id\":\"https:\\\/\\\/blogdofarnesio.com.br\\\/#website\",\"url\":\"https:\\\/\\\/blogdofarnesio.com.br\\\/\",\"name\":\"Blog do Farn\u00e9sio\",\"description\":\"Quer Saber Pol\u00edtica?\",\"publisher\":{\"@id\":\"https:\\\/\\\/blogdofarnesio.com.br\\\/#organization\"},\"potentialAction\":[{\"@type\":\"SearchAction\",\"target\":{\"@type\":\"EntryPoint\",\"urlTemplate\":\"https:\\\/\\\/blogdofarnesio.com.br\\\/?s={search_term_string}\"},\"query-input\":{\"@type\":\"PropertyValueSpecification\",\"valueRequired\":true,\"valueName\":\"search_term_string\"}}],\"inLanguage\":\"pt-BR\"},{\"@type\":\"Organization\",\"@id\":\"https:\\\/\\\/blogdofarnesio.com.br\\\/#organization\",\"name\":\"Blog do Farn\u00e9sio\",\"url\":\"https:\\\/\\\/blogdofarnesio.com.br\\\/\",\"logo\":{\"@type\":\"ImageObject\",\"inLanguage\":\"pt-BR\",\"@id\":\"https:\\\/\\\/blogdofarnesio.com.br\\\/#\\\/schema\\\/logo\\\/image\\\/\",\"url\":\"https:\\\/\\\/blogdofarnesio.com.br\\\/wp-content\\\/uploads\\\/2026\\\/03\\\/cropped-logo_new-1.png\",\"contentUrl\":\"https:\\\/\\\/blogdofarnesio.com.br\\\/wp-content\\\/uploads\\\/2026\\\/03\\\/cropped-logo_new-1.png\",\"width\":881,\"height\":685,\"caption\":\"Blog do Farn\u00e9sio\"},\"image\":{\"@id\":\"https:\\\/\\\/blogdofarnesio.com.br\\\/#\\\/schema\\\/logo\\\/image\\\/\"},\"sameAs\":[\"https:\\\/\\\/www.facebook.com\\\/BlogQuerSaberPolitica\\\/\"]},{\"@type\":\"Person\",\"@id\":\"https:\\\/\\\/blogdofarnesio.com.br\\\/#\\\/schema\\\/person\\\/dd1bf5eba40b687199ba45ca6b97dff9\",\"name\":\"teste\",\"image\":{\"@type\":\"ImageObject\",\"inLanguage\":\"pt-BR\",\"@id\":\"https:\\\/\\\/secure.gravatar.com\\\/avatar\\\/2172498d4914b51e1d89a0f97957b035ac4938723a5cac208135d389b6972a6d?s=96&d=mm&r=g\",\"url\":\"https:\\\/\\\/secure.gravatar.com\\\/avatar\\\/2172498d4914b51e1d89a0f97957b035ac4938723a5cac208135d389b6972a6d?s=96&d=mm&r=g\",\"contentUrl\":\"https:\\\/\\\/secure.gravatar.com\\\/avatar\\\/2172498d4914b51e1d89a0f97957b035ac4938723a5cac208135d389b6972a6d?s=96&d=mm&r=g\",\"caption\":\"teste\"},\"url\":\"https:\\\/\\\/blogdofarnesio.com.br\\\/?author=3\"}]}<\/script>\n<!-- \/ Yoast SEO plugin. -->","yoast_head_json":{"title":"PROJETO DAS UNIDADES DE CONSERVA\u00c7\u00c3O DA CAATINGA SER\u00c1 APRESENTADO EM LOCALIDADES DO MUNIC\u00cdPIO - Blog do Farn\u00e9sio","robots":{"index":"index","follow":"follow","max-snippet":"max-snippet:-1","max-image-preview":"max-image-preview:large","max-video-preview":"max-video-preview:-1"},"canonical":"https:\/\/blogdofarnesio.com.br\/?p=80932","og_locale":"pt_BR","og_type":"article","og_title":"PROJETO DAS UNIDADES DE CONSERVA\u00c7\u00c3O DA CAATINGA SER\u00c1 APRESENTADO EM LOCALIDADES DO MUNIC\u00cdPIO - Blog do Farn\u00e9sio","og_description":"Acontece nesta quinta (24), na localidade de Ponta da Serra, a cerca de 30 quil\u00f4metros da sede de Petrolina, uma reuni\u00e3o coordenada pela Ag\u00eancia \u00a0Municipal do Meio Ambiente (AMMA) junto aos moradores da regi\u00e3o. O objetivo \u00e9 mostrar o projeto da Unidade de Conserva\u00e7\u00e3o da Caatinga: como vai funcionar, a participa\u00e7\u00e3o da comunidade, crit\u00e9rios de participa\u00e7\u00e3o. O encontro est\u00e1 marcado para \u00e0s 19h, na sede da Associa\u00e7\u00e3o de Moradores da localidade. No pr\u00f3ximo s\u00e1bado (26), reuni\u00e3o com o mesmo conte\u00fado ser\u00e1 ministrada em Lagoa dos Cavalos. \u00a0As\u00a0 Unidades de Conserva\u00e7\u00e3o da Caatinga fazem parte do Programa Municipal de Prote\u00e7\u00e3o \u00e0 Caatinga, institu\u00eddo pela lei de n\u00famero 2.575, de setembro de 2013. A gest\u00e3o do programa \u00e9 de responsabilidade da Ag\u00eancia&hellip;","og_url":"https:\/\/blogdofarnesio.com.br\/?p=80932","og_site_name":"Blog do Farn\u00e9sio","article_publisher":"https:\/\/www.facebook.com\/BlogQuerSaberPolitica\/","article_published_time":"2014-04-24T17:22:34+00:00","og_image":[{"url":"http:\/\/www.quersaberpolitica.com.br\/2016\/wp-content\/uploads\/2014\/01\/Bioma-Caatinga.jpg","type":"","width":"","height":""}],"author":"teste","twitter_card":"summary_large_image","twitter_misc":{"Escrito por":"teste","Est. tempo de leitura":"1 minuto"},"schema":{"@context":"https:\/\/schema.org","@graph":[{"@type":"Article","@id":"https:\/\/blogdofarnesio.com.br\/?p=80932#article","isPartOf":{"@id":"https:\/\/blogdofarnesio.com.br\/?p=80932"},"author":{"name":"teste","@id":"https:\/\/blogdofarnesio.com.br\/#\/schema\/person\/dd1bf5eba40b687199ba45ca6b97dff9"},"headline":"PROJETO DAS UNIDADES DE CONSERVA\u00c7\u00c3O DA CAATINGA SER\u00c1 APRESENTADO EM LOCALIDADES DO MUNIC\u00cdPIO","datePublished":"2014-04-24T17:22:34+00:00","mainEntityOfPage":{"@id":"https:\/\/blogdofarnesio.com.br\/?p=80932"},"wordCount":174,"commentCount":0,"publisher":{"@id":"https:\/\/blogdofarnesio.com.br\/#organization"},"image":{"@id":"https:\/\/blogdofarnesio.com.br\/?p=80932#primaryimage"},"thumbnailUrl":"http:\/\/www.quersaberpolitica.com.br\/2016\/wp-content\/uploads\/2014\/01\/Bioma-Caatinga.jpg","articleSection":["Meio Ambiente"],"inLanguage":"pt-BR","potentialAction":[{"@type":"CommentAction","name":"Comment","target":["https:\/\/blogdofarnesio.com.br\/?p=80932#respond"]}]},{"@type":"WebPage","@id":"https:\/\/blogdofarnesio.com.br\/?p=80932","url":"https:\/\/blogdofarnesio.com.br\/?p=80932","name":"PROJETO DAS UNIDADES DE CONSERVA\u00c7\u00c3O DA CAATINGA SER\u00c1 APRESENTADO EM LOCALIDADES DO MUNIC\u00cdPIO - Blog do Farn\u00e9sio","isPartOf":{"@id":"https:\/\/blogdofarnesio.com.br\/#website"},"primaryImageOfPage":{"@id":"https:\/\/blogdofarnesio.com.br\/?p=80932#primaryimage"},"image":{"@id":"https:\/\/blogdofarnesio.com.br\/?p=80932#primaryimage"},"thumbnailUrl":"http:\/\/www.quersaberpolitica.com.br\/2016\/wp-content\/uploads\/2014\/01\/Bioma-Caatinga.jpg","datePublished":"2014-04-24T17:22:34+00:00","breadcrumb":{"@id":"https:\/\/blogdofarnesio.com.br\/?p=80932#breadcrumb"},"inLanguage":"pt-BR","potentialAction":[{"@type":"ReadAction","target":["https:\/\/blogdofarnesio.com.br\/?p=80932"]}]},{"@type":"ImageObject","inLanguage":"pt-BR","@id":"https:\/\/blogdofarnesio.com.br\/?p=80932#primaryimage","url":"http:\/\/www.quersaberpolitica.com.br\/2016\/wp-content\/uploads\/2014\/01\/Bioma-Caatinga.jpg","contentUrl":"http:\/\/www.quersaberpolitica.com.br\/2016\/wp-content\/uploads\/2014\/01\/Bioma-Caatinga.jpg"},{"@type":"BreadcrumbList","@id":"https:\/\/blogdofarnesio.com.br\/?p=80932#breadcrumb","itemListElement":[{"@type":"ListItem","position":1,"name":"In\u00edcio","item":"https:\/\/blogdofarnesio.com.br\/"},{"@type":"ListItem","position":2,"name":"PROJETO DAS UNIDADES DE CONSERVA\u00c7\u00c3O DA CAATINGA SER\u00c1 APRESENTADO EM LOCALIDADES DO MUNIC\u00cdPIO"}]},{"@type":"WebSite","@id":"https:\/\/blogdofarnesio.com.br\/#website","url":"https:\/\/blogdofarnesio.com.br\/","name":"Blog do Farn\u00e9sio","description":"Quer Saber Pol\u00edtica?","publisher":{"@id":"https:\/\/blogdofarnesio.com.br\/#organization"},"potentialAction":[{"@type":"SearchAction","target":{"@type":"EntryPoint","urlTemplate":"https:\/\/blogdofarnesio.com.br\/?s={search_term_string}"},"query-input":{"@type":"PropertyValueSpecification","valueRequired":true,"valueName":"search_term_string"}}],"inLanguage":"pt-BR"},{"@type":"Organization","@id":"https:\/\/blogdofarnesio.com.br\/#organization","name":"Blog do Farn\u00e9sio","url":"https:\/\/blogdofarnesio.com.br\/","logo":{"@type":"ImageObject","inLanguage":"pt-BR","@id":"https:\/\/blogdofarnesio.com.br\/#\/schema\/logo\/image\/","url":"https:\/\/blogdofarnesio.com.br\/wp-content\/uploads\/2026\/03\/cropped-logo_new-1.png","contentUrl":"https:\/\/blogdofarnesio.com.br\/wp-content\/uploads\/2026\/03\/cropped-logo_new-1.png","width":881,"height":685,"caption":"Blog do Farn\u00e9sio"},"image":{"@id":"https:\/\/blogdofarnesio.com.br\/#\/schema\/logo\/image\/"},"sameAs":["https:\/\/www.facebook.com\/BlogQuerSaberPolitica\/"]},{"@type":"Person","@id":"https:\/\/blogdofarnesio.com.br\/#\/schema\/person\/dd1bf5eba40b687199ba45ca6b97dff9","name":"teste","image":{"@type":"ImageObject","inLanguage":"pt-BR","@id":"https:\/\/secure.gravatar.com\/avatar\/2172498d4914b51e1d89a0f97957b035ac4938723a5cac208135d389b6972a6d?s=96&d=mm&r=g","url":"https:\/\/secure.gravatar.com\/avatar\/2172498d4914b51e1d89a0f97957b035ac4938723a5cac208135d389b6972a6d?s=96&d=mm&r=g","contentUrl":"https:\/\/secure.gravatar.com\/avatar\/2172498d4914b51e1d89a0f97957b035ac4938723a5cac208135d389b6972a6d?s=96&d=mm&r=g","caption":"teste"},"url":"https:\/\/blogdofarnesio.com.br\/?author=3"}]}},"_links":{"self":[{"href":"https:\/\/blogdofarnesio.com.br\/index.php?rest_route=\/wp\/v2\/posts\/80932","targetHints":{"allow":["GET"]}}],"collection":[{"href":"https:\/\/blogdofarnesio.com.br\/index.php?rest_route=\/wp\/v2\/posts"}],"about":[{"href":"https:\/\/blogdofarnesio.com.br\/index.php?rest_route=\/wp\/v2\/types\/post"}],"author":[{"embeddable":true,"href":"https:\/\/blogdofarnesio.com.br\/index.php?rest_route=\/wp\/v2\/users\/3"}],"replies":[{"embeddable":true,"href":"https:\/\/blogdofarnesio.com.br\/index.php?rest_route=%2Fwp%2Fv2%2Fcomments&post=80932"}],"version-history":[{"count":0,"href":"https:\/\/blogdofarnesio.com.br\/index.php?rest_route=\/wp\/v2\/posts\/80932\/revisions"}],"wp:attachment":[{"href":"https:\/\/blogdofarnesio.com.br\/index.php?rest_route=%2Fwp%2Fv2%2Fmedia&parent=80932"}],"wp:term":[{"taxonomy":"category","embeddable":true,"href":"https:\/\/blogdofarnesio.com.br\/index.php?rest_route=%2Fwp%2Fv2%2Fcategories&post=80932"},{"taxonomy":"post_tag","embeddable":true,"href":"https:\/\/blogdofarnesio.com.br\/index.php?rest_route=%2Fwp%2Fv2%2Ftags&post=80932"}],"curies":[{"name":"wp","href":"https:\/\/api.w.org\/{rel}","templated":true}]}}