{"id":80864,"date":"2014-04-23T19:00:24","date_gmt":"2014-04-23T22:00:24","guid":{"rendered":"http:\/\/www.quersaberpolitica.com.br\/?p=80864"},"modified":"2014-04-23T18:32:00","modified_gmt":"2014-04-23T21:32:00","slug":"o-deputado-roberto-carlos-comemora-a-inauguracao-de-mais-uma-industria-de-laticinio-na-regiao-de-senhor-do-bonfim","status":"publish","type":"post","link":"https:\/\/blogdofarnesio.com.br\/?p=80864","title":{"rendered":"O DEPUTADO ROBERTO CARLOS COMEMORA A INAUGURA\u00c7\u00c3O DE MAIS UMA IND\u00daSTRIA DE LATIC\u00cdNIO NA REGI\u00c3O DE SENHOR DO BONFIM"},"content":{"rendered":"<p style=\"text-align: justify\"><span style=\"color: #000000\"><a href=\"http:\/\/www.quersaberpolitica.com.br\/2016\/wp-content\/uploads\/2014\/04\/unnamed-21.jpg\"><img loading=\"lazy\" decoding=\"async\" class=\"aligncenter size-full wp-image-80865\" alt=\"unnamed (2)\" src=\"http:\/\/www.quersaberpolitica.com.br\/2016\/wp-content\/uploads\/2014\/04\/unnamed-21.jpg\" width=\"272\" height=\"380\" srcset=\"https:\/\/blogdofarnesio.com.br\/wp-content\/uploads\/2014\/04\/unnamed-21.jpg 272w, https:\/\/blogdofarnesio.com.br\/wp-content\/uploads\/2014\/04\/unnamed-21-214x300.jpg 214w\" sizes=\"auto, (max-width: 272px) 100vw, 272px\" \/><\/a>Foi com muita alegria que o deputado Roberto Carlos (PDT) comemorou a inaugura\u00e7\u00e3o da ind\u00fastria de Latic\u00ednio Casa Grande, de produtos derivados do leite, no distrito de Riacho da On\u00e7a, no munic\u00edpio de Santa Luz.<\/span><\/p>\n<p style=\"text-align: justify\"><span style=\"color: #000000\">Estiveram presentes no evento os prefeitos de Santa Luz e de Queimadas, vereadores, o diretor da ADAB Paulo Em\u00edlio, o diretor de inspe\u00e7\u00e3o Adriano de S\u00e1, o gerente t\u00e9cnico da ADAB de Juazeiro, F\u00e1bio Sedraz e do Coordenador Regional da ADAB, Carlos Kleber.<\/span><\/p>\n<p style=\"text-align: justify\"><span style=\"color: #000000\">De acordo com os empres\u00e1rios da ind\u00fastria, o deputado Roberto Carlos teve grande import\u00e2ncia para a regulariza\u00e7\u00e3o da ind\u00fastria, solicitando mais prazo \u00e0 ADAB. \u201catrav\u00e9s da sensibilidade do deputado, a ADAB nos ajudou com a orienta\u00e7\u00e3o do projeto e mais prazo. Antes eram processados 2 mil litros por dia, agora s\u00e3o mais de 10 mil litros. Ger\u00e1vamos 5 empregos diretos e 20 indiretos, agora s\u00e3o 22 empregos diretos e mais de 100 indiretos\u201d.<!--more--><\/span><\/p>\n<p style=\"text-align: justify\"><span style=\"color: #000000\">O parlamentar disse que o principal objetivo \u00e9 qualificar a produ\u00e7\u00e3o leiteira de pequenos produtores baianos e evitar a produ\u00e7\u00e3o de alimentos clandestinos, atrav\u00e9s da Ag\u00eancia de Defesa Agropecu\u00e1ria da Bahia \u2013 ADAB, que tem como premissa orientar os produtores deste setor.<\/span><\/p>\n<p style=\"text-align: justify\"><span style=\"color: #000000\">\u201cEsta obra vai beneficiar cerca de 150 fam\u00edlias da regi\u00e3o, que dependem desta atividade de extra\u00e7\u00e3o do leite, atrav\u00e9s do investimento de R$ 1 milh\u00e3o, da iniciativa privada\u201d, afirmou o gerente t\u00e9cnico da ADAB, F\u00e1bio Sedraz.<\/span><\/p>\n<p style=\"text-align: justify\"><span style=\"color: #000000\">Agora a Latic\u00ednio Casa Grande de latic\u00edniovai produzir com as orienta\u00e7\u00f5es higi\u00eanico-sanit\u00e1rias determinadas em lei ter\u00e3o o selo do Servi\u00e7o de Inspe\u00e7\u00e3o Estadual (S.I.E) e passar\u00e3o a integrar tamb\u00e9m Sistema Brasileiro de Inspe\u00e7\u00e3o de Produtos de Origem Animal (Sisbi).<\/span><\/p>\n","protected":false},"excerpt":{"rendered":"<p>Foi com muita alegria que o deputado Roberto Carlos (PDT) comemorou a inaugura\u00e7\u00e3o da ind\u00fastria de Latic\u00ednio Casa Grande, de produtos derivados do leite, no distrito de Riacho da On\u00e7a, no munic\u00edpio de Santa Luz. Estiveram presentes no evento os prefeitos de Santa Luz e de Queimadas, vereadores, o diretor da ADAB Paulo Em\u00edlio, o diretor de inspe\u00e7\u00e3o Adriano de S\u00e1, o gerente t\u00e9cnico da ADAB de Juazeiro, F\u00e1bio Sedraz e do Coordenador Regional da ADAB, Carlos Kleber. De acordo com os empres\u00e1rios da ind\u00fastria, o deputado Roberto Carlos teve grande import\u00e2ncia para a regulariza\u00e7\u00e3o da ind\u00fastria, solicitando mais prazo \u00e0 ADAB. \u201catrav\u00e9s da sensibilidade do deputado, a ADAB nos ajudou com a orienta\u00e7\u00e3o do projeto e mais prazo. Antes&hellip; <\/p>\n","protected":false},"author":3,"featured_media":0,"comment_status":"open","ping_status":"open","sticky":false,"template":"","format":"standard","meta":{"_acf_changed":false,"footnotes":""},"categories":[9],"tags":[],"class_list":["post-80864","post","type-post","status-publish","format-standard","hentry","category-policia"],"acf":[],"yoast_head":"<!-- This site is optimized with the Yoast SEO plugin v27.4 - https:\/\/yoast.com\/product\/yoast-seo-wordpress\/ -->\n<title>O DEPUTADO ROBERTO CARLOS COMEMORA A INAUGURA\u00c7\u00c3O DE MAIS UMA IND\u00daSTRIA DE LATIC\u00cdNIO NA REGI\u00c3O DE SENHOR DO BONFIM - Blog do Farn\u00e9sio<\/title>\n<meta name=\"robots\" content=\"index, follow, max-snippet:-1, max-image-preview:large, max-video-preview:-1\" \/>\n<link rel=\"canonical\" href=\"https:\/\/blogdofarnesio.com.br\/?p=80864\" \/>\n<meta property=\"og:locale\" content=\"pt_BR\" \/>\n<meta property=\"og:type\" content=\"article\" \/>\n<meta property=\"og:title\" content=\"O DEPUTADO ROBERTO CARLOS COMEMORA A INAUGURA\u00c7\u00c3O DE MAIS UMA IND\u00daSTRIA DE LATIC\u00cdNIO NA REGI\u00c3O DE SENHOR DO BONFIM - Blog do Farn\u00e9sio\" \/>\n<meta property=\"og:description\" content=\"Foi com muita alegria que o deputado Roberto Carlos (PDT) comemorou a inaugura\u00e7\u00e3o da ind\u00fastria de Latic\u00ednio Casa Grande, de produtos derivados do leite, no distrito de Riacho da On\u00e7a, no munic\u00edpio de Santa Luz. Estiveram presentes no evento os prefeitos de Santa Luz e de Queimadas, vereadores, o diretor da ADAB Paulo Em\u00edlio, o diretor de inspe\u00e7\u00e3o Adriano de S\u00e1, o gerente t\u00e9cnico da ADAB de Juazeiro, F\u00e1bio Sedraz e do Coordenador Regional da ADAB, Carlos Kleber. De acordo com os empres\u00e1rios da ind\u00fastria, o deputado Roberto Carlos teve grande import\u00e2ncia para a regulariza\u00e7\u00e3o da ind\u00fastria, solicitando mais prazo \u00e0 ADAB. \u201catrav\u00e9s da sensibilidade do deputado, a ADAB nos ajudou com a orienta\u00e7\u00e3o do projeto e mais prazo. Antes&hellip;\" \/>\n<meta property=\"og:url\" content=\"https:\/\/blogdofarnesio.com.br\/?p=80864\" \/>\n<meta property=\"og:site_name\" content=\"Blog do Farn\u00e9sio\" \/>\n<meta property=\"article:publisher\" content=\"https:\/\/www.facebook.com\/BlogQuerSaberPolitica\/\" \/>\n<meta property=\"article:published_time\" content=\"2014-04-23T22:00:24+00:00\" \/>\n<meta property=\"og:image\" content=\"http:\/\/www.quersaberpolitica.com.br\/2016\/wp-content\/uploads\/2014\/04\/unnamed-21.jpg\" \/>\n<meta name=\"author\" content=\"teste\" \/>\n<meta name=\"twitter:card\" content=\"summary_large_image\" \/>\n<meta name=\"twitter:label1\" content=\"Escrito por\" \/>\n\t<meta name=\"twitter:data1\" content=\"teste\" \/>\n\t<meta name=\"twitter:label2\" content=\"Est. tempo de leitura\" \/>\n\t<meta name=\"twitter:data2\" content=\"2 minutos\" \/>\n<script type=\"application\/ld+json\" class=\"yoast-schema-graph\">{\"@context\":\"https:\\\/\\\/schema.org\",\"@graph\":[{\"@type\":\"Article\",\"@id\":\"https:\\\/\\\/blogdofarnesio.com.br\\\/?p=80864#article\",\"isPartOf\":{\"@id\":\"https:\\\/\\\/blogdofarnesio.com.br\\\/?p=80864\"},\"author\":{\"name\":\"teste\",\"@id\":\"https:\\\/\\\/blogdofarnesio.com.br\\\/#\\\/schema\\\/person\\\/dd1bf5eba40b687199ba45ca6b97dff9\"},\"headline\":\"O DEPUTADO ROBERTO CARLOS COMEMORA A INAUGURA\u00c7\u00c3O DE MAIS UMA IND\u00daSTRIA DE LATIC\u00cdNIO NA REGI\u00c3O DE SENHOR DO BONFIM\",\"datePublished\":\"2014-04-23T22:00:24+00:00\",\"mainEntityOfPage\":{\"@id\":\"https:\\\/\\\/blogdofarnesio.com.br\\\/?p=80864\"},\"wordCount\":324,\"commentCount\":0,\"publisher\":{\"@id\":\"https:\\\/\\\/blogdofarnesio.com.br\\\/#organization\"},\"image\":{\"@id\":\"https:\\\/\\\/blogdofarnesio.com.br\\\/?p=80864#primaryimage\"},\"thumbnailUrl\":\"http:\\\/\\\/www.quersaberpolitica.com.br\\\/2016\\\/wp-content\\\/uploads\\\/2014\\\/04\\\/unnamed-21.jpg\",\"articleSection\":[\"Pol\u00edcia\"],\"inLanguage\":\"pt-BR\",\"potentialAction\":[{\"@type\":\"CommentAction\",\"name\":\"Comment\",\"target\":[\"https:\\\/\\\/blogdofarnesio.com.br\\\/?p=80864#respond\"]}]},{\"@type\":\"WebPage\",\"@id\":\"https:\\\/\\\/blogdofarnesio.com.br\\\/?p=80864\",\"url\":\"https:\\\/\\\/blogdofarnesio.com.br\\\/?p=80864\",\"name\":\"O DEPUTADO ROBERTO CARLOS COMEMORA A INAUGURA\u00c7\u00c3O DE MAIS UMA IND\u00daSTRIA DE LATIC\u00cdNIO NA REGI\u00c3O DE SENHOR DO BONFIM - Blog do Farn\u00e9sio\",\"isPartOf\":{\"@id\":\"https:\\\/\\\/blogdofarnesio.com.br\\\/#website\"},\"primaryImageOfPage\":{\"@id\":\"https:\\\/\\\/blogdofarnesio.com.br\\\/?p=80864#primaryimage\"},\"image\":{\"@id\":\"https:\\\/\\\/blogdofarnesio.com.br\\\/?p=80864#primaryimage\"},\"thumbnailUrl\":\"http:\\\/\\\/www.quersaberpolitica.com.br\\\/2016\\\/wp-content\\\/uploads\\\/2014\\\/04\\\/unnamed-21.jpg\",\"datePublished\":\"2014-04-23T22:00:24+00:00\",\"breadcrumb\":{\"@id\":\"https:\\\/\\\/blogdofarnesio.com.br\\\/?p=80864#breadcrumb\"},\"inLanguage\":\"pt-BR\",\"potentialAction\":[{\"@type\":\"ReadAction\",\"target\":[\"https:\\\/\\\/blogdofarnesio.com.br\\\/?p=80864\"]}]},{\"@type\":\"ImageObject\",\"inLanguage\":\"pt-BR\",\"@id\":\"https:\\\/\\\/blogdofarnesio.com.br\\\/?p=80864#primaryimage\",\"url\":\"http:\\\/\\\/www.quersaberpolitica.com.br\\\/2016\\\/wp-content\\\/uploads\\\/2014\\\/04\\\/unnamed-21.jpg\",\"contentUrl\":\"http:\\\/\\\/www.quersaberpolitica.com.br\\\/2016\\\/wp-content\\\/uploads\\\/2014\\\/04\\\/unnamed-21.jpg\"},{\"@type\":\"BreadcrumbList\",\"@id\":\"https:\\\/\\\/blogdofarnesio.com.br\\\/?p=80864#breadcrumb\",\"itemListElement\":[{\"@type\":\"ListItem\",\"position\":1,\"name\":\"In\u00edcio\",\"item\":\"https:\\\/\\\/blogdofarnesio.com.br\\\/\"},{\"@type\":\"ListItem\",\"position\":2,\"name\":\"O DEPUTADO ROBERTO CARLOS COMEMORA A INAUGURA\u00c7\u00c3O DE MAIS UMA IND\u00daSTRIA DE LATIC\u00cdNIO NA REGI\u00c3O DE SENHOR DO BONFIM\"}]},{\"@type\":\"WebSite\",\"@id\":\"https:\\\/\\\/blogdofarnesio.com.br\\\/#website\",\"url\":\"https:\\\/\\\/blogdofarnesio.com.br\\\/\",\"name\":\"Blog do Farn\u00e9sio\",\"description\":\"Quer Saber Pol\u00edtica?\",\"publisher\":{\"@id\":\"https:\\\/\\\/blogdofarnesio.com.br\\\/#organization\"},\"potentialAction\":[{\"@type\":\"SearchAction\",\"target\":{\"@type\":\"EntryPoint\",\"urlTemplate\":\"https:\\\/\\\/blogdofarnesio.com.br\\\/?s={search_term_string}\"},\"query-input\":{\"@type\":\"PropertyValueSpecification\",\"valueRequired\":true,\"valueName\":\"search_term_string\"}}],\"inLanguage\":\"pt-BR\"},{\"@type\":\"Organization\",\"@id\":\"https:\\\/\\\/blogdofarnesio.com.br\\\/#organization\",\"name\":\"Blog do Farn\u00e9sio\",\"url\":\"https:\\\/\\\/blogdofarnesio.com.br\\\/\",\"logo\":{\"@type\":\"ImageObject\",\"inLanguage\":\"pt-BR\",\"@id\":\"https:\\\/\\\/blogdofarnesio.com.br\\\/#\\\/schema\\\/logo\\\/image\\\/\",\"url\":\"https:\\\/\\\/blogdofarnesio.com.br\\\/wp-content\\\/uploads\\\/2026\\\/03\\\/cropped-logo_new-1.png\",\"contentUrl\":\"https:\\\/\\\/blogdofarnesio.com.br\\\/wp-content\\\/uploads\\\/2026\\\/03\\\/cropped-logo_new-1.png\",\"width\":881,\"height\":685,\"caption\":\"Blog do Farn\u00e9sio\"},\"image\":{\"@id\":\"https:\\\/\\\/blogdofarnesio.com.br\\\/#\\\/schema\\\/logo\\\/image\\\/\"},\"sameAs\":[\"https:\\\/\\\/www.facebook.com\\\/BlogQuerSaberPolitica\\\/\"]},{\"@type\":\"Person\",\"@id\":\"https:\\\/\\\/blogdofarnesio.com.br\\\/#\\\/schema\\\/person\\\/dd1bf5eba40b687199ba45ca6b97dff9\",\"name\":\"teste\",\"image\":{\"@type\":\"ImageObject\",\"inLanguage\":\"pt-BR\",\"@id\":\"https:\\\/\\\/secure.gravatar.com\\\/avatar\\\/2172498d4914b51e1d89a0f97957b035ac4938723a5cac208135d389b6972a6d?s=96&d=mm&r=g\",\"url\":\"https:\\\/\\\/secure.gravatar.com\\\/avatar\\\/2172498d4914b51e1d89a0f97957b035ac4938723a5cac208135d389b6972a6d?s=96&d=mm&r=g\",\"contentUrl\":\"https:\\\/\\\/secure.gravatar.com\\\/avatar\\\/2172498d4914b51e1d89a0f97957b035ac4938723a5cac208135d389b6972a6d?s=96&d=mm&r=g\",\"caption\":\"teste\"},\"url\":\"https:\\\/\\\/blogdofarnesio.com.br\\\/?author=3\"}]}<\/script>\n<!-- \/ Yoast SEO plugin. -->","yoast_head_json":{"title":"O DEPUTADO ROBERTO CARLOS COMEMORA A INAUGURA\u00c7\u00c3O DE MAIS UMA IND\u00daSTRIA DE LATIC\u00cdNIO NA REGI\u00c3O DE SENHOR DO BONFIM - Blog do Farn\u00e9sio","robots":{"index":"index","follow":"follow","max-snippet":"max-snippet:-1","max-image-preview":"max-image-preview:large","max-video-preview":"max-video-preview:-1"},"canonical":"https:\/\/blogdofarnesio.com.br\/?p=80864","og_locale":"pt_BR","og_type":"article","og_title":"O DEPUTADO ROBERTO CARLOS COMEMORA A INAUGURA\u00c7\u00c3O DE MAIS UMA IND\u00daSTRIA DE LATIC\u00cdNIO NA REGI\u00c3O DE SENHOR DO BONFIM - Blog do Farn\u00e9sio","og_description":"Foi com muita alegria que o deputado Roberto Carlos (PDT) comemorou a inaugura\u00e7\u00e3o da ind\u00fastria de Latic\u00ednio Casa Grande, de produtos derivados do leite, no distrito de Riacho da On\u00e7a, no munic\u00edpio de Santa Luz. Estiveram presentes no evento os prefeitos de Santa Luz e de Queimadas, vereadores, o diretor da ADAB Paulo Em\u00edlio, o diretor de inspe\u00e7\u00e3o Adriano de S\u00e1, o gerente t\u00e9cnico da ADAB de Juazeiro, F\u00e1bio Sedraz e do Coordenador Regional da ADAB, Carlos Kleber. De acordo com os empres\u00e1rios da ind\u00fastria, o deputado Roberto Carlos teve grande import\u00e2ncia para a regulariza\u00e7\u00e3o da ind\u00fastria, solicitando mais prazo \u00e0 ADAB. \u201catrav\u00e9s da sensibilidade do deputado, a ADAB nos ajudou com a orienta\u00e7\u00e3o do projeto e mais prazo. Antes&hellip;","og_url":"https:\/\/blogdofarnesio.com.br\/?p=80864","og_site_name":"Blog do Farn\u00e9sio","article_publisher":"https:\/\/www.facebook.com\/BlogQuerSaberPolitica\/","article_published_time":"2014-04-23T22:00:24+00:00","og_image":[{"url":"http:\/\/www.quersaberpolitica.com.br\/2016\/wp-content\/uploads\/2014\/04\/unnamed-21.jpg","type":"","width":"","height":""}],"author":"teste","twitter_card":"summary_large_image","twitter_misc":{"Escrito por":"teste","Est. tempo de leitura":"2 minutos"},"schema":{"@context":"https:\/\/schema.org","@graph":[{"@type":"Article","@id":"https:\/\/blogdofarnesio.com.br\/?p=80864#article","isPartOf":{"@id":"https:\/\/blogdofarnesio.com.br\/?p=80864"},"author":{"name":"teste","@id":"https:\/\/blogdofarnesio.com.br\/#\/schema\/person\/dd1bf5eba40b687199ba45ca6b97dff9"},"headline":"O DEPUTADO ROBERTO CARLOS COMEMORA A INAUGURA\u00c7\u00c3O DE MAIS UMA IND\u00daSTRIA DE LATIC\u00cdNIO NA REGI\u00c3O DE SENHOR DO BONFIM","datePublished":"2014-04-23T22:00:24+00:00","mainEntityOfPage":{"@id":"https:\/\/blogdofarnesio.com.br\/?p=80864"},"wordCount":324,"commentCount":0,"publisher":{"@id":"https:\/\/blogdofarnesio.com.br\/#organization"},"image":{"@id":"https:\/\/blogdofarnesio.com.br\/?p=80864#primaryimage"},"thumbnailUrl":"http:\/\/www.quersaberpolitica.com.br\/2016\/wp-content\/uploads\/2014\/04\/unnamed-21.jpg","articleSection":["Pol\u00edcia"],"inLanguage":"pt-BR","potentialAction":[{"@type":"CommentAction","name":"Comment","target":["https:\/\/blogdofarnesio.com.br\/?p=80864#respond"]}]},{"@type":"WebPage","@id":"https:\/\/blogdofarnesio.com.br\/?p=80864","url":"https:\/\/blogdofarnesio.com.br\/?p=80864","name":"O DEPUTADO ROBERTO CARLOS COMEMORA A INAUGURA\u00c7\u00c3O DE MAIS UMA IND\u00daSTRIA DE LATIC\u00cdNIO NA REGI\u00c3O DE SENHOR DO BONFIM - Blog do Farn\u00e9sio","isPartOf":{"@id":"https:\/\/blogdofarnesio.com.br\/#website"},"primaryImageOfPage":{"@id":"https:\/\/blogdofarnesio.com.br\/?p=80864#primaryimage"},"image":{"@id":"https:\/\/blogdofarnesio.com.br\/?p=80864#primaryimage"},"thumbnailUrl":"http:\/\/www.quersaberpolitica.com.br\/2016\/wp-content\/uploads\/2014\/04\/unnamed-21.jpg","datePublished":"2014-04-23T22:00:24+00:00","breadcrumb":{"@id":"https:\/\/blogdofarnesio.com.br\/?p=80864#breadcrumb"},"inLanguage":"pt-BR","potentialAction":[{"@type":"ReadAction","target":["https:\/\/blogdofarnesio.com.br\/?p=80864"]}]},{"@type":"ImageObject","inLanguage":"pt-BR","@id":"https:\/\/blogdofarnesio.com.br\/?p=80864#primaryimage","url":"http:\/\/www.quersaberpolitica.com.br\/2016\/wp-content\/uploads\/2014\/04\/unnamed-21.jpg","contentUrl":"http:\/\/www.quersaberpolitica.com.br\/2016\/wp-content\/uploads\/2014\/04\/unnamed-21.jpg"},{"@type":"BreadcrumbList","@id":"https:\/\/blogdofarnesio.com.br\/?p=80864#breadcrumb","itemListElement":[{"@type":"ListItem","position":1,"name":"In\u00edcio","item":"https:\/\/blogdofarnesio.com.br\/"},{"@type":"ListItem","position":2,"name":"O DEPUTADO ROBERTO CARLOS COMEMORA A INAUGURA\u00c7\u00c3O DE MAIS UMA IND\u00daSTRIA DE LATIC\u00cdNIO NA REGI\u00c3O DE SENHOR DO BONFIM"}]},{"@type":"WebSite","@id":"https:\/\/blogdofarnesio.com.br\/#website","url":"https:\/\/blogdofarnesio.com.br\/","name":"Blog do Farn\u00e9sio","description":"Quer Saber Pol\u00edtica?","publisher":{"@id":"https:\/\/blogdofarnesio.com.br\/#organization"},"potentialAction":[{"@type":"SearchAction","target":{"@type":"EntryPoint","urlTemplate":"https:\/\/blogdofarnesio.com.br\/?s={search_term_string}"},"query-input":{"@type":"PropertyValueSpecification","valueRequired":true,"valueName":"search_term_string"}}],"inLanguage":"pt-BR"},{"@type":"Organization","@id":"https:\/\/blogdofarnesio.com.br\/#organization","name":"Blog do Farn\u00e9sio","url":"https:\/\/blogdofarnesio.com.br\/","logo":{"@type":"ImageObject","inLanguage":"pt-BR","@id":"https:\/\/blogdofarnesio.com.br\/#\/schema\/logo\/image\/","url":"https:\/\/blogdofarnesio.com.br\/wp-content\/uploads\/2026\/03\/cropped-logo_new-1.png","contentUrl":"https:\/\/blogdofarnesio.com.br\/wp-content\/uploads\/2026\/03\/cropped-logo_new-1.png","width":881,"height":685,"caption":"Blog do Farn\u00e9sio"},"image":{"@id":"https:\/\/blogdofarnesio.com.br\/#\/schema\/logo\/image\/"},"sameAs":["https:\/\/www.facebook.com\/BlogQuerSaberPolitica\/"]},{"@type":"Person","@id":"https:\/\/blogdofarnesio.com.br\/#\/schema\/person\/dd1bf5eba40b687199ba45ca6b97dff9","name":"teste","image":{"@type":"ImageObject","inLanguage":"pt-BR","@id":"https:\/\/secure.gravatar.com\/avatar\/2172498d4914b51e1d89a0f97957b035ac4938723a5cac208135d389b6972a6d?s=96&d=mm&r=g","url":"https:\/\/secure.gravatar.com\/avatar\/2172498d4914b51e1d89a0f97957b035ac4938723a5cac208135d389b6972a6d?s=96&d=mm&r=g","contentUrl":"https:\/\/secure.gravatar.com\/avatar\/2172498d4914b51e1d89a0f97957b035ac4938723a5cac208135d389b6972a6d?s=96&d=mm&r=g","caption":"teste"},"url":"https:\/\/blogdofarnesio.com.br\/?author=3"}]}},"_links":{"self":[{"href":"https:\/\/blogdofarnesio.com.br\/index.php?rest_route=\/wp\/v2\/posts\/80864","targetHints":{"allow":["GET"]}}],"collection":[{"href":"https:\/\/blogdofarnesio.com.br\/index.php?rest_route=\/wp\/v2\/posts"}],"about":[{"href":"https:\/\/blogdofarnesio.com.br\/index.php?rest_route=\/wp\/v2\/types\/post"}],"author":[{"embeddable":true,"href":"https:\/\/blogdofarnesio.com.br\/index.php?rest_route=\/wp\/v2\/users\/3"}],"replies":[{"embeddable":true,"href":"https:\/\/blogdofarnesio.com.br\/index.php?rest_route=%2Fwp%2Fv2%2Fcomments&post=80864"}],"version-history":[{"count":0,"href":"https:\/\/blogdofarnesio.com.br\/index.php?rest_route=\/wp\/v2\/posts\/80864\/revisions"}],"wp:attachment":[{"href":"https:\/\/blogdofarnesio.com.br\/index.php?rest_route=%2Fwp%2Fv2%2Fmedia&parent=80864"}],"wp:term":[{"taxonomy":"category","embeddable":true,"href":"https:\/\/blogdofarnesio.com.br\/index.php?rest_route=%2Fwp%2Fv2%2Fcategories&post=80864"},{"taxonomy":"post_tag","embeddable":true,"href":"https:\/\/blogdofarnesio.com.br\/index.php?rest_route=%2Fwp%2Fv2%2Ftags&post=80864"}],"curies":[{"name":"wp","href":"https:\/\/api.w.org\/{rel}","templated":true}]}}