{"id":80840,"date":"2014-04-24T09:00:59","date_gmt":"2014-04-24T12:00:59","guid":{"rendered":"http:\/\/www.quersaberpolitica.com.br\/?p=80840"},"modified":"2014-04-23T20:53:55","modified_gmt":"2014-04-23T23:53:55","slug":"vale-dancar-segue-cheio-de-atracoes-nesta-quinta-e-sexta-feira","status":"publish","type":"post","link":"https:\/\/blogdofarnesio.com.br\/?p=80840","title":{"rendered":"VALE DAN\u00c7AR SEGUE CHEIO DE ATRA\u00c7\u00d5ES NESTA QUINTA E SEXTA-FEIRA"},"content":{"rendered":"<figure id=\"attachment_29347\" aria-describedby=\"caption-attachment-29347\" style=\"width: 241px\" class=\"wp-caption alignleft\"><a href=\"http:\/\/www.quersaberpolitica.com.br\/2016\/wp-content\/uploads\/2013\/02\/Artes.jpg\"><img loading=\"lazy\" decoding=\"async\" class=\"size-full wp-image-29347\" alt=\"Imagem\/Ilustrativa\" src=\"http:\/\/www.quersaberpolitica.com.br\/2016\/wp-content\/uploads\/2013\/02\/Artes.jpg\" width=\"241\" height=\"209\" \/><\/a><figcaption id=\"caption-attachment-29347\" class=\"wp-caption-text\">Imagem\/Ilustrativa<\/figcaption><\/figure>\n<p style=\"text-align: justify\">Desde a \u00faltima segunda-feira (21), e prometendo ainda muito mais at\u00e9 o final deste m\u00eas (30), o Vale Dan\u00e7ar 2014 abre as portas do Sesc Petrolina ao p\u00fablico nesta quinta, logo \u00e0s 9h da manh\u00e3 com a exposi\u00e7\u00e3o de fotografias Dan\u00e7a em Foco: movimentos do Vale do S\u00e3o Francisco, que fica em cartaz at\u00e9 o final do Festival, das 9h \u00e0s 21h.<\/p>\n<p style=\"text-align: justify\">Ao meio dia, as aten\u00e7\u00f5es se voltam para a Pra\u00e7a do Bambuzinho, onde o bailarino\u00a0 paulista Irat\u00e3 Rocha apresenta o espet\u00e1culo Grandes Cidades. Depois do almo\u00e7o, \u00e0s 14h, a Sala de Teatro do Sesc recebe as analistas, Bruna Petito e Marina Salgado (S\u00e3o Paulo), Daniela Santos e Cristianne Galdino (Recife), para uma Conversa sobre Dan\u00e7a sob a media\u00e7\u00e3o de Clara Isis Gondim (Juazeiro).<!--more--><\/p>\n<p style=\"text-align: justify\">E quando chegar a noite, o leque se abre em duas interessantes op\u00e7\u00f5es que come\u00e7am \u00e0s 19h, no Sesc Petrolina &#8211; com o Curta Dan\u00e7a, na entrada do Teatro Dona Am\u00e9lia e no Centro de Cultura Jo\u00e3o Gilberto, em Juazeiro \u2013 BA &#8211; com a Cia de Dan\u00e7a do Sesc Petrolina apresentando o espet\u00e1culo Eu Vim da Ilha. Na seq\u00fc\u00eancia, o p\u00fablico poder\u00e1 conferir \u00e0s 20h, no Teatro Dona Am\u00e9lia o espet\u00e1culo \u00c1tman- Q. dan\u00e7a meu corpo produz? Apresentado pela bailarina Daniela Santos, de Recife \u2013 PE.<\/p>\n<p style=\"text-align: justify\">\u00a0Com uma programa\u00e7\u00e3o bastante diversificada, a sexta-feira come\u00e7a \u00e0s 16h nas \u00e1guas do rio S\u00e3o Francisco com a Travessia Po\u00e9tica. Uma conversa em movimento acerca da obra do poeta Jos\u00e9 Raulino Sampaio, com Elisabet Moreira, Tito Eug\u00eanio e media\u00e7\u00e3o de Ariane Samila. Depois, o foco passa a ser a Pra\u00e7a do Bambuzinho \u00e0s 18h com uma apresenta\u00e7\u00e3o vinda de S\u00e3o Bernardo do Campo \u2013 SP, o Chico no Circo. Neste mesmo hor\u00e1rio, o p\u00fablico de passagem pela avenida Guararapes (centro), poder\u00e1 conferir o espet\u00e1culo Grandes Cidades, de Irat\u00e3 Rocha. Do outro lado do rio, o Centro de Cultura Jo\u00e3o Gilberto recebe \u00e0s 19h, o espet\u00e1culo No Caminho das Alimentadeiras, com o Coletivo Trip\u00e9. De volta ao Sesc Petrolina, o Vale Dan\u00e7ar promete surpreender a todos com uma seq\u00fc\u00eancia que come\u00e7a \u00e0s 19h, com o Curta Dan\u00e7a, \u00e0s 20h, no Teatro Dona Am\u00e9lia o espet\u00e1culo Fr\u00e1gil (D\u00eas) conforto com Marina Salgado e Bruna Petito e fechando a noite, a mostra 2 Minutos para Dan\u00e7a.<\/p>\n","protected":false},"excerpt":{"rendered":"<p>Desde a \u00faltima segunda-feira (21), e prometendo ainda muito mais at\u00e9 o final deste m\u00eas (30), o Vale Dan\u00e7ar 2014 abre as portas do Sesc Petrolina ao p\u00fablico nesta quinta, logo \u00e0s 9h da manh\u00e3 com a exposi\u00e7\u00e3o de fotografias Dan\u00e7a em Foco: movimentos do Vale do S\u00e3o Francisco, que fica em cartaz at\u00e9 o final do Festival, das 9h \u00e0s 21h. Ao meio dia, as aten\u00e7\u00f5es se voltam para a Pra\u00e7a do Bambuzinho, onde o bailarino\u00a0 paulista Irat\u00e3 Rocha apresenta o espet\u00e1culo Grandes Cidades. Depois do almo\u00e7o, \u00e0s 14h, a Sala de Teatro do Sesc recebe as analistas, Bruna Petito e Marina Salgado (S\u00e3o Paulo), Daniela Santos e Cristianne Galdino (Recife), para uma Conversa sobre Dan\u00e7a sob a media\u00e7\u00e3o&hellip; <\/p>\n","protected":false},"author":3,"featured_media":0,"comment_status":"open","ping_status":"open","sticky":false,"template":"","format":"standard","meta":{"_acf_changed":false,"footnotes":""},"categories":[10],"tags":[],"class_list":["post-80840","post","type-post","status-publish","format-standard","hentry","category-cultura"],"acf":[],"yoast_head":"<!-- This site is optimized with the Yoast SEO plugin v27.4 - https:\/\/yoast.com\/product\/yoast-seo-wordpress\/ -->\n<title>VALE DAN\u00c7AR SEGUE CHEIO DE ATRA\u00c7\u00d5ES NESTA QUINTA E SEXTA-FEIRA - Blog do Farn\u00e9sio<\/title>\n<meta name=\"robots\" content=\"index, follow, max-snippet:-1, max-image-preview:large, max-video-preview:-1\" \/>\n<link rel=\"canonical\" href=\"https:\/\/blogdofarnesio.com.br\/?p=80840\" \/>\n<meta property=\"og:locale\" content=\"pt_BR\" \/>\n<meta property=\"og:type\" content=\"article\" \/>\n<meta property=\"og:title\" content=\"VALE DAN\u00c7AR SEGUE CHEIO DE ATRA\u00c7\u00d5ES NESTA QUINTA E SEXTA-FEIRA - Blog do Farn\u00e9sio\" \/>\n<meta property=\"og:description\" content=\"Desde a \u00faltima segunda-feira (21), e prometendo ainda muito mais at\u00e9 o final deste m\u00eas (30), o Vale Dan\u00e7ar 2014 abre as portas do Sesc Petrolina ao p\u00fablico nesta quinta, logo \u00e0s 9h da manh\u00e3 com a exposi\u00e7\u00e3o de fotografias Dan\u00e7a em Foco: movimentos do Vale do S\u00e3o Francisco, que fica em cartaz at\u00e9 o final do Festival, das 9h \u00e0s 21h. Ao meio dia, as aten\u00e7\u00f5es se voltam para a Pra\u00e7a do Bambuzinho, onde o bailarino\u00a0 paulista Irat\u00e3 Rocha apresenta o espet\u00e1culo Grandes Cidades. Depois do almo\u00e7o, \u00e0s 14h, a Sala de Teatro do Sesc recebe as analistas, Bruna Petito e Marina Salgado (S\u00e3o Paulo), Daniela Santos e Cristianne Galdino (Recife), para uma Conversa sobre Dan\u00e7a sob a media\u00e7\u00e3o&hellip;\" \/>\n<meta property=\"og:url\" content=\"https:\/\/blogdofarnesio.com.br\/?p=80840\" \/>\n<meta property=\"og:site_name\" content=\"Blog do Farn\u00e9sio\" \/>\n<meta property=\"article:publisher\" content=\"https:\/\/www.facebook.com\/BlogQuerSaberPolitica\/\" \/>\n<meta property=\"article:published_time\" content=\"2014-04-24T12:00:59+00:00\" \/>\n<meta property=\"og:image\" content=\"http:\/\/www.quersaberpolitica.com.br\/2016\/wp-content\/uploads\/2013\/02\/Artes.jpg\" \/>\n<meta name=\"author\" content=\"teste\" \/>\n<meta name=\"twitter:card\" content=\"summary_large_image\" \/>\n<meta name=\"twitter:label1\" content=\"Escrito por\" \/>\n\t<meta name=\"twitter:data1\" content=\"teste\" \/>\n\t<meta name=\"twitter:label2\" content=\"Est. tempo de leitura\" \/>\n\t<meta name=\"twitter:data2\" content=\"2 minutos\" \/>\n<script type=\"application\/ld+json\" class=\"yoast-schema-graph\">{\"@context\":\"https:\\\/\\\/schema.org\",\"@graph\":[{\"@type\":\"Article\",\"@id\":\"https:\\\/\\\/blogdofarnesio.com.br\\\/?p=80840#article\",\"isPartOf\":{\"@id\":\"https:\\\/\\\/blogdofarnesio.com.br\\\/?p=80840\"},\"author\":{\"name\":\"teste\",\"@id\":\"https:\\\/\\\/blogdofarnesio.com.br\\\/#\\\/schema\\\/person\\\/dd1bf5eba40b687199ba45ca6b97dff9\"},\"headline\":\"VALE DAN\u00c7AR SEGUE CHEIO DE ATRA\u00c7\u00d5ES NESTA QUINTA E SEXTA-FEIRA\",\"datePublished\":\"2014-04-24T12:00:59+00:00\",\"mainEntityOfPage\":{\"@id\":\"https:\\\/\\\/blogdofarnesio.com.br\\\/?p=80840\"},\"wordCount\":437,\"commentCount\":0,\"publisher\":{\"@id\":\"https:\\\/\\\/blogdofarnesio.com.br\\\/#organization\"},\"image\":{\"@id\":\"https:\\\/\\\/blogdofarnesio.com.br\\\/?p=80840#primaryimage\"},\"thumbnailUrl\":\"http:\\\/\\\/www.quersaberpolitica.com.br\\\/2016\\\/wp-content\\\/uploads\\\/2013\\\/02\\\/Artes.jpg\",\"articleSection\":[\"Cultura\"],\"inLanguage\":\"pt-BR\",\"potentialAction\":[{\"@type\":\"CommentAction\",\"name\":\"Comment\",\"target\":[\"https:\\\/\\\/blogdofarnesio.com.br\\\/?p=80840#respond\"]}]},{\"@type\":\"WebPage\",\"@id\":\"https:\\\/\\\/blogdofarnesio.com.br\\\/?p=80840\",\"url\":\"https:\\\/\\\/blogdofarnesio.com.br\\\/?p=80840\",\"name\":\"VALE DAN\u00c7AR SEGUE CHEIO DE ATRA\u00c7\u00d5ES NESTA QUINTA E SEXTA-FEIRA - Blog do Farn\u00e9sio\",\"isPartOf\":{\"@id\":\"https:\\\/\\\/blogdofarnesio.com.br\\\/#website\"},\"primaryImageOfPage\":{\"@id\":\"https:\\\/\\\/blogdofarnesio.com.br\\\/?p=80840#primaryimage\"},\"image\":{\"@id\":\"https:\\\/\\\/blogdofarnesio.com.br\\\/?p=80840#primaryimage\"},\"thumbnailUrl\":\"http:\\\/\\\/www.quersaberpolitica.com.br\\\/2016\\\/wp-content\\\/uploads\\\/2013\\\/02\\\/Artes.jpg\",\"datePublished\":\"2014-04-24T12:00:59+00:00\",\"breadcrumb\":{\"@id\":\"https:\\\/\\\/blogdofarnesio.com.br\\\/?p=80840#breadcrumb\"},\"inLanguage\":\"pt-BR\",\"potentialAction\":[{\"@type\":\"ReadAction\",\"target\":[\"https:\\\/\\\/blogdofarnesio.com.br\\\/?p=80840\"]}]},{\"@type\":\"ImageObject\",\"inLanguage\":\"pt-BR\",\"@id\":\"https:\\\/\\\/blogdofarnesio.com.br\\\/?p=80840#primaryimage\",\"url\":\"http:\\\/\\\/www.quersaberpolitica.com.br\\\/2016\\\/wp-content\\\/uploads\\\/2013\\\/02\\\/Artes.jpg\",\"contentUrl\":\"http:\\\/\\\/www.quersaberpolitica.com.br\\\/2016\\\/wp-content\\\/uploads\\\/2013\\\/02\\\/Artes.jpg\"},{\"@type\":\"BreadcrumbList\",\"@id\":\"https:\\\/\\\/blogdofarnesio.com.br\\\/?p=80840#breadcrumb\",\"itemListElement\":[{\"@type\":\"ListItem\",\"position\":1,\"name\":\"In\u00edcio\",\"item\":\"https:\\\/\\\/blogdofarnesio.com.br\\\/\"},{\"@type\":\"ListItem\",\"position\":2,\"name\":\"VALE DAN\u00c7AR SEGUE CHEIO DE ATRA\u00c7\u00d5ES NESTA QUINTA E SEXTA-FEIRA\"}]},{\"@type\":\"WebSite\",\"@id\":\"https:\\\/\\\/blogdofarnesio.com.br\\\/#website\",\"url\":\"https:\\\/\\\/blogdofarnesio.com.br\\\/\",\"name\":\"Blog do Farn\u00e9sio\",\"description\":\"Quer Saber Pol\u00edtica?\",\"publisher\":{\"@id\":\"https:\\\/\\\/blogdofarnesio.com.br\\\/#organization\"},\"potentialAction\":[{\"@type\":\"SearchAction\",\"target\":{\"@type\":\"EntryPoint\",\"urlTemplate\":\"https:\\\/\\\/blogdofarnesio.com.br\\\/?s={search_term_string}\"},\"query-input\":{\"@type\":\"PropertyValueSpecification\",\"valueRequired\":true,\"valueName\":\"search_term_string\"}}],\"inLanguage\":\"pt-BR\"},{\"@type\":\"Organization\",\"@id\":\"https:\\\/\\\/blogdofarnesio.com.br\\\/#organization\",\"name\":\"Blog do Farn\u00e9sio\",\"url\":\"https:\\\/\\\/blogdofarnesio.com.br\\\/\",\"logo\":{\"@type\":\"ImageObject\",\"inLanguage\":\"pt-BR\",\"@id\":\"https:\\\/\\\/blogdofarnesio.com.br\\\/#\\\/schema\\\/logo\\\/image\\\/\",\"url\":\"https:\\\/\\\/blogdofarnesio.com.br\\\/wp-content\\\/uploads\\\/2026\\\/03\\\/cropped-logo_new-1.png\",\"contentUrl\":\"https:\\\/\\\/blogdofarnesio.com.br\\\/wp-content\\\/uploads\\\/2026\\\/03\\\/cropped-logo_new-1.png\",\"width\":881,\"height\":685,\"caption\":\"Blog do Farn\u00e9sio\"},\"image\":{\"@id\":\"https:\\\/\\\/blogdofarnesio.com.br\\\/#\\\/schema\\\/logo\\\/image\\\/\"},\"sameAs\":[\"https:\\\/\\\/www.facebook.com\\\/BlogQuerSaberPolitica\\\/\"]},{\"@type\":\"Person\",\"@id\":\"https:\\\/\\\/blogdofarnesio.com.br\\\/#\\\/schema\\\/person\\\/dd1bf5eba40b687199ba45ca6b97dff9\",\"name\":\"teste\",\"image\":{\"@type\":\"ImageObject\",\"inLanguage\":\"pt-BR\",\"@id\":\"https:\\\/\\\/secure.gravatar.com\\\/avatar\\\/2172498d4914b51e1d89a0f97957b035ac4938723a5cac208135d389b6972a6d?s=96&d=mm&r=g\",\"url\":\"https:\\\/\\\/secure.gravatar.com\\\/avatar\\\/2172498d4914b51e1d89a0f97957b035ac4938723a5cac208135d389b6972a6d?s=96&d=mm&r=g\",\"contentUrl\":\"https:\\\/\\\/secure.gravatar.com\\\/avatar\\\/2172498d4914b51e1d89a0f97957b035ac4938723a5cac208135d389b6972a6d?s=96&d=mm&r=g\",\"caption\":\"teste\"},\"url\":\"https:\\\/\\\/blogdofarnesio.com.br\\\/?author=3\"}]}<\/script>\n<!-- \/ Yoast SEO plugin. -->","yoast_head_json":{"title":"VALE DAN\u00c7AR SEGUE CHEIO DE ATRA\u00c7\u00d5ES NESTA QUINTA E SEXTA-FEIRA - Blog do Farn\u00e9sio","robots":{"index":"index","follow":"follow","max-snippet":"max-snippet:-1","max-image-preview":"max-image-preview:large","max-video-preview":"max-video-preview:-1"},"canonical":"https:\/\/blogdofarnesio.com.br\/?p=80840","og_locale":"pt_BR","og_type":"article","og_title":"VALE DAN\u00c7AR SEGUE CHEIO DE ATRA\u00c7\u00d5ES NESTA QUINTA E SEXTA-FEIRA - Blog do Farn\u00e9sio","og_description":"Desde a \u00faltima segunda-feira (21), e prometendo ainda muito mais at\u00e9 o final deste m\u00eas (30), o Vale Dan\u00e7ar 2014 abre as portas do Sesc Petrolina ao p\u00fablico nesta quinta, logo \u00e0s 9h da manh\u00e3 com a exposi\u00e7\u00e3o de fotografias Dan\u00e7a em Foco: movimentos do Vale do S\u00e3o Francisco, que fica em cartaz at\u00e9 o final do Festival, das 9h \u00e0s 21h. Ao meio dia, as aten\u00e7\u00f5es se voltam para a Pra\u00e7a do Bambuzinho, onde o bailarino\u00a0 paulista Irat\u00e3 Rocha apresenta o espet\u00e1culo Grandes Cidades. Depois do almo\u00e7o, \u00e0s 14h, a Sala de Teatro do Sesc recebe as analistas, Bruna Petito e Marina Salgado (S\u00e3o Paulo), Daniela Santos e Cristianne Galdino (Recife), para uma Conversa sobre Dan\u00e7a sob a media\u00e7\u00e3o&hellip;","og_url":"https:\/\/blogdofarnesio.com.br\/?p=80840","og_site_name":"Blog do Farn\u00e9sio","article_publisher":"https:\/\/www.facebook.com\/BlogQuerSaberPolitica\/","article_published_time":"2014-04-24T12:00:59+00:00","og_image":[{"url":"http:\/\/www.quersaberpolitica.com.br\/2016\/wp-content\/uploads\/2013\/02\/Artes.jpg","type":"","width":"","height":""}],"author":"teste","twitter_card":"summary_large_image","twitter_misc":{"Escrito por":"teste","Est. tempo de leitura":"2 minutos"},"schema":{"@context":"https:\/\/schema.org","@graph":[{"@type":"Article","@id":"https:\/\/blogdofarnesio.com.br\/?p=80840#article","isPartOf":{"@id":"https:\/\/blogdofarnesio.com.br\/?p=80840"},"author":{"name":"teste","@id":"https:\/\/blogdofarnesio.com.br\/#\/schema\/person\/dd1bf5eba40b687199ba45ca6b97dff9"},"headline":"VALE DAN\u00c7AR SEGUE CHEIO DE ATRA\u00c7\u00d5ES NESTA QUINTA E SEXTA-FEIRA","datePublished":"2014-04-24T12:00:59+00:00","mainEntityOfPage":{"@id":"https:\/\/blogdofarnesio.com.br\/?p=80840"},"wordCount":437,"commentCount":0,"publisher":{"@id":"https:\/\/blogdofarnesio.com.br\/#organization"},"image":{"@id":"https:\/\/blogdofarnesio.com.br\/?p=80840#primaryimage"},"thumbnailUrl":"http:\/\/www.quersaberpolitica.com.br\/2016\/wp-content\/uploads\/2013\/02\/Artes.jpg","articleSection":["Cultura"],"inLanguage":"pt-BR","potentialAction":[{"@type":"CommentAction","name":"Comment","target":["https:\/\/blogdofarnesio.com.br\/?p=80840#respond"]}]},{"@type":"WebPage","@id":"https:\/\/blogdofarnesio.com.br\/?p=80840","url":"https:\/\/blogdofarnesio.com.br\/?p=80840","name":"VALE DAN\u00c7AR SEGUE CHEIO DE ATRA\u00c7\u00d5ES NESTA QUINTA E SEXTA-FEIRA - Blog do Farn\u00e9sio","isPartOf":{"@id":"https:\/\/blogdofarnesio.com.br\/#website"},"primaryImageOfPage":{"@id":"https:\/\/blogdofarnesio.com.br\/?p=80840#primaryimage"},"image":{"@id":"https:\/\/blogdofarnesio.com.br\/?p=80840#primaryimage"},"thumbnailUrl":"http:\/\/www.quersaberpolitica.com.br\/2016\/wp-content\/uploads\/2013\/02\/Artes.jpg","datePublished":"2014-04-24T12:00:59+00:00","breadcrumb":{"@id":"https:\/\/blogdofarnesio.com.br\/?p=80840#breadcrumb"},"inLanguage":"pt-BR","potentialAction":[{"@type":"ReadAction","target":["https:\/\/blogdofarnesio.com.br\/?p=80840"]}]},{"@type":"ImageObject","inLanguage":"pt-BR","@id":"https:\/\/blogdofarnesio.com.br\/?p=80840#primaryimage","url":"http:\/\/www.quersaberpolitica.com.br\/2016\/wp-content\/uploads\/2013\/02\/Artes.jpg","contentUrl":"http:\/\/www.quersaberpolitica.com.br\/2016\/wp-content\/uploads\/2013\/02\/Artes.jpg"},{"@type":"BreadcrumbList","@id":"https:\/\/blogdofarnesio.com.br\/?p=80840#breadcrumb","itemListElement":[{"@type":"ListItem","position":1,"name":"In\u00edcio","item":"https:\/\/blogdofarnesio.com.br\/"},{"@type":"ListItem","position":2,"name":"VALE DAN\u00c7AR SEGUE CHEIO DE ATRA\u00c7\u00d5ES NESTA QUINTA E SEXTA-FEIRA"}]},{"@type":"WebSite","@id":"https:\/\/blogdofarnesio.com.br\/#website","url":"https:\/\/blogdofarnesio.com.br\/","name":"Blog do Farn\u00e9sio","description":"Quer Saber Pol\u00edtica?","publisher":{"@id":"https:\/\/blogdofarnesio.com.br\/#organization"},"potentialAction":[{"@type":"SearchAction","target":{"@type":"EntryPoint","urlTemplate":"https:\/\/blogdofarnesio.com.br\/?s={search_term_string}"},"query-input":{"@type":"PropertyValueSpecification","valueRequired":true,"valueName":"search_term_string"}}],"inLanguage":"pt-BR"},{"@type":"Organization","@id":"https:\/\/blogdofarnesio.com.br\/#organization","name":"Blog do Farn\u00e9sio","url":"https:\/\/blogdofarnesio.com.br\/","logo":{"@type":"ImageObject","inLanguage":"pt-BR","@id":"https:\/\/blogdofarnesio.com.br\/#\/schema\/logo\/image\/","url":"https:\/\/blogdofarnesio.com.br\/wp-content\/uploads\/2026\/03\/cropped-logo_new-1.png","contentUrl":"https:\/\/blogdofarnesio.com.br\/wp-content\/uploads\/2026\/03\/cropped-logo_new-1.png","width":881,"height":685,"caption":"Blog do Farn\u00e9sio"},"image":{"@id":"https:\/\/blogdofarnesio.com.br\/#\/schema\/logo\/image\/"},"sameAs":["https:\/\/www.facebook.com\/BlogQuerSaberPolitica\/"]},{"@type":"Person","@id":"https:\/\/blogdofarnesio.com.br\/#\/schema\/person\/dd1bf5eba40b687199ba45ca6b97dff9","name":"teste","image":{"@type":"ImageObject","inLanguage":"pt-BR","@id":"https:\/\/secure.gravatar.com\/avatar\/2172498d4914b51e1d89a0f97957b035ac4938723a5cac208135d389b6972a6d?s=96&d=mm&r=g","url":"https:\/\/secure.gravatar.com\/avatar\/2172498d4914b51e1d89a0f97957b035ac4938723a5cac208135d389b6972a6d?s=96&d=mm&r=g","contentUrl":"https:\/\/secure.gravatar.com\/avatar\/2172498d4914b51e1d89a0f97957b035ac4938723a5cac208135d389b6972a6d?s=96&d=mm&r=g","caption":"teste"},"url":"https:\/\/blogdofarnesio.com.br\/?author=3"}]}},"_links":{"self":[{"href":"https:\/\/blogdofarnesio.com.br\/index.php?rest_route=\/wp\/v2\/posts\/80840","targetHints":{"allow":["GET"]}}],"collection":[{"href":"https:\/\/blogdofarnesio.com.br\/index.php?rest_route=\/wp\/v2\/posts"}],"about":[{"href":"https:\/\/blogdofarnesio.com.br\/index.php?rest_route=\/wp\/v2\/types\/post"}],"author":[{"embeddable":true,"href":"https:\/\/blogdofarnesio.com.br\/index.php?rest_route=\/wp\/v2\/users\/3"}],"replies":[{"embeddable":true,"href":"https:\/\/blogdofarnesio.com.br\/index.php?rest_route=%2Fwp%2Fv2%2Fcomments&post=80840"}],"version-history":[{"count":0,"href":"https:\/\/blogdofarnesio.com.br\/index.php?rest_route=\/wp\/v2\/posts\/80840\/revisions"}],"wp:attachment":[{"href":"https:\/\/blogdofarnesio.com.br\/index.php?rest_route=%2Fwp%2Fv2%2Fmedia&parent=80840"}],"wp:term":[{"taxonomy":"category","embeddable":true,"href":"https:\/\/blogdofarnesio.com.br\/index.php?rest_route=%2Fwp%2Fv2%2Fcategories&post=80840"},{"taxonomy":"post_tag","embeddable":true,"href":"https:\/\/blogdofarnesio.com.br\/index.php?rest_route=%2Fwp%2Fv2%2Ftags&post=80840"}],"curies":[{"name":"wp","href":"https:\/\/api.w.org\/{rel}","templated":true}]}}