{"id":80824,"date":"2014-04-23T17:35:43","date_gmt":"2014-04-23T20:35:43","guid":{"rendered":"http:\/\/www.quersaberpolitica.com.br\/?p=80824"},"modified":"2014-04-23T15:59:15","modified_gmt":"2014-04-23T18:59:15","slug":"deputado-denuncia-mafia-das-orteses-e-proteses-em-debate-da-cssf","status":"publish","type":"post","link":"https:\/\/blogdofarnesio.com.br\/?p=80824","title":{"rendered":"DEPUTADO DENUNCIA \u201cM\u00c1FIA DAS \u00d3RTESES E PR\u00d3TESES\u201d EM DEBATE DA CSSF"},"content":{"rendered":"<figure id=\"attachment_75569\" aria-describedby=\"caption-attachment-75569\" style=\"width: 512px\" class=\"wp-caption aligncenter\"><a href=\"http:\/\/www.quersaberpolitica.com.br\/2016\/wp-content\/uploads\/2014\/03\/blogqspdepamauryteixeira-foto-BlogQSP1.jpg\"><img loading=\"lazy\" decoding=\"async\" class=\" wp-image-75569 \" alt=\"Dep Amaury Teieira PT  Foto BlogQSP\" src=\"http:\/\/www.quersaberpolitica.com.br\/2016\/wp-content\/uploads\/2014\/03\/blogqspdepamauryteixeira-foto-BlogQSP1.jpg\" width=\"512\" height=\"286\" srcset=\"https:\/\/blogdofarnesio.com.br\/wp-content\/uploads\/2014\/03\/blogqspdepamauryteixeira-foto-BlogQSP1.jpg 640w, https:\/\/blogdofarnesio.com.br\/wp-content\/uploads\/2014\/03\/blogqspdepamauryteixeira-foto-BlogQSP1-300x167.jpg 300w, https:\/\/blogdofarnesio.com.br\/wp-content\/uploads\/2014\/03\/blogqspdepamauryteixeira-foto-BlogQSP1-500x279.jpg 500w\" sizes=\"auto, (max-width: 512px) 100vw, 512px\" \/><\/a><figcaption id=\"caption-attachment-75569\" class=\"wp-caption-text\">Dep Amaury Teixeira PT Foto BlogQSP<\/figcaption><\/figure>\n<p style=\"text-align: justify\">A Comiss\u00e3o de Seguridade Social e Fam\u00edlia da C\u00e2mara promoveu, nesta quarta-feira (23), um debate sobre a fixa\u00e7\u00e3o de pre\u00e7os, distribui\u00e7\u00e3o e direcionamento da demanda das \u00f3rteses e pr\u00f3teses no Brasil. A iniciativa faz parte da iniciativa de realizar, antes das reuni\u00f5es ordin\u00e1rias, discuss\u00f5es sobre temas da \u00e1rea de abrang\u00eancia da CSSF. A Comiss\u00e3o \u00e9 presidida pelo deputado Amauri Teixeira (PT-BA).<\/p>\n<p style=\"text-align: justify\">De acordo com Raimundo Viana de Macedo, pediatra e presidente da Unimed Santos, o fornecimento desse tipo de material enfrenta problemas por causa dos altos pre\u00e7os cobrados pelos fabricantes. Ele citou o exemplo de um parafuso para fratura de cotovelo. O mesmo produto, importado da Fran\u00e7a, pode custar entre R$ 11 mil e R$ 19 mil.<\/p>\n<p style=\"text-align: justify\">O valor inclui os impostos de importa\u00e7\u00e3o. \u201cGastamos R$ 48 milh\u00f5es de reais nos \u00faltimos meses com a compra de \u00f3rteses e pr\u00f3teses. S\u00e3o valores injustos. Esse valor \u00e9 um ter\u00e7o do que custaria a constru\u00e7\u00e3o de um hospital inteiro\u201d, afirma o m\u00e9dico.<!--more--><\/p>\n<p style=\"text-align: justify\">Para o deputado Rog\u00e9rio Carvalho (PT-SE), que solicitou o debate, existe uma verdadeira \u201cm\u00e1fia das \u00f3rteses e pr\u00f3teses\u201d atuando no Brasil. Ele afirma que nos hospitais faltam vagas para operar pacientes que n\u00e3o utilizam \u00f3rteses e pr\u00f3teses. No caso contr\u00e1rio, existe vaga para usar a sala cir\u00fargica. \u201cO crit\u00e9rio \u00e9 a lucratividade que o procedimento pode gerar para o estabelecimento e para o profissional. Existem casos que m\u00e9dicos recebem cart\u00f5es de cr\u00e9dito corporativos vinculados aos lucros que eles geram para os fabricantes. Tamb\u00e9m chamam aten\u00e7\u00e3o os hospitais que recebem os produtos em consigna\u00e7\u00e3o e ganham entre 20 e 30 por cento das empresas para armazenar e repassar \u00f3rteses e pr\u00f3teses\u201d, denuncia Rog\u00e9rio Carvalho. O deputado cita tamb\u00e9m o pagamento, pelo estado de Sergipe, de uma pr\u00f3tese para coluna no valor de R$ 400 mil, de necessidade duvidosa para a sa\u00fade do paciente. Ele pede a mobiliza\u00e7\u00e3o das cooperativas e\u00a0 planos de sa\u00fade para uma a\u00e7\u00e3o moralizadora, com pol\u00edticas de regula\u00e7\u00e3o do mercado, por exemplo. Carvalho sugere tamb\u00e9m a abertura de uma CPI para investigar o setor.<\/p>\n<p style=\"text-align: justify\"><b><i>Diferen\u00e7as regionais<\/i><\/b><\/p>\n<p style=\"text-align: justify\">Para Cibele Assad, diretora da Divis\u00e3o de Insumos da Unimed Campinas, o\u00a0 custo com materiais especiais sobe de forma assustadora, j\u00e1 que est\u00e3o atrelados ao d\u00f3lar. A varia\u00e7\u00e3o dos pre\u00e7os tamb\u00e9m \u00e9 apontada pela especialista. \u201cJ\u00e1 tivemos que comprar uma\u00a0 pr\u00f3tese para mand\u00edbula que tinha o pre\u00e7o inicial de R$ 254 mil. Na negocia\u00e7\u00e3o com o fabricante conseguimos por R$ 69 mil. Uma diferen\u00e7a de 166 mil. Que diferen\u00e7a \u00e9 essa?\u201d questiona Cibele. Ela tamb\u00e9m informa que a situa\u00e7\u00e3o piora na Regi\u00e3o Nordeste do pa\u00eds. \u201cO que no Sul custa R$ 2 mil, l\u00e1 pode chegar a R$ 60 mil o mesmo produto. Essa disparidade preocupa muito. Queremos o tabelamento de pre\u00e7os, como os rem\u00e9dios. Essa diferen\u00e7a de pre\u00e7os tamb\u00e9m causa a diminui\u00e7\u00e3o da qualidade do atendimento da sa\u00fade\u201d, afirma.<\/p>\n<p style=\"text-align: justify\">O deputado Jo\u00e3o Ananias (PC do B-CE) destaca que, somente em um hospital de Fortaleza, cerca de mil pacientes do SUS esperam cirurgias que precisam de \u00f3rteses e pr\u00f3teses. Pessoas que n\u00e3o t\u00eam condi\u00e7\u00f5es de pagar o pre\u00e7o desses produtos. Ele prepara um Projeto de Lei que tipifica como crime a cobran\u00e7a extorsiva desses equipamentos.<\/p>\n<p style=\"text-align: justify\">Mandetta (DEM-MS),\u00a0 lembra que o pa\u00eds n\u00e3o tem uma pol\u00edtica de produ\u00e7\u00e3o de equipamentos m\u00e9dicos e uma estrat\u00e9gia para a carga tribut\u00e1ria sobre \u00f3rteses e pr\u00f3teses. Ele afirma que uma alternativa seria estimular a concorr\u00eancia e as prestadoras fazerem compras coletivas. O deputado ressalta que falta uma autoridade sanit\u00e1ria brasileira.<\/p>\n<p style=\"text-align: justify\">O presidente da CSSF, deputado Amauri Teixeira (PT-BA) sugeriu ampliar o di\u00e1logo sobre o assunto, envolvendo fabricantes, compradores e pacientes, inicialmente atrav\u00e9s do Portal\u00a0 e-Democracia da C\u00e2mara dos Deputados.<\/p>\n","protected":false},"excerpt":{"rendered":"<p>A Comiss\u00e3o de Seguridade Social e Fam\u00edlia da C\u00e2mara promoveu, nesta quarta-feira (23), um debate sobre a fixa\u00e7\u00e3o de pre\u00e7os, distribui\u00e7\u00e3o e direcionamento da demanda das \u00f3rteses e pr\u00f3teses no Brasil. A iniciativa faz parte da iniciativa de realizar, antes das reuni\u00f5es ordin\u00e1rias, discuss\u00f5es sobre temas da \u00e1rea de abrang\u00eancia da CSSF. A Comiss\u00e3o \u00e9 presidida pelo deputado Amauri Teixeira (PT-BA). De acordo com Raimundo Viana de Macedo, pediatra e presidente da Unimed Santos, o fornecimento desse tipo de material enfrenta problemas por causa dos altos pre\u00e7os cobrados pelos fabricantes. Ele citou o exemplo de um parafuso para fratura de cotovelo. O mesmo produto, importado da Fran\u00e7a, pode custar entre R$ 11 mil e R$ 19 mil. O valor inclui&hellip; <\/p>\n","protected":false},"author":3,"featured_media":0,"comment_status":"open","ping_status":"open","sticky":false,"template":"","format":"standard","meta":{"_acf_changed":false,"footnotes":""},"categories":[1],"tags":[],"class_list":["post-80824","post","type-post","status-publish","format-standard","hentry","category-politica"],"acf":[],"yoast_head":"<!-- This site is optimized with the Yoast SEO plugin v27.4 - https:\/\/yoast.com\/product\/yoast-seo-wordpress\/ -->\n<title>DEPUTADO DENUNCIA \u201cM\u00c1FIA DAS \u00d3RTESES E PR\u00d3TESES\u201d EM DEBATE DA CSSF - Blog do Farn\u00e9sio<\/title>\n<meta name=\"robots\" content=\"index, follow, max-snippet:-1, max-image-preview:large, max-video-preview:-1\" \/>\n<link rel=\"canonical\" href=\"https:\/\/blogdofarnesio.com.br\/?p=80824\" \/>\n<meta property=\"og:locale\" content=\"pt_BR\" \/>\n<meta property=\"og:type\" content=\"article\" \/>\n<meta property=\"og:title\" content=\"DEPUTADO DENUNCIA \u201cM\u00c1FIA DAS \u00d3RTESES E PR\u00d3TESES\u201d EM DEBATE DA CSSF - Blog do Farn\u00e9sio\" \/>\n<meta property=\"og:description\" content=\"A Comiss\u00e3o de Seguridade Social e Fam\u00edlia da C\u00e2mara promoveu, nesta quarta-feira (23), um debate sobre a fixa\u00e7\u00e3o de pre\u00e7os, distribui\u00e7\u00e3o e direcionamento da demanda das \u00f3rteses e pr\u00f3teses no Brasil. A iniciativa faz parte da iniciativa de realizar, antes das reuni\u00f5es ordin\u00e1rias, discuss\u00f5es sobre temas da \u00e1rea de abrang\u00eancia da CSSF. A Comiss\u00e3o \u00e9 presidida pelo deputado Amauri Teixeira (PT-BA). De acordo com Raimundo Viana de Macedo, pediatra e presidente da Unimed Santos, o fornecimento desse tipo de material enfrenta problemas por causa dos altos pre\u00e7os cobrados pelos fabricantes. Ele citou o exemplo de um parafuso para fratura de cotovelo. O mesmo produto, importado da Fran\u00e7a, pode custar entre R$ 11 mil e R$ 19 mil. O valor inclui&hellip;\" \/>\n<meta property=\"og:url\" content=\"https:\/\/blogdofarnesio.com.br\/?p=80824\" \/>\n<meta property=\"og:site_name\" content=\"Blog do Farn\u00e9sio\" \/>\n<meta property=\"article:publisher\" content=\"https:\/\/www.facebook.com\/BlogQuerSaberPolitica\/\" \/>\n<meta property=\"article:published_time\" content=\"2014-04-23T20:35:43+00:00\" \/>\n<meta property=\"og:image\" content=\"http:\/\/www.quersaberpolitica.com.br\/2016\/wp-content\/uploads\/2014\/03\/blogqspdepamauryteixeira-foto-BlogQSP1.jpg\" \/>\n<meta name=\"author\" content=\"teste\" \/>\n<meta name=\"twitter:card\" content=\"summary_large_image\" \/>\n<meta name=\"twitter:label1\" content=\"Escrito por\" \/>\n\t<meta name=\"twitter:data1\" content=\"teste\" \/>\n\t<meta name=\"twitter:label2\" content=\"Est. tempo de leitura\" \/>\n\t<meta name=\"twitter:data2\" content=\"3 minutos\" \/>\n<script type=\"application\/ld+json\" class=\"yoast-schema-graph\">{\"@context\":\"https:\\\/\\\/schema.org\",\"@graph\":[{\"@type\":\"Article\",\"@id\":\"https:\\\/\\\/blogdofarnesio.com.br\\\/?p=80824#article\",\"isPartOf\":{\"@id\":\"https:\\\/\\\/blogdofarnesio.com.br\\\/?p=80824\"},\"author\":{\"name\":\"teste\",\"@id\":\"https:\\\/\\\/blogdofarnesio.com.br\\\/#\\\/schema\\\/person\\\/dd1bf5eba40b687199ba45ca6b97dff9\"},\"headline\":\"DEPUTADO DENUNCIA \u201cM\u00c1FIA DAS \u00d3RTESES E PR\u00d3TESES\u201d EM DEBATE DA CSSF\",\"datePublished\":\"2014-04-23T20:35:43+00:00\",\"mainEntityOfPage\":{\"@id\":\"https:\\\/\\\/blogdofarnesio.com.br\\\/?p=80824\"},\"wordCount\":701,\"commentCount\":0,\"publisher\":{\"@id\":\"https:\\\/\\\/blogdofarnesio.com.br\\\/#organization\"},\"image\":{\"@id\":\"https:\\\/\\\/blogdofarnesio.com.br\\\/?p=80824#primaryimage\"},\"thumbnailUrl\":\"http:\\\/\\\/www.quersaberpolitica.com.br\\\/2016\\\/wp-content\\\/uploads\\\/2014\\\/03\\\/blogqspdepamauryteixeira-foto-BlogQSP1.jpg\",\"articleSection\":[\"Pol\u00edtica\"],\"inLanguage\":\"pt-BR\",\"potentialAction\":[{\"@type\":\"CommentAction\",\"name\":\"Comment\",\"target\":[\"https:\\\/\\\/blogdofarnesio.com.br\\\/?p=80824#respond\"]}]},{\"@type\":\"WebPage\",\"@id\":\"https:\\\/\\\/blogdofarnesio.com.br\\\/?p=80824\",\"url\":\"https:\\\/\\\/blogdofarnesio.com.br\\\/?p=80824\",\"name\":\"DEPUTADO DENUNCIA \u201cM\u00c1FIA DAS \u00d3RTESES E PR\u00d3TESES\u201d EM DEBATE DA CSSF - Blog do Farn\u00e9sio\",\"isPartOf\":{\"@id\":\"https:\\\/\\\/blogdofarnesio.com.br\\\/#website\"},\"primaryImageOfPage\":{\"@id\":\"https:\\\/\\\/blogdofarnesio.com.br\\\/?p=80824#primaryimage\"},\"image\":{\"@id\":\"https:\\\/\\\/blogdofarnesio.com.br\\\/?p=80824#primaryimage\"},\"thumbnailUrl\":\"http:\\\/\\\/www.quersaberpolitica.com.br\\\/2016\\\/wp-content\\\/uploads\\\/2014\\\/03\\\/blogqspdepamauryteixeira-foto-BlogQSP1.jpg\",\"datePublished\":\"2014-04-23T20:35:43+00:00\",\"breadcrumb\":{\"@id\":\"https:\\\/\\\/blogdofarnesio.com.br\\\/?p=80824#breadcrumb\"},\"inLanguage\":\"pt-BR\",\"potentialAction\":[{\"@type\":\"ReadAction\",\"target\":[\"https:\\\/\\\/blogdofarnesio.com.br\\\/?p=80824\"]}]},{\"@type\":\"ImageObject\",\"inLanguage\":\"pt-BR\",\"@id\":\"https:\\\/\\\/blogdofarnesio.com.br\\\/?p=80824#primaryimage\",\"url\":\"http:\\\/\\\/www.quersaberpolitica.com.br\\\/2016\\\/wp-content\\\/uploads\\\/2014\\\/03\\\/blogqspdepamauryteixeira-foto-BlogQSP1.jpg\",\"contentUrl\":\"http:\\\/\\\/www.quersaberpolitica.com.br\\\/2016\\\/wp-content\\\/uploads\\\/2014\\\/03\\\/blogqspdepamauryteixeira-foto-BlogQSP1.jpg\"},{\"@type\":\"BreadcrumbList\",\"@id\":\"https:\\\/\\\/blogdofarnesio.com.br\\\/?p=80824#breadcrumb\",\"itemListElement\":[{\"@type\":\"ListItem\",\"position\":1,\"name\":\"In\u00edcio\",\"item\":\"https:\\\/\\\/blogdofarnesio.com.br\\\/\"},{\"@type\":\"ListItem\",\"position\":2,\"name\":\"DEPUTADO DENUNCIA \u201cM\u00c1FIA DAS \u00d3RTESES E PR\u00d3TESES\u201d EM DEBATE DA CSSF\"}]},{\"@type\":\"WebSite\",\"@id\":\"https:\\\/\\\/blogdofarnesio.com.br\\\/#website\",\"url\":\"https:\\\/\\\/blogdofarnesio.com.br\\\/\",\"name\":\"Blog do Farn\u00e9sio\",\"description\":\"Quer Saber Pol\u00edtica?\",\"publisher\":{\"@id\":\"https:\\\/\\\/blogdofarnesio.com.br\\\/#organization\"},\"potentialAction\":[{\"@type\":\"SearchAction\",\"target\":{\"@type\":\"EntryPoint\",\"urlTemplate\":\"https:\\\/\\\/blogdofarnesio.com.br\\\/?s={search_term_string}\"},\"query-input\":{\"@type\":\"PropertyValueSpecification\",\"valueRequired\":true,\"valueName\":\"search_term_string\"}}],\"inLanguage\":\"pt-BR\"},{\"@type\":\"Organization\",\"@id\":\"https:\\\/\\\/blogdofarnesio.com.br\\\/#organization\",\"name\":\"Blog do Farn\u00e9sio\",\"url\":\"https:\\\/\\\/blogdofarnesio.com.br\\\/\",\"logo\":{\"@type\":\"ImageObject\",\"inLanguage\":\"pt-BR\",\"@id\":\"https:\\\/\\\/blogdofarnesio.com.br\\\/#\\\/schema\\\/logo\\\/image\\\/\",\"url\":\"https:\\\/\\\/blogdofarnesio.com.br\\\/wp-content\\\/uploads\\\/2026\\\/03\\\/cropped-logo_new-1.png\",\"contentUrl\":\"https:\\\/\\\/blogdofarnesio.com.br\\\/wp-content\\\/uploads\\\/2026\\\/03\\\/cropped-logo_new-1.png\",\"width\":881,\"height\":685,\"caption\":\"Blog do Farn\u00e9sio\"},\"image\":{\"@id\":\"https:\\\/\\\/blogdofarnesio.com.br\\\/#\\\/schema\\\/logo\\\/image\\\/\"},\"sameAs\":[\"https:\\\/\\\/www.facebook.com\\\/BlogQuerSaberPolitica\\\/\"]},{\"@type\":\"Person\",\"@id\":\"https:\\\/\\\/blogdofarnesio.com.br\\\/#\\\/schema\\\/person\\\/dd1bf5eba40b687199ba45ca6b97dff9\",\"name\":\"teste\",\"image\":{\"@type\":\"ImageObject\",\"inLanguage\":\"pt-BR\",\"@id\":\"https:\\\/\\\/secure.gravatar.com\\\/avatar\\\/2172498d4914b51e1d89a0f97957b035ac4938723a5cac208135d389b6972a6d?s=96&d=mm&r=g\",\"url\":\"https:\\\/\\\/secure.gravatar.com\\\/avatar\\\/2172498d4914b51e1d89a0f97957b035ac4938723a5cac208135d389b6972a6d?s=96&d=mm&r=g\",\"contentUrl\":\"https:\\\/\\\/secure.gravatar.com\\\/avatar\\\/2172498d4914b51e1d89a0f97957b035ac4938723a5cac208135d389b6972a6d?s=96&d=mm&r=g\",\"caption\":\"teste\"},\"url\":\"https:\\\/\\\/blogdofarnesio.com.br\\\/?author=3\"}]}<\/script>\n<!-- \/ Yoast SEO plugin. -->","yoast_head_json":{"title":"DEPUTADO DENUNCIA \u201cM\u00c1FIA DAS \u00d3RTESES E PR\u00d3TESES\u201d EM DEBATE DA CSSF - Blog do Farn\u00e9sio","robots":{"index":"index","follow":"follow","max-snippet":"max-snippet:-1","max-image-preview":"max-image-preview:large","max-video-preview":"max-video-preview:-1"},"canonical":"https:\/\/blogdofarnesio.com.br\/?p=80824","og_locale":"pt_BR","og_type":"article","og_title":"DEPUTADO DENUNCIA \u201cM\u00c1FIA DAS \u00d3RTESES E PR\u00d3TESES\u201d EM DEBATE DA CSSF - Blog do Farn\u00e9sio","og_description":"A Comiss\u00e3o de Seguridade Social e Fam\u00edlia da C\u00e2mara promoveu, nesta quarta-feira (23), um debate sobre a fixa\u00e7\u00e3o de pre\u00e7os, distribui\u00e7\u00e3o e direcionamento da demanda das \u00f3rteses e pr\u00f3teses no Brasil. A iniciativa faz parte da iniciativa de realizar, antes das reuni\u00f5es ordin\u00e1rias, discuss\u00f5es sobre temas da \u00e1rea de abrang\u00eancia da CSSF. A Comiss\u00e3o \u00e9 presidida pelo deputado Amauri Teixeira (PT-BA). De acordo com Raimundo Viana de Macedo, pediatra e presidente da Unimed Santos, o fornecimento desse tipo de material enfrenta problemas por causa dos altos pre\u00e7os cobrados pelos fabricantes. Ele citou o exemplo de um parafuso para fratura de cotovelo. O mesmo produto, importado da Fran\u00e7a, pode custar entre R$ 11 mil e R$ 19 mil. O valor inclui&hellip;","og_url":"https:\/\/blogdofarnesio.com.br\/?p=80824","og_site_name":"Blog do Farn\u00e9sio","article_publisher":"https:\/\/www.facebook.com\/BlogQuerSaberPolitica\/","article_published_time":"2014-04-23T20:35:43+00:00","og_image":[{"url":"http:\/\/www.quersaberpolitica.com.br\/2016\/wp-content\/uploads\/2014\/03\/blogqspdepamauryteixeira-foto-BlogQSP1.jpg","type":"","width":"","height":""}],"author":"teste","twitter_card":"summary_large_image","twitter_misc":{"Escrito por":"teste","Est. tempo de leitura":"3 minutos"},"schema":{"@context":"https:\/\/schema.org","@graph":[{"@type":"Article","@id":"https:\/\/blogdofarnesio.com.br\/?p=80824#article","isPartOf":{"@id":"https:\/\/blogdofarnesio.com.br\/?p=80824"},"author":{"name":"teste","@id":"https:\/\/blogdofarnesio.com.br\/#\/schema\/person\/dd1bf5eba40b687199ba45ca6b97dff9"},"headline":"DEPUTADO DENUNCIA \u201cM\u00c1FIA DAS \u00d3RTESES E PR\u00d3TESES\u201d EM DEBATE DA CSSF","datePublished":"2014-04-23T20:35:43+00:00","mainEntityOfPage":{"@id":"https:\/\/blogdofarnesio.com.br\/?p=80824"},"wordCount":701,"commentCount":0,"publisher":{"@id":"https:\/\/blogdofarnesio.com.br\/#organization"},"image":{"@id":"https:\/\/blogdofarnesio.com.br\/?p=80824#primaryimage"},"thumbnailUrl":"http:\/\/www.quersaberpolitica.com.br\/2016\/wp-content\/uploads\/2014\/03\/blogqspdepamauryteixeira-foto-BlogQSP1.jpg","articleSection":["Pol\u00edtica"],"inLanguage":"pt-BR","potentialAction":[{"@type":"CommentAction","name":"Comment","target":["https:\/\/blogdofarnesio.com.br\/?p=80824#respond"]}]},{"@type":"WebPage","@id":"https:\/\/blogdofarnesio.com.br\/?p=80824","url":"https:\/\/blogdofarnesio.com.br\/?p=80824","name":"DEPUTADO DENUNCIA \u201cM\u00c1FIA DAS \u00d3RTESES E PR\u00d3TESES\u201d EM DEBATE DA CSSF - Blog do Farn\u00e9sio","isPartOf":{"@id":"https:\/\/blogdofarnesio.com.br\/#website"},"primaryImageOfPage":{"@id":"https:\/\/blogdofarnesio.com.br\/?p=80824#primaryimage"},"image":{"@id":"https:\/\/blogdofarnesio.com.br\/?p=80824#primaryimage"},"thumbnailUrl":"http:\/\/www.quersaberpolitica.com.br\/2016\/wp-content\/uploads\/2014\/03\/blogqspdepamauryteixeira-foto-BlogQSP1.jpg","datePublished":"2014-04-23T20:35:43+00:00","breadcrumb":{"@id":"https:\/\/blogdofarnesio.com.br\/?p=80824#breadcrumb"},"inLanguage":"pt-BR","potentialAction":[{"@type":"ReadAction","target":["https:\/\/blogdofarnesio.com.br\/?p=80824"]}]},{"@type":"ImageObject","inLanguage":"pt-BR","@id":"https:\/\/blogdofarnesio.com.br\/?p=80824#primaryimage","url":"http:\/\/www.quersaberpolitica.com.br\/2016\/wp-content\/uploads\/2014\/03\/blogqspdepamauryteixeira-foto-BlogQSP1.jpg","contentUrl":"http:\/\/www.quersaberpolitica.com.br\/2016\/wp-content\/uploads\/2014\/03\/blogqspdepamauryteixeira-foto-BlogQSP1.jpg"},{"@type":"BreadcrumbList","@id":"https:\/\/blogdofarnesio.com.br\/?p=80824#breadcrumb","itemListElement":[{"@type":"ListItem","position":1,"name":"In\u00edcio","item":"https:\/\/blogdofarnesio.com.br\/"},{"@type":"ListItem","position":2,"name":"DEPUTADO DENUNCIA \u201cM\u00c1FIA DAS \u00d3RTESES E PR\u00d3TESES\u201d EM DEBATE DA CSSF"}]},{"@type":"WebSite","@id":"https:\/\/blogdofarnesio.com.br\/#website","url":"https:\/\/blogdofarnesio.com.br\/","name":"Blog do Farn\u00e9sio","description":"Quer Saber Pol\u00edtica?","publisher":{"@id":"https:\/\/blogdofarnesio.com.br\/#organization"},"potentialAction":[{"@type":"SearchAction","target":{"@type":"EntryPoint","urlTemplate":"https:\/\/blogdofarnesio.com.br\/?s={search_term_string}"},"query-input":{"@type":"PropertyValueSpecification","valueRequired":true,"valueName":"search_term_string"}}],"inLanguage":"pt-BR"},{"@type":"Organization","@id":"https:\/\/blogdofarnesio.com.br\/#organization","name":"Blog do Farn\u00e9sio","url":"https:\/\/blogdofarnesio.com.br\/","logo":{"@type":"ImageObject","inLanguage":"pt-BR","@id":"https:\/\/blogdofarnesio.com.br\/#\/schema\/logo\/image\/","url":"https:\/\/blogdofarnesio.com.br\/wp-content\/uploads\/2026\/03\/cropped-logo_new-1.png","contentUrl":"https:\/\/blogdofarnesio.com.br\/wp-content\/uploads\/2026\/03\/cropped-logo_new-1.png","width":881,"height":685,"caption":"Blog do Farn\u00e9sio"},"image":{"@id":"https:\/\/blogdofarnesio.com.br\/#\/schema\/logo\/image\/"},"sameAs":["https:\/\/www.facebook.com\/BlogQuerSaberPolitica\/"]},{"@type":"Person","@id":"https:\/\/blogdofarnesio.com.br\/#\/schema\/person\/dd1bf5eba40b687199ba45ca6b97dff9","name":"teste","image":{"@type":"ImageObject","inLanguage":"pt-BR","@id":"https:\/\/secure.gravatar.com\/avatar\/2172498d4914b51e1d89a0f97957b035ac4938723a5cac208135d389b6972a6d?s=96&d=mm&r=g","url":"https:\/\/secure.gravatar.com\/avatar\/2172498d4914b51e1d89a0f97957b035ac4938723a5cac208135d389b6972a6d?s=96&d=mm&r=g","contentUrl":"https:\/\/secure.gravatar.com\/avatar\/2172498d4914b51e1d89a0f97957b035ac4938723a5cac208135d389b6972a6d?s=96&d=mm&r=g","caption":"teste"},"url":"https:\/\/blogdofarnesio.com.br\/?author=3"}]}},"_links":{"self":[{"href":"https:\/\/blogdofarnesio.com.br\/index.php?rest_route=\/wp\/v2\/posts\/80824","targetHints":{"allow":["GET"]}}],"collection":[{"href":"https:\/\/blogdofarnesio.com.br\/index.php?rest_route=\/wp\/v2\/posts"}],"about":[{"href":"https:\/\/blogdofarnesio.com.br\/index.php?rest_route=\/wp\/v2\/types\/post"}],"author":[{"embeddable":true,"href":"https:\/\/blogdofarnesio.com.br\/index.php?rest_route=\/wp\/v2\/users\/3"}],"replies":[{"embeddable":true,"href":"https:\/\/blogdofarnesio.com.br\/index.php?rest_route=%2Fwp%2Fv2%2Fcomments&post=80824"}],"version-history":[{"count":0,"href":"https:\/\/blogdofarnesio.com.br\/index.php?rest_route=\/wp\/v2\/posts\/80824\/revisions"}],"wp:attachment":[{"href":"https:\/\/blogdofarnesio.com.br\/index.php?rest_route=%2Fwp%2Fv2%2Fmedia&parent=80824"}],"wp:term":[{"taxonomy":"category","embeddable":true,"href":"https:\/\/blogdofarnesio.com.br\/index.php?rest_route=%2Fwp%2Fv2%2Fcategories&post=80824"},{"taxonomy":"post_tag","embeddable":true,"href":"https:\/\/blogdofarnesio.com.br\/index.php?rest_route=%2Fwp%2Fv2%2Ftags&post=80824"}],"curies":[{"name":"wp","href":"https:\/\/api.w.org\/{rel}","templated":true}]}}