{"id":80722,"date":"2014-04-24T14:44:39","date_gmt":"2014-04-24T17:44:39","guid":{"rendered":"http:\/\/www.quersaberpolitica.com.br\/?p=80722"},"modified":"2014-04-24T10:48:36","modified_gmt":"2014-04-24T13:48:36","slug":"producao-de-mel-amplia-renda-de-pequenos-agricultores-no-semiarido-baiano","status":"publish","type":"post","link":"https:\/\/blogdofarnesio.com.br\/?p=80722","title":{"rendered":"PRODU\u00c7\u00c3O DE MEL AMPLIA RENDA DE PEQUENOS AGRICULTORES NO SEMI\u00c1RIDO BAIANO"},"content":{"rendered":"<p style=\"text-align: justify\"><a style=\"font-style: normal;line-height: 24.375px;text-decoration: underline\" href=\"http:\/\/www.quersaberpolitica.com.br\/2016\/wp-content\/uploads\/2013\/05\/blogqsp.abelha.jpg\"><img loading=\"lazy\" decoding=\"async\" class=\" wp-image-41313 alignleft\" style=\"border-color: #bbbbbb;background-color: #eeeeee\" alt=\"blogqsp.abelha\" src=\"http:\/\/www.quersaberpolitica.com.br\/2016\/wp-content\/uploads\/2013\/05\/blogqsp.abelha.jpg\" width=\"306\" height=\"230\" srcset=\"https:\/\/blogdofarnesio.com.br\/wp-content\/uploads\/2013\/05\/blogqsp.abelha.jpg 638w, https:\/\/blogdofarnesio.com.br\/wp-content\/uploads\/2013\/05\/blogqsp.abelha-300x224.jpg 300w, https:\/\/blogdofarnesio.com.br\/wp-content\/uploads\/2013\/05\/blogqsp.abelha-400x300.jpg 400w\" sizes=\"auto, (max-width: 306px) 100vw, 306px\" \/><\/a><\/p>\n<p style=\"text-align: justify\">Fam\u00edlias de pequenos agricultores dos munic\u00edpios de Pil\u00e3o Arcado, Remanso e Campo Alegre de Lourdes, no norte baiano, j\u00e1 est\u00e3o criando abelhas, de forma racional, para extra\u00e7\u00e3o e comercializa\u00e7\u00e3o de mel.<\/p>\n<p style=\"text-align: justify\">A atividade come\u00e7ou a ser incentivada pela Companhia de Desenvolvimento dos Vales do S\u00e3o Francisco e do Parna\u00edba (Codevasf) no \u00e2mbito das a\u00e7\u00f5es do eixo de inclus\u00e3o produtiva do Plano Brasil sem Mis\u00e9ria, implantado pelo governo federal em 2011, e que s\u00e3o executadas pela Companhia em parceria com a Secretaria de Desenvolvimento Regional do Minist\u00e9rio da Integra\u00e7\u00e3o Nacional.<\/p>\n<p style=\"text-align: justify\">No munic\u00edpio de Remanso, a 210 quil\u00f4metros de Juazeiro, 159 fam\u00edlias de 27 comunidades rurais foram contempladas com as a\u00e7\u00f5es de apoio a apicultura. O trabalho come\u00e7ou com uma capacita\u00e7\u00e3o que visou organizar a cadeia produtiva, detalhar e qualificar o desenvolvimento da atividade e, principalmente, acabar com o extrativismo rudimentar, que dizimava os enxames para extra\u00e7\u00e3o do mel.<\/p>\n<p style=\"text-align: justify\">Em Pil\u00e3o Arcado s\u00e3o 38 comunidades rurais atendidas<!--more-->, nas quais moram e trabalham 155 fam\u00edlias de pequenos agricultores. Os trabalhos de cadastramento, treinamento, entrega de kits para produ\u00e7\u00e3o e acompanhamento t\u00e9cnico come\u00e7aram no ano passado nos tr\u00eas munic\u00edpios, e em algumas comunidades prosseguem at\u00e9 o final deste m\u00eas.<\/p>\n<p style=\"text-align: justify\">J\u00e1 o munic\u00edpio de Campo Alegre de Lourdes concentra o maior n\u00famero de comunidades atendidas \u2013 s\u00e3o 45 comunidades que re\u00fanem 220 fam\u00edlias, todas elas selecionadas pelos crit\u00e9rios estabelecidos pelo Plano Brasil sem Mis\u00e9ria, como tamb\u00e9m pela aptid\u00e3o para a atividade ap\u00edcola.<\/p>\n<p style=\"text-align: justify\">Segundo Everaldo Cavalcante, coordenador dos trabalhos na 6\u00aa Superintend\u00eancia Regional da Codevasf, em Juazeiro, os benef\u00edcios dessa a\u00e7\u00e3o se estendem a cerca de 2.100 pessoas nos tr\u00eas munic\u00edpios.<\/p>\n<p style=\"text-align: justify\">Todas as localidades atendidas pela Codevasf recebem o material necess\u00e1rio para o desenvolvimento da atividade. Foram implantadas at\u00e9 agora 10.680 colmeias com suporte de ferro para fixa\u00e7\u00e3o no campo, 10.680 quilos de cera de abelha, divididas em placas j\u00e1 alveoladas, 1.068 indument\u00e1rias completas, 534 form\u00f5es, carretilhas e fumigadores.<\/p>\n<p style=\"text-align: justify\">Cada fam\u00edlia passa a produzir mel com a utiliza\u00e7\u00e3o de cerca de 20 colmeias completas, mais os equipamentos. O investimento \u00e9 de aproximadamente R$ 2,6 milh\u00f5es, recursos oriundos do Plano Brasil sem Mis\u00e9ria \u2013 conjunto de a\u00e7\u00f5es do governo federal voltado para a erradica\u00e7\u00e3o da pobreza extrema e coordenado pelo Minist\u00e9rio do Desenvolvimento Social e Combate \u00e0 Fome (MDS).<\/p>\n<p style=\"text-align: justify\">Os pequenos agricultores, que antes praticavam s\u00f3 a agricultura de subsist\u00eancia, foram selecionados por meio do cadastramento feito dentro das exig\u00eancias do Plano, entre elas a de estarem inclu\u00eddas no Cadastro \u00danico para Programas Sociais (Cad\u00danico) e se encontrarem na linha de pobreza ou extrema pobreza.<\/p>\n<p style=\"text-align: justify\">Economia<\/p>\n<p style=\"text-align: justify\">Segundo estimativas de t\u00e9cnicos da Unidade Regional de Desenvolvimento Territorial, da Ger\u00eancia Regional de Revitaliza\u00e7\u00e3o da Codevasf em Juazeiro, a produ\u00e7\u00e3o em condi\u00e7\u00f5es normais edafoclim\u00e1ticas (rela\u00e7\u00e3o entre planta, solo e clima) \u00e9 de 40 quilos de mel por colmeia ao ano, e o valor m\u00ednimo do quilo de mel nos tr\u00eas munic\u00edpios varia entre R$ 4,30 a R$ 5,60.<\/p>\n<p style=\"text-align: justify\">Espera-se que o trabalho realizado pela Codevasf incremente a produ\u00e7\u00e3o ap\u00edcola nos tr\u00eas munic\u00edpios em cerca de 427,2 toneladas de mel por ano, e injete mais de R$ 1,8 milh\u00e3o no com\u00e9rcio local de cada um desses munic\u00edpios.<\/p>\n<p style=\"text-align: justify\">Para Priscila Martinez, gerente regional de Revitaliza\u00e7\u00e3o, \u201cum item relevante em rela\u00e7\u00e3o ao produto \u00e9 que o custo de produ\u00e7\u00e3o \u00e9 de cerca de R$ 1,50, o que proporciona aos apicultores familiares um lucro aproximado de 65% por quilo de mel produzido\u201d.<\/p>\n<p style=\"text-align: justify\">O superintendente regional da Codevasf em Juazeiro, Ala\u00f4r Grangeon, comenta que \u201ccom a\u00e7\u00f5es como essa, podemos proporcionar melhores condi\u00e7\u00f5es t\u00e9cnicas de trabalho para as fam\u00edlias rurais beneficiadas, que dispor\u00e3o de materiais e apetrechos adequados ao manejo ap\u00edcola, e poder\u00e3o desenvolver melhor essa atividade, obtendo assim melhores resultados e contribuindo para a sustentabilidade social, econ\u00f4mica e ambiental em suas comunidades\u201d.<\/p>\n<p style=\"text-align: justify\">Comercializa\u00e7\u00e3o<\/p>\n<p style=\"text-align: justify\">Um dos munic\u00edpios que possuem voca\u00e7\u00e3o para o desenvolvimento da apicultura na regi\u00e3o extremo norte da Bahia \u00e9 Campo Alegre de Lourdes, a 840 quil\u00f4metros de Salvador. H\u00e1 algum tempo a atividade era desenvolvida de forma extrativista, atrav\u00e9s de \u201cmeleiros\u201d, que retiravam o mel destruindo os enxames nas matas.<\/p>\n<p style=\"text-align: justify\">Mesmo incipiente, a atividade fez surgir em outubro de 1996 a Cooperativa dos Apicultores de Campo Alegre de Lourdes (Coapical), que passou a centralizar a coleta, beneficiamento e comercializa\u00e7\u00e3o do produto.<\/p>\n<p style=\"text-align: justify\">Segundo o presidente da entidade, Clemente Duarte Mendes, \u201catualmente a cooperativa possui 42 associados devidamente cadastrados, mas existem mais de 100 produtores no munic\u00edpio que utilizam os servi\u00e7os da cooperativa, e que ainda n\u00e3o se cadastraram\u201d.<\/p>\n<p style=\"text-align: justify\">Para Jademiro Deveza da Silva, conselheiro da Coapical, \u201ca cooperativa exerce um papel importante no desenvolvimento socioecon\u00f4mico da regi\u00e3o. Aqui temos um contrato com a Conab, e fornecemos sach\u00eas de mel a R$ 9 o quilo para a merenda escolar\u201d.<\/p>\n<p style=\"text-align: justify\">O tesoureiro da entidade, Gledson Pereira de Lacerda, fez as contas e afirma que um balde com 25 quilos de mel pode variar entre R$ 145 a R$ 170. \u201cEste ano, de janeiro a mar\u00e7o, j\u00e1 beneficiamos perto de 19.600 quilos de mel, sendo que 10% deste total \u00e9 de mel org\u00e2nico \u2013 que n\u00e3o cont\u00e9m produto qu\u00edmico ou cujas colmeias n\u00e3o t\u00eam contato com \u00e1reas que utilizam qu\u00edmicos, como lavouras\u201d.<\/p>\n<p style=\"text-align: justify\">\u201cNo ano passado, arrecadamos perto de R$ 90 mil, e grande parte desse total foi enviada para o sul do pa\u00eds, em ton\u00e9is de 280 kg\u201d, afirma Gledson. A cooperativa tem contrato de fornecimento com uma empresa paranaense que exporta o produto para a Europa.<\/p>\n<p style=\"text-align: justify\">O mel de Campo Alegre de Lourdes \u00e9 certificado por essa empresa, que envia uma comiss\u00e3o de t\u00e9cnicos para verificarem a qualidade do mel, org\u00e2nico ou n\u00e3o, e repassa aos produtores um c\u00f3digo de identifica\u00e7\u00e3o do produto. Segundo o tesoureiro da Coapical, somente tr\u00eas produtores no pa\u00eds conseguiram esta certifica\u00e7\u00e3o.<\/p>\n<p style=\"text-align: justify\">Nova atividade<\/p>\n<p style=\"text-align: justify\">No per\u00edodo de janeiro a maio deste ano, segundo o t\u00e9cnico agropecu\u00e1rio Moacir dos Santos Nunes, \u201calgumas fam\u00edlias conseguiram produzir 40 quilos de mel por colmeia, e vender at\u00e9 por R$ 6 o quilo de mel org\u00e2nico. Em cinco meses foram contabilizados R$ 4,8 mil \u2013 o que, dividido por m\u00eas, chega a uma renda de at\u00e9 R$ 960 para o produtor de mel org\u00e2nico\u201d.<\/p>\n<p style=\"text-align: justify\">Pensando nesses resultados, em Campo Alegre de Lourdes a retirada do mel j\u00e1 come\u00e7ou para algumas fam\u00edlias. \u00c9 o caso do pequeno agricultor Salvador da Silva Lopes, de 35 anos, casado e pai de dois filhos, e que j\u00e1 trabalhou por empreitada como meleiro.<\/p>\n<p style=\"text-align: justify\">Ele mora na comunidade de Barreiro do Espinheiro, e participou com a esposa, Maria Gorete dos Santos Souza, de uma capacita\u00e7\u00e3o sobre cria\u00e7\u00e3o de abelhas para produ\u00e7\u00e3o de mel, ministrada pela Codevasf. \u201cAgora eu estou trabalhando do jeito certo. Ganho eu e ganha a natureza tamb\u00e9m\u201d, afirma Salvador.<\/p>\n<p style=\"text-align: justify\">Ele afirma que n\u00e3o vai abandonar a pequena agricultura, e que vai continuar plantando milho, feij\u00e3o e criando alguns animais de pequeno porte. \u201cMas eu j\u00e1 estou ganhando um dinheirinho, mais do que se eu estivesse trabalhando na ro\u00e7a\u201d, confidencia o apicultor.<\/p>\n<p style=\"text-align: justify\">Salvador j\u00e1 fez planos, e separou dois baldes de 25 quilos para vender na Coapical. Nesta P\u00e1scoa, pela primeira vez o agricultor p\u00f4de dar aos filhos um mimo que eles antes nunca tinham experimentado: um ovo de chocolate.<\/p>\n<p style=\"text-align: justify\">Para o morador da comunidade de S\u00edtio Novo do Pedr\u00e3o, Raimundo Rodrigues da Silva, de 40 anos, \u201caqui no Nordeste a gente sempre foi educado para trabalhar na agricultura, mas depois do inverno, quando vamos tirar os resultados, depois de muito trabalho, quase sempre n\u00e3o sobra nada. Mas agora com a cria\u00e7\u00e3o de abelhas n\u00f3s vamos diminuir o trabalho pesado e ter um bom resultado. Na verdade \u00e9 a abelha que vai trabalhar pra gente, n\u00e9?\u201d, diz o novo apicultor.<\/p>\n<p style=\"text-align: justify\">Mais informa\u00e7\u00f5es: http:\/\/www.codevasf.gov.br<\/p>\n<p style=\"text-align: justify\">Contato: Assessoria de Comunica\u00e7\u00e3o e Promo\u00e7\u00e3o Institucional da Codevasf<\/p>\n<p style=\"text-align: justify\">Fone: (61) 2028 &#8211; 4758\/4627\/4769<\/p>\n<p style=\"text-align: justify\">E-mail: imprensa@codevasf.gov.br<\/p>\n<p style=\"text-align: justify\">Gmail: imprensa.codevasf@gmail.com<\/p>\n","protected":false},"excerpt":{"rendered":"<p>Fam\u00edlias de pequenos agricultores dos munic\u00edpios de Pil\u00e3o Arcado, Remanso e Campo Alegre de Lourdes, no norte baiano, j\u00e1 est\u00e3o criando abelhas, de forma racional, para extra\u00e7\u00e3o e comercializa\u00e7\u00e3o de mel. A atividade come\u00e7ou a ser incentivada pela Companhia de Desenvolvimento dos Vales do S\u00e3o Francisco e do Parna\u00edba (Codevasf) no \u00e2mbito das a\u00e7\u00f5es do eixo de inclus\u00e3o produtiva do Plano Brasil sem Mis\u00e9ria, implantado pelo governo federal em 2011, e que s\u00e3o executadas pela Companhia em parceria com a Secretaria de Desenvolvimento Regional do Minist\u00e9rio da Integra\u00e7\u00e3o Nacional. No munic\u00edpio de Remanso, a 210 quil\u00f4metros de Juazeiro, 159 fam\u00edlias de 27 comunidades rurais foram contempladas com as a\u00e7\u00f5es de apoio a apicultura. O trabalho come\u00e7ou com uma capacita\u00e7\u00e3o que&hellip; <\/p>\n","protected":false},"author":3,"featured_media":0,"comment_status":"open","ping_status":"open","sticky":false,"template":"","format":"standard","meta":{"_acf_changed":false,"footnotes":""},"categories":[26,27],"tags":[],"class_list":["post-80722","post","type-post","status-publish","format-standard","hentry","category-agricultura","category-cidades"],"acf":[],"yoast_head":"<!-- This site is optimized with the Yoast SEO plugin v27.4 - https:\/\/yoast.com\/product\/yoast-seo-wordpress\/ -->\n<title>PRODU\u00c7\u00c3O DE MEL AMPLIA RENDA DE PEQUENOS AGRICULTORES NO SEMI\u00c1RIDO BAIANO - Blog do Farn\u00e9sio<\/title>\n<meta name=\"robots\" content=\"index, follow, max-snippet:-1, max-image-preview:large, max-video-preview:-1\" \/>\n<link rel=\"canonical\" href=\"https:\/\/blogdofarnesio.com.br\/?p=80722\" \/>\n<meta property=\"og:locale\" content=\"pt_BR\" \/>\n<meta property=\"og:type\" content=\"article\" \/>\n<meta property=\"og:title\" content=\"PRODU\u00c7\u00c3O DE MEL AMPLIA RENDA DE PEQUENOS AGRICULTORES NO SEMI\u00c1RIDO BAIANO - Blog do Farn\u00e9sio\" \/>\n<meta property=\"og:description\" content=\"Fam\u00edlias de pequenos agricultores dos munic\u00edpios de Pil\u00e3o Arcado, Remanso e Campo Alegre de Lourdes, no norte baiano, j\u00e1 est\u00e3o criando abelhas, de forma racional, para extra\u00e7\u00e3o e comercializa\u00e7\u00e3o de mel. A atividade come\u00e7ou a ser incentivada pela Companhia de Desenvolvimento dos Vales do S\u00e3o Francisco e do Parna\u00edba (Codevasf) no \u00e2mbito das a\u00e7\u00f5es do eixo de inclus\u00e3o produtiva do Plano Brasil sem Mis\u00e9ria, implantado pelo governo federal em 2011, e que s\u00e3o executadas pela Companhia em parceria com a Secretaria de Desenvolvimento Regional do Minist\u00e9rio da Integra\u00e7\u00e3o Nacional. No munic\u00edpio de Remanso, a 210 quil\u00f4metros de Juazeiro, 159 fam\u00edlias de 27 comunidades rurais foram contempladas com as a\u00e7\u00f5es de apoio a apicultura. O trabalho come\u00e7ou com uma capacita\u00e7\u00e3o que&hellip;\" \/>\n<meta property=\"og:url\" content=\"https:\/\/blogdofarnesio.com.br\/?p=80722\" \/>\n<meta property=\"og:site_name\" content=\"Blog do Farn\u00e9sio\" \/>\n<meta property=\"article:publisher\" content=\"https:\/\/www.facebook.com\/BlogQuerSaberPolitica\/\" \/>\n<meta property=\"article:published_time\" content=\"2014-04-24T17:44:39+00:00\" \/>\n<meta property=\"og:image\" content=\"http:\/\/www.quersaberpolitica.com.br\/2016\/wp-content\/uploads\/2013\/05\/blogqsp.abelha.jpg\" \/>\n<meta name=\"author\" content=\"teste\" \/>\n<meta name=\"twitter:card\" content=\"summary_large_image\" \/>\n<meta name=\"twitter:label1\" content=\"Escrito por\" \/>\n\t<meta name=\"twitter:data1\" content=\"teste\" \/>\n\t<meta name=\"twitter:label2\" content=\"Est. tempo de leitura\" \/>\n\t<meta name=\"twitter:data2\" content=\"7 minutos\" \/>\n<script type=\"application\/ld+json\" class=\"yoast-schema-graph\">{\"@context\":\"https:\\\/\\\/schema.org\",\"@graph\":[{\"@type\":\"Article\",\"@id\":\"https:\\\/\\\/blogdofarnesio.com.br\\\/?p=80722#article\",\"isPartOf\":{\"@id\":\"https:\\\/\\\/blogdofarnesio.com.br\\\/?p=80722\"},\"author\":{\"name\":\"teste\",\"@id\":\"https:\\\/\\\/blogdofarnesio.com.br\\\/#\\\/schema\\\/person\\\/dd1bf5eba40b687199ba45ca6b97dff9\"},\"headline\":\"PRODU\u00c7\u00c3O DE MEL AMPLIA RENDA DE PEQUENOS AGRICULTORES NO SEMI\u00c1RIDO BAIANO\",\"datePublished\":\"2014-04-24T17:44:39+00:00\",\"mainEntityOfPage\":{\"@id\":\"https:\\\/\\\/blogdofarnesio.com.br\\\/?p=80722\"},\"wordCount\":1392,\"commentCount\":0,\"publisher\":{\"@id\":\"https:\\\/\\\/blogdofarnesio.com.br\\\/#organization\"},\"image\":{\"@id\":\"https:\\\/\\\/blogdofarnesio.com.br\\\/?p=80722#primaryimage\"},\"thumbnailUrl\":\"http:\\\/\\\/www.quersaberpolitica.com.br\\\/2016\\\/wp-content\\\/uploads\\\/2013\\\/05\\\/blogqsp.abelha.jpg\",\"articleSection\":[\"Agricultura\",\"Cidades\"],\"inLanguage\":\"pt-BR\",\"potentialAction\":[{\"@type\":\"CommentAction\",\"name\":\"Comment\",\"target\":[\"https:\\\/\\\/blogdofarnesio.com.br\\\/?p=80722#respond\"]}]},{\"@type\":\"WebPage\",\"@id\":\"https:\\\/\\\/blogdofarnesio.com.br\\\/?p=80722\",\"url\":\"https:\\\/\\\/blogdofarnesio.com.br\\\/?p=80722\",\"name\":\"PRODU\u00c7\u00c3O DE MEL AMPLIA RENDA DE PEQUENOS AGRICULTORES NO SEMI\u00c1RIDO BAIANO - Blog do Farn\u00e9sio\",\"isPartOf\":{\"@id\":\"https:\\\/\\\/blogdofarnesio.com.br\\\/#website\"},\"primaryImageOfPage\":{\"@id\":\"https:\\\/\\\/blogdofarnesio.com.br\\\/?p=80722#primaryimage\"},\"image\":{\"@id\":\"https:\\\/\\\/blogdofarnesio.com.br\\\/?p=80722#primaryimage\"},\"thumbnailUrl\":\"http:\\\/\\\/www.quersaberpolitica.com.br\\\/2016\\\/wp-content\\\/uploads\\\/2013\\\/05\\\/blogqsp.abelha.jpg\",\"datePublished\":\"2014-04-24T17:44:39+00:00\",\"breadcrumb\":{\"@id\":\"https:\\\/\\\/blogdofarnesio.com.br\\\/?p=80722#breadcrumb\"},\"inLanguage\":\"pt-BR\",\"potentialAction\":[{\"@type\":\"ReadAction\",\"target\":[\"https:\\\/\\\/blogdofarnesio.com.br\\\/?p=80722\"]}]},{\"@type\":\"ImageObject\",\"inLanguage\":\"pt-BR\",\"@id\":\"https:\\\/\\\/blogdofarnesio.com.br\\\/?p=80722#primaryimage\",\"url\":\"http:\\\/\\\/www.quersaberpolitica.com.br\\\/2016\\\/wp-content\\\/uploads\\\/2013\\\/05\\\/blogqsp.abelha.jpg\",\"contentUrl\":\"http:\\\/\\\/www.quersaberpolitica.com.br\\\/2016\\\/wp-content\\\/uploads\\\/2013\\\/05\\\/blogqsp.abelha.jpg\"},{\"@type\":\"BreadcrumbList\",\"@id\":\"https:\\\/\\\/blogdofarnesio.com.br\\\/?p=80722#breadcrumb\",\"itemListElement\":[{\"@type\":\"ListItem\",\"position\":1,\"name\":\"In\u00edcio\",\"item\":\"https:\\\/\\\/blogdofarnesio.com.br\\\/\"},{\"@type\":\"ListItem\",\"position\":2,\"name\":\"PRODU\u00c7\u00c3O DE MEL AMPLIA RENDA DE PEQUENOS AGRICULTORES NO SEMI\u00c1RIDO BAIANO\"}]},{\"@type\":\"WebSite\",\"@id\":\"https:\\\/\\\/blogdofarnesio.com.br\\\/#website\",\"url\":\"https:\\\/\\\/blogdofarnesio.com.br\\\/\",\"name\":\"Blog do Farn\u00e9sio\",\"description\":\"Quer Saber Pol\u00edtica?\",\"publisher\":{\"@id\":\"https:\\\/\\\/blogdofarnesio.com.br\\\/#organization\"},\"potentialAction\":[{\"@type\":\"SearchAction\",\"target\":{\"@type\":\"EntryPoint\",\"urlTemplate\":\"https:\\\/\\\/blogdofarnesio.com.br\\\/?s={search_term_string}\"},\"query-input\":{\"@type\":\"PropertyValueSpecification\",\"valueRequired\":true,\"valueName\":\"search_term_string\"}}],\"inLanguage\":\"pt-BR\"},{\"@type\":\"Organization\",\"@id\":\"https:\\\/\\\/blogdofarnesio.com.br\\\/#organization\",\"name\":\"Blog do Farn\u00e9sio\",\"url\":\"https:\\\/\\\/blogdofarnesio.com.br\\\/\",\"logo\":{\"@type\":\"ImageObject\",\"inLanguage\":\"pt-BR\",\"@id\":\"https:\\\/\\\/blogdofarnesio.com.br\\\/#\\\/schema\\\/logo\\\/image\\\/\",\"url\":\"https:\\\/\\\/blogdofarnesio.com.br\\\/wp-content\\\/uploads\\\/2026\\\/03\\\/cropped-logo_new-1.png\",\"contentUrl\":\"https:\\\/\\\/blogdofarnesio.com.br\\\/wp-content\\\/uploads\\\/2026\\\/03\\\/cropped-logo_new-1.png\",\"width\":881,\"height\":685,\"caption\":\"Blog do Farn\u00e9sio\"},\"image\":{\"@id\":\"https:\\\/\\\/blogdofarnesio.com.br\\\/#\\\/schema\\\/logo\\\/image\\\/\"},\"sameAs\":[\"https:\\\/\\\/www.facebook.com\\\/BlogQuerSaberPolitica\\\/\"]},{\"@type\":\"Person\",\"@id\":\"https:\\\/\\\/blogdofarnesio.com.br\\\/#\\\/schema\\\/person\\\/dd1bf5eba40b687199ba45ca6b97dff9\",\"name\":\"teste\",\"image\":{\"@type\":\"ImageObject\",\"inLanguage\":\"pt-BR\",\"@id\":\"https:\\\/\\\/secure.gravatar.com\\\/avatar\\\/2172498d4914b51e1d89a0f97957b035ac4938723a5cac208135d389b6972a6d?s=96&d=mm&r=g\",\"url\":\"https:\\\/\\\/secure.gravatar.com\\\/avatar\\\/2172498d4914b51e1d89a0f97957b035ac4938723a5cac208135d389b6972a6d?s=96&d=mm&r=g\",\"contentUrl\":\"https:\\\/\\\/secure.gravatar.com\\\/avatar\\\/2172498d4914b51e1d89a0f97957b035ac4938723a5cac208135d389b6972a6d?s=96&d=mm&r=g\",\"caption\":\"teste\"},\"url\":\"https:\\\/\\\/blogdofarnesio.com.br\\\/?author=3\"}]}<\/script>\n<!-- \/ Yoast SEO plugin. -->","yoast_head_json":{"title":"PRODU\u00c7\u00c3O DE MEL AMPLIA RENDA DE PEQUENOS AGRICULTORES NO SEMI\u00c1RIDO BAIANO - Blog do Farn\u00e9sio","robots":{"index":"index","follow":"follow","max-snippet":"max-snippet:-1","max-image-preview":"max-image-preview:large","max-video-preview":"max-video-preview:-1"},"canonical":"https:\/\/blogdofarnesio.com.br\/?p=80722","og_locale":"pt_BR","og_type":"article","og_title":"PRODU\u00c7\u00c3O DE MEL AMPLIA RENDA DE PEQUENOS AGRICULTORES NO SEMI\u00c1RIDO BAIANO - Blog do Farn\u00e9sio","og_description":"Fam\u00edlias de pequenos agricultores dos munic\u00edpios de Pil\u00e3o Arcado, Remanso e Campo Alegre de Lourdes, no norte baiano, j\u00e1 est\u00e3o criando abelhas, de forma racional, para extra\u00e7\u00e3o e comercializa\u00e7\u00e3o de mel. A atividade come\u00e7ou a ser incentivada pela Companhia de Desenvolvimento dos Vales do S\u00e3o Francisco e do Parna\u00edba (Codevasf) no \u00e2mbito das a\u00e7\u00f5es do eixo de inclus\u00e3o produtiva do Plano Brasil sem Mis\u00e9ria, implantado pelo governo federal em 2011, e que s\u00e3o executadas pela Companhia em parceria com a Secretaria de Desenvolvimento Regional do Minist\u00e9rio da Integra\u00e7\u00e3o Nacional. No munic\u00edpio de Remanso, a 210 quil\u00f4metros de Juazeiro, 159 fam\u00edlias de 27 comunidades rurais foram contempladas com as a\u00e7\u00f5es de apoio a apicultura. O trabalho come\u00e7ou com uma capacita\u00e7\u00e3o que&hellip;","og_url":"https:\/\/blogdofarnesio.com.br\/?p=80722","og_site_name":"Blog do Farn\u00e9sio","article_publisher":"https:\/\/www.facebook.com\/BlogQuerSaberPolitica\/","article_published_time":"2014-04-24T17:44:39+00:00","og_image":[{"url":"http:\/\/www.quersaberpolitica.com.br\/2016\/wp-content\/uploads\/2013\/05\/blogqsp.abelha.jpg","type":"","width":"","height":""}],"author":"teste","twitter_card":"summary_large_image","twitter_misc":{"Escrito por":"teste","Est. tempo de leitura":"7 minutos"},"schema":{"@context":"https:\/\/schema.org","@graph":[{"@type":"Article","@id":"https:\/\/blogdofarnesio.com.br\/?p=80722#article","isPartOf":{"@id":"https:\/\/blogdofarnesio.com.br\/?p=80722"},"author":{"name":"teste","@id":"https:\/\/blogdofarnesio.com.br\/#\/schema\/person\/dd1bf5eba40b687199ba45ca6b97dff9"},"headline":"PRODU\u00c7\u00c3O DE MEL AMPLIA RENDA DE PEQUENOS AGRICULTORES NO SEMI\u00c1RIDO BAIANO","datePublished":"2014-04-24T17:44:39+00:00","mainEntityOfPage":{"@id":"https:\/\/blogdofarnesio.com.br\/?p=80722"},"wordCount":1392,"commentCount":0,"publisher":{"@id":"https:\/\/blogdofarnesio.com.br\/#organization"},"image":{"@id":"https:\/\/blogdofarnesio.com.br\/?p=80722#primaryimage"},"thumbnailUrl":"http:\/\/www.quersaberpolitica.com.br\/2016\/wp-content\/uploads\/2013\/05\/blogqsp.abelha.jpg","articleSection":["Agricultura","Cidades"],"inLanguage":"pt-BR","potentialAction":[{"@type":"CommentAction","name":"Comment","target":["https:\/\/blogdofarnesio.com.br\/?p=80722#respond"]}]},{"@type":"WebPage","@id":"https:\/\/blogdofarnesio.com.br\/?p=80722","url":"https:\/\/blogdofarnesio.com.br\/?p=80722","name":"PRODU\u00c7\u00c3O DE MEL AMPLIA RENDA DE PEQUENOS AGRICULTORES NO SEMI\u00c1RIDO BAIANO - Blog do Farn\u00e9sio","isPartOf":{"@id":"https:\/\/blogdofarnesio.com.br\/#website"},"primaryImageOfPage":{"@id":"https:\/\/blogdofarnesio.com.br\/?p=80722#primaryimage"},"image":{"@id":"https:\/\/blogdofarnesio.com.br\/?p=80722#primaryimage"},"thumbnailUrl":"http:\/\/www.quersaberpolitica.com.br\/2016\/wp-content\/uploads\/2013\/05\/blogqsp.abelha.jpg","datePublished":"2014-04-24T17:44:39+00:00","breadcrumb":{"@id":"https:\/\/blogdofarnesio.com.br\/?p=80722#breadcrumb"},"inLanguage":"pt-BR","potentialAction":[{"@type":"ReadAction","target":["https:\/\/blogdofarnesio.com.br\/?p=80722"]}]},{"@type":"ImageObject","inLanguage":"pt-BR","@id":"https:\/\/blogdofarnesio.com.br\/?p=80722#primaryimage","url":"http:\/\/www.quersaberpolitica.com.br\/2016\/wp-content\/uploads\/2013\/05\/blogqsp.abelha.jpg","contentUrl":"http:\/\/www.quersaberpolitica.com.br\/2016\/wp-content\/uploads\/2013\/05\/blogqsp.abelha.jpg"},{"@type":"BreadcrumbList","@id":"https:\/\/blogdofarnesio.com.br\/?p=80722#breadcrumb","itemListElement":[{"@type":"ListItem","position":1,"name":"In\u00edcio","item":"https:\/\/blogdofarnesio.com.br\/"},{"@type":"ListItem","position":2,"name":"PRODU\u00c7\u00c3O DE MEL AMPLIA RENDA DE PEQUENOS AGRICULTORES NO SEMI\u00c1RIDO BAIANO"}]},{"@type":"WebSite","@id":"https:\/\/blogdofarnesio.com.br\/#website","url":"https:\/\/blogdofarnesio.com.br\/","name":"Blog do Farn\u00e9sio","description":"Quer Saber Pol\u00edtica?","publisher":{"@id":"https:\/\/blogdofarnesio.com.br\/#organization"},"potentialAction":[{"@type":"SearchAction","target":{"@type":"EntryPoint","urlTemplate":"https:\/\/blogdofarnesio.com.br\/?s={search_term_string}"},"query-input":{"@type":"PropertyValueSpecification","valueRequired":true,"valueName":"search_term_string"}}],"inLanguage":"pt-BR"},{"@type":"Organization","@id":"https:\/\/blogdofarnesio.com.br\/#organization","name":"Blog do Farn\u00e9sio","url":"https:\/\/blogdofarnesio.com.br\/","logo":{"@type":"ImageObject","inLanguage":"pt-BR","@id":"https:\/\/blogdofarnesio.com.br\/#\/schema\/logo\/image\/","url":"https:\/\/blogdofarnesio.com.br\/wp-content\/uploads\/2026\/03\/cropped-logo_new-1.png","contentUrl":"https:\/\/blogdofarnesio.com.br\/wp-content\/uploads\/2026\/03\/cropped-logo_new-1.png","width":881,"height":685,"caption":"Blog do Farn\u00e9sio"},"image":{"@id":"https:\/\/blogdofarnesio.com.br\/#\/schema\/logo\/image\/"},"sameAs":["https:\/\/www.facebook.com\/BlogQuerSaberPolitica\/"]},{"@type":"Person","@id":"https:\/\/blogdofarnesio.com.br\/#\/schema\/person\/dd1bf5eba40b687199ba45ca6b97dff9","name":"teste","image":{"@type":"ImageObject","inLanguage":"pt-BR","@id":"https:\/\/secure.gravatar.com\/avatar\/2172498d4914b51e1d89a0f97957b035ac4938723a5cac208135d389b6972a6d?s=96&d=mm&r=g","url":"https:\/\/secure.gravatar.com\/avatar\/2172498d4914b51e1d89a0f97957b035ac4938723a5cac208135d389b6972a6d?s=96&d=mm&r=g","contentUrl":"https:\/\/secure.gravatar.com\/avatar\/2172498d4914b51e1d89a0f97957b035ac4938723a5cac208135d389b6972a6d?s=96&d=mm&r=g","caption":"teste"},"url":"https:\/\/blogdofarnesio.com.br\/?author=3"}]}},"_links":{"self":[{"href":"https:\/\/blogdofarnesio.com.br\/index.php?rest_route=\/wp\/v2\/posts\/80722","targetHints":{"allow":["GET"]}}],"collection":[{"href":"https:\/\/blogdofarnesio.com.br\/index.php?rest_route=\/wp\/v2\/posts"}],"about":[{"href":"https:\/\/blogdofarnesio.com.br\/index.php?rest_route=\/wp\/v2\/types\/post"}],"author":[{"embeddable":true,"href":"https:\/\/blogdofarnesio.com.br\/index.php?rest_route=\/wp\/v2\/users\/3"}],"replies":[{"embeddable":true,"href":"https:\/\/blogdofarnesio.com.br\/index.php?rest_route=%2Fwp%2Fv2%2Fcomments&post=80722"}],"version-history":[{"count":0,"href":"https:\/\/blogdofarnesio.com.br\/index.php?rest_route=\/wp\/v2\/posts\/80722\/revisions"}],"wp:attachment":[{"href":"https:\/\/blogdofarnesio.com.br\/index.php?rest_route=%2Fwp%2Fv2%2Fmedia&parent=80722"}],"wp:term":[{"taxonomy":"category","embeddable":true,"href":"https:\/\/blogdofarnesio.com.br\/index.php?rest_route=%2Fwp%2Fv2%2Fcategories&post=80722"},{"taxonomy":"post_tag","embeddable":true,"href":"https:\/\/blogdofarnesio.com.br\/index.php?rest_route=%2Fwp%2Fv2%2Ftags&post=80722"}],"curies":[{"name":"wp","href":"https:\/\/api.w.org\/{rel}","templated":true}]}}