{"id":80717,"date":"2014-04-24T07:43:31","date_gmt":"2014-04-24T10:43:31","guid":{"rendered":"http:\/\/www.quersaberpolitica.com.br\/?p=80717"},"modified":"2014-04-23T20:30:09","modified_gmt":"2014-04-23T23:30:09","slug":"sedesa-oferece-curso-para-novos-empreendedores","status":"publish","type":"post","link":"https:\/\/blogdofarnesio.com.br\/2014\/04\/sedesa-oferece-curso-para-novos-empreendedores\/","title":{"rendered":"SEDESA OFERECE CURSO PARA NOVOS EMPREENDEDORES"},"content":{"rendered":"<p style=\"text-align: justify\"><a href=\"http:\/\/www.quersaberpolitica.com.br\/2016\/wp-content\/uploads\/2013\/01\/blogqspconcurso.jpg\"><img loading=\"lazy\" decoding=\"async\" class=\"size-full wp-image-22329 alignleft\" alt=\"blogqspconcurso\" src=\"http:\/\/www.quersaberpolitica.com.br\/2016\/wp-content\/uploads\/2013\/01\/blogqspconcurso.jpg\" width=\"262\" height=\"193\" \/><\/a>A Secretaria Municipal de Desenvolvimento Econ\u00f4mico e Agr\u00e1rio \u2013 Sedesa- vai realizar, atrav\u00e9s de parceria com o SEBRAE, uma s\u00e9rie de oficinas destinadas \u00e0 microempreendedores individuais e pessoas que desejem empreender.<\/p>\n<p style=\"text-align: justify\">A participa\u00e7\u00e3o nas aulas \u00e9 gratuita e os interessados podem se inscrever na sede do SEBRAE. As oficinas acontecer\u00e3o nestes dias 24, 29 e 30 de abril.<\/p>\n<p style=\"text-align: justify\">O objetivo dos cursos \u00e9 estimular o empreendedorismo e disponibilizar informa\u00e7\u00f5es para quem pretende investir no pr\u00f3prio neg\u00f3cio. As aulas, ministradas por consultores do SEBRAE, t\u00eam conte\u00fado voltado para compras, vendas, planejamento e empreendedorismo.<!--more--><\/p>\n<p style=\"text-align: justify\">\u00a0De acordo com o secret\u00e1rio de Desenvolvimento Econ\u00f4mico e Agr\u00e1rio, Jorge Assun\u00e7\u00e3o, a parceria com o SEBRAE \u00e9 um passo para que a Prefeitura de Petrolina ofere\u00e7a ferramentas para que novos neg\u00f3cios sejam criados na cidade. \u201cEssas oficinas s\u00e3o a porta de entrada para aquelas pessoas que querem investir em algo pr\u00f3prio e n\u00e3o sabem por onde come\u00e7ar. O est\u00edmulo ao empreendedorismo \u00e9 uma forma de movimentar a economia de Petrolina, j\u00e1 que \u00e9 uma possibilidade de surgimento de novas empresas\u201d, considerou o secret\u00e1rio.<\/p>\n<p style=\"text-align: justify\">Os futuros empreendedores t\u00eam ainda a possibilidade de abrir suas empresas em menos tempo. Isso \u00e9 permitido atrav\u00e9s da rede SIM, instrumento criado pelo Governo Federal e adotado pela gest\u00e3o do Prefeito Julio Lossio, que desburocratiza a abertura de empresas, fazendo com que atrav\u00e9s da informatiza\u00e7\u00e3o dos processos, o tempo de conclus\u00e3o chegue a 24h.<\/p>\n<p style=\"text-align: justify\">Servi\u00e7o:<\/p>\n<p style=\"text-align: justify\">Oficinas sobre empreendedorismo<\/p>\n<p style=\"text-align: justify\">Datas: 23, 24, 29 e 30 de abril<\/p>\n<p style=\"text-align: justify\">Hor\u00e1rio: 19h \u00e0s 22<\/p>\n<p style=\"text-align: justify\">Local: Audit\u00f3rio do SEBRAE<\/p>\n<p style=\"text-align: justify\">Inscri\u00e7\u00f5es: Gratuitas \u2013 Sede do SEBRAE<\/p>\n<p style=\"text-align: justify\">Informa\u00e7\u00f5es: (87)2101-8900<\/p>\n<p style=\"text-align: justify\">Texto: Thirza Santos<\/p>\n","protected":false},"excerpt":{"rendered":"<p>A Secretaria Municipal de Desenvolvimento Econ\u00f4mico e Agr\u00e1rio \u2013 Sedesa- vai realizar, atrav\u00e9s de parceria com o SEBRAE, uma s\u00e9rie de oficinas destinadas \u00e0 microempreendedores individuais e pessoas que desejem empreender. A participa\u00e7\u00e3o nas aulas \u00e9 gratuita e os interessados podem se inscrever na sede do SEBRAE. As oficinas acontecer\u00e3o nestes dias 24, 29 e 30 de abril. O objetivo dos cursos \u00e9 estimular o empreendedorismo e disponibilizar informa\u00e7\u00f5es para quem pretende investir no pr\u00f3prio neg\u00f3cio. As aulas, ministradas por consultores do SEBRAE, t\u00eam conte\u00fado voltado para compras, vendas, planejamento e empreendedorismo.<\/p>\n","protected":false},"author":3,"featured_media":0,"comment_status":"open","ping_status":"open","sticky":false,"template":"","format":"standard","meta":{"_acf_changed":false,"footnotes":""},"categories":[6],"tags":[],"class_list":["post-80717","post","type-post","status-publish","format-standard","hentry","category-educacao"],"acf":[],"yoast_head":"<!-- This site is optimized with the Yoast SEO plugin v27.5 - https:\/\/yoast.com\/product\/yoast-seo-wordpress\/ -->\n<title>SEDESA OFERECE CURSO PARA NOVOS EMPREENDEDORES - Blog do Farn\u00e9sio<\/title>\n<meta name=\"robots\" content=\"index, follow, max-snippet:-1, max-image-preview:large, max-video-preview:-1\" \/>\n<link rel=\"canonical\" href=\"https:\/\/blogdofarnesio.com.br\/2014\/04\/sedesa-oferece-curso-para-novos-empreendedores\/\" \/>\n<meta property=\"og:locale\" content=\"pt_BR\" \/>\n<meta property=\"og:type\" content=\"article\" \/>\n<meta property=\"og:title\" content=\"SEDESA OFERECE CURSO PARA NOVOS EMPREENDEDORES - Blog do Farn\u00e9sio\" \/>\n<meta property=\"og:description\" content=\"A Secretaria Municipal de Desenvolvimento Econ\u00f4mico e Agr\u00e1rio \u2013 Sedesa- vai realizar, atrav\u00e9s de parceria com o SEBRAE, uma s\u00e9rie de oficinas destinadas \u00e0 microempreendedores individuais e pessoas que desejem empreender. A participa\u00e7\u00e3o nas aulas \u00e9 gratuita e os interessados podem se inscrever na sede do SEBRAE. As oficinas acontecer\u00e3o nestes dias 24, 29 e 30 de abril. O objetivo dos cursos \u00e9 estimular o empreendedorismo e disponibilizar informa\u00e7\u00f5es para quem pretende investir no pr\u00f3prio neg\u00f3cio. As aulas, ministradas por consultores do SEBRAE, t\u00eam conte\u00fado voltado para compras, vendas, planejamento e empreendedorismo.\" \/>\n<meta property=\"og:url\" content=\"https:\/\/blogdofarnesio.com.br\/2014\/04\/sedesa-oferece-curso-para-novos-empreendedores\/\" \/>\n<meta property=\"og:site_name\" content=\"Blog do Farn\u00e9sio\" \/>\n<meta property=\"article:publisher\" content=\"https:\/\/www.facebook.com\/BlogQuerSaberPolitica\/\" \/>\n<meta property=\"article:published_time\" content=\"2014-04-24T10:43:31+00:00\" \/>\n<meta property=\"og:image\" content=\"http:\/\/www.quersaberpolitica.com.br\/2016\/wp-content\/uploads\/2013\/01\/blogqspconcurso.jpg\" \/>\n<meta name=\"author\" content=\"teste\" \/>\n<meta name=\"twitter:card\" content=\"summary_large_image\" \/>\n<meta name=\"twitter:label1\" content=\"Escrito por\" \/>\n\t<meta name=\"twitter:data1\" content=\"teste\" \/>\n\t<meta name=\"twitter:label2\" content=\"Est. tempo de leitura\" \/>\n\t<meta name=\"twitter:data2\" content=\"1 minuto\" \/>\n<script type=\"application\/ld+json\" class=\"yoast-schema-graph\">{\"@context\":\"https:\\\/\\\/schema.org\",\"@graph\":[{\"@type\":\"Article\",\"@id\":\"https:\\\/\\\/blogdofarnesio.com.br\\\/2014\\\/04\\\/sedesa-oferece-curso-para-novos-empreendedores\\\/#article\",\"isPartOf\":{\"@id\":\"https:\\\/\\\/blogdofarnesio.com.br\\\/2014\\\/04\\\/sedesa-oferece-curso-para-novos-empreendedores\\\/\"},\"author\":{\"name\":\"teste\",\"@id\":\"https:\\\/\\\/blogdofarnesio.com.br\\\/#\\\/schema\\\/person\\\/dd1bf5eba40b687199ba45ca6b97dff9\"},\"headline\":\"SEDESA OFERECE CURSO PARA NOVOS EMPREENDEDORES\",\"datePublished\":\"2014-04-24T10:43:31+00:00\",\"mainEntityOfPage\":{\"@id\":\"https:\\\/\\\/blogdofarnesio.com.br\\\/2014\\\/04\\\/sedesa-oferece-curso-para-novos-empreendedores\\\/\"},\"wordCount\":285,\"commentCount\":0,\"publisher\":{\"@id\":\"https:\\\/\\\/blogdofarnesio.com.br\\\/#organization\"},\"image\":{\"@id\":\"https:\\\/\\\/blogdofarnesio.com.br\\\/2014\\\/04\\\/sedesa-oferece-curso-para-novos-empreendedores\\\/#primaryimage\"},\"thumbnailUrl\":\"http:\\\/\\\/www.quersaberpolitica.com.br\\\/2016\\\/wp-content\\\/uploads\\\/2013\\\/01\\\/blogqspconcurso.jpg\",\"articleSection\":[\"Educa\u00e7\u00e3o\"],\"inLanguage\":\"pt-BR\",\"potentialAction\":[{\"@type\":\"CommentAction\",\"name\":\"Comment\",\"target\":[\"https:\\\/\\\/blogdofarnesio.com.br\\\/2014\\\/04\\\/sedesa-oferece-curso-para-novos-empreendedores\\\/#respond\"]}]},{\"@type\":\"WebPage\",\"@id\":\"https:\\\/\\\/blogdofarnesio.com.br\\\/2014\\\/04\\\/sedesa-oferece-curso-para-novos-empreendedores\\\/\",\"url\":\"https:\\\/\\\/blogdofarnesio.com.br\\\/2014\\\/04\\\/sedesa-oferece-curso-para-novos-empreendedores\\\/\",\"name\":\"SEDESA OFERECE CURSO PARA NOVOS EMPREENDEDORES - Blog do Farn\u00e9sio\",\"isPartOf\":{\"@id\":\"https:\\\/\\\/blogdofarnesio.com.br\\\/#website\"},\"primaryImageOfPage\":{\"@id\":\"https:\\\/\\\/blogdofarnesio.com.br\\\/2014\\\/04\\\/sedesa-oferece-curso-para-novos-empreendedores\\\/#primaryimage\"},\"image\":{\"@id\":\"https:\\\/\\\/blogdofarnesio.com.br\\\/2014\\\/04\\\/sedesa-oferece-curso-para-novos-empreendedores\\\/#primaryimage\"},\"thumbnailUrl\":\"http:\\\/\\\/www.quersaberpolitica.com.br\\\/2016\\\/wp-content\\\/uploads\\\/2013\\\/01\\\/blogqspconcurso.jpg\",\"datePublished\":\"2014-04-24T10:43:31+00:00\",\"breadcrumb\":{\"@id\":\"https:\\\/\\\/blogdofarnesio.com.br\\\/2014\\\/04\\\/sedesa-oferece-curso-para-novos-empreendedores\\\/#breadcrumb\"},\"inLanguage\":\"pt-BR\",\"potentialAction\":[{\"@type\":\"ReadAction\",\"target\":[\"https:\\\/\\\/blogdofarnesio.com.br\\\/2014\\\/04\\\/sedesa-oferece-curso-para-novos-empreendedores\\\/\"]}]},{\"@type\":\"ImageObject\",\"inLanguage\":\"pt-BR\",\"@id\":\"https:\\\/\\\/blogdofarnesio.com.br\\\/2014\\\/04\\\/sedesa-oferece-curso-para-novos-empreendedores\\\/#primaryimage\",\"url\":\"http:\\\/\\\/www.quersaberpolitica.com.br\\\/2016\\\/wp-content\\\/uploads\\\/2013\\\/01\\\/blogqspconcurso.jpg\",\"contentUrl\":\"http:\\\/\\\/www.quersaberpolitica.com.br\\\/2016\\\/wp-content\\\/uploads\\\/2013\\\/01\\\/blogqspconcurso.jpg\"},{\"@type\":\"BreadcrumbList\",\"@id\":\"https:\\\/\\\/blogdofarnesio.com.br\\\/2014\\\/04\\\/sedesa-oferece-curso-para-novos-empreendedores\\\/#breadcrumb\",\"itemListElement\":[{\"@type\":\"ListItem\",\"position\":1,\"name\":\"In\u00edcio\",\"item\":\"https:\\\/\\\/blogdofarnesio.com.br\\\/\"},{\"@type\":\"ListItem\",\"position\":2,\"name\":\"SEDESA OFERECE CURSO PARA NOVOS EMPREENDEDORES\"}]},{\"@type\":\"WebSite\",\"@id\":\"https:\\\/\\\/blogdofarnesio.com.br\\\/#website\",\"url\":\"https:\\\/\\\/blogdofarnesio.com.br\\\/\",\"name\":\"Blog do Farn\u00e9sio\",\"description\":\"Quer Saber Pol\u00edtica?\",\"publisher\":{\"@id\":\"https:\\\/\\\/blogdofarnesio.com.br\\\/#organization\"},\"potentialAction\":[{\"@type\":\"SearchAction\",\"target\":{\"@type\":\"EntryPoint\",\"urlTemplate\":\"https:\\\/\\\/blogdofarnesio.com.br\\\/?s={search_term_string}\"},\"query-input\":{\"@type\":\"PropertyValueSpecification\",\"valueRequired\":true,\"valueName\":\"search_term_string\"}}],\"inLanguage\":\"pt-BR\"},{\"@type\":\"Organization\",\"@id\":\"https:\\\/\\\/blogdofarnesio.com.br\\\/#organization\",\"name\":\"Blog do Farn\u00e9sio\",\"url\":\"https:\\\/\\\/blogdofarnesio.com.br\\\/\",\"logo\":{\"@type\":\"ImageObject\",\"inLanguage\":\"pt-BR\",\"@id\":\"https:\\\/\\\/blogdofarnesio.com.br\\\/#\\\/schema\\\/logo\\\/image\\\/\",\"url\":\"https:\\\/\\\/blogdofarnesio.com.br\\\/wp-content\\\/uploads\\\/2026\\\/03\\\/cropped-logo_new-1.png\",\"contentUrl\":\"https:\\\/\\\/blogdofarnesio.com.br\\\/wp-content\\\/uploads\\\/2026\\\/03\\\/cropped-logo_new-1.png\",\"width\":881,\"height\":685,\"caption\":\"Blog do Farn\u00e9sio\"},\"image\":{\"@id\":\"https:\\\/\\\/blogdofarnesio.com.br\\\/#\\\/schema\\\/logo\\\/image\\\/\"},\"sameAs\":[\"https:\\\/\\\/www.facebook.com\\\/BlogQuerSaberPolitica\\\/\"]},{\"@type\":\"Person\",\"@id\":\"https:\\\/\\\/blogdofarnesio.com.br\\\/#\\\/schema\\\/person\\\/dd1bf5eba40b687199ba45ca6b97dff9\",\"name\":\"teste\",\"image\":{\"@type\":\"ImageObject\",\"inLanguage\":\"pt-BR\",\"@id\":\"https:\\\/\\\/secure.gravatar.com\\\/avatar\\\/2172498d4914b51e1d89a0f97957b035ac4938723a5cac208135d389b6972a6d?s=96&d=mm&r=g\",\"url\":\"https:\\\/\\\/secure.gravatar.com\\\/avatar\\\/2172498d4914b51e1d89a0f97957b035ac4938723a5cac208135d389b6972a6d?s=96&d=mm&r=g\",\"contentUrl\":\"https:\\\/\\\/secure.gravatar.com\\\/avatar\\\/2172498d4914b51e1d89a0f97957b035ac4938723a5cac208135d389b6972a6d?s=96&d=mm&r=g\",\"caption\":\"teste\"},\"url\":\"https:\\\/\\\/blogdofarnesio.com.br\\\/author\\\/teste\\\/\"}]}<\/script>\n<!-- \/ Yoast SEO plugin. -->","yoast_head_json":{"title":"SEDESA OFERECE CURSO PARA NOVOS EMPREENDEDORES - Blog do Farn\u00e9sio","robots":{"index":"index","follow":"follow","max-snippet":"max-snippet:-1","max-image-preview":"max-image-preview:large","max-video-preview":"max-video-preview:-1"},"canonical":"https:\/\/blogdofarnesio.com.br\/2014\/04\/sedesa-oferece-curso-para-novos-empreendedores\/","og_locale":"pt_BR","og_type":"article","og_title":"SEDESA OFERECE CURSO PARA NOVOS EMPREENDEDORES - Blog do Farn\u00e9sio","og_description":"A Secretaria Municipal de Desenvolvimento Econ\u00f4mico e Agr\u00e1rio \u2013 Sedesa- vai realizar, atrav\u00e9s de parceria com o SEBRAE, uma s\u00e9rie de oficinas destinadas \u00e0 microempreendedores individuais e pessoas que desejem empreender. A participa\u00e7\u00e3o nas aulas \u00e9 gratuita e os interessados podem se inscrever na sede do SEBRAE. As oficinas acontecer\u00e3o nestes dias 24, 29 e 30 de abril. O objetivo dos cursos \u00e9 estimular o empreendedorismo e disponibilizar informa\u00e7\u00f5es para quem pretende investir no pr\u00f3prio neg\u00f3cio. As aulas, ministradas por consultores do SEBRAE, t\u00eam conte\u00fado voltado para compras, vendas, planejamento e empreendedorismo.","og_url":"https:\/\/blogdofarnesio.com.br\/2014\/04\/sedesa-oferece-curso-para-novos-empreendedores\/","og_site_name":"Blog do Farn\u00e9sio","article_publisher":"https:\/\/www.facebook.com\/BlogQuerSaberPolitica\/","article_published_time":"2014-04-24T10:43:31+00:00","og_image":[{"url":"http:\/\/www.quersaberpolitica.com.br\/2016\/wp-content\/uploads\/2013\/01\/blogqspconcurso.jpg","type":"","width":"","height":""}],"author":"teste","twitter_card":"summary_large_image","twitter_misc":{"Escrito por":"teste","Est. tempo de leitura":"1 minuto"},"schema":{"@context":"https:\/\/schema.org","@graph":[{"@type":"Article","@id":"https:\/\/blogdofarnesio.com.br\/2014\/04\/sedesa-oferece-curso-para-novos-empreendedores\/#article","isPartOf":{"@id":"https:\/\/blogdofarnesio.com.br\/2014\/04\/sedesa-oferece-curso-para-novos-empreendedores\/"},"author":{"name":"teste","@id":"https:\/\/blogdofarnesio.com.br\/#\/schema\/person\/dd1bf5eba40b687199ba45ca6b97dff9"},"headline":"SEDESA OFERECE CURSO PARA NOVOS EMPREENDEDORES","datePublished":"2014-04-24T10:43:31+00:00","mainEntityOfPage":{"@id":"https:\/\/blogdofarnesio.com.br\/2014\/04\/sedesa-oferece-curso-para-novos-empreendedores\/"},"wordCount":285,"commentCount":0,"publisher":{"@id":"https:\/\/blogdofarnesio.com.br\/#organization"},"image":{"@id":"https:\/\/blogdofarnesio.com.br\/2014\/04\/sedesa-oferece-curso-para-novos-empreendedores\/#primaryimage"},"thumbnailUrl":"http:\/\/www.quersaberpolitica.com.br\/2016\/wp-content\/uploads\/2013\/01\/blogqspconcurso.jpg","articleSection":["Educa\u00e7\u00e3o"],"inLanguage":"pt-BR","potentialAction":[{"@type":"CommentAction","name":"Comment","target":["https:\/\/blogdofarnesio.com.br\/2014\/04\/sedesa-oferece-curso-para-novos-empreendedores\/#respond"]}]},{"@type":"WebPage","@id":"https:\/\/blogdofarnesio.com.br\/2014\/04\/sedesa-oferece-curso-para-novos-empreendedores\/","url":"https:\/\/blogdofarnesio.com.br\/2014\/04\/sedesa-oferece-curso-para-novos-empreendedores\/","name":"SEDESA OFERECE CURSO PARA NOVOS EMPREENDEDORES - Blog do Farn\u00e9sio","isPartOf":{"@id":"https:\/\/blogdofarnesio.com.br\/#website"},"primaryImageOfPage":{"@id":"https:\/\/blogdofarnesio.com.br\/2014\/04\/sedesa-oferece-curso-para-novos-empreendedores\/#primaryimage"},"image":{"@id":"https:\/\/blogdofarnesio.com.br\/2014\/04\/sedesa-oferece-curso-para-novos-empreendedores\/#primaryimage"},"thumbnailUrl":"http:\/\/www.quersaberpolitica.com.br\/2016\/wp-content\/uploads\/2013\/01\/blogqspconcurso.jpg","datePublished":"2014-04-24T10:43:31+00:00","breadcrumb":{"@id":"https:\/\/blogdofarnesio.com.br\/2014\/04\/sedesa-oferece-curso-para-novos-empreendedores\/#breadcrumb"},"inLanguage":"pt-BR","potentialAction":[{"@type":"ReadAction","target":["https:\/\/blogdofarnesio.com.br\/2014\/04\/sedesa-oferece-curso-para-novos-empreendedores\/"]}]},{"@type":"ImageObject","inLanguage":"pt-BR","@id":"https:\/\/blogdofarnesio.com.br\/2014\/04\/sedesa-oferece-curso-para-novos-empreendedores\/#primaryimage","url":"http:\/\/www.quersaberpolitica.com.br\/2016\/wp-content\/uploads\/2013\/01\/blogqspconcurso.jpg","contentUrl":"http:\/\/www.quersaberpolitica.com.br\/2016\/wp-content\/uploads\/2013\/01\/blogqspconcurso.jpg"},{"@type":"BreadcrumbList","@id":"https:\/\/blogdofarnesio.com.br\/2014\/04\/sedesa-oferece-curso-para-novos-empreendedores\/#breadcrumb","itemListElement":[{"@type":"ListItem","position":1,"name":"In\u00edcio","item":"https:\/\/blogdofarnesio.com.br\/"},{"@type":"ListItem","position":2,"name":"SEDESA OFERECE CURSO PARA NOVOS EMPREENDEDORES"}]},{"@type":"WebSite","@id":"https:\/\/blogdofarnesio.com.br\/#website","url":"https:\/\/blogdofarnesio.com.br\/","name":"Blog do Farn\u00e9sio","description":"Quer Saber Pol\u00edtica?","publisher":{"@id":"https:\/\/blogdofarnesio.com.br\/#organization"},"potentialAction":[{"@type":"SearchAction","target":{"@type":"EntryPoint","urlTemplate":"https:\/\/blogdofarnesio.com.br\/?s={search_term_string}"},"query-input":{"@type":"PropertyValueSpecification","valueRequired":true,"valueName":"search_term_string"}}],"inLanguage":"pt-BR"},{"@type":"Organization","@id":"https:\/\/blogdofarnesio.com.br\/#organization","name":"Blog do Farn\u00e9sio","url":"https:\/\/blogdofarnesio.com.br\/","logo":{"@type":"ImageObject","inLanguage":"pt-BR","@id":"https:\/\/blogdofarnesio.com.br\/#\/schema\/logo\/image\/","url":"https:\/\/blogdofarnesio.com.br\/wp-content\/uploads\/2026\/03\/cropped-logo_new-1.png","contentUrl":"https:\/\/blogdofarnesio.com.br\/wp-content\/uploads\/2026\/03\/cropped-logo_new-1.png","width":881,"height":685,"caption":"Blog do Farn\u00e9sio"},"image":{"@id":"https:\/\/blogdofarnesio.com.br\/#\/schema\/logo\/image\/"},"sameAs":["https:\/\/www.facebook.com\/BlogQuerSaberPolitica\/"]},{"@type":"Person","@id":"https:\/\/blogdofarnesio.com.br\/#\/schema\/person\/dd1bf5eba40b687199ba45ca6b97dff9","name":"teste","image":{"@type":"ImageObject","inLanguage":"pt-BR","@id":"https:\/\/secure.gravatar.com\/avatar\/2172498d4914b51e1d89a0f97957b035ac4938723a5cac208135d389b6972a6d?s=96&d=mm&r=g","url":"https:\/\/secure.gravatar.com\/avatar\/2172498d4914b51e1d89a0f97957b035ac4938723a5cac208135d389b6972a6d?s=96&d=mm&r=g","contentUrl":"https:\/\/secure.gravatar.com\/avatar\/2172498d4914b51e1d89a0f97957b035ac4938723a5cac208135d389b6972a6d?s=96&d=mm&r=g","caption":"teste"},"url":"https:\/\/blogdofarnesio.com.br\/author\/teste\/"}]}},"_links":{"self":[{"href":"https:\/\/blogdofarnesio.com.br\/wp-json\/wp\/v2\/posts\/80717","targetHints":{"allow":["GET"]}}],"collection":[{"href":"https:\/\/blogdofarnesio.com.br\/wp-json\/wp\/v2\/posts"}],"about":[{"href":"https:\/\/blogdofarnesio.com.br\/wp-json\/wp\/v2\/types\/post"}],"author":[{"embeddable":true,"href":"https:\/\/blogdofarnesio.com.br\/wp-json\/wp\/v2\/users\/3"}],"replies":[{"embeddable":true,"href":"https:\/\/blogdofarnesio.com.br\/wp-json\/wp\/v2\/comments?post=80717"}],"version-history":[{"count":0,"href":"https:\/\/blogdofarnesio.com.br\/wp-json\/wp\/v2\/posts\/80717\/revisions"}],"wp:attachment":[{"href":"https:\/\/blogdofarnesio.com.br\/wp-json\/wp\/v2\/media?parent=80717"}],"wp:term":[{"taxonomy":"category","embeddable":true,"href":"https:\/\/blogdofarnesio.com.br\/wp-json\/wp\/v2\/categories?post=80717"},{"taxonomy":"post_tag","embeddable":true,"href":"https:\/\/blogdofarnesio.com.br\/wp-json\/wp\/v2\/tags?post=80717"}],"curies":[{"name":"wp","href":"https:\/\/api.w.org\/{rel}","templated":true}]}}