{"id":80470,"date":"2014-04-19T08:33:43","date_gmt":"2014-04-19T11:33:43","guid":{"rendered":"http:\/\/www.quersaberpolitica.com.br\/?p=80470"},"modified":"2014-04-18T22:27:29","modified_gmt":"2014-04-19T01:27:29","slug":"joao-lyra-revoga-decreto-que-beneficiava-usinas","status":"publish","type":"post","link":"https:\/\/blogdofarnesio.com.br\/?p=80470","title":{"rendered":"JO\u00c3O LYRA REVOGA DECRETO QUE BENEFICIAVA USINAS"},"content":{"rendered":"<div style=\"text-align: justify\"><img loading=\"lazy\" decoding=\"async\" class=\"aligncenter\" alt=\": \" src=\"http:\/\/www.brasil247.com\/images\/cache\/1000x357\/crop_0_0_1280_456\/images%7Ccms-image-000367507.jpg\" width=\"480\" height=\"171\" \/>\u00a0<strong>Pe 247 &#8211;\u00a0<\/strong>Quase duas semanas ap\u00f3s tomar posse do Governo de Pernambuco, o governador do Estado, Jo\u00e3o Lyra (PSB), revogou um decreto estipulado pelo seu antecessor, o ex-governador Eduardo Campos (PSB), que se lan\u00e7ou como pr\u00e9-candidato \u00e0 disputa presidencial. Atendendo a um pedido da Procuradoria Geral do Estado (PGE), Lyra suspendeu o perd\u00e3o de d\u00edvidas tribut\u00e1rias e a redu\u00e7\u00e3o de impostos de duas usinas termoel\u00e9tricas de Pernambuco. O decreto havia sido assinado tamb\u00e9m pelo ex-secret\u00e1rio da Fazenda e pr\u00e9-candidato ao Governo de Pernambuco, Paulo C\u00e2mara (PSB).<\/div>\n<div style=\"text-align: justify\">\n<section>\n<div>\n<p>De acordo com o decreto n\u00ba 40.595, do dia 3 de abril, no per\u00edodo de 1\u00ba de janeiro de 2009 at\u00e9 31 de mar\u00e7o de 2014, as usinas que realizassem a compra de \u00f3leo combust\u00edvel com recolhimento antecipado do Imposto Sobre Circula\u00e7\u00e3o de Mercadorias e Servi\u00e7os (ICMS) teriam direito ao ressarcimento do imposto recolhido. Al\u00e9m disso, as usinas teriam direito \u00e0 implanta\u00e7\u00e3o de uma al\u00edquota que reduziria em 7% os pre\u00e7os para a importa\u00e7\u00e3o e a aquisi\u00e7\u00e3o do combust\u00edvel.<!--more--><\/p>\n<p>O material mencionado \u00e9 do tipo OCB1, com baixo teor de enxofre. O combust\u00edvel \u00e9 considerado como a mat\u00e9ria-prima mais poluente do planeta para fins energ\u00e9ticos, e destoa do discurso de desenvolvimento sustent\u00e1vel promovido por Campos e principalmente pela sua vice na chapa, a ex-ministra do Meio Ambiente Marina Silva (PSB).<\/p>\n<p>Se o decreto fosse mantido, a ajuda financeira \u00e0s termel\u00e9tricas poderia abrir espa\u00e7o para questionamentos eleitorais, al\u00e9m de diminuir a arrecada\u00e7\u00e3o do Estado. A maior participa\u00e7\u00e3o das usinas termel\u00e9tricas na arrecada\u00e7\u00e3o justifica nas proje\u00e7\u00f5es \u00e9 justificada, uma vez que a gera\u00e7\u00e3o de energia t\u00e9rmica j\u00e1 superou a energia hidrel\u00e9trica, devido \u00e0 falta de chuvas no interior.<\/p>\n<p>S\u00f3 em 2013, as usinas termel\u00e9tricas foram respons\u00e1veis por um aumento de 17,8% no recolhimento de impostos em Pernambuco juto ao segmento de combust\u00edveis. Em valores reais, o aumento da aquisi\u00e7\u00e3o de \u00f3leo diesel e \u00f3leo combust\u00edvel resultaram, em R$ 360,3 milh\u00f5es a mais em impostos. A aus\u00eancia de uma estimativa da perda de arrecada\u00e7\u00e3o \u00e9 explicada, no Projeto de Lei, pela falta de um calend\u00e1rio fixo de funcionamento para as usinas.<\/p>\n<\/div>\n<\/section>\n<\/div>\n","protected":false},"excerpt":{"rendered":"<p>\u00a0Pe 247 &#8211;\u00a0Quase duas semanas ap\u00f3s tomar posse do Governo de Pernambuco, o governador do Estado, Jo\u00e3o Lyra (PSB), revogou um decreto estipulado pelo seu antecessor, o ex-governador Eduardo Campos (PSB), que se lan\u00e7ou como pr\u00e9-candidato \u00e0 disputa presidencial. Atendendo a um pedido da Procuradoria Geral do Estado (PGE), Lyra suspendeu o perd\u00e3o de d\u00edvidas tribut\u00e1rias e a redu\u00e7\u00e3o de impostos de duas usinas termoel\u00e9tricas de Pernambuco. O decreto havia sido assinado tamb\u00e9m pelo ex-secret\u00e1rio da Fazenda e pr\u00e9-candidato ao Governo de Pernambuco, Paulo C\u00e2mara (PSB). De acordo com o decreto n\u00ba 40.595, do dia 3 de abril, no per\u00edodo de 1\u00ba de janeiro de 2009 at\u00e9 31 de mar\u00e7o de 2014, as usinas que realizassem a compra de \u00f3leo&hellip; <\/p>\n","protected":false},"author":3,"featured_media":0,"comment_status":"open","ping_status":"open","sticky":false,"template":"","format":"standard","meta":{"_acf_changed":false,"footnotes":""},"categories":[1],"tags":[],"class_list":["post-80470","post","type-post","status-publish","format-standard","hentry","category-politica"],"acf":[],"yoast_head":"<!-- This site is optimized with the Yoast SEO plugin v27.4 - https:\/\/yoast.com\/product\/yoast-seo-wordpress\/ -->\n<title>JO\u00c3O LYRA REVOGA DECRETO QUE BENEFICIAVA USINAS - Blog do Farn\u00e9sio<\/title>\n<meta name=\"robots\" content=\"index, follow, max-snippet:-1, max-image-preview:large, max-video-preview:-1\" \/>\n<link rel=\"canonical\" href=\"https:\/\/blogdofarnesio.com.br\/?p=80470\" \/>\n<meta property=\"og:locale\" content=\"pt_BR\" \/>\n<meta property=\"og:type\" content=\"article\" \/>\n<meta property=\"og:title\" content=\"JO\u00c3O LYRA REVOGA DECRETO QUE BENEFICIAVA USINAS - Blog do Farn\u00e9sio\" \/>\n<meta property=\"og:description\" content=\"\u00a0Pe 247 &#8211;\u00a0Quase duas semanas ap\u00f3s tomar posse do Governo de Pernambuco, o governador do Estado, Jo\u00e3o Lyra (PSB), revogou um decreto estipulado pelo seu antecessor, o ex-governador Eduardo Campos (PSB), que se lan\u00e7ou como pr\u00e9-candidato \u00e0 disputa presidencial. Atendendo a um pedido da Procuradoria Geral do Estado (PGE), Lyra suspendeu o perd\u00e3o de d\u00edvidas tribut\u00e1rias e a redu\u00e7\u00e3o de impostos de duas usinas termoel\u00e9tricas de Pernambuco. O decreto havia sido assinado tamb\u00e9m pelo ex-secret\u00e1rio da Fazenda e pr\u00e9-candidato ao Governo de Pernambuco, Paulo C\u00e2mara (PSB). De acordo com o decreto n\u00ba 40.595, do dia 3 de abril, no per\u00edodo de 1\u00ba de janeiro de 2009 at\u00e9 31 de mar\u00e7o de 2014, as usinas que realizassem a compra de \u00f3leo&hellip;\" \/>\n<meta property=\"og:url\" content=\"https:\/\/blogdofarnesio.com.br\/?p=80470\" \/>\n<meta property=\"og:site_name\" content=\"Blog do Farn\u00e9sio\" \/>\n<meta property=\"article:publisher\" content=\"https:\/\/www.facebook.com\/BlogQuerSaberPolitica\/\" \/>\n<meta property=\"article:published_time\" content=\"2014-04-19T11:33:43+00:00\" \/>\n<meta property=\"og:image\" content=\"http:\/\/www.brasil247.com\/images\/cache\/1000x357\/crop_0_0_1280_456\/images%7Ccms-image-000367507.jpg\" \/>\n<meta name=\"author\" content=\"teste\" \/>\n<meta name=\"twitter:card\" content=\"summary_large_image\" \/>\n<meta name=\"twitter:label1\" content=\"Escrito por\" \/>\n\t<meta name=\"twitter:data1\" content=\"teste\" \/>\n\t<meta name=\"twitter:label2\" content=\"Est. tempo de leitura\" \/>\n\t<meta name=\"twitter:data2\" content=\"2 minutos\" \/>\n<script type=\"application\/ld+json\" class=\"yoast-schema-graph\">{\"@context\":\"https:\\\/\\\/schema.org\",\"@graph\":[{\"@type\":\"Article\",\"@id\":\"https:\\\/\\\/blogdofarnesio.com.br\\\/?p=80470#article\",\"isPartOf\":{\"@id\":\"https:\\\/\\\/blogdofarnesio.com.br\\\/?p=80470\"},\"author\":{\"name\":\"teste\",\"@id\":\"https:\\\/\\\/blogdofarnesio.com.br\\\/#\\\/schema\\\/person\\\/dd1bf5eba40b687199ba45ca6b97dff9\"},\"headline\":\"JO\u00c3O LYRA REVOGA DECRETO QUE BENEFICIAVA USINAS\",\"datePublished\":\"2014-04-19T11:33:43+00:00\",\"mainEntityOfPage\":{\"@id\":\"https:\\\/\\\/blogdofarnesio.com.br\\\/?p=80470\"},\"wordCount\":384,\"commentCount\":0,\"publisher\":{\"@id\":\"https:\\\/\\\/blogdofarnesio.com.br\\\/#organization\"},\"image\":{\"@id\":\"https:\\\/\\\/blogdofarnesio.com.br\\\/?p=80470#primaryimage\"},\"thumbnailUrl\":\"http:\\\/\\\/www.brasil247.com\\\/images\\\/cache\\\/1000x357\\\/crop_0_0_1280_456\\\/images%7Ccms-image-000367507.jpg\",\"articleSection\":[\"Pol\u00edtica\"],\"inLanguage\":\"pt-BR\",\"potentialAction\":[{\"@type\":\"CommentAction\",\"name\":\"Comment\",\"target\":[\"https:\\\/\\\/blogdofarnesio.com.br\\\/?p=80470#respond\"]}]},{\"@type\":\"WebPage\",\"@id\":\"https:\\\/\\\/blogdofarnesio.com.br\\\/?p=80470\",\"url\":\"https:\\\/\\\/blogdofarnesio.com.br\\\/?p=80470\",\"name\":\"JO\u00c3O LYRA REVOGA DECRETO QUE BENEFICIAVA USINAS - Blog do Farn\u00e9sio\",\"isPartOf\":{\"@id\":\"https:\\\/\\\/blogdofarnesio.com.br\\\/#website\"},\"primaryImageOfPage\":{\"@id\":\"https:\\\/\\\/blogdofarnesio.com.br\\\/?p=80470#primaryimage\"},\"image\":{\"@id\":\"https:\\\/\\\/blogdofarnesio.com.br\\\/?p=80470#primaryimage\"},\"thumbnailUrl\":\"http:\\\/\\\/www.brasil247.com\\\/images\\\/cache\\\/1000x357\\\/crop_0_0_1280_456\\\/images%7Ccms-image-000367507.jpg\",\"datePublished\":\"2014-04-19T11:33:43+00:00\",\"breadcrumb\":{\"@id\":\"https:\\\/\\\/blogdofarnesio.com.br\\\/?p=80470#breadcrumb\"},\"inLanguage\":\"pt-BR\",\"potentialAction\":[{\"@type\":\"ReadAction\",\"target\":[\"https:\\\/\\\/blogdofarnesio.com.br\\\/?p=80470\"]}]},{\"@type\":\"ImageObject\",\"inLanguage\":\"pt-BR\",\"@id\":\"https:\\\/\\\/blogdofarnesio.com.br\\\/?p=80470#primaryimage\",\"url\":\"http:\\\/\\\/www.brasil247.com\\\/images\\\/cache\\\/1000x357\\\/crop_0_0_1280_456\\\/images%7Ccms-image-000367507.jpg\",\"contentUrl\":\"http:\\\/\\\/www.brasil247.com\\\/images\\\/cache\\\/1000x357\\\/crop_0_0_1280_456\\\/images%7Ccms-image-000367507.jpg\"},{\"@type\":\"BreadcrumbList\",\"@id\":\"https:\\\/\\\/blogdofarnesio.com.br\\\/?p=80470#breadcrumb\",\"itemListElement\":[{\"@type\":\"ListItem\",\"position\":1,\"name\":\"In\u00edcio\",\"item\":\"https:\\\/\\\/blogdofarnesio.com.br\\\/\"},{\"@type\":\"ListItem\",\"position\":2,\"name\":\"JO\u00c3O LYRA REVOGA DECRETO QUE BENEFICIAVA USINAS\"}]},{\"@type\":\"WebSite\",\"@id\":\"https:\\\/\\\/blogdofarnesio.com.br\\\/#website\",\"url\":\"https:\\\/\\\/blogdofarnesio.com.br\\\/\",\"name\":\"Blog do Farn\u00e9sio\",\"description\":\"Quer Saber Pol\u00edtica?\",\"publisher\":{\"@id\":\"https:\\\/\\\/blogdofarnesio.com.br\\\/#organization\"},\"potentialAction\":[{\"@type\":\"SearchAction\",\"target\":{\"@type\":\"EntryPoint\",\"urlTemplate\":\"https:\\\/\\\/blogdofarnesio.com.br\\\/?s={search_term_string}\"},\"query-input\":{\"@type\":\"PropertyValueSpecification\",\"valueRequired\":true,\"valueName\":\"search_term_string\"}}],\"inLanguage\":\"pt-BR\"},{\"@type\":\"Organization\",\"@id\":\"https:\\\/\\\/blogdofarnesio.com.br\\\/#organization\",\"name\":\"Blog do Farn\u00e9sio\",\"url\":\"https:\\\/\\\/blogdofarnesio.com.br\\\/\",\"logo\":{\"@type\":\"ImageObject\",\"inLanguage\":\"pt-BR\",\"@id\":\"https:\\\/\\\/blogdofarnesio.com.br\\\/#\\\/schema\\\/logo\\\/image\\\/\",\"url\":\"https:\\\/\\\/blogdofarnesio.com.br\\\/wp-content\\\/uploads\\\/2026\\\/03\\\/cropped-logo_new-1.png\",\"contentUrl\":\"https:\\\/\\\/blogdofarnesio.com.br\\\/wp-content\\\/uploads\\\/2026\\\/03\\\/cropped-logo_new-1.png\",\"width\":881,\"height\":685,\"caption\":\"Blog do Farn\u00e9sio\"},\"image\":{\"@id\":\"https:\\\/\\\/blogdofarnesio.com.br\\\/#\\\/schema\\\/logo\\\/image\\\/\"},\"sameAs\":[\"https:\\\/\\\/www.facebook.com\\\/BlogQuerSaberPolitica\\\/\"]},{\"@type\":\"Person\",\"@id\":\"https:\\\/\\\/blogdofarnesio.com.br\\\/#\\\/schema\\\/person\\\/dd1bf5eba40b687199ba45ca6b97dff9\",\"name\":\"teste\",\"image\":{\"@type\":\"ImageObject\",\"inLanguage\":\"pt-BR\",\"@id\":\"https:\\\/\\\/secure.gravatar.com\\\/avatar\\\/2172498d4914b51e1d89a0f97957b035ac4938723a5cac208135d389b6972a6d?s=96&d=mm&r=g\",\"url\":\"https:\\\/\\\/secure.gravatar.com\\\/avatar\\\/2172498d4914b51e1d89a0f97957b035ac4938723a5cac208135d389b6972a6d?s=96&d=mm&r=g\",\"contentUrl\":\"https:\\\/\\\/secure.gravatar.com\\\/avatar\\\/2172498d4914b51e1d89a0f97957b035ac4938723a5cac208135d389b6972a6d?s=96&d=mm&r=g\",\"caption\":\"teste\"},\"url\":\"https:\\\/\\\/blogdofarnesio.com.br\\\/?author=3\"}]}<\/script>\n<!-- \/ Yoast SEO plugin. -->","yoast_head_json":{"title":"JO\u00c3O LYRA REVOGA DECRETO QUE BENEFICIAVA USINAS - Blog do Farn\u00e9sio","robots":{"index":"index","follow":"follow","max-snippet":"max-snippet:-1","max-image-preview":"max-image-preview:large","max-video-preview":"max-video-preview:-1"},"canonical":"https:\/\/blogdofarnesio.com.br\/?p=80470","og_locale":"pt_BR","og_type":"article","og_title":"JO\u00c3O LYRA REVOGA DECRETO QUE BENEFICIAVA USINAS - Blog do Farn\u00e9sio","og_description":"\u00a0Pe 247 &#8211;\u00a0Quase duas semanas ap\u00f3s tomar posse do Governo de Pernambuco, o governador do Estado, Jo\u00e3o Lyra (PSB), revogou um decreto estipulado pelo seu antecessor, o ex-governador Eduardo Campos (PSB), que se lan\u00e7ou como pr\u00e9-candidato \u00e0 disputa presidencial. Atendendo a um pedido da Procuradoria Geral do Estado (PGE), Lyra suspendeu o perd\u00e3o de d\u00edvidas tribut\u00e1rias e a redu\u00e7\u00e3o de impostos de duas usinas termoel\u00e9tricas de Pernambuco. O decreto havia sido assinado tamb\u00e9m pelo ex-secret\u00e1rio da Fazenda e pr\u00e9-candidato ao Governo de Pernambuco, Paulo C\u00e2mara (PSB). De acordo com o decreto n\u00ba 40.595, do dia 3 de abril, no per\u00edodo de 1\u00ba de janeiro de 2009 at\u00e9 31 de mar\u00e7o de 2014, as usinas que realizassem a compra de \u00f3leo&hellip;","og_url":"https:\/\/blogdofarnesio.com.br\/?p=80470","og_site_name":"Blog do Farn\u00e9sio","article_publisher":"https:\/\/www.facebook.com\/BlogQuerSaberPolitica\/","article_published_time":"2014-04-19T11:33:43+00:00","og_image":[{"url":"http:\/\/www.brasil247.com\/images\/cache\/1000x357\/crop_0_0_1280_456\/images%7Ccms-image-000367507.jpg","type":"","width":"","height":""}],"author":"teste","twitter_card":"summary_large_image","twitter_misc":{"Escrito por":"teste","Est. tempo de leitura":"2 minutos"},"schema":{"@context":"https:\/\/schema.org","@graph":[{"@type":"Article","@id":"https:\/\/blogdofarnesio.com.br\/?p=80470#article","isPartOf":{"@id":"https:\/\/blogdofarnesio.com.br\/?p=80470"},"author":{"name":"teste","@id":"https:\/\/blogdofarnesio.com.br\/#\/schema\/person\/dd1bf5eba40b687199ba45ca6b97dff9"},"headline":"JO\u00c3O LYRA REVOGA DECRETO QUE BENEFICIAVA USINAS","datePublished":"2014-04-19T11:33:43+00:00","mainEntityOfPage":{"@id":"https:\/\/blogdofarnesio.com.br\/?p=80470"},"wordCount":384,"commentCount":0,"publisher":{"@id":"https:\/\/blogdofarnesio.com.br\/#organization"},"image":{"@id":"https:\/\/blogdofarnesio.com.br\/?p=80470#primaryimage"},"thumbnailUrl":"http:\/\/www.brasil247.com\/images\/cache\/1000x357\/crop_0_0_1280_456\/images%7Ccms-image-000367507.jpg","articleSection":["Pol\u00edtica"],"inLanguage":"pt-BR","potentialAction":[{"@type":"CommentAction","name":"Comment","target":["https:\/\/blogdofarnesio.com.br\/?p=80470#respond"]}]},{"@type":"WebPage","@id":"https:\/\/blogdofarnesio.com.br\/?p=80470","url":"https:\/\/blogdofarnesio.com.br\/?p=80470","name":"JO\u00c3O LYRA REVOGA DECRETO QUE BENEFICIAVA USINAS - Blog do Farn\u00e9sio","isPartOf":{"@id":"https:\/\/blogdofarnesio.com.br\/#website"},"primaryImageOfPage":{"@id":"https:\/\/blogdofarnesio.com.br\/?p=80470#primaryimage"},"image":{"@id":"https:\/\/blogdofarnesio.com.br\/?p=80470#primaryimage"},"thumbnailUrl":"http:\/\/www.brasil247.com\/images\/cache\/1000x357\/crop_0_0_1280_456\/images%7Ccms-image-000367507.jpg","datePublished":"2014-04-19T11:33:43+00:00","breadcrumb":{"@id":"https:\/\/blogdofarnesio.com.br\/?p=80470#breadcrumb"},"inLanguage":"pt-BR","potentialAction":[{"@type":"ReadAction","target":["https:\/\/blogdofarnesio.com.br\/?p=80470"]}]},{"@type":"ImageObject","inLanguage":"pt-BR","@id":"https:\/\/blogdofarnesio.com.br\/?p=80470#primaryimage","url":"http:\/\/www.brasil247.com\/images\/cache\/1000x357\/crop_0_0_1280_456\/images%7Ccms-image-000367507.jpg","contentUrl":"http:\/\/www.brasil247.com\/images\/cache\/1000x357\/crop_0_0_1280_456\/images%7Ccms-image-000367507.jpg"},{"@type":"BreadcrumbList","@id":"https:\/\/blogdofarnesio.com.br\/?p=80470#breadcrumb","itemListElement":[{"@type":"ListItem","position":1,"name":"In\u00edcio","item":"https:\/\/blogdofarnesio.com.br\/"},{"@type":"ListItem","position":2,"name":"JO\u00c3O LYRA REVOGA DECRETO QUE BENEFICIAVA USINAS"}]},{"@type":"WebSite","@id":"https:\/\/blogdofarnesio.com.br\/#website","url":"https:\/\/blogdofarnesio.com.br\/","name":"Blog do Farn\u00e9sio","description":"Quer Saber Pol\u00edtica?","publisher":{"@id":"https:\/\/blogdofarnesio.com.br\/#organization"},"potentialAction":[{"@type":"SearchAction","target":{"@type":"EntryPoint","urlTemplate":"https:\/\/blogdofarnesio.com.br\/?s={search_term_string}"},"query-input":{"@type":"PropertyValueSpecification","valueRequired":true,"valueName":"search_term_string"}}],"inLanguage":"pt-BR"},{"@type":"Organization","@id":"https:\/\/blogdofarnesio.com.br\/#organization","name":"Blog do Farn\u00e9sio","url":"https:\/\/blogdofarnesio.com.br\/","logo":{"@type":"ImageObject","inLanguage":"pt-BR","@id":"https:\/\/blogdofarnesio.com.br\/#\/schema\/logo\/image\/","url":"https:\/\/blogdofarnesio.com.br\/wp-content\/uploads\/2026\/03\/cropped-logo_new-1.png","contentUrl":"https:\/\/blogdofarnesio.com.br\/wp-content\/uploads\/2026\/03\/cropped-logo_new-1.png","width":881,"height":685,"caption":"Blog do Farn\u00e9sio"},"image":{"@id":"https:\/\/blogdofarnesio.com.br\/#\/schema\/logo\/image\/"},"sameAs":["https:\/\/www.facebook.com\/BlogQuerSaberPolitica\/"]},{"@type":"Person","@id":"https:\/\/blogdofarnesio.com.br\/#\/schema\/person\/dd1bf5eba40b687199ba45ca6b97dff9","name":"teste","image":{"@type":"ImageObject","inLanguage":"pt-BR","@id":"https:\/\/secure.gravatar.com\/avatar\/2172498d4914b51e1d89a0f97957b035ac4938723a5cac208135d389b6972a6d?s=96&d=mm&r=g","url":"https:\/\/secure.gravatar.com\/avatar\/2172498d4914b51e1d89a0f97957b035ac4938723a5cac208135d389b6972a6d?s=96&d=mm&r=g","contentUrl":"https:\/\/secure.gravatar.com\/avatar\/2172498d4914b51e1d89a0f97957b035ac4938723a5cac208135d389b6972a6d?s=96&d=mm&r=g","caption":"teste"},"url":"https:\/\/blogdofarnesio.com.br\/?author=3"}]}},"_links":{"self":[{"href":"https:\/\/blogdofarnesio.com.br\/index.php?rest_route=\/wp\/v2\/posts\/80470","targetHints":{"allow":["GET"]}}],"collection":[{"href":"https:\/\/blogdofarnesio.com.br\/index.php?rest_route=\/wp\/v2\/posts"}],"about":[{"href":"https:\/\/blogdofarnesio.com.br\/index.php?rest_route=\/wp\/v2\/types\/post"}],"author":[{"embeddable":true,"href":"https:\/\/blogdofarnesio.com.br\/index.php?rest_route=\/wp\/v2\/users\/3"}],"replies":[{"embeddable":true,"href":"https:\/\/blogdofarnesio.com.br\/index.php?rest_route=%2Fwp%2Fv2%2Fcomments&post=80470"}],"version-history":[{"count":0,"href":"https:\/\/blogdofarnesio.com.br\/index.php?rest_route=\/wp\/v2\/posts\/80470\/revisions"}],"wp:attachment":[{"href":"https:\/\/blogdofarnesio.com.br\/index.php?rest_route=%2Fwp%2Fv2%2Fmedia&parent=80470"}],"wp:term":[{"taxonomy":"category","embeddable":true,"href":"https:\/\/blogdofarnesio.com.br\/index.php?rest_route=%2Fwp%2Fv2%2Fcategories&post=80470"},{"taxonomy":"post_tag","embeddable":true,"href":"https:\/\/blogdofarnesio.com.br\/index.php?rest_route=%2Fwp%2Fv2%2Ftags&post=80470"}],"curies":[{"name":"wp","href":"https:\/\/api.w.org\/{rel}","templated":true}]}}