{"id":80326,"date":"2014-04-17T17:43:32","date_gmt":"2014-04-17T20:43:32","guid":{"rendered":"http:\/\/www.quersaberpolitica.com.br\/?p=80326"},"modified":"2014-04-17T08:44:13","modified_gmt":"2014-04-17T11:44:13","slug":"adab-conscientiza-povoado-sobre-prevencao-de-zoonoses","status":"publish","type":"post","link":"https:\/\/blogdofarnesio.com.br\/?p=80326","title":{"rendered":"ADAB CONSCIENTIZA POVOADO SOBRE PREVEN\u00c7\u00c3O DE ZOONOSES"},"content":{"rendered":"<p style=\"text-align: justify\"><a href=\"http:\/\/www.quersaberpolitica.com.br\/2016\/wp-content\/uploads\/2014\/04\/blogqsp_adapprevine.jpg\"><img loading=\"lazy\" decoding=\"async\" class=\" wp-image-80327 alignleft\" alt=\"blogqsp_adapprevine\" src=\"http:\/\/www.quersaberpolitica.com.br\/2016\/wp-content\/uploads\/2014\/04\/blogqsp_adapprevine.jpg\" width=\"320\" height=\"235\" srcset=\"https:\/\/blogdofarnesio.com.br\/wp-content\/uploads\/2014\/04\/blogqsp_adapprevine.jpg 400w, https:\/\/blogdofarnesio.com.br\/wp-content\/uploads\/2014\/04\/blogqsp_adapprevine-300x220.jpg 300w\" sizes=\"auto, (max-width: 320px) 100vw, 320px\" \/><\/a>A Ag\u00eancia de Defesa Agropecu\u00e1ria da Bahia (Adab), vinculada \u00e0 Secretaria Estadual de Agricultura, participou da primeira Semana Interna de Preven\u00e7\u00e3o de Acidente de Trabalho Rural e Cidadania (SIPATRC) no povoado de Serra Pelada, munic\u00edpio de Caatiba. As a\u00e7\u00f5es beneficiaram mais de 300 pessoas do povoado e adjac\u00eancias, com palestras sobre drogas, cuidados com a sa\u00fade e com o corpo, al\u00e9m de temas ligados \u00e0 preven\u00e7\u00e3o de doen\u00e7as transmiss\u00edveis e n\u00e3o transmiss\u00edveis, e seguran\u00e7a do trabalho.<\/p>\n<p style=\"text-align: justify\">A Adab levou informa\u00e7\u00f5es sobre a defesa sanit\u00e1ria animal, alertando para doen\u00e7as como a Febre Aftosa e zoonoses como a Raiva, Brucelose e Tuberculose. A gerente t\u00e9cnica da Adab de Itapetinga, Alessandra Machado, explicou que as zoonoses s\u00e3o doen\u00e7as de animais que podem ser transmitidas ao ser humano, al\u00e9m de causar grandes impactos econ\u00f4micos. Por isso ela considera a conscientiza\u00e7\u00e3o sanit\u00e1ria o fator primordial para o sucesso da defesa agropecu\u00e1ria baiana. Outro tema abordado foi o uso correto de agrot\u00f3xicos, bem como o descarte correto das embalagens vazias.<\/p>\n<p style=\"text-align: justify\">Em paralelo, no posto de sa\u00fade Madalena Almeida, a Prefeitura de Caatiba ofereceu servi\u00e7os b\u00e1sicos de sa\u00fade, a exemplo de testes de glicemia, aferi\u00e7\u00e3o da press\u00e3o arterial, exames oftalmol\u00f3gicos e aplica\u00e7\u00e3o de fl\u00faor em crian\u00e7as.<\/p>\n<p style=\"text-align: justify\">\u201cEstes eventos levam servi\u00e7os e informa\u00e7\u00f5es \u00e0 comunidade rural e a Adab faz quest\u00e3o de participar ativamente para melhorar a qualidade de vida dos produtores e familiares, sempre em conson\u00e2ncia com a defesa agropecu\u00e1ria\u201d, ressaltou o coordenador regional da Adab de Itapetinga, Roberto Rocha.<\/p>\n<p style=\"text-align: justify\">Os servidores da Adab, Wanda Cunha Peixoto, Alessandra Salles, Cynthia Ribeiro, Ant\u00f4nio Fernandes e Ivani Mendon\u00e7a foram os respons\u00e1veis por repassar as informa\u00e7\u00f5es para os participantes do evento, que foi resultado da parceria entre a Prefeitura de Caatiba, Vulcabr\u00e1s Azaleia, Associa\u00e7\u00f5es de Pequenos Agricultores e Adab.<\/p>\n<p style=\"text-align: justify\">Ascom Adab, 16\/04\/2014<\/p>\n<p style=\"text-align: justify\">noticia.ascom@adab.ba.gov.br<\/p>\n<p>&nbsp;<\/p>\n<p>&nbsp;<\/p>\n","protected":false},"excerpt":{"rendered":"<p>A Ag\u00eancia de Defesa Agropecu\u00e1ria da Bahia (Adab), vinculada \u00e0 Secretaria Estadual de Agricultura, participou da primeira Semana Interna de Preven\u00e7\u00e3o de Acidente de Trabalho Rural e Cidadania (SIPATRC) no povoado de Serra Pelada, munic\u00edpio de Caatiba. As a\u00e7\u00f5es beneficiaram mais de 300 pessoas do povoado e adjac\u00eancias, com palestras sobre drogas, cuidados com a sa\u00fade e com o corpo, al\u00e9m de temas ligados \u00e0 preven\u00e7\u00e3o de doen\u00e7as transmiss\u00edveis e n\u00e3o transmiss\u00edveis, e seguran\u00e7a do trabalho. A Adab levou informa\u00e7\u00f5es sobre a defesa sanit\u00e1ria animal, alertando para doen\u00e7as como a Febre Aftosa e zoonoses como a Raiva, Brucelose e Tuberculose. A gerente t\u00e9cnica da Adab de Itapetinga, Alessandra Machado, explicou que as zoonoses s\u00e3o doen\u00e7as de animais que podem ser&hellip; <\/p>\n","protected":false},"author":3,"featured_media":0,"comment_status":"open","ping_status":"open","sticky":false,"template":"","format":"standard","meta":{"_acf_changed":false,"footnotes":""},"categories":[4],"tags":[],"class_list":["post-80326","post","type-post","status-publish","format-standard","hentry","category-saude"],"acf":[],"yoast_head":"<!-- This site is optimized with the Yoast SEO plugin v27.4 - https:\/\/yoast.com\/product\/yoast-seo-wordpress\/ -->\n<title>ADAB CONSCIENTIZA POVOADO SOBRE PREVEN\u00c7\u00c3O DE ZOONOSES - Blog do Farn\u00e9sio<\/title>\n<meta name=\"robots\" content=\"index, follow, max-snippet:-1, max-image-preview:large, max-video-preview:-1\" \/>\n<link rel=\"canonical\" href=\"https:\/\/blogdofarnesio.com.br\/?p=80326\" \/>\n<meta property=\"og:locale\" content=\"pt_BR\" \/>\n<meta property=\"og:type\" content=\"article\" \/>\n<meta property=\"og:title\" content=\"ADAB CONSCIENTIZA POVOADO SOBRE PREVEN\u00c7\u00c3O DE ZOONOSES - Blog do Farn\u00e9sio\" \/>\n<meta property=\"og:description\" content=\"A Ag\u00eancia de Defesa Agropecu\u00e1ria da Bahia (Adab), vinculada \u00e0 Secretaria Estadual de Agricultura, participou da primeira Semana Interna de Preven\u00e7\u00e3o de Acidente de Trabalho Rural e Cidadania (SIPATRC) no povoado de Serra Pelada, munic\u00edpio de Caatiba. As a\u00e7\u00f5es beneficiaram mais de 300 pessoas do povoado e adjac\u00eancias, com palestras sobre drogas, cuidados com a sa\u00fade e com o corpo, al\u00e9m de temas ligados \u00e0 preven\u00e7\u00e3o de doen\u00e7as transmiss\u00edveis e n\u00e3o transmiss\u00edveis, e seguran\u00e7a do trabalho. A Adab levou informa\u00e7\u00f5es sobre a defesa sanit\u00e1ria animal, alertando para doen\u00e7as como a Febre Aftosa e zoonoses como a Raiva, Brucelose e Tuberculose. A gerente t\u00e9cnica da Adab de Itapetinga, Alessandra Machado, explicou que as zoonoses s\u00e3o doen\u00e7as de animais que podem ser&hellip;\" \/>\n<meta property=\"og:url\" content=\"https:\/\/blogdofarnesio.com.br\/?p=80326\" \/>\n<meta property=\"og:site_name\" content=\"Blog do Farn\u00e9sio\" \/>\n<meta property=\"article:publisher\" content=\"https:\/\/www.facebook.com\/BlogQuerSaberPolitica\/\" \/>\n<meta property=\"article:published_time\" content=\"2014-04-17T20:43:32+00:00\" \/>\n<meta property=\"og:image\" content=\"http:\/\/www.quersaberpolitica.com.br\/2016\/wp-content\/uploads\/2014\/04\/blogqsp_adapprevine.jpg\" \/>\n<meta name=\"author\" content=\"teste\" \/>\n<meta name=\"twitter:card\" content=\"summary_large_image\" \/>\n<meta name=\"twitter:label1\" content=\"Escrito por\" \/>\n\t<meta name=\"twitter:data1\" content=\"teste\" \/>\n\t<meta name=\"twitter:label2\" content=\"Est. tempo de leitura\" \/>\n\t<meta name=\"twitter:data2\" content=\"2 minutos\" \/>\n<script type=\"application\/ld+json\" class=\"yoast-schema-graph\">{\"@context\":\"https:\\\/\\\/schema.org\",\"@graph\":[{\"@type\":\"Article\",\"@id\":\"https:\\\/\\\/blogdofarnesio.com.br\\\/?p=80326#article\",\"isPartOf\":{\"@id\":\"https:\\\/\\\/blogdofarnesio.com.br\\\/?p=80326\"},\"author\":{\"name\":\"teste\",\"@id\":\"https:\\\/\\\/blogdofarnesio.com.br\\\/#\\\/schema\\\/person\\\/dd1bf5eba40b687199ba45ca6b97dff9\"},\"headline\":\"ADAB CONSCIENTIZA POVOADO SOBRE PREVEN\u00c7\u00c3O DE ZOONOSES\",\"datePublished\":\"2014-04-17T20:43:32+00:00\",\"mainEntityOfPage\":{\"@id\":\"https:\\\/\\\/blogdofarnesio.com.br\\\/?p=80326\"},\"wordCount\":350,\"commentCount\":0,\"publisher\":{\"@id\":\"https:\\\/\\\/blogdofarnesio.com.br\\\/#organization\"},\"image\":{\"@id\":\"https:\\\/\\\/blogdofarnesio.com.br\\\/?p=80326#primaryimage\"},\"thumbnailUrl\":\"http:\\\/\\\/www.quersaberpolitica.com.br\\\/2016\\\/wp-content\\\/uploads\\\/2014\\\/04\\\/blogqsp_adapprevine.jpg\",\"articleSection\":[\"Sa\u00fade\"],\"inLanguage\":\"pt-BR\",\"potentialAction\":[{\"@type\":\"CommentAction\",\"name\":\"Comment\",\"target\":[\"https:\\\/\\\/blogdofarnesio.com.br\\\/?p=80326#respond\"]}]},{\"@type\":\"WebPage\",\"@id\":\"https:\\\/\\\/blogdofarnesio.com.br\\\/?p=80326\",\"url\":\"https:\\\/\\\/blogdofarnesio.com.br\\\/?p=80326\",\"name\":\"ADAB CONSCIENTIZA POVOADO SOBRE PREVEN\u00c7\u00c3O DE ZOONOSES - Blog do Farn\u00e9sio\",\"isPartOf\":{\"@id\":\"https:\\\/\\\/blogdofarnesio.com.br\\\/#website\"},\"primaryImageOfPage\":{\"@id\":\"https:\\\/\\\/blogdofarnesio.com.br\\\/?p=80326#primaryimage\"},\"image\":{\"@id\":\"https:\\\/\\\/blogdofarnesio.com.br\\\/?p=80326#primaryimage\"},\"thumbnailUrl\":\"http:\\\/\\\/www.quersaberpolitica.com.br\\\/2016\\\/wp-content\\\/uploads\\\/2014\\\/04\\\/blogqsp_adapprevine.jpg\",\"datePublished\":\"2014-04-17T20:43:32+00:00\",\"breadcrumb\":{\"@id\":\"https:\\\/\\\/blogdofarnesio.com.br\\\/?p=80326#breadcrumb\"},\"inLanguage\":\"pt-BR\",\"potentialAction\":[{\"@type\":\"ReadAction\",\"target\":[\"https:\\\/\\\/blogdofarnesio.com.br\\\/?p=80326\"]}]},{\"@type\":\"ImageObject\",\"inLanguage\":\"pt-BR\",\"@id\":\"https:\\\/\\\/blogdofarnesio.com.br\\\/?p=80326#primaryimage\",\"url\":\"http:\\\/\\\/www.quersaberpolitica.com.br\\\/2016\\\/wp-content\\\/uploads\\\/2014\\\/04\\\/blogqsp_adapprevine.jpg\",\"contentUrl\":\"http:\\\/\\\/www.quersaberpolitica.com.br\\\/2016\\\/wp-content\\\/uploads\\\/2014\\\/04\\\/blogqsp_adapprevine.jpg\"},{\"@type\":\"BreadcrumbList\",\"@id\":\"https:\\\/\\\/blogdofarnesio.com.br\\\/?p=80326#breadcrumb\",\"itemListElement\":[{\"@type\":\"ListItem\",\"position\":1,\"name\":\"In\u00edcio\",\"item\":\"https:\\\/\\\/blogdofarnesio.com.br\\\/\"},{\"@type\":\"ListItem\",\"position\":2,\"name\":\"ADAB CONSCIENTIZA POVOADO SOBRE PREVEN\u00c7\u00c3O DE ZOONOSES\"}]},{\"@type\":\"WebSite\",\"@id\":\"https:\\\/\\\/blogdofarnesio.com.br\\\/#website\",\"url\":\"https:\\\/\\\/blogdofarnesio.com.br\\\/\",\"name\":\"Blog do Farn\u00e9sio\",\"description\":\"Quer Saber Pol\u00edtica?\",\"publisher\":{\"@id\":\"https:\\\/\\\/blogdofarnesio.com.br\\\/#organization\"},\"potentialAction\":[{\"@type\":\"SearchAction\",\"target\":{\"@type\":\"EntryPoint\",\"urlTemplate\":\"https:\\\/\\\/blogdofarnesio.com.br\\\/?s={search_term_string}\"},\"query-input\":{\"@type\":\"PropertyValueSpecification\",\"valueRequired\":true,\"valueName\":\"search_term_string\"}}],\"inLanguage\":\"pt-BR\"},{\"@type\":\"Organization\",\"@id\":\"https:\\\/\\\/blogdofarnesio.com.br\\\/#organization\",\"name\":\"Blog do Farn\u00e9sio\",\"url\":\"https:\\\/\\\/blogdofarnesio.com.br\\\/\",\"logo\":{\"@type\":\"ImageObject\",\"inLanguage\":\"pt-BR\",\"@id\":\"https:\\\/\\\/blogdofarnesio.com.br\\\/#\\\/schema\\\/logo\\\/image\\\/\",\"url\":\"https:\\\/\\\/blogdofarnesio.com.br\\\/wp-content\\\/uploads\\\/2026\\\/03\\\/cropped-logo_new-1.png\",\"contentUrl\":\"https:\\\/\\\/blogdofarnesio.com.br\\\/wp-content\\\/uploads\\\/2026\\\/03\\\/cropped-logo_new-1.png\",\"width\":881,\"height\":685,\"caption\":\"Blog do Farn\u00e9sio\"},\"image\":{\"@id\":\"https:\\\/\\\/blogdofarnesio.com.br\\\/#\\\/schema\\\/logo\\\/image\\\/\"},\"sameAs\":[\"https:\\\/\\\/www.facebook.com\\\/BlogQuerSaberPolitica\\\/\"]},{\"@type\":\"Person\",\"@id\":\"https:\\\/\\\/blogdofarnesio.com.br\\\/#\\\/schema\\\/person\\\/dd1bf5eba40b687199ba45ca6b97dff9\",\"name\":\"teste\",\"image\":{\"@type\":\"ImageObject\",\"inLanguage\":\"pt-BR\",\"@id\":\"https:\\\/\\\/secure.gravatar.com\\\/avatar\\\/2172498d4914b51e1d89a0f97957b035ac4938723a5cac208135d389b6972a6d?s=96&d=mm&r=g\",\"url\":\"https:\\\/\\\/secure.gravatar.com\\\/avatar\\\/2172498d4914b51e1d89a0f97957b035ac4938723a5cac208135d389b6972a6d?s=96&d=mm&r=g\",\"contentUrl\":\"https:\\\/\\\/secure.gravatar.com\\\/avatar\\\/2172498d4914b51e1d89a0f97957b035ac4938723a5cac208135d389b6972a6d?s=96&d=mm&r=g\",\"caption\":\"teste\"},\"url\":\"https:\\\/\\\/blogdofarnesio.com.br\\\/?author=3\"}]}<\/script>\n<!-- \/ Yoast SEO plugin. -->","yoast_head_json":{"title":"ADAB CONSCIENTIZA POVOADO SOBRE PREVEN\u00c7\u00c3O DE ZOONOSES - Blog do Farn\u00e9sio","robots":{"index":"index","follow":"follow","max-snippet":"max-snippet:-1","max-image-preview":"max-image-preview:large","max-video-preview":"max-video-preview:-1"},"canonical":"https:\/\/blogdofarnesio.com.br\/?p=80326","og_locale":"pt_BR","og_type":"article","og_title":"ADAB CONSCIENTIZA POVOADO SOBRE PREVEN\u00c7\u00c3O DE ZOONOSES - Blog do Farn\u00e9sio","og_description":"A Ag\u00eancia de Defesa Agropecu\u00e1ria da Bahia (Adab), vinculada \u00e0 Secretaria Estadual de Agricultura, participou da primeira Semana Interna de Preven\u00e7\u00e3o de Acidente de Trabalho Rural e Cidadania (SIPATRC) no povoado de Serra Pelada, munic\u00edpio de Caatiba. As a\u00e7\u00f5es beneficiaram mais de 300 pessoas do povoado e adjac\u00eancias, com palestras sobre drogas, cuidados com a sa\u00fade e com o corpo, al\u00e9m de temas ligados \u00e0 preven\u00e7\u00e3o de doen\u00e7as transmiss\u00edveis e n\u00e3o transmiss\u00edveis, e seguran\u00e7a do trabalho. A Adab levou informa\u00e7\u00f5es sobre a defesa sanit\u00e1ria animal, alertando para doen\u00e7as como a Febre Aftosa e zoonoses como a Raiva, Brucelose e Tuberculose. A gerente t\u00e9cnica da Adab de Itapetinga, Alessandra Machado, explicou que as zoonoses s\u00e3o doen\u00e7as de animais que podem ser&hellip;","og_url":"https:\/\/blogdofarnesio.com.br\/?p=80326","og_site_name":"Blog do Farn\u00e9sio","article_publisher":"https:\/\/www.facebook.com\/BlogQuerSaberPolitica\/","article_published_time":"2014-04-17T20:43:32+00:00","og_image":[{"url":"http:\/\/www.quersaberpolitica.com.br\/2016\/wp-content\/uploads\/2014\/04\/blogqsp_adapprevine.jpg","type":"","width":"","height":""}],"author":"teste","twitter_card":"summary_large_image","twitter_misc":{"Escrito por":"teste","Est. tempo de leitura":"2 minutos"},"schema":{"@context":"https:\/\/schema.org","@graph":[{"@type":"Article","@id":"https:\/\/blogdofarnesio.com.br\/?p=80326#article","isPartOf":{"@id":"https:\/\/blogdofarnesio.com.br\/?p=80326"},"author":{"name":"teste","@id":"https:\/\/blogdofarnesio.com.br\/#\/schema\/person\/dd1bf5eba40b687199ba45ca6b97dff9"},"headline":"ADAB CONSCIENTIZA POVOADO SOBRE PREVEN\u00c7\u00c3O DE ZOONOSES","datePublished":"2014-04-17T20:43:32+00:00","mainEntityOfPage":{"@id":"https:\/\/blogdofarnesio.com.br\/?p=80326"},"wordCount":350,"commentCount":0,"publisher":{"@id":"https:\/\/blogdofarnesio.com.br\/#organization"},"image":{"@id":"https:\/\/blogdofarnesio.com.br\/?p=80326#primaryimage"},"thumbnailUrl":"http:\/\/www.quersaberpolitica.com.br\/2016\/wp-content\/uploads\/2014\/04\/blogqsp_adapprevine.jpg","articleSection":["Sa\u00fade"],"inLanguage":"pt-BR","potentialAction":[{"@type":"CommentAction","name":"Comment","target":["https:\/\/blogdofarnesio.com.br\/?p=80326#respond"]}]},{"@type":"WebPage","@id":"https:\/\/blogdofarnesio.com.br\/?p=80326","url":"https:\/\/blogdofarnesio.com.br\/?p=80326","name":"ADAB CONSCIENTIZA POVOADO SOBRE PREVEN\u00c7\u00c3O DE ZOONOSES - Blog do Farn\u00e9sio","isPartOf":{"@id":"https:\/\/blogdofarnesio.com.br\/#website"},"primaryImageOfPage":{"@id":"https:\/\/blogdofarnesio.com.br\/?p=80326#primaryimage"},"image":{"@id":"https:\/\/blogdofarnesio.com.br\/?p=80326#primaryimage"},"thumbnailUrl":"http:\/\/www.quersaberpolitica.com.br\/2016\/wp-content\/uploads\/2014\/04\/blogqsp_adapprevine.jpg","datePublished":"2014-04-17T20:43:32+00:00","breadcrumb":{"@id":"https:\/\/blogdofarnesio.com.br\/?p=80326#breadcrumb"},"inLanguage":"pt-BR","potentialAction":[{"@type":"ReadAction","target":["https:\/\/blogdofarnesio.com.br\/?p=80326"]}]},{"@type":"ImageObject","inLanguage":"pt-BR","@id":"https:\/\/blogdofarnesio.com.br\/?p=80326#primaryimage","url":"http:\/\/www.quersaberpolitica.com.br\/2016\/wp-content\/uploads\/2014\/04\/blogqsp_adapprevine.jpg","contentUrl":"http:\/\/www.quersaberpolitica.com.br\/2016\/wp-content\/uploads\/2014\/04\/blogqsp_adapprevine.jpg"},{"@type":"BreadcrumbList","@id":"https:\/\/blogdofarnesio.com.br\/?p=80326#breadcrumb","itemListElement":[{"@type":"ListItem","position":1,"name":"In\u00edcio","item":"https:\/\/blogdofarnesio.com.br\/"},{"@type":"ListItem","position":2,"name":"ADAB CONSCIENTIZA POVOADO SOBRE PREVEN\u00c7\u00c3O DE ZOONOSES"}]},{"@type":"WebSite","@id":"https:\/\/blogdofarnesio.com.br\/#website","url":"https:\/\/blogdofarnesio.com.br\/","name":"Blog do Farn\u00e9sio","description":"Quer Saber Pol\u00edtica?","publisher":{"@id":"https:\/\/blogdofarnesio.com.br\/#organization"},"potentialAction":[{"@type":"SearchAction","target":{"@type":"EntryPoint","urlTemplate":"https:\/\/blogdofarnesio.com.br\/?s={search_term_string}"},"query-input":{"@type":"PropertyValueSpecification","valueRequired":true,"valueName":"search_term_string"}}],"inLanguage":"pt-BR"},{"@type":"Organization","@id":"https:\/\/blogdofarnesio.com.br\/#organization","name":"Blog do Farn\u00e9sio","url":"https:\/\/blogdofarnesio.com.br\/","logo":{"@type":"ImageObject","inLanguage":"pt-BR","@id":"https:\/\/blogdofarnesio.com.br\/#\/schema\/logo\/image\/","url":"https:\/\/blogdofarnesio.com.br\/wp-content\/uploads\/2026\/03\/cropped-logo_new-1.png","contentUrl":"https:\/\/blogdofarnesio.com.br\/wp-content\/uploads\/2026\/03\/cropped-logo_new-1.png","width":881,"height":685,"caption":"Blog do Farn\u00e9sio"},"image":{"@id":"https:\/\/blogdofarnesio.com.br\/#\/schema\/logo\/image\/"},"sameAs":["https:\/\/www.facebook.com\/BlogQuerSaberPolitica\/"]},{"@type":"Person","@id":"https:\/\/blogdofarnesio.com.br\/#\/schema\/person\/dd1bf5eba40b687199ba45ca6b97dff9","name":"teste","image":{"@type":"ImageObject","inLanguage":"pt-BR","@id":"https:\/\/secure.gravatar.com\/avatar\/2172498d4914b51e1d89a0f97957b035ac4938723a5cac208135d389b6972a6d?s=96&d=mm&r=g","url":"https:\/\/secure.gravatar.com\/avatar\/2172498d4914b51e1d89a0f97957b035ac4938723a5cac208135d389b6972a6d?s=96&d=mm&r=g","contentUrl":"https:\/\/secure.gravatar.com\/avatar\/2172498d4914b51e1d89a0f97957b035ac4938723a5cac208135d389b6972a6d?s=96&d=mm&r=g","caption":"teste"},"url":"https:\/\/blogdofarnesio.com.br\/?author=3"}]}},"_links":{"self":[{"href":"https:\/\/blogdofarnesio.com.br\/index.php?rest_route=\/wp\/v2\/posts\/80326","targetHints":{"allow":["GET"]}}],"collection":[{"href":"https:\/\/blogdofarnesio.com.br\/index.php?rest_route=\/wp\/v2\/posts"}],"about":[{"href":"https:\/\/blogdofarnesio.com.br\/index.php?rest_route=\/wp\/v2\/types\/post"}],"author":[{"embeddable":true,"href":"https:\/\/blogdofarnesio.com.br\/index.php?rest_route=\/wp\/v2\/users\/3"}],"replies":[{"embeddable":true,"href":"https:\/\/blogdofarnesio.com.br\/index.php?rest_route=%2Fwp%2Fv2%2Fcomments&post=80326"}],"version-history":[{"count":0,"href":"https:\/\/blogdofarnesio.com.br\/index.php?rest_route=\/wp\/v2\/posts\/80326\/revisions"}],"wp:attachment":[{"href":"https:\/\/blogdofarnesio.com.br\/index.php?rest_route=%2Fwp%2Fv2%2Fmedia&parent=80326"}],"wp:term":[{"taxonomy":"category","embeddable":true,"href":"https:\/\/blogdofarnesio.com.br\/index.php?rest_route=%2Fwp%2Fv2%2Fcategories&post=80326"},{"taxonomy":"post_tag","embeddable":true,"href":"https:\/\/blogdofarnesio.com.br\/index.php?rest_route=%2Fwp%2Fv2%2Ftags&post=80326"}],"curies":[{"name":"wp","href":"https:\/\/api.w.org\/{rel}","templated":true}]}}