{"id":80311,"date":"2014-04-17T16:05:27","date_gmt":"2014-04-17T19:05:27","guid":{"rendered":"http:\/\/www.quersaberpolitica.com.br\/?p=80311"},"modified":"2014-04-17T08:39:39","modified_gmt":"2014-04-17T11:39:39","slug":"abertas-as-inscricoes-para-os-minicursos-da-fenagri-2014","status":"publish","type":"post","link":"https:\/\/blogdofarnesio.com.br\/?p=80311","title":{"rendered":"ABERTAS AS INSCRI\u00c7\u00d5ES PARA OS MINICURSOS DA FENAGRI 2014"},"content":{"rendered":"<p style=\"text-align: justify\"><a href=\"http:\/\/www.quersaberpolitica.com.br\/2016\/wp-content\/uploads\/2014\/04\/FENAGRI-2014-400x400.jpg\"><img loading=\"lazy\" decoding=\"async\" class=\" wp-image-80313 alignleft\" alt=\"FENAGRI 2014-400x400\" src=\"http:\/\/www.quersaberpolitica.com.br\/2016\/wp-content\/uploads\/2014\/04\/FENAGRI-2014-400x400.jpg\" width=\"320\" height=\"213\" srcset=\"https:\/\/blogdofarnesio.com.br\/wp-content\/uploads\/2014\/04\/FENAGRI-2014-400x400.jpg 400w, https:\/\/blogdofarnesio.com.br\/wp-content\/uploads\/2014\/04\/FENAGRI-2014-400x400-300x199.jpg 300w\" sizes=\"auto, (max-width: 320px) 100vw, 320px\" \/><\/a>Est\u00e3o abertas as inscri\u00e7\u00f5es para os minicursos da 25\u00aa Feira Nacional da Agricultura Irrigada \u2013 Fenagri 2014, que ser\u00e1 realizada de 28 a 31 de maio pr\u00f3ximo no Centro de Conven\u00e7\u00f5es Senador Nilo Coelho, em Petrolina \u2013 PE.<\/p>\n<p style=\"text-align: justify\">Abordando temas, a exemplo do processamento de frutas, hortali\u00e7as e leite, al\u00e9m da elabora\u00e7\u00e3o de sucos e de produ\u00e7\u00e3o de aguardente de frutas, os minicursos ser\u00e3o ministrados gratuitamente pelo IF Sert\u00e3o \u2013 PE, com aulas te\u00f3ricas no Centro de Conven\u00e7\u00f5es e pr\u00e1ticas nos Campus da institui\u00e7\u00e3o. Os interessados podem se inscrever atrav\u00e9s do site: www.fenagri2014.com.br.<\/p>\n<p style=\"text-align: justify\">Segundo a coordenadora de Pesquisa e Inova\u00e7\u00e3o do IF Sert\u00e3o \u2013 PE, Luciana Cavalcanti de Azevedo, os temas foram escolhidos mediante demanda observada juntos aos produtores rurais e a necessidade de implanta\u00e7\u00e3o de novas tecnologias visando o aproveitamento das frutas produzidas na regi\u00e3o. Para o secret\u00e1rio municipal de Ci\u00eancia e Tecnologia e coordenador do evento, Newton Matsumoto os minicursos est\u00e3o em perfeita sintonia com o foco principal desta Fenagri 2014.<\/p>\n<p style=\"text-align: justify\">\u201cToda nossa programa\u00e7\u00e3o, incluindo os minicursos, workshops, Semin\u00e1rio A Introdu\u00e7\u00e3o de Culturas de Clima Temperado no Semi\u00e1rido, rodada de neg\u00f3cios e um espa\u00e7o destinado a agricultura familiar, objetiva oportunizar neg\u00f3cios atrav\u00e9s da diversifica\u00e7\u00e3o de investimentos agr\u00edcolas com o incremento de novas culturas. Vamos destacar o potencial econ\u00f4mico de frutas como a pera, ma\u00e7\u00e3, caqui, pomelo, pitaya, rom\u00e3 e figo, que j\u00e1 vem sendo produzidas comercialmente na regi\u00e3o\u201d, completou Newton Matsumoto.<\/p>\n<p style=\"text-align: justify\">Realizada pela Prefeitura Municipal de Petrolina, Sindicato Rural de Petrolina e a C\u00e2mara de Fruticultura de Petrolina, a Fenagri 2014 vai ocupar uma \u00e1rea de 12 mil metros quadrados, onde ser\u00e3o montados os estandes que ficar\u00e3o expostos \u00e0 visita\u00e7\u00e3o com acesso livre, das 18h \u00e0s 23h. Participam do evento, empres\u00e1rios, produtores rurais, t\u00e9cnicos, pesquisadores, estudantes, institui\u00e7\u00f5es p\u00fablicas e privadas, exportadores, fabricantes e revendedores de equipamentos e insumos agr\u00edcolas, al\u00e9m de delega\u00e7\u00f5es de importadores de frutas de pa\u00edses como a Inglaterra, Holanda, Canad\u00e1 e R\u00fassia.<\/p>\n<p style=\"text-align: justify\"><strong>CLAS Comunica\u00e7\u00e3o &amp; Marketing<\/strong><\/p>\n","protected":false},"excerpt":{"rendered":"<p>Est\u00e3o abertas as inscri\u00e7\u00f5es para os minicursos da 25\u00aa Feira Nacional da Agricultura Irrigada \u2013 Fenagri 2014, que ser\u00e1 realizada de 28 a 31 de maio pr\u00f3ximo no Centro de Conven\u00e7\u00f5es Senador Nilo Coelho, em Petrolina \u2013 PE. Abordando temas, a exemplo do processamento de frutas, hortali\u00e7as e leite, al\u00e9m da elabora\u00e7\u00e3o de sucos e de produ\u00e7\u00e3o de aguardente de frutas, os minicursos ser\u00e3o ministrados gratuitamente pelo IF Sert\u00e3o \u2013 PE, com aulas te\u00f3ricas no Centro de Conven\u00e7\u00f5es e pr\u00e1ticas nos Campus da institui\u00e7\u00e3o. Os interessados podem se inscrever atrav\u00e9s do site: www.fenagri2014.com.br. Segundo a coordenadora de Pesquisa e Inova\u00e7\u00e3o do IF Sert\u00e3o \u2013 PE, Luciana Cavalcanti de Azevedo, os temas foram escolhidos mediante demanda observada juntos aos produtores rurais&hellip; <\/p>\n","protected":false},"author":3,"featured_media":0,"comment_status":"open","ping_status":"open","sticky":false,"template":"","format":"standard","meta":{"_acf_changed":false,"footnotes":""},"categories":[10],"tags":[],"class_list":["post-80311","post","type-post","status-publish","format-standard","hentry","category-cultura"],"acf":[],"yoast_head":"<!-- This site is optimized with the Yoast SEO plugin v27.4 - https:\/\/yoast.com\/product\/yoast-seo-wordpress\/ -->\n<title>ABERTAS AS INSCRI\u00c7\u00d5ES PARA OS MINICURSOS DA FENAGRI 2014 - Blog do Farn\u00e9sio<\/title>\n<meta name=\"robots\" content=\"index, follow, max-snippet:-1, max-image-preview:large, max-video-preview:-1\" \/>\n<link rel=\"canonical\" href=\"https:\/\/blogdofarnesio.com.br\/?p=80311\" \/>\n<meta property=\"og:locale\" content=\"pt_BR\" \/>\n<meta property=\"og:type\" content=\"article\" \/>\n<meta property=\"og:title\" content=\"ABERTAS AS INSCRI\u00c7\u00d5ES PARA OS MINICURSOS DA FENAGRI 2014 - Blog do Farn\u00e9sio\" \/>\n<meta property=\"og:description\" content=\"Est\u00e3o abertas as inscri\u00e7\u00f5es para os minicursos da 25\u00aa Feira Nacional da Agricultura Irrigada \u2013 Fenagri 2014, que ser\u00e1 realizada de 28 a 31 de maio pr\u00f3ximo no Centro de Conven\u00e7\u00f5es Senador Nilo Coelho, em Petrolina \u2013 PE. Abordando temas, a exemplo do processamento de frutas, hortali\u00e7as e leite, al\u00e9m da elabora\u00e7\u00e3o de sucos e de produ\u00e7\u00e3o de aguardente de frutas, os minicursos ser\u00e3o ministrados gratuitamente pelo IF Sert\u00e3o \u2013 PE, com aulas te\u00f3ricas no Centro de Conven\u00e7\u00f5es e pr\u00e1ticas nos Campus da institui\u00e7\u00e3o. Os interessados podem se inscrever atrav\u00e9s do site: www.fenagri2014.com.br. Segundo a coordenadora de Pesquisa e Inova\u00e7\u00e3o do IF Sert\u00e3o \u2013 PE, Luciana Cavalcanti de Azevedo, os temas foram escolhidos mediante demanda observada juntos aos produtores rurais&hellip;\" \/>\n<meta property=\"og:url\" content=\"https:\/\/blogdofarnesio.com.br\/?p=80311\" \/>\n<meta property=\"og:site_name\" content=\"Blog do Farn\u00e9sio\" \/>\n<meta property=\"article:publisher\" content=\"https:\/\/www.facebook.com\/BlogQuerSaberPolitica\/\" \/>\n<meta property=\"article:published_time\" content=\"2014-04-17T19:05:27+00:00\" \/>\n<meta property=\"og:image\" content=\"http:\/\/www.quersaberpolitica.com.br\/2016\/wp-content\/uploads\/2014\/04\/FENAGRI-2014-400x400.jpg\" \/>\n<meta name=\"author\" content=\"teste\" \/>\n<meta name=\"twitter:card\" content=\"summary_large_image\" \/>\n<meta name=\"twitter:label1\" content=\"Escrito por\" \/>\n\t<meta name=\"twitter:data1\" content=\"teste\" \/>\n\t<meta name=\"twitter:label2\" content=\"Est. tempo de leitura\" \/>\n\t<meta name=\"twitter:data2\" content=\"2 minutos\" \/>\n<script type=\"application\/ld+json\" class=\"yoast-schema-graph\">{\"@context\":\"https:\\\/\\\/schema.org\",\"@graph\":[{\"@type\":\"Article\",\"@id\":\"https:\\\/\\\/blogdofarnesio.com.br\\\/?p=80311#article\",\"isPartOf\":{\"@id\":\"https:\\\/\\\/blogdofarnesio.com.br\\\/?p=80311\"},\"author\":{\"name\":\"teste\",\"@id\":\"https:\\\/\\\/blogdofarnesio.com.br\\\/#\\\/schema\\\/person\\\/dd1bf5eba40b687199ba45ca6b97dff9\"},\"headline\":\"ABERTAS AS INSCRI\u00c7\u00d5ES PARA OS MINICURSOS DA FENAGRI 2014\",\"datePublished\":\"2014-04-17T19:05:27+00:00\",\"mainEntityOfPage\":{\"@id\":\"https:\\\/\\\/blogdofarnesio.com.br\\\/?p=80311\"},\"wordCount\":369,\"commentCount\":0,\"publisher\":{\"@id\":\"https:\\\/\\\/blogdofarnesio.com.br\\\/#organization\"},\"image\":{\"@id\":\"https:\\\/\\\/blogdofarnesio.com.br\\\/?p=80311#primaryimage\"},\"thumbnailUrl\":\"http:\\\/\\\/www.quersaberpolitica.com.br\\\/2016\\\/wp-content\\\/uploads\\\/2014\\\/04\\\/FENAGRI-2014-400x400.jpg\",\"articleSection\":[\"Cultura\"],\"inLanguage\":\"pt-BR\",\"potentialAction\":[{\"@type\":\"CommentAction\",\"name\":\"Comment\",\"target\":[\"https:\\\/\\\/blogdofarnesio.com.br\\\/?p=80311#respond\"]}]},{\"@type\":\"WebPage\",\"@id\":\"https:\\\/\\\/blogdofarnesio.com.br\\\/?p=80311\",\"url\":\"https:\\\/\\\/blogdofarnesio.com.br\\\/?p=80311\",\"name\":\"ABERTAS AS INSCRI\u00c7\u00d5ES PARA OS MINICURSOS DA FENAGRI 2014 - Blog do Farn\u00e9sio\",\"isPartOf\":{\"@id\":\"https:\\\/\\\/blogdofarnesio.com.br\\\/#website\"},\"primaryImageOfPage\":{\"@id\":\"https:\\\/\\\/blogdofarnesio.com.br\\\/?p=80311#primaryimage\"},\"image\":{\"@id\":\"https:\\\/\\\/blogdofarnesio.com.br\\\/?p=80311#primaryimage\"},\"thumbnailUrl\":\"http:\\\/\\\/www.quersaberpolitica.com.br\\\/2016\\\/wp-content\\\/uploads\\\/2014\\\/04\\\/FENAGRI-2014-400x400.jpg\",\"datePublished\":\"2014-04-17T19:05:27+00:00\",\"breadcrumb\":{\"@id\":\"https:\\\/\\\/blogdofarnesio.com.br\\\/?p=80311#breadcrumb\"},\"inLanguage\":\"pt-BR\",\"potentialAction\":[{\"@type\":\"ReadAction\",\"target\":[\"https:\\\/\\\/blogdofarnesio.com.br\\\/?p=80311\"]}]},{\"@type\":\"ImageObject\",\"inLanguage\":\"pt-BR\",\"@id\":\"https:\\\/\\\/blogdofarnesio.com.br\\\/?p=80311#primaryimage\",\"url\":\"http:\\\/\\\/www.quersaberpolitica.com.br\\\/2016\\\/wp-content\\\/uploads\\\/2014\\\/04\\\/FENAGRI-2014-400x400.jpg\",\"contentUrl\":\"http:\\\/\\\/www.quersaberpolitica.com.br\\\/2016\\\/wp-content\\\/uploads\\\/2014\\\/04\\\/FENAGRI-2014-400x400.jpg\"},{\"@type\":\"BreadcrumbList\",\"@id\":\"https:\\\/\\\/blogdofarnesio.com.br\\\/?p=80311#breadcrumb\",\"itemListElement\":[{\"@type\":\"ListItem\",\"position\":1,\"name\":\"In\u00edcio\",\"item\":\"https:\\\/\\\/blogdofarnesio.com.br\\\/\"},{\"@type\":\"ListItem\",\"position\":2,\"name\":\"ABERTAS AS INSCRI\u00c7\u00d5ES PARA OS MINICURSOS DA FENAGRI 2014\"}]},{\"@type\":\"WebSite\",\"@id\":\"https:\\\/\\\/blogdofarnesio.com.br\\\/#website\",\"url\":\"https:\\\/\\\/blogdofarnesio.com.br\\\/\",\"name\":\"Blog do Farn\u00e9sio\",\"description\":\"Quer Saber Pol\u00edtica?\",\"publisher\":{\"@id\":\"https:\\\/\\\/blogdofarnesio.com.br\\\/#organization\"},\"potentialAction\":[{\"@type\":\"SearchAction\",\"target\":{\"@type\":\"EntryPoint\",\"urlTemplate\":\"https:\\\/\\\/blogdofarnesio.com.br\\\/?s={search_term_string}\"},\"query-input\":{\"@type\":\"PropertyValueSpecification\",\"valueRequired\":true,\"valueName\":\"search_term_string\"}}],\"inLanguage\":\"pt-BR\"},{\"@type\":\"Organization\",\"@id\":\"https:\\\/\\\/blogdofarnesio.com.br\\\/#organization\",\"name\":\"Blog do Farn\u00e9sio\",\"url\":\"https:\\\/\\\/blogdofarnesio.com.br\\\/\",\"logo\":{\"@type\":\"ImageObject\",\"inLanguage\":\"pt-BR\",\"@id\":\"https:\\\/\\\/blogdofarnesio.com.br\\\/#\\\/schema\\\/logo\\\/image\\\/\",\"url\":\"https:\\\/\\\/blogdofarnesio.com.br\\\/wp-content\\\/uploads\\\/2026\\\/03\\\/cropped-logo_new-1.png\",\"contentUrl\":\"https:\\\/\\\/blogdofarnesio.com.br\\\/wp-content\\\/uploads\\\/2026\\\/03\\\/cropped-logo_new-1.png\",\"width\":881,\"height\":685,\"caption\":\"Blog do Farn\u00e9sio\"},\"image\":{\"@id\":\"https:\\\/\\\/blogdofarnesio.com.br\\\/#\\\/schema\\\/logo\\\/image\\\/\"},\"sameAs\":[\"https:\\\/\\\/www.facebook.com\\\/BlogQuerSaberPolitica\\\/\"]},{\"@type\":\"Person\",\"@id\":\"https:\\\/\\\/blogdofarnesio.com.br\\\/#\\\/schema\\\/person\\\/dd1bf5eba40b687199ba45ca6b97dff9\",\"name\":\"teste\",\"image\":{\"@type\":\"ImageObject\",\"inLanguage\":\"pt-BR\",\"@id\":\"https:\\\/\\\/secure.gravatar.com\\\/avatar\\\/2172498d4914b51e1d89a0f97957b035ac4938723a5cac208135d389b6972a6d?s=96&d=mm&r=g\",\"url\":\"https:\\\/\\\/secure.gravatar.com\\\/avatar\\\/2172498d4914b51e1d89a0f97957b035ac4938723a5cac208135d389b6972a6d?s=96&d=mm&r=g\",\"contentUrl\":\"https:\\\/\\\/secure.gravatar.com\\\/avatar\\\/2172498d4914b51e1d89a0f97957b035ac4938723a5cac208135d389b6972a6d?s=96&d=mm&r=g\",\"caption\":\"teste\"},\"url\":\"https:\\\/\\\/blogdofarnesio.com.br\\\/?author=3\"}]}<\/script>\n<!-- \/ Yoast SEO plugin. -->","yoast_head_json":{"title":"ABERTAS AS INSCRI\u00c7\u00d5ES PARA OS MINICURSOS DA FENAGRI 2014 - Blog do Farn\u00e9sio","robots":{"index":"index","follow":"follow","max-snippet":"max-snippet:-1","max-image-preview":"max-image-preview:large","max-video-preview":"max-video-preview:-1"},"canonical":"https:\/\/blogdofarnesio.com.br\/?p=80311","og_locale":"pt_BR","og_type":"article","og_title":"ABERTAS AS INSCRI\u00c7\u00d5ES PARA OS MINICURSOS DA FENAGRI 2014 - Blog do Farn\u00e9sio","og_description":"Est\u00e3o abertas as inscri\u00e7\u00f5es para os minicursos da 25\u00aa Feira Nacional da Agricultura Irrigada \u2013 Fenagri 2014, que ser\u00e1 realizada de 28 a 31 de maio pr\u00f3ximo no Centro de Conven\u00e7\u00f5es Senador Nilo Coelho, em Petrolina \u2013 PE. Abordando temas, a exemplo do processamento de frutas, hortali\u00e7as e leite, al\u00e9m da elabora\u00e7\u00e3o de sucos e de produ\u00e7\u00e3o de aguardente de frutas, os minicursos ser\u00e3o ministrados gratuitamente pelo IF Sert\u00e3o \u2013 PE, com aulas te\u00f3ricas no Centro de Conven\u00e7\u00f5es e pr\u00e1ticas nos Campus da institui\u00e7\u00e3o. Os interessados podem se inscrever atrav\u00e9s do site: www.fenagri2014.com.br. Segundo a coordenadora de Pesquisa e Inova\u00e7\u00e3o do IF Sert\u00e3o \u2013 PE, Luciana Cavalcanti de Azevedo, os temas foram escolhidos mediante demanda observada juntos aos produtores rurais&hellip;","og_url":"https:\/\/blogdofarnesio.com.br\/?p=80311","og_site_name":"Blog do Farn\u00e9sio","article_publisher":"https:\/\/www.facebook.com\/BlogQuerSaberPolitica\/","article_published_time":"2014-04-17T19:05:27+00:00","og_image":[{"url":"http:\/\/www.quersaberpolitica.com.br\/2016\/wp-content\/uploads\/2014\/04\/FENAGRI-2014-400x400.jpg","type":"","width":"","height":""}],"author":"teste","twitter_card":"summary_large_image","twitter_misc":{"Escrito por":"teste","Est. tempo de leitura":"2 minutos"},"schema":{"@context":"https:\/\/schema.org","@graph":[{"@type":"Article","@id":"https:\/\/blogdofarnesio.com.br\/?p=80311#article","isPartOf":{"@id":"https:\/\/blogdofarnesio.com.br\/?p=80311"},"author":{"name":"teste","@id":"https:\/\/blogdofarnesio.com.br\/#\/schema\/person\/dd1bf5eba40b687199ba45ca6b97dff9"},"headline":"ABERTAS AS INSCRI\u00c7\u00d5ES PARA OS MINICURSOS DA FENAGRI 2014","datePublished":"2014-04-17T19:05:27+00:00","mainEntityOfPage":{"@id":"https:\/\/blogdofarnesio.com.br\/?p=80311"},"wordCount":369,"commentCount":0,"publisher":{"@id":"https:\/\/blogdofarnesio.com.br\/#organization"},"image":{"@id":"https:\/\/blogdofarnesio.com.br\/?p=80311#primaryimage"},"thumbnailUrl":"http:\/\/www.quersaberpolitica.com.br\/2016\/wp-content\/uploads\/2014\/04\/FENAGRI-2014-400x400.jpg","articleSection":["Cultura"],"inLanguage":"pt-BR","potentialAction":[{"@type":"CommentAction","name":"Comment","target":["https:\/\/blogdofarnesio.com.br\/?p=80311#respond"]}]},{"@type":"WebPage","@id":"https:\/\/blogdofarnesio.com.br\/?p=80311","url":"https:\/\/blogdofarnesio.com.br\/?p=80311","name":"ABERTAS AS INSCRI\u00c7\u00d5ES PARA OS MINICURSOS DA FENAGRI 2014 - Blog do Farn\u00e9sio","isPartOf":{"@id":"https:\/\/blogdofarnesio.com.br\/#website"},"primaryImageOfPage":{"@id":"https:\/\/blogdofarnesio.com.br\/?p=80311#primaryimage"},"image":{"@id":"https:\/\/blogdofarnesio.com.br\/?p=80311#primaryimage"},"thumbnailUrl":"http:\/\/www.quersaberpolitica.com.br\/2016\/wp-content\/uploads\/2014\/04\/FENAGRI-2014-400x400.jpg","datePublished":"2014-04-17T19:05:27+00:00","breadcrumb":{"@id":"https:\/\/blogdofarnesio.com.br\/?p=80311#breadcrumb"},"inLanguage":"pt-BR","potentialAction":[{"@type":"ReadAction","target":["https:\/\/blogdofarnesio.com.br\/?p=80311"]}]},{"@type":"ImageObject","inLanguage":"pt-BR","@id":"https:\/\/blogdofarnesio.com.br\/?p=80311#primaryimage","url":"http:\/\/www.quersaberpolitica.com.br\/2016\/wp-content\/uploads\/2014\/04\/FENAGRI-2014-400x400.jpg","contentUrl":"http:\/\/www.quersaberpolitica.com.br\/2016\/wp-content\/uploads\/2014\/04\/FENAGRI-2014-400x400.jpg"},{"@type":"BreadcrumbList","@id":"https:\/\/blogdofarnesio.com.br\/?p=80311#breadcrumb","itemListElement":[{"@type":"ListItem","position":1,"name":"In\u00edcio","item":"https:\/\/blogdofarnesio.com.br\/"},{"@type":"ListItem","position":2,"name":"ABERTAS AS INSCRI\u00c7\u00d5ES PARA OS MINICURSOS DA FENAGRI 2014"}]},{"@type":"WebSite","@id":"https:\/\/blogdofarnesio.com.br\/#website","url":"https:\/\/blogdofarnesio.com.br\/","name":"Blog do Farn\u00e9sio","description":"Quer Saber Pol\u00edtica?","publisher":{"@id":"https:\/\/blogdofarnesio.com.br\/#organization"},"potentialAction":[{"@type":"SearchAction","target":{"@type":"EntryPoint","urlTemplate":"https:\/\/blogdofarnesio.com.br\/?s={search_term_string}"},"query-input":{"@type":"PropertyValueSpecification","valueRequired":true,"valueName":"search_term_string"}}],"inLanguage":"pt-BR"},{"@type":"Organization","@id":"https:\/\/blogdofarnesio.com.br\/#organization","name":"Blog do Farn\u00e9sio","url":"https:\/\/blogdofarnesio.com.br\/","logo":{"@type":"ImageObject","inLanguage":"pt-BR","@id":"https:\/\/blogdofarnesio.com.br\/#\/schema\/logo\/image\/","url":"https:\/\/blogdofarnesio.com.br\/wp-content\/uploads\/2026\/03\/cropped-logo_new-1.png","contentUrl":"https:\/\/blogdofarnesio.com.br\/wp-content\/uploads\/2026\/03\/cropped-logo_new-1.png","width":881,"height":685,"caption":"Blog do Farn\u00e9sio"},"image":{"@id":"https:\/\/blogdofarnesio.com.br\/#\/schema\/logo\/image\/"},"sameAs":["https:\/\/www.facebook.com\/BlogQuerSaberPolitica\/"]},{"@type":"Person","@id":"https:\/\/blogdofarnesio.com.br\/#\/schema\/person\/dd1bf5eba40b687199ba45ca6b97dff9","name":"teste","image":{"@type":"ImageObject","inLanguage":"pt-BR","@id":"https:\/\/secure.gravatar.com\/avatar\/2172498d4914b51e1d89a0f97957b035ac4938723a5cac208135d389b6972a6d?s=96&d=mm&r=g","url":"https:\/\/secure.gravatar.com\/avatar\/2172498d4914b51e1d89a0f97957b035ac4938723a5cac208135d389b6972a6d?s=96&d=mm&r=g","contentUrl":"https:\/\/secure.gravatar.com\/avatar\/2172498d4914b51e1d89a0f97957b035ac4938723a5cac208135d389b6972a6d?s=96&d=mm&r=g","caption":"teste"},"url":"https:\/\/blogdofarnesio.com.br\/?author=3"}]}},"_links":{"self":[{"href":"https:\/\/blogdofarnesio.com.br\/index.php?rest_route=\/wp\/v2\/posts\/80311","targetHints":{"allow":["GET"]}}],"collection":[{"href":"https:\/\/blogdofarnesio.com.br\/index.php?rest_route=\/wp\/v2\/posts"}],"about":[{"href":"https:\/\/blogdofarnesio.com.br\/index.php?rest_route=\/wp\/v2\/types\/post"}],"author":[{"embeddable":true,"href":"https:\/\/blogdofarnesio.com.br\/index.php?rest_route=\/wp\/v2\/users\/3"}],"replies":[{"embeddable":true,"href":"https:\/\/blogdofarnesio.com.br\/index.php?rest_route=%2Fwp%2Fv2%2Fcomments&post=80311"}],"version-history":[{"count":0,"href":"https:\/\/blogdofarnesio.com.br\/index.php?rest_route=\/wp\/v2\/posts\/80311\/revisions"}],"wp:attachment":[{"href":"https:\/\/blogdofarnesio.com.br\/index.php?rest_route=%2Fwp%2Fv2%2Fmedia&parent=80311"}],"wp:term":[{"taxonomy":"category","embeddable":true,"href":"https:\/\/blogdofarnesio.com.br\/index.php?rest_route=%2Fwp%2Fv2%2Fcategories&post=80311"},{"taxonomy":"post_tag","embeddable":true,"href":"https:\/\/blogdofarnesio.com.br\/index.php?rest_route=%2Fwp%2Fv2%2Ftags&post=80311"}],"curies":[{"name":"wp","href":"https:\/\/api.w.org\/{rel}","templated":true}]}}