{"id":8003,"date":"2011-11-03T14:00:08","date_gmt":"2011-11-03T14:00:08","guid":{"rendered":"http:\/\/www.quersaberpolitica.com.br?p=8003"},"modified":"2011-11-03T14:44:18","modified_gmt":"2011-11-03T14:44:18","slug":"secretaria-de-saude-de-petrolina-e-abo-promovem-palestra-sobre-odontologia-estetica-para-cirurgioesdentistas","status":"publish","type":"post","link":"https:\/\/blogdofarnesio.com.br\/?p=8003","title":{"rendered":"Secretaria de Sa\u00fade de Petrolina e ABO promovem palestra sobre odontologia est\u00e9tica para cirurgi\u00f5es-dentistas"},"content":{"rendered":"<p style=\"text-align: justify;\"><span style=\"font-size: small;\"><a rel=\"lightbox\" href=\"http:\/\/www.quersaberpolitica.com.br\/2016\/wp-content\/uploads\/2012\/12\/blogqspseminariocapitalismoburocratico.gif\"><img loading=\"lazy\" decoding=\"async\" style=\"margin-top: 5px; margin-bottom: 5px; margin-left: 10px; margin-right: 10px; float: right;\" title=\"Imagem Ilustrativa\" src=\"http:\/\/www.quersaberpolitica.com.br\/2016\/wp-content\/uploads\/2012\/12\/blogqspseminariocapitalismoburocratico.gif\" alt=\"\" width=\"200\" height=\"173\" \/><\/a><\/span><span><span style=\"font-size: small;\">A Secretaria Municipal de Sa&uacute;de (SMS) realizou na &uacute;ltima semana, mais um ciclo de palestras de sa&uacute;de bucal, direcionado para cirurgi&otilde;es-dentistas da rede p&uacute;blica e privada de sa&uacute;de de Petrolina. O evento, organizado pela Prefeitura Municipal de Petrolina, atrav&eacute;s da Secretaria Municipal de Sa&uacute;de, com a parceria da Associa&ccedil;&atilde;o Brasileira de Odontologia (ABO), teve como tema &#8220;Est&aacute;gio Atual da Odontologia Est&eacute;tica&#8221;, com a palestra ministrada pelo professor da Universidade Federal de Pernambuco (UFPE), Paulo Fonseca.<\/span><\/span><\/p>\n<p style=\"text-align: justify;\"><span style=\"font-size: small;\">A Secret&aacute;ria de Sa&uacute;de, L&uacute;cia Giesta, que esteve presente no curso, lembrou que a iniciativa tamb&eacute;m faz parte das comemora&ccedil;&otilde;es do Dia do Dentista, celebrado no dia 25 de outubro, com o apoio da SMS e do Conselho Regional de Odontologia (CRO). &#8220;&Eacute; muito importante lembrar a data, fazer uma reflex&atilde;o dos avan&ccedil;os que conseguimos e aproveitar ainda para ver o que temos para conquistar. Enquanto Secretaria de Sa&uacute;de, estaremos sempre apoiando e incentivando atividades como estas, que vem para acrescentar, para qualificar ainda mais os cirurgi&otilde;es-dentistas, pois precisamos estar sempre nos reciclando, estudando e nos aperfei&ccedil;oando&#8221;, frisou.<\/span><\/p>\n<p style=\"text-align: justify;\"><span style=\"font-size: small;\">O presidente da Associa&ccedil;&atilde;o Brasileira de Odontologia &#8211; Regional Petrolina &#8211; C&eacute;sar Durando, agradeceu a presen&ccedil;a de todos e desejou as boas-vindas ao professor Paulo Fonseca, enviado pelo CRO para ministrar a palestra. C&eacute;sar Durando agradeceu tamb&eacute;m o apoio que vem recebendo da Prefeitura Municipal de Petrolina. &#8220;Em diversos eventos realizados pela ABO, a SMS, atrav&eacute;s do prefeito Julio Lossio, vem apoiando as atividades que estamos realizando. Isso mostra que o nosso trabalho &eacute; s&eacute;rio. Encontros como estes s&atilde;o importantes, pois precisamos fortalecer a nossa classe junto a sociedade. Estamos valorizando a nossa categoria&#8221;, declarou.<\/span><\/p>\n<p style=\"text-align: justify;\"><span style=\"font-size: small;\">Entre o material exposto, os profissionais puderam discutir casos em que houve a interven&ccedil;&atilde;o da odontologia est&eacute;tica.&nbsp; &#8220;Esse &eacute; um tema mais espec&iacute;fico, mais cl&iacute;nico, sem muita teoria, onde podemos abordar a parte pr&aacute;tica, que &eacute; onde realmente podemos observar as mudan&ccedil;as, ver o antes e depois. Isso tudo abordado diante da experi&ecirc;ncia de quase 20 anos de experi&ecirc;ncia cl&iacute;nica. Cada paciente tem suas caracter&iacute;sticas, com problemas bucais diferentes, e por isso precisamos pensar e trabalhar com tratamentos e orienta&ccedil;&otilde;es espec&iacute;ficas. Temos muitas mudan&ccedil;as na odontologia est&eacute;tica, mas estamos focando no que existe de mais importante&#8221;, explicou o professor Paulo Fonseca.<\/span><\/p>\n<p style=\"text-align: justify;\"><span style=\"font-size: small;\">A cirurgi&atilde;-dentista Malvina Souza, que trabalha na Unidade B&aacute;sica de Sa&uacute;de (UBS) do bairro Santa Luzia, participou da palestra e destacou a import&acirc;ncia do curso. &#8220;Sou da rede da Aten&ccedil;&atilde;o B&aacute;sica &agrave; Sa&uacute;de e esse assunto de dent&iacute;stica &eacute; muito relevante para n&oacute;s profissionais, porque faz parte do nosso dia-a-dia. Ent&atilde;o, tudo o que aparece de novidade, temos que estar atualizados. Como trabalhamos com est&eacute;tica todos os dias, tanto na UBS, como no consult&oacute;rio, atualiza&ccedil;&otilde;es s&atilde;o importantes para a nossa vida. &Eacute; uma reciclagem que nos estimula a estudar sempre mais&#8221;, destacou.<\/span><\/p>\n<p style=\"text-align: justify;\"><span style=\"font-size: small;\"><strong>Dia do Dentista<\/strong>&nbsp;&#8211; Finalizando a semana de atividades em comemora&ccedil;&atilde;o ao Dia do Dentista, a ABO promoveu um encontro para todos os profissionais da categoria. A cerim&ocirc;nia aconteceu no C&iacute;rculo Militar e contou com a presen&ccedil;a do prefeito Julio Lossio.<\/span><\/p>\n<p style=\"text-align: justify;\"><span style=\"font-size: small;\">(Ta&iacute;sa Alencar &#8211; Ascom Petrolina)&nbsp;<\/span><\/p>\n<p style=\"text-align: justify;\">&nbsp;<\/p>\n","protected":false},"excerpt":{"rendered":"<p>A Secretaria Municipal de Sa&uacute;de (SMS) realizou na &uacute;ltima semana, mais um ciclo de palestras de sa&uacute;de bucal, direcionado para cirurgi&otilde;es-dentistas da rede p&uacute;blica e privada de sa&uacute;de de Petrolina. O evento, organizado pela Prefeitura Municipal de Petrolina, atrav&eacute;s da Secretaria Municipal de Sa&uacute;de, com a parceria da Associa&ccedil;&atilde;o Brasileira de Odontologia (ABO), teve como tema &#8220;Est&aacute;gio Atual da Odontologia Est&eacute;tica&#8221;, com a palestra ministrada pelo professor da Universidade Federal de Pernambuco (UFPE), Paulo Fonseca. A Secret&aacute;ria de Sa&uacute;de, L&uacute;cia Giesta, que esteve presente no curso, lembrou que a iniciativa tamb&eacute;m faz parte das comemora&ccedil;&otilde;es do Dia do Dentista, celebrado no dia 25 de outubro, com o apoio da SMS e do Conselho Regional de Odontologia (CRO). &#8220;&Eacute; muito importante&hellip; <\/p>\n","protected":false},"author":0,"featured_media":0,"comment_status":"open","ping_status":"open","sticky":false,"template":"","format":"standard","meta":{"_acf_changed":false,"footnotes":""},"categories":[3],"tags":[],"class_list":["post-8003","post","type-post","status-publish","format-standard","hentry","category-entretenimento"],"acf":[],"yoast_head":"<!-- This site is optimized with the Yoast SEO plugin v27.4 - https:\/\/yoast.com\/product\/yoast-seo-wordpress\/ -->\n<title>Secretaria de Sa\u00fade de Petrolina e ABO promovem palestra sobre odontologia est\u00e9tica para cirurgi\u00f5es-dentistas - Blog do Farn\u00e9sio<\/title>\n<meta name=\"robots\" content=\"index, follow, max-snippet:-1, max-image-preview:large, max-video-preview:-1\" \/>\n<link rel=\"canonical\" href=\"https:\/\/blogdofarnesio.com.br\/?p=8003\" \/>\n<meta property=\"og:locale\" content=\"pt_BR\" \/>\n<meta property=\"og:type\" content=\"article\" \/>\n<meta property=\"og:title\" content=\"Secretaria de Sa\u00fade de Petrolina e ABO promovem palestra sobre odontologia est\u00e9tica para cirurgi\u00f5es-dentistas - Blog do Farn\u00e9sio\" \/>\n<meta property=\"og:description\" content=\"A Secretaria Municipal de Sa&uacute;de (SMS) realizou na &uacute;ltima semana, mais um ciclo de palestras de sa&uacute;de bucal, direcionado para cirurgi&otilde;es-dentistas da rede p&uacute;blica e privada de sa&uacute;de de Petrolina. O evento, organizado pela Prefeitura Municipal de Petrolina, atrav&eacute;s da Secretaria Municipal de Sa&uacute;de, com a parceria da Associa&ccedil;&atilde;o Brasileira de Odontologia (ABO), teve como tema &#8220;Est&aacute;gio Atual da Odontologia Est&eacute;tica&#8221;, com a palestra ministrada pelo professor da Universidade Federal de Pernambuco (UFPE), Paulo Fonseca. A Secret&aacute;ria de Sa&uacute;de, L&uacute;cia Giesta, que esteve presente no curso, lembrou que a iniciativa tamb&eacute;m faz parte das comemora&ccedil;&otilde;es do Dia do Dentista, celebrado no dia 25 de outubro, com o apoio da SMS e do Conselho Regional de Odontologia (CRO). &#8220;&Eacute; muito importante&hellip;\" \/>\n<meta property=\"og:url\" content=\"https:\/\/blogdofarnesio.com.br\/?p=8003\" \/>\n<meta property=\"og:site_name\" content=\"Blog do Farn\u00e9sio\" \/>\n<meta property=\"article:publisher\" content=\"https:\/\/www.facebook.com\/BlogQuerSaberPolitica\/\" \/>\n<meta property=\"article:published_time\" content=\"2011-11-03T14:00:08+00:00\" \/>\n<meta property=\"article:modified_time\" content=\"2011-11-03T14:44:18+00:00\" \/>\n<meta property=\"og:image\" content=\"http:\/\/www.quersaberpolitica.com.br\/2016\/wp-content\/uploads\/2012\/12\/blogqspseminariocapitalismoburocratico.gif\" \/>\n<meta name=\"twitter:card\" content=\"summary_large_image\" \/>\n<meta name=\"twitter:label1\" content=\"Est. tempo de leitura\" \/>\n\t<meta name=\"twitter:data1\" content=\"3 minutos\" \/>\n<script type=\"application\/ld+json\" class=\"yoast-schema-graph\">{\"@context\":\"https:\\\/\\\/schema.org\",\"@graph\":[{\"@type\":\"Article\",\"@id\":\"https:\\\/\\\/blogdofarnesio.com.br\\\/?p=8003#article\",\"isPartOf\":{\"@id\":\"https:\\\/\\\/blogdofarnesio.com.br\\\/?p=8003\"},\"author\":{\"name\":\"\",\"@id\":\"\"},\"headline\":\"Secretaria de Sa\u00fade de Petrolina e ABO promovem palestra sobre odontologia est\u00e9tica para cirurgi\u00f5es-dentistas\",\"datePublished\":\"2011-11-03T14:00:08+00:00\",\"dateModified\":\"2011-11-03T14:44:18+00:00\",\"mainEntityOfPage\":{\"@id\":\"https:\\\/\\\/blogdofarnesio.com.br\\\/?p=8003\"},\"wordCount\":657,\"commentCount\":0,\"publisher\":{\"@id\":\"https:\\\/\\\/blogdofarnesio.com.br\\\/#organization\"},\"image\":{\"@id\":\"https:\\\/\\\/blogdofarnesio.com.br\\\/?p=8003#primaryimage\"},\"thumbnailUrl\":\"http:\\\/\\\/www.quersaberpolitica.com.br\\\/2016\\\/wp-content\\\/uploads\\\/2012\\\/12\\\/blogqspseminariocapitalismoburocratico.gif\",\"articleSection\":[\"Entretenimento\"],\"inLanguage\":\"pt-BR\",\"potentialAction\":[{\"@type\":\"CommentAction\",\"name\":\"Comment\",\"target\":[\"https:\\\/\\\/blogdofarnesio.com.br\\\/?p=8003#respond\"]}]},{\"@type\":\"WebPage\",\"@id\":\"https:\\\/\\\/blogdofarnesio.com.br\\\/?p=8003\",\"url\":\"https:\\\/\\\/blogdofarnesio.com.br\\\/?p=8003\",\"name\":\"Secretaria de Sa\u00fade de Petrolina e ABO promovem palestra sobre odontologia est\u00e9tica para cirurgi\u00f5es-dentistas - Blog do Farn\u00e9sio\",\"isPartOf\":{\"@id\":\"https:\\\/\\\/blogdofarnesio.com.br\\\/#website\"},\"primaryImageOfPage\":{\"@id\":\"https:\\\/\\\/blogdofarnesio.com.br\\\/?p=8003#primaryimage\"},\"image\":{\"@id\":\"https:\\\/\\\/blogdofarnesio.com.br\\\/?p=8003#primaryimage\"},\"thumbnailUrl\":\"http:\\\/\\\/www.quersaberpolitica.com.br\\\/2016\\\/wp-content\\\/uploads\\\/2012\\\/12\\\/blogqspseminariocapitalismoburocratico.gif\",\"datePublished\":\"2011-11-03T14:00:08+00:00\",\"dateModified\":\"2011-11-03T14:44:18+00:00\",\"breadcrumb\":{\"@id\":\"https:\\\/\\\/blogdofarnesio.com.br\\\/?p=8003#breadcrumb\"},\"inLanguage\":\"pt-BR\",\"potentialAction\":[{\"@type\":\"ReadAction\",\"target\":[\"https:\\\/\\\/blogdofarnesio.com.br\\\/?p=8003\"]}]},{\"@type\":\"ImageObject\",\"inLanguage\":\"pt-BR\",\"@id\":\"https:\\\/\\\/blogdofarnesio.com.br\\\/?p=8003#primaryimage\",\"url\":\"http:\\\/\\\/www.quersaberpolitica.com.br\\\/2016\\\/wp-content\\\/uploads\\\/2012\\\/12\\\/blogqspseminariocapitalismoburocratico.gif\",\"contentUrl\":\"http:\\\/\\\/www.quersaberpolitica.com.br\\\/2016\\\/wp-content\\\/uploads\\\/2012\\\/12\\\/blogqspseminariocapitalismoburocratico.gif\"},{\"@type\":\"BreadcrumbList\",\"@id\":\"https:\\\/\\\/blogdofarnesio.com.br\\\/?p=8003#breadcrumb\",\"itemListElement\":[{\"@type\":\"ListItem\",\"position\":1,\"name\":\"In\u00edcio\",\"item\":\"https:\\\/\\\/blogdofarnesio.com.br\\\/\"},{\"@type\":\"ListItem\",\"position\":2,\"name\":\"Secretaria de Sa\u00fade de Petrolina e ABO promovem palestra sobre odontologia est\u00e9tica para cirurgi\u00f5es-dentistas\"}]},{\"@type\":\"WebSite\",\"@id\":\"https:\\\/\\\/blogdofarnesio.com.br\\\/#website\",\"url\":\"https:\\\/\\\/blogdofarnesio.com.br\\\/\",\"name\":\"Blog do Farn\u00e9sio\",\"description\":\"Quer Saber Pol\u00edtica?\",\"publisher\":{\"@id\":\"https:\\\/\\\/blogdofarnesio.com.br\\\/#organization\"},\"potentialAction\":[{\"@type\":\"SearchAction\",\"target\":{\"@type\":\"EntryPoint\",\"urlTemplate\":\"https:\\\/\\\/blogdofarnesio.com.br\\\/?s={search_term_string}\"},\"query-input\":{\"@type\":\"PropertyValueSpecification\",\"valueRequired\":true,\"valueName\":\"search_term_string\"}}],\"inLanguage\":\"pt-BR\"},{\"@type\":\"Organization\",\"@id\":\"https:\\\/\\\/blogdofarnesio.com.br\\\/#organization\",\"name\":\"Blog do Farn\u00e9sio\",\"url\":\"https:\\\/\\\/blogdofarnesio.com.br\\\/\",\"logo\":{\"@type\":\"ImageObject\",\"inLanguage\":\"pt-BR\",\"@id\":\"https:\\\/\\\/blogdofarnesio.com.br\\\/#\\\/schema\\\/logo\\\/image\\\/\",\"url\":\"https:\\\/\\\/blogdofarnesio.com.br\\\/wp-content\\\/uploads\\\/2026\\\/03\\\/cropped-logo_new-1.png\",\"contentUrl\":\"https:\\\/\\\/blogdofarnesio.com.br\\\/wp-content\\\/uploads\\\/2026\\\/03\\\/cropped-logo_new-1.png\",\"width\":881,\"height\":685,\"caption\":\"Blog do Farn\u00e9sio\"},\"image\":{\"@id\":\"https:\\\/\\\/blogdofarnesio.com.br\\\/#\\\/schema\\\/logo\\\/image\\\/\"},\"sameAs\":[\"https:\\\/\\\/www.facebook.com\\\/BlogQuerSaberPolitica\\\/\"]}]}<\/script>\n<!-- \/ Yoast SEO plugin. -->","yoast_head_json":{"title":"Secretaria de Sa\u00fade de Petrolina e ABO promovem palestra sobre odontologia est\u00e9tica para cirurgi\u00f5es-dentistas - Blog do Farn\u00e9sio","robots":{"index":"index","follow":"follow","max-snippet":"max-snippet:-1","max-image-preview":"max-image-preview:large","max-video-preview":"max-video-preview:-1"},"canonical":"https:\/\/blogdofarnesio.com.br\/?p=8003","og_locale":"pt_BR","og_type":"article","og_title":"Secretaria de Sa\u00fade de Petrolina e ABO promovem palestra sobre odontologia est\u00e9tica para cirurgi\u00f5es-dentistas - Blog do Farn\u00e9sio","og_description":"A Secretaria Municipal de Sa&uacute;de (SMS) realizou na &uacute;ltima semana, mais um ciclo de palestras de sa&uacute;de bucal, direcionado para cirurgi&otilde;es-dentistas da rede p&uacute;blica e privada de sa&uacute;de de Petrolina. O evento, organizado pela Prefeitura Municipal de Petrolina, atrav&eacute;s da Secretaria Municipal de Sa&uacute;de, com a parceria da Associa&ccedil;&atilde;o Brasileira de Odontologia (ABO), teve como tema &#8220;Est&aacute;gio Atual da Odontologia Est&eacute;tica&#8221;, com a palestra ministrada pelo professor da Universidade Federal de Pernambuco (UFPE), Paulo Fonseca. A Secret&aacute;ria de Sa&uacute;de, L&uacute;cia Giesta, que esteve presente no curso, lembrou que a iniciativa tamb&eacute;m faz parte das comemora&ccedil;&otilde;es do Dia do Dentista, celebrado no dia 25 de outubro, com o apoio da SMS e do Conselho Regional de Odontologia (CRO). &#8220;&Eacute; muito importante&hellip;","og_url":"https:\/\/blogdofarnesio.com.br\/?p=8003","og_site_name":"Blog do Farn\u00e9sio","article_publisher":"https:\/\/www.facebook.com\/BlogQuerSaberPolitica\/","article_published_time":"2011-11-03T14:00:08+00:00","article_modified_time":"2011-11-03T14:44:18+00:00","og_image":[{"url":"http:\/\/www.quersaberpolitica.com.br\/2016\/wp-content\/uploads\/2012\/12\/blogqspseminariocapitalismoburocratico.gif","type":"","width":"","height":""}],"twitter_card":"summary_large_image","twitter_misc":{"Est. tempo de leitura":"3 minutos"},"schema":{"@context":"https:\/\/schema.org","@graph":[{"@type":"Article","@id":"https:\/\/blogdofarnesio.com.br\/?p=8003#article","isPartOf":{"@id":"https:\/\/blogdofarnesio.com.br\/?p=8003"},"author":{"name":"","@id":""},"headline":"Secretaria de Sa\u00fade de Petrolina e ABO promovem palestra sobre odontologia est\u00e9tica para cirurgi\u00f5es-dentistas","datePublished":"2011-11-03T14:00:08+00:00","dateModified":"2011-11-03T14:44:18+00:00","mainEntityOfPage":{"@id":"https:\/\/blogdofarnesio.com.br\/?p=8003"},"wordCount":657,"commentCount":0,"publisher":{"@id":"https:\/\/blogdofarnesio.com.br\/#organization"},"image":{"@id":"https:\/\/blogdofarnesio.com.br\/?p=8003#primaryimage"},"thumbnailUrl":"http:\/\/www.quersaberpolitica.com.br\/2016\/wp-content\/uploads\/2012\/12\/blogqspseminariocapitalismoburocratico.gif","articleSection":["Entretenimento"],"inLanguage":"pt-BR","potentialAction":[{"@type":"CommentAction","name":"Comment","target":["https:\/\/blogdofarnesio.com.br\/?p=8003#respond"]}]},{"@type":"WebPage","@id":"https:\/\/blogdofarnesio.com.br\/?p=8003","url":"https:\/\/blogdofarnesio.com.br\/?p=8003","name":"Secretaria de Sa\u00fade de Petrolina e ABO promovem palestra sobre odontologia est\u00e9tica para cirurgi\u00f5es-dentistas - Blog do Farn\u00e9sio","isPartOf":{"@id":"https:\/\/blogdofarnesio.com.br\/#website"},"primaryImageOfPage":{"@id":"https:\/\/blogdofarnesio.com.br\/?p=8003#primaryimage"},"image":{"@id":"https:\/\/blogdofarnesio.com.br\/?p=8003#primaryimage"},"thumbnailUrl":"http:\/\/www.quersaberpolitica.com.br\/2016\/wp-content\/uploads\/2012\/12\/blogqspseminariocapitalismoburocratico.gif","datePublished":"2011-11-03T14:00:08+00:00","dateModified":"2011-11-03T14:44:18+00:00","breadcrumb":{"@id":"https:\/\/blogdofarnesio.com.br\/?p=8003#breadcrumb"},"inLanguage":"pt-BR","potentialAction":[{"@type":"ReadAction","target":["https:\/\/blogdofarnesio.com.br\/?p=8003"]}]},{"@type":"ImageObject","inLanguage":"pt-BR","@id":"https:\/\/blogdofarnesio.com.br\/?p=8003#primaryimage","url":"http:\/\/www.quersaberpolitica.com.br\/2016\/wp-content\/uploads\/2012\/12\/blogqspseminariocapitalismoburocratico.gif","contentUrl":"http:\/\/www.quersaberpolitica.com.br\/2016\/wp-content\/uploads\/2012\/12\/blogqspseminariocapitalismoburocratico.gif"},{"@type":"BreadcrumbList","@id":"https:\/\/blogdofarnesio.com.br\/?p=8003#breadcrumb","itemListElement":[{"@type":"ListItem","position":1,"name":"In\u00edcio","item":"https:\/\/blogdofarnesio.com.br\/"},{"@type":"ListItem","position":2,"name":"Secretaria de Sa\u00fade de Petrolina e ABO promovem palestra sobre odontologia est\u00e9tica para cirurgi\u00f5es-dentistas"}]},{"@type":"WebSite","@id":"https:\/\/blogdofarnesio.com.br\/#website","url":"https:\/\/blogdofarnesio.com.br\/","name":"Blog do Farn\u00e9sio","description":"Quer Saber Pol\u00edtica?","publisher":{"@id":"https:\/\/blogdofarnesio.com.br\/#organization"},"potentialAction":[{"@type":"SearchAction","target":{"@type":"EntryPoint","urlTemplate":"https:\/\/blogdofarnesio.com.br\/?s={search_term_string}"},"query-input":{"@type":"PropertyValueSpecification","valueRequired":true,"valueName":"search_term_string"}}],"inLanguage":"pt-BR"},{"@type":"Organization","@id":"https:\/\/blogdofarnesio.com.br\/#organization","name":"Blog do Farn\u00e9sio","url":"https:\/\/blogdofarnesio.com.br\/","logo":{"@type":"ImageObject","inLanguage":"pt-BR","@id":"https:\/\/blogdofarnesio.com.br\/#\/schema\/logo\/image\/","url":"https:\/\/blogdofarnesio.com.br\/wp-content\/uploads\/2026\/03\/cropped-logo_new-1.png","contentUrl":"https:\/\/blogdofarnesio.com.br\/wp-content\/uploads\/2026\/03\/cropped-logo_new-1.png","width":881,"height":685,"caption":"Blog do Farn\u00e9sio"},"image":{"@id":"https:\/\/blogdofarnesio.com.br\/#\/schema\/logo\/image\/"},"sameAs":["https:\/\/www.facebook.com\/BlogQuerSaberPolitica\/"]}]}},"_links":{"self":[{"href":"https:\/\/blogdofarnesio.com.br\/index.php?rest_route=\/wp\/v2\/posts\/8003","targetHints":{"allow":["GET"]}}],"collection":[{"href":"https:\/\/blogdofarnesio.com.br\/index.php?rest_route=\/wp\/v2\/posts"}],"about":[{"href":"https:\/\/blogdofarnesio.com.br\/index.php?rest_route=\/wp\/v2\/types\/post"}],"replies":[{"embeddable":true,"href":"https:\/\/blogdofarnesio.com.br\/index.php?rest_route=%2Fwp%2Fv2%2Fcomments&post=8003"}],"version-history":[{"count":0,"href":"https:\/\/blogdofarnesio.com.br\/index.php?rest_route=\/wp\/v2\/posts\/8003\/revisions"}],"wp:attachment":[{"href":"https:\/\/blogdofarnesio.com.br\/index.php?rest_route=%2Fwp%2Fv2%2Fmedia&parent=8003"}],"wp:term":[{"taxonomy":"category","embeddable":true,"href":"https:\/\/blogdofarnesio.com.br\/index.php?rest_route=%2Fwp%2Fv2%2Fcategories&post=8003"},{"taxonomy":"post_tag","embeddable":true,"href":"https:\/\/blogdofarnesio.com.br\/index.php?rest_route=%2Fwp%2Fv2%2Ftags&post=8003"}],"curies":[{"name":"wp","href":"https:\/\/api.w.org\/{rel}","templated":true}]}}