{"id":7997,"date":"2011-11-03T13:00:11","date_gmt":"2011-11-03T13:00:11","guid":{"rendered":"http:\/\/www.quersaberpolitica.com.br?p=7997"},"modified":"-0001-11-30T00:00:00","modified_gmt":"-0001-11-30T03:00:00","slug":"policia-militar-e-prefeitura-de-petrolina-implantam-comando-itinerante-no-joao-de-deus","status":"publish","type":"post","link":"https:\/\/blogdofarnesio.com.br\/?p=7997","title":{"rendered":"Pol\u00edcia Militar e Prefeitura de Petrolina implantam  comando itinerante no Jo\u00e3o de Deus"},"content":{"rendered":"<p style=\"text-align: justify;\"><span style=\"font-size: small;\"><br \/><\/span><\/p>\n<p style=\"text-align: justify;\"><span style=\"font-size: small;\"><a rel=\"lightbox\" href=\"http:\/\/www.quersaberpolitica.com.br\/2016\/wp-content\/uploads\/2012\/12\/blogqspcomandointinerante.jpg\"><img loading=\"lazy\" decoding=\"async\" style=\"float: right; margin-top: 5px; margin-bottom: 5px; margin-left: 10px; margin-right: 10px;\" src=\"http:\/\/www.quersaberpolitica.com.br\/2016\/wp-content\/uploads\/2012\/12\/blogqspcomandointinerante.jpg\" alt=\"\" width=\"200\" height=\"143\" \/><\/a>Buscando garantir a seguran&ccedil;a da popula&ccedil;&atilde;o de Petrolina, o 5&ordm; Batalh&atilde;o da Pol&iacute;cia Militar (5&ordm; BPM), em parceria com a Prefeitura Municipal de Petrolina, inaugurou na manh&atilde; desta ter&ccedil;a-feira (01) o Comando Itinerante Nilo Coelho (CINC) no bairro Jo&atilde;o de Deus. A princ&iacute;pio, o comando ficar&aacute; alocado por 30 dias no bairro Jo&atilde;o de Deus e logo depois o comandante seguir&aacute; para o bairro Jos&eacute; e Maria, onde os mesmos trabalhos ser&atilde;o desenvolvidos, contudo os m&oacute;dulos operantes e a sistem&aacute;tica do trabalho de policiamento vai permanecer por tempo indeterminado.<\/span><\/p>\n<p style=\"text-align: justify;\"><span style=\"font-size: small;\">O prefeito Julio Lossio esteve presente na solenidade e destacou a import&acirc;ncia dos trabalhos em parceria dos governos municipal, estadual e federal em prol da seguran&ccedil;a. &#8220;Os governos precisam cada vez mais andar de bra&ccedil;os dados porque a popula&ccedil;&atilde;o n&atilde;o quer saber de quem &eacute; a obriga&ccedil;&atilde;o de resolver os problemas, a popula&ccedil;&atilde;o espera que possamos melhorar a qualidade de vida de todos os cidad&atilde;os, sobretudo de quem n&atilde;o tem como arcar com os servi&ccedil;os privados de seguran&ccedil;a, educa&ccedil;&atilde;o e sa&uacute;de. Para que este trabalho tenha resultados positivos &eacute; necess&aacute;ria a colabora&ccedil;&atilde;o dos moradores, para que levem as demandas ao comando&#8221;, ressaltou.<\/span><\/p>\n<p style=\"text-align: justify;\"><span style=\"font-size: small;\">Segundo o Comandante do 5&ordm; BPM, Tenente Coronel Ailton Teles, a escolha do bairro Jo&atilde;o de Deus para iniciar o trabalho do CINC deve-se ao indicativo de viol&ecirc;ncia, considerado alto em rela&ccedil;&atilde;o &agrave;s outras localidades do munic&iacute;pio. &#8220;O Jo&atilde;o de Deus, em 2011, est&aacute; na frente dos demais bairros em n&uacute;mero de homic&iacute;dios e alguns delitos relacionados ao tr&aacute;fico de entorpecentes. As atividades do CINC ser&atilde;o voltadas n&atilde;o s&oacute; para policiamento ostensivo, mas tamb&eacute;m de cunho social e para isso contamos com o apoio da Prefeitura de Petrolina&#8221;, explicou o Comandante Teles. A solenidade contou com a presen&ccedil;a do Comandante de Policiamento do Sert&atilde;o (CPS-II), Coronel Elimar Lopes.<\/span><\/p>\n<p style=\"text-align: justify;\"><span style=\"font-size: small;\">&#8220;O comandante estar&aacute; aqui atendendo de perto a popula&ccedil;&atilde;o e toda demanda do bairro, isso tudo faz parte de um plano de seguran&ccedil;a do munic&iacute;pio juntamente com as for&ccedil;as federal, estadual e municipal para garantir mais tranquilidade &agrave; popula&ccedil;&atilde;o&#8221;, informou o Secret&aacute;rio Municipal de Seguran&ccedil;a, Coronel Daniel Ferreira.<\/span><\/p>\n<p style=\"text-align: justify;\"><span style=\"font-size: small;\">Francisca Zuleide de Ara&uacute;jo &eacute; moradora do bairro Jo&atilde;o de Deus h&aacute; 20 anos, ela afirmou que a presen&ccedil;a di&aacute;ria da Pol&iacute;cia Militar vai garantir a seguran&ccedil;a dos moradores e mais tranquilidade para as fam&iacute;lias. &#8220;Eu acho uma maravilha este trabalho porque a gente vai se sentir mais seguro para sair de casa &agrave; noite&#8221;, destacou a moradora.<\/span><\/p>\n<p style=\"text-align: justify;\"><span style=\"font-size: small;\">No bairro Jo&atilde;o de Deus, uma linha exclusiva para atendimento dos moradores foi disponibilizada para chamadas e den&uacute;ncias, atrav&eacute;s do n&uacute;mero (87) 8809-3160. O Disque Jo&atilde;o de Deus funcionar&aacute; 24 horas.<\/span><\/p>\n<p style=\"text-align: justify;\"><span style=\"font-size: small;\"><br \/>Texto: C&iacute;ntia Sacramento<\/span><\/p>\n<p style=\"text-align: justify;\"><span style=\"font-size: small;\">Foto: Gilson Pereira<\/span><\/p>\n<p style=\"text-align: justify;\"><span style=\"font-size: small;\"><br \/><\/span><\/p>\n<p style=\"text-align: justify;\">&nbsp;<\/p>\n","protected":false},"excerpt":{"rendered":"<p>Buscando garantir a seguran&ccedil;a da popula&ccedil;&atilde;o de Petrolina, o 5&ordm; Batalh&atilde;o da Pol&iacute;cia Militar (5&ordm; BPM), em parceria com a Prefeitura Municipal de Petrolina, inaugurou na manh&atilde; desta ter&ccedil;a-feira (01) o Comando Itinerante Nilo Coelho (CINC) no bairro Jo&atilde;o de Deus. A princ&iacute;pio, o comando ficar&aacute; alocado por 30 dias no bairro Jo&atilde;o de Deus e logo depois o comandante seguir&aacute; para o bairro Jos&eacute; e Maria, onde os mesmos trabalhos ser&atilde;o desenvolvidos, contudo os m&oacute;dulos operantes e a sistem&aacute;tica do trabalho de policiamento vai permanecer por tempo indeterminado. O prefeito Julio Lossio esteve presente na solenidade e destacou a import&acirc;ncia dos trabalhos em parceria dos governos municipal, estadual e federal em prol da seguran&ccedil;a. &#8220;Os governos precisam cada vez&hellip; <\/p>\n","protected":false},"author":0,"featured_media":0,"comment_status":"open","ping_status":"open","sticky":false,"template":"","format":"standard","meta":{"_acf_changed":false,"footnotes":""},"categories":[4],"tags":[],"class_list":["post-7997","post","type-post","status-publish","format-standard","hentry","category-saude"],"acf":[],"yoast_head":"<!-- This site is optimized with the Yoast SEO plugin v27.4 - https:\/\/yoast.com\/product\/yoast-seo-wordpress\/ -->\n<title>Pol\u00edcia Militar e Prefeitura de Petrolina implantam comando itinerante no Jo\u00e3o de Deus  - Blog do Farn\u00e9sio<\/title>\n<meta name=\"robots\" content=\"index, follow, max-snippet:-1, max-image-preview:large, max-video-preview:-1\" \/>\n<link rel=\"canonical\" href=\"https:\/\/blogdofarnesio.com.br\/?p=7997\" \/>\n<meta property=\"og:locale\" content=\"pt_BR\" \/>\n<meta property=\"og:type\" content=\"article\" \/>\n<meta property=\"og:title\" content=\"Pol\u00edcia Militar e Prefeitura de Petrolina implantam comando itinerante no Jo\u00e3o de Deus  - Blog do Farn\u00e9sio\" \/>\n<meta property=\"og:description\" content=\"Buscando garantir a seguran&ccedil;a da popula&ccedil;&atilde;o de Petrolina, o 5&ordm; Batalh&atilde;o da Pol&iacute;cia Militar (5&ordm; BPM), em parceria com a Prefeitura Municipal de Petrolina, inaugurou na manh&atilde; desta ter&ccedil;a-feira (01) o Comando Itinerante Nilo Coelho (CINC) no bairro Jo&atilde;o de Deus. A princ&iacute;pio, o comando ficar&aacute; alocado por 30 dias no bairro Jo&atilde;o de Deus e logo depois o comandante seguir&aacute; para o bairro Jos&eacute; e Maria, onde os mesmos trabalhos ser&atilde;o desenvolvidos, contudo os m&oacute;dulos operantes e a sistem&aacute;tica do trabalho de policiamento vai permanecer por tempo indeterminado. O prefeito Julio Lossio esteve presente na solenidade e destacou a import&acirc;ncia dos trabalhos em parceria dos governos municipal, estadual e federal em prol da seguran&ccedil;a. &#8220;Os governos precisam cada vez&hellip;\" \/>\n<meta property=\"og:url\" content=\"https:\/\/blogdofarnesio.com.br\/?p=7997\" \/>\n<meta property=\"og:site_name\" content=\"Blog do Farn\u00e9sio\" \/>\n<meta property=\"article:publisher\" content=\"https:\/\/www.facebook.com\/BlogQuerSaberPolitica\/\" \/>\n<meta property=\"article:published_time\" content=\"2011-11-03T13:00:11+00:00\" \/>\n<meta property=\"og:image\" content=\"http:\/\/www.quersaberpolitica.com.br\/2016\/wp-content\/uploads\/2012\/12\/blogqspcomandointinerante.jpg\" \/>\n<meta name=\"twitter:card\" content=\"summary_large_image\" \/>\n<meta name=\"twitter:label1\" content=\"Est. tempo de leitura\" \/>\n\t<meta name=\"twitter:data1\" content=\"3 minutos\" \/>\n<script type=\"application\/ld+json\" class=\"yoast-schema-graph\">{\"@context\":\"https:\\\/\\\/schema.org\",\"@graph\":[{\"@type\":\"Article\",\"@id\":\"https:\\\/\\\/blogdofarnesio.com.br\\\/?p=7997#article\",\"isPartOf\":{\"@id\":\"https:\\\/\\\/blogdofarnesio.com.br\\\/?p=7997\"},\"author\":{\"name\":\"\",\"@id\":\"\"},\"headline\":\"Pol\u00edcia Militar e Prefeitura de Petrolina implantam comando itinerante no Jo\u00e3o de Deus\",\"datePublished\":\"2011-11-03T13:00:11+00:00\",\"mainEntityOfPage\":{\"@id\":\"https:\\\/\\\/blogdofarnesio.com.br\\\/?p=7997\"},\"wordCount\":589,\"commentCount\":0,\"publisher\":{\"@id\":\"https:\\\/\\\/blogdofarnesio.com.br\\\/#organization\"},\"image\":{\"@id\":\"https:\\\/\\\/blogdofarnesio.com.br\\\/?p=7997#primaryimage\"},\"thumbnailUrl\":\"http:\\\/\\\/www.quersaberpolitica.com.br\\\/2016\\\/wp-content\\\/uploads\\\/2012\\\/12\\\/blogqspcomandointinerante.jpg\",\"articleSection\":[\"Sa\u00fade\"],\"inLanguage\":\"pt-BR\",\"potentialAction\":[{\"@type\":\"CommentAction\",\"name\":\"Comment\",\"target\":[\"https:\\\/\\\/blogdofarnesio.com.br\\\/?p=7997#respond\"]}]},{\"@type\":\"WebPage\",\"@id\":\"https:\\\/\\\/blogdofarnesio.com.br\\\/?p=7997\",\"url\":\"https:\\\/\\\/blogdofarnesio.com.br\\\/?p=7997\",\"name\":\"Pol\u00edcia Militar e Prefeitura de Petrolina implantam comando itinerante no Jo\u00e3o de Deus - Blog do Farn\u00e9sio\",\"isPartOf\":{\"@id\":\"https:\\\/\\\/blogdofarnesio.com.br\\\/#website\"},\"primaryImageOfPage\":{\"@id\":\"https:\\\/\\\/blogdofarnesio.com.br\\\/?p=7997#primaryimage\"},\"image\":{\"@id\":\"https:\\\/\\\/blogdofarnesio.com.br\\\/?p=7997#primaryimage\"},\"thumbnailUrl\":\"http:\\\/\\\/www.quersaberpolitica.com.br\\\/2016\\\/wp-content\\\/uploads\\\/2012\\\/12\\\/blogqspcomandointinerante.jpg\",\"datePublished\":\"2011-11-03T13:00:11+00:00\",\"breadcrumb\":{\"@id\":\"https:\\\/\\\/blogdofarnesio.com.br\\\/?p=7997#breadcrumb\"},\"inLanguage\":\"pt-BR\",\"potentialAction\":[{\"@type\":\"ReadAction\",\"target\":[\"https:\\\/\\\/blogdofarnesio.com.br\\\/?p=7997\"]}]},{\"@type\":\"ImageObject\",\"inLanguage\":\"pt-BR\",\"@id\":\"https:\\\/\\\/blogdofarnesio.com.br\\\/?p=7997#primaryimage\",\"url\":\"http:\\\/\\\/www.quersaberpolitica.com.br\\\/2016\\\/wp-content\\\/uploads\\\/2012\\\/12\\\/blogqspcomandointinerante.jpg\",\"contentUrl\":\"http:\\\/\\\/www.quersaberpolitica.com.br\\\/2016\\\/wp-content\\\/uploads\\\/2012\\\/12\\\/blogqspcomandointinerante.jpg\"},{\"@type\":\"BreadcrumbList\",\"@id\":\"https:\\\/\\\/blogdofarnesio.com.br\\\/?p=7997#breadcrumb\",\"itemListElement\":[{\"@type\":\"ListItem\",\"position\":1,\"name\":\"In\u00edcio\",\"item\":\"https:\\\/\\\/blogdofarnesio.com.br\\\/\"},{\"@type\":\"ListItem\",\"position\":2,\"name\":\"Pol\u00edcia Militar e Prefeitura de Petrolina implantam comando itinerante no Jo\u00e3o de Deus\"}]},{\"@type\":\"WebSite\",\"@id\":\"https:\\\/\\\/blogdofarnesio.com.br\\\/#website\",\"url\":\"https:\\\/\\\/blogdofarnesio.com.br\\\/\",\"name\":\"Blog do Farn\u00e9sio\",\"description\":\"Quer Saber Pol\u00edtica?\",\"publisher\":{\"@id\":\"https:\\\/\\\/blogdofarnesio.com.br\\\/#organization\"},\"potentialAction\":[{\"@type\":\"SearchAction\",\"target\":{\"@type\":\"EntryPoint\",\"urlTemplate\":\"https:\\\/\\\/blogdofarnesio.com.br\\\/?s={search_term_string}\"},\"query-input\":{\"@type\":\"PropertyValueSpecification\",\"valueRequired\":true,\"valueName\":\"search_term_string\"}}],\"inLanguage\":\"pt-BR\"},{\"@type\":\"Organization\",\"@id\":\"https:\\\/\\\/blogdofarnesio.com.br\\\/#organization\",\"name\":\"Blog do Farn\u00e9sio\",\"url\":\"https:\\\/\\\/blogdofarnesio.com.br\\\/\",\"logo\":{\"@type\":\"ImageObject\",\"inLanguage\":\"pt-BR\",\"@id\":\"https:\\\/\\\/blogdofarnesio.com.br\\\/#\\\/schema\\\/logo\\\/image\\\/\",\"url\":\"https:\\\/\\\/blogdofarnesio.com.br\\\/wp-content\\\/uploads\\\/2026\\\/03\\\/cropped-logo_new-1.png\",\"contentUrl\":\"https:\\\/\\\/blogdofarnesio.com.br\\\/wp-content\\\/uploads\\\/2026\\\/03\\\/cropped-logo_new-1.png\",\"width\":881,\"height\":685,\"caption\":\"Blog do Farn\u00e9sio\"},\"image\":{\"@id\":\"https:\\\/\\\/blogdofarnesio.com.br\\\/#\\\/schema\\\/logo\\\/image\\\/\"},\"sameAs\":[\"https:\\\/\\\/www.facebook.com\\\/BlogQuerSaberPolitica\\\/\"]}]}<\/script>\n<!-- \/ Yoast SEO plugin. -->","yoast_head_json":{"title":"Pol\u00edcia Militar e Prefeitura de Petrolina implantam comando itinerante no Jo\u00e3o de Deus  - Blog do Farn\u00e9sio","robots":{"index":"index","follow":"follow","max-snippet":"max-snippet:-1","max-image-preview":"max-image-preview:large","max-video-preview":"max-video-preview:-1"},"canonical":"https:\/\/blogdofarnesio.com.br\/?p=7997","og_locale":"pt_BR","og_type":"article","og_title":"Pol\u00edcia Militar e Prefeitura de Petrolina implantam comando itinerante no Jo\u00e3o de Deus  - Blog do Farn\u00e9sio","og_description":"Buscando garantir a seguran&ccedil;a da popula&ccedil;&atilde;o de Petrolina, o 5&ordm; Batalh&atilde;o da Pol&iacute;cia Militar (5&ordm; BPM), em parceria com a Prefeitura Municipal de Petrolina, inaugurou na manh&atilde; desta ter&ccedil;a-feira (01) o Comando Itinerante Nilo Coelho (CINC) no bairro Jo&atilde;o de Deus. A princ&iacute;pio, o comando ficar&aacute; alocado por 30 dias no bairro Jo&atilde;o de Deus e logo depois o comandante seguir&aacute; para o bairro Jos&eacute; e Maria, onde os mesmos trabalhos ser&atilde;o desenvolvidos, contudo os m&oacute;dulos operantes e a sistem&aacute;tica do trabalho de policiamento vai permanecer por tempo indeterminado. O prefeito Julio Lossio esteve presente na solenidade e destacou a import&acirc;ncia dos trabalhos em parceria dos governos municipal, estadual e federal em prol da seguran&ccedil;a. &#8220;Os governos precisam cada vez&hellip;","og_url":"https:\/\/blogdofarnesio.com.br\/?p=7997","og_site_name":"Blog do Farn\u00e9sio","article_publisher":"https:\/\/www.facebook.com\/BlogQuerSaberPolitica\/","article_published_time":"2011-11-03T13:00:11+00:00","og_image":[{"url":"http:\/\/www.quersaberpolitica.com.br\/2016\/wp-content\/uploads\/2012\/12\/blogqspcomandointinerante.jpg","type":"","width":"","height":""}],"twitter_card":"summary_large_image","twitter_misc":{"Est. tempo de leitura":"3 minutos"},"schema":{"@context":"https:\/\/schema.org","@graph":[{"@type":"Article","@id":"https:\/\/blogdofarnesio.com.br\/?p=7997#article","isPartOf":{"@id":"https:\/\/blogdofarnesio.com.br\/?p=7997"},"author":{"name":"","@id":""},"headline":"Pol\u00edcia Militar e Prefeitura de Petrolina implantam comando itinerante no Jo\u00e3o de Deus","datePublished":"2011-11-03T13:00:11+00:00","mainEntityOfPage":{"@id":"https:\/\/blogdofarnesio.com.br\/?p=7997"},"wordCount":589,"commentCount":0,"publisher":{"@id":"https:\/\/blogdofarnesio.com.br\/#organization"},"image":{"@id":"https:\/\/blogdofarnesio.com.br\/?p=7997#primaryimage"},"thumbnailUrl":"http:\/\/www.quersaberpolitica.com.br\/2016\/wp-content\/uploads\/2012\/12\/blogqspcomandointinerante.jpg","articleSection":["Sa\u00fade"],"inLanguage":"pt-BR","potentialAction":[{"@type":"CommentAction","name":"Comment","target":["https:\/\/blogdofarnesio.com.br\/?p=7997#respond"]}]},{"@type":"WebPage","@id":"https:\/\/blogdofarnesio.com.br\/?p=7997","url":"https:\/\/blogdofarnesio.com.br\/?p=7997","name":"Pol\u00edcia Militar e Prefeitura de Petrolina implantam comando itinerante no Jo\u00e3o de Deus - Blog do Farn\u00e9sio","isPartOf":{"@id":"https:\/\/blogdofarnesio.com.br\/#website"},"primaryImageOfPage":{"@id":"https:\/\/blogdofarnesio.com.br\/?p=7997#primaryimage"},"image":{"@id":"https:\/\/blogdofarnesio.com.br\/?p=7997#primaryimage"},"thumbnailUrl":"http:\/\/www.quersaberpolitica.com.br\/2016\/wp-content\/uploads\/2012\/12\/blogqspcomandointinerante.jpg","datePublished":"2011-11-03T13:00:11+00:00","breadcrumb":{"@id":"https:\/\/blogdofarnesio.com.br\/?p=7997#breadcrumb"},"inLanguage":"pt-BR","potentialAction":[{"@type":"ReadAction","target":["https:\/\/blogdofarnesio.com.br\/?p=7997"]}]},{"@type":"ImageObject","inLanguage":"pt-BR","@id":"https:\/\/blogdofarnesio.com.br\/?p=7997#primaryimage","url":"http:\/\/www.quersaberpolitica.com.br\/2016\/wp-content\/uploads\/2012\/12\/blogqspcomandointinerante.jpg","contentUrl":"http:\/\/www.quersaberpolitica.com.br\/2016\/wp-content\/uploads\/2012\/12\/blogqspcomandointinerante.jpg"},{"@type":"BreadcrumbList","@id":"https:\/\/blogdofarnesio.com.br\/?p=7997#breadcrumb","itemListElement":[{"@type":"ListItem","position":1,"name":"In\u00edcio","item":"https:\/\/blogdofarnesio.com.br\/"},{"@type":"ListItem","position":2,"name":"Pol\u00edcia Militar e Prefeitura de Petrolina implantam comando itinerante no Jo\u00e3o de Deus"}]},{"@type":"WebSite","@id":"https:\/\/blogdofarnesio.com.br\/#website","url":"https:\/\/blogdofarnesio.com.br\/","name":"Blog do Farn\u00e9sio","description":"Quer Saber Pol\u00edtica?","publisher":{"@id":"https:\/\/blogdofarnesio.com.br\/#organization"},"potentialAction":[{"@type":"SearchAction","target":{"@type":"EntryPoint","urlTemplate":"https:\/\/blogdofarnesio.com.br\/?s={search_term_string}"},"query-input":{"@type":"PropertyValueSpecification","valueRequired":true,"valueName":"search_term_string"}}],"inLanguage":"pt-BR"},{"@type":"Organization","@id":"https:\/\/blogdofarnesio.com.br\/#organization","name":"Blog do Farn\u00e9sio","url":"https:\/\/blogdofarnesio.com.br\/","logo":{"@type":"ImageObject","inLanguage":"pt-BR","@id":"https:\/\/blogdofarnesio.com.br\/#\/schema\/logo\/image\/","url":"https:\/\/blogdofarnesio.com.br\/wp-content\/uploads\/2026\/03\/cropped-logo_new-1.png","contentUrl":"https:\/\/blogdofarnesio.com.br\/wp-content\/uploads\/2026\/03\/cropped-logo_new-1.png","width":881,"height":685,"caption":"Blog do Farn\u00e9sio"},"image":{"@id":"https:\/\/blogdofarnesio.com.br\/#\/schema\/logo\/image\/"},"sameAs":["https:\/\/www.facebook.com\/BlogQuerSaberPolitica\/"]}]}},"_links":{"self":[{"href":"https:\/\/blogdofarnesio.com.br\/index.php?rest_route=\/wp\/v2\/posts\/7997","targetHints":{"allow":["GET"]}}],"collection":[{"href":"https:\/\/blogdofarnesio.com.br\/index.php?rest_route=\/wp\/v2\/posts"}],"about":[{"href":"https:\/\/blogdofarnesio.com.br\/index.php?rest_route=\/wp\/v2\/types\/post"}],"replies":[{"embeddable":true,"href":"https:\/\/blogdofarnesio.com.br\/index.php?rest_route=%2Fwp%2Fv2%2Fcomments&post=7997"}],"version-history":[{"count":0,"href":"https:\/\/blogdofarnesio.com.br\/index.php?rest_route=\/wp\/v2\/posts\/7997\/revisions"}],"wp:attachment":[{"href":"https:\/\/blogdofarnesio.com.br\/index.php?rest_route=%2Fwp%2Fv2%2Fmedia&parent=7997"}],"wp:term":[{"taxonomy":"category","embeddable":true,"href":"https:\/\/blogdofarnesio.com.br\/index.php?rest_route=%2Fwp%2Fv2%2Fcategories&post=7997"},{"taxonomy":"post_tag","embeddable":true,"href":"https:\/\/blogdofarnesio.com.br\/index.php?rest_route=%2Fwp%2Fv2%2Ftags&post=7997"}],"curies":[{"name":"wp","href":"https:\/\/api.w.org\/{rel}","templated":true}]}}