{"id":7986,"date":"2011-11-01T18:29:54","date_gmt":"2011-11-01T18:29:54","guid":{"rendered":"http:\/\/www.quersaberpolitica.com.br?p=7986"},"modified":"2011-11-01T18:39:10","modified_gmt":"2011-11-01T18:39:10","slug":"sesp-recupera-mais-20-km-no-trecho-de-pocoes-a-juremal","status":"publish","type":"post","link":"https:\/\/blogdofarnesio.com.br\/?p=7986","title":{"rendered":"SESP recupera mais 20 Km no trecho de Po\u00e7\u00f5es a Juremal"},"content":{"rendered":"<p style=\"text-align: justify;\"><span style=\"font-size: small;\"><a rel=\"lightbox\" href=\"http:\/\/www.quersaberpolitica.com.br\/2016\/wp-content\/uploads\/2012\/12\/blogqsppatrolamentouauapilar.jpg\"><img loading=\"lazy\" decoding=\"async\" style=\"margin-top: 5px; margin-bottom: 5px; margin-left: 10px; margin-right: 10px; float: left;\" title=\"Imagem Ilustrativa\" src=\"http:\/\/www.quersaberpolitica.com.br\/2016\/wp-content\/uploads\/2012\/12\/blogqsppatrolamentouauapilar.jpg\" alt=\"\" width=\"200\" height=\"145\" \/><\/a>Dando continuidade a recupera&ccedil;&atilde;o das estradas nos distritos de Juazeiro, a equipe de Manuten&ccedil;&atilde;o e M&aacute;quinas da Secretaria de Servi&ccedil;os P&uacute;blicos (SESP) est&aacute; realizando o servi&ccedil;o no trecho de Po&ccedil;&otilde;es a Juremal.<\/span><\/p>\n<p style=\"text-align: justify;\"><span style=\"font-size: small;\">No local, est&atilde;o sendo utilizados 1 retroescavadeira hidr&aacute;ulica, 3 ca&ccedil;amb&otilde;es e 2 motoniveladoras. &#8220;S&atilde;o 20 km de estrada recuperada, onde tamb&eacute;m estamos desempenhando um trabalho de alargamento da via para melhor fluxo entre os distritos. A via que antes tinha 4 metros, agora ter&aacute; 8 metros&#8221;, afirmou Francinalvo Leopoldo (Nalvinho), gerente de manuten&ccedil;&atilde;o e m&aacute;quinas da SESP.<\/span><\/p>\n<p style=\"text-align: justify;\"><span style=\"font-size: small;\">Segundo os amigos Fl&aacute;vio Souza, Ivonilson Gon&ccedil;alves e Manoel Ant&ocirc;nio que moram desde crian&ccedil;a no Tabuleiro, nunca foi feito nada na pista at&eacute; o o bairro. &#8220;Tem mais de 20 anos que n&atilde;o passa nenhum tipo de maquin&aacute;rio por aqui que abra a mata e mantenha o solo compactado. At&eacute; a poeira diminui&#8221;, disse Ivonilson Gon&ccedil;alves.<\/span><\/p>\n<p style=\"text-align: justify;\"><span style=\"font-size: small;\">&#8220;A a&ccedil;&atilde;o com a ajuda das m&aacute;quinas melhora o servi&ccedil;o. Na opera&ccedil;&atilde;o, nivelamos o solo e cascalhamos; utilizamos ao todo 200 ca&ccedil;amb&otilde;es de cascalho equivalente a 2.400 m&sup2; de investimento em material&#8221;, completou Paulo Bonfim, secret&aacute;rio de servi&ccedil;os p&uacute;blicos.<\/span><\/p>\n<p style=\"text-align: justify;\"><span style=\"font-size: small;\">(Ascom PMJ)<\/span><\/p>\n","protected":false},"excerpt":{"rendered":"<p>Dando continuidade a recupera&ccedil;&atilde;o das estradas nos distritos de Juazeiro, a equipe de Manuten&ccedil;&atilde;o e M&aacute;quinas da Secretaria de Servi&ccedil;os P&uacute;blicos (SESP) est&aacute; realizando o servi&ccedil;o no trecho de Po&ccedil;&otilde;es a Juremal. No local, est&atilde;o sendo utilizados 1 retroescavadeira hidr&aacute;ulica, 3 ca&ccedil;amb&otilde;es e 2 motoniveladoras. &#8220;S&atilde;o 20 km de estrada recuperada, onde tamb&eacute;m estamos desempenhando um trabalho de alargamento da via para melhor fluxo entre os distritos. A via que antes tinha 4 metros, agora ter&aacute; 8 metros&#8221;, afirmou Francinalvo Leopoldo (Nalvinho), gerente de manuten&ccedil;&atilde;o e m&aacute;quinas da SESP. Segundo os amigos Fl&aacute;vio Souza, Ivonilson Gon&ccedil;alves e Manoel Ant&ocirc;nio que moram desde crian&ccedil;a no Tabuleiro, nunca foi feito nada na pista at&eacute; o o bairro. &#8220;Tem mais de 20 anos&hellip; <\/p>\n","protected":false},"author":0,"featured_media":0,"comment_status":"open","ping_status":"open","sticky":false,"template":"","format":"standard","meta":{"_acf_changed":false,"footnotes":""},"categories":[13],"tags":[],"class_list":["post-7986","post","type-post","status-publish","format-standard","hentry","category-fruticultura"],"acf":[],"yoast_head":"<!-- This site is optimized with the Yoast SEO plugin v27.4 - https:\/\/yoast.com\/product\/yoast-seo-wordpress\/ -->\n<title>SESP recupera mais 20 Km no trecho de Po\u00e7\u00f5es a Juremal - Blog do Farn\u00e9sio<\/title>\n<meta name=\"robots\" content=\"index, follow, max-snippet:-1, max-image-preview:large, max-video-preview:-1\" \/>\n<link rel=\"canonical\" href=\"http:\/\/blogdofarnesio.com.br\/?p=7986\" \/>\n<meta property=\"og:locale\" content=\"pt_BR\" \/>\n<meta property=\"og:type\" content=\"article\" \/>\n<meta property=\"og:title\" content=\"SESP recupera mais 20 Km no trecho de Po\u00e7\u00f5es a Juremal - Blog do Farn\u00e9sio\" \/>\n<meta property=\"og:description\" content=\"Dando continuidade a recupera&ccedil;&atilde;o das estradas nos distritos de Juazeiro, a equipe de Manuten&ccedil;&atilde;o e M&aacute;quinas da Secretaria de Servi&ccedil;os P&uacute;blicos (SESP) est&aacute; realizando o servi&ccedil;o no trecho de Po&ccedil;&otilde;es a Juremal. No local, est&atilde;o sendo utilizados 1 retroescavadeira hidr&aacute;ulica, 3 ca&ccedil;amb&otilde;es e 2 motoniveladoras. &#8220;S&atilde;o 20 km de estrada recuperada, onde tamb&eacute;m estamos desempenhando um trabalho de alargamento da via para melhor fluxo entre os distritos. A via que antes tinha 4 metros, agora ter&aacute; 8 metros&#8221;, afirmou Francinalvo Leopoldo (Nalvinho), gerente de manuten&ccedil;&atilde;o e m&aacute;quinas da SESP. Segundo os amigos Fl&aacute;vio Souza, Ivonilson Gon&ccedil;alves e Manoel Ant&ocirc;nio que moram desde crian&ccedil;a no Tabuleiro, nunca foi feito nada na pista at&eacute; o o bairro. &#8220;Tem mais de 20 anos&hellip;\" \/>\n<meta property=\"og:url\" content=\"http:\/\/blogdofarnesio.com.br\/?p=7986\" \/>\n<meta property=\"og:site_name\" content=\"Blog do Farn\u00e9sio\" \/>\n<meta property=\"article:publisher\" content=\"https:\/\/www.facebook.com\/BlogQuerSaberPolitica\/\" \/>\n<meta property=\"article:published_time\" content=\"2011-11-01T18:29:54+00:00\" \/>\n<meta property=\"article:modified_time\" content=\"2011-11-01T18:39:10+00:00\" \/>\n<meta property=\"og:image\" content=\"http:\/\/www.quersaberpolitica.com.br\/2016\/wp-content\/uploads\/2012\/12\/blogqsppatrolamentouauapilar.jpg\" \/>\n<meta name=\"twitter:card\" content=\"summary_large_image\" \/>\n<meta name=\"twitter:label1\" content=\"Est. tempo de leitura\" \/>\n\t<meta name=\"twitter:data1\" content=\"1 minuto\" \/>\n<script type=\"application\/ld+json\" class=\"yoast-schema-graph\">{\"@context\":\"https:\\\/\\\/schema.org\",\"@graph\":[{\"@type\":\"Article\",\"@id\":\"http:\\\/\\\/blogdofarnesio.com.br\\\/?p=7986#article\",\"isPartOf\":{\"@id\":\"http:\\\/\\\/blogdofarnesio.com.br\\\/?p=7986\"},\"author\":{\"name\":\"\",\"@id\":\"\"},\"headline\":\"SESP recupera mais 20 Km no trecho de Po\u00e7\u00f5es a Juremal\",\"datePublished\":\"2011-11-01T18:29:54+00:00\",\"dateModified\":\"2011-11-01T18:39:10+00:00\",\"mainEntityOfPage\":{\"@id\":\"http:\\\/\\\/blogdofarnesio.com.br\\\/?p=7986\"},\"wordCount\":261,\"commentCount\":0,\"publisher\":{\"@id\":\"https:\\\/\\\/blogdofarnesio.com.br\\\/#organization\"},\"image\":{\"@id\":\"http:\\\/\\\/blogdofarnesio.com.br\\\/?p=7986#primaryimage\"},\"thumbnailUrl\":\"http:\\\/\\\/www.quersaberpolitica.com.br\\\/2016\\\/wp-content\\\/uploads\\\/2012\\\/12\\\/blogqsppatrolamentouauapilar.jpg\",\"articleSection\":[\"Fruticultura\"],\"inLanguage\":\"pt-BR\",\"potentialAction\":[{\"@type\":\"CommentAction\",\"name\":\"Comment\",\"target\":[\"http:\\\/\\\/blogdofarnesio.com.br\\\/?p=7986#respond\"]}]},{\"@type\":\"WebPage\",\"@id\":\"http:\\\/\\\/blogdofarnesio.com.br\\\/?p=7986\",\"url\":\"http:\\\/\\\/blogdofarnesio.com.br\\\/?p=7986\",\"name\":\"SESP recupera mais 20 Km no trecho de Po\u00e7\u00f5es a Juremal - Blog do Farn\u00e9sio\",\"isPartOf\":{\"@id\":\"https:\\\/\\\/blogdofarnesio.com.br\\\/#website\"},\"primaryImageOfPage\":{\"@id\":\"http:\\\/\\\/blogdofarnesio.com.br\\\/?p=7986#primaryimage\"},\"image\":{\"@id\":\"http:\\\/\\\/blogdofarnesio.com.br\\\/?p=7986#primaryimage\"},\"thumbnailUrl\":\"http:\\\/\\\/www.quersaberpolitica.com.br\\\/2016\\\/wp-content\\\/uploads\\\/2012\\\/12\\\/blogqsppatrolamentouauapilar.jpg\",\"datePublished\":\"2011-11-01T18:29:54+00:00\",\"dateModified\":\"2011-11-01T18:39:10+00:00\",\"breadcrumb\":{\"@id\":\"http:\\\/\\\/blogdofarnesio.com.br\\\/?p=7986#breadcrumb\"},\"inLanguage\":\"pt-BR\",\"potentialAction\":[{\"@type\":\"ReadAction\",\"target\":[\"http:\\\/\\\/blogdofarnesio.com.br\\\/?p=7986\"]}]},{\"@type\":\"ImageObject\",\"inLanguage\":\"pt-BR\",\"@id\":\"http:\\\/\\\/blogdofarnesio.com.br\\\/?p=7986#primaryimage\",\"url\":\"http:\\\/\\\/www.quersaberpolitica.com.br\\\/2016\\\/wp-content\\\/uploads\\\/2012\\\/12\\\/blogqsppatrolamentouauapilar.jpg\",\"contentUrl\":\"http:\\\/\\\/www.quersaberpolitica.com.br\\\/2016\\\/wp-content\\\/uploads\\\/2012\\\/12\\\/blogqsppatrolamentouauapilar.jpg\"},{\"@type\":\"BreadcrumbList\",\"@id\":\"http:\\\/\\\/blogdofarnesio.com.br\\\/?p=7986#breadcrumb\",\"itemListElement\":[{\"@type\":\"ListItem\",\"position\":1,\"name\":\"In\u00edcio\",\"item\":\"https:\\\/\\\/blogdofarnesio.com.br\\\/\"},{\"@type\":\"ListItem\",\"position\":2,\"name\":\"SESP recupera mais 20 Km no trecho de Po\u00e7\u00f5es a Juremal\"}]},{\"@type\":\"WebSite\",\"@id\":\"https:\\\/\\\/blogdofarnesio.com.br\\\/#website\",\"url\":\"https:\\\/\\\/blogdofarnesio.com.br\\\/\",\"name\":\"Blog do Farn\u00e9sio\",\"description\":\"Quer Saber Pol\u00edtica?\",\"publisher\":{\"@id\":\"https:\\\/\\\/blogdofarnesio.com.br\\\/#organization\"},\"potentialAction\":[{\"@type\":\"SearchAction\",\"target\":{\"@type\":\"EntryPoint\",\"urlTemplate\":\"https:\\\/\\\/blogdofarnesio.com.br\\\/?s={search_term_string}\"},\"query-input\":{\"@type\":\"PropertyValueSpecification\",\"valueRequired\":true,\"valueName\":\"search_term_string\"}}],\"inLanguage\":\"pt-BR\"},{\"@type\":\"Organization\",\"@id\":\"https:\\\/\\\/blogdofarnesio.com.br\\\/#organization\",\"name\":\"Blog do Farn\u00e9sio\",\"url\":\"https:\\\/\\\/blogdofarnesio.com.br\\\/\",\"logo\":{\"@type\":\"ImageObject\",\"inLanguage\":\"pt-BR\",\"@id\":\"https:\\\/\\\/blogdofarnesio.com.br\\\/#\\\/schema\\\/logo\\\/image\\\/\",\"url\":\"https:\\\/\\\/blogdofarnesio.com.br\\\/wp-content\\\/uploads\\\/2026\\\/03\\\/cropped-logo_new-1.png\",\"contentUrl\":\"https:\\\/\\\/blogdofarnesio.com.br\\\/wp-content\\\/uploads\\\/2026\\\/03\\\/cropped-logo_new-1.png\",\"width\":881,\"height\":685,\"caption\":\"Blog do Farn\u00e9sio\"},\"image\":{\"@id\":\"https:\\\/\\\/blogdofarnesio.com.br\\\/#\\\/schema\\\/logo\\\/image\\\/\"},\"sameAs\":[\"https:\\\/\\\/www.facebook.com\\\/BlogQuerSaberPolitica\\\/\"]}]}<\/script>\n<!-- \/ Yoast SEO plugin. -->","yoast_head_json":{"title":"SESP recupera mais 20 Km no trecho de Po\u00e7\u00f5es a Juremal - Blog do Farn\u00e9sio","robots":{"index":"index","follow":"follow","max-snippet":"max-snippet:-1","max-image-preview":"max-image-preview:large","max-video-preview":"max-video-preview:-1"},"canonical":"http:\/\/blogdofarnesio.com.br\/?p=7986","og_locale":"pt_BR","og_type":"article","og_title":"SESP recupera mais 20 Km no trecho de Po\u00e7\u00f5es a Juremal - Blog do Farn\u00e9sio","og_description":"Dando continuidade a recupera&ccedil;&atilde;o das estradas nos distritos de Juazeiro, a equipe de Manuten&ccedil;&atilde;o e M&aacute;quinas da Secretaria de Servi&ccedil;os P&uacute;blicos (SESP) est&aacute; realizando o servi&ccedil;o no trecho de Po&ccedil;&otilde;es a Juremal. No local, est&atilde;o sendo utilizados 1 retroescavadeira hidr&aacute;ulica, 3 ca&ccedil;amb&otilde;es e 2 motoniveladoras. &#8220;S&atilde;o 20 km de estrada recuperada, onde tamb&eacute;m estamos desempenhando um trabalho de alargamento da via para melhor fluxo entre os distritos. A via que antes tinha 4 metros, agora ter&aacute; 8 metros&#8221;, afirmou Francinalvo Leopoldo (Nalvinho), gerente de manuten&ccedil;&atilde;o e m&aacute;quinas da SESP. Segundo os amigos Fl&aacute;vio Souza, Ivonilson Gon&ccedil;alves e Manoel Ant&ocirc;nio que moram desde crian&ccedil;a no Tabuleiro, nunca foi feito nada na pista at&eacute; o o bairro. &#8220;Tem mais de 20 anos&hellip;","og_url":"http:\/\/blogdofarnesio.com.br\/?p=7986","og_site_name":"Blog do Farn\u00e9sio","article_publisher":"https:\/\/www.facebook.com\/BlogQuerSaberPolitica\/","article_published_time":"2011-11-01T18:29:54+00:00","article_modified_time":"2011-11-01T18:39:10+00:00","og_image":[{"url":"http:\/\/www.quersaberpolitica.com.br\/2016\/wp-content\/uploads\/2012\/12\/blogqsppatrolamentouauapilar.jpg","type":"","width":"","height":""}],"twitter_card":"summary_large_image","twitter_misc":{"Est. tempo de leitura":"1 minuto"},"schema":{"@context":"https:\/\/schema.org","@graph":[{"@type":"Article","@id":"http:\/\/blogdofarnesio.com.br\/?p=7986#article","isPartOf":{"@id":"http:\/\/blogdofarnesio.com.br\/?p=7986"},"author":{"name":"","@id":""},"headline":"SESP recupera mais 20 Km no trecho de Po\u00e7\u00f5es a Juremal","datePublished":"2011-11-01T18:29:54+00:00","dateModified":"2011-11-01T18:39:10+00:00","mainEntityOfPage":{"@id":"http:\/\/blogdofarnesio.com.br\/?p=7986"},"wordCount":261,"commentCount":0,"publisher":{"@id":"https:\/\/blogdofarnesio.com.br\/#organization"},"image":{"@id":"http:\/\/blogdofarnesio.com.br\/?p=7986#primaryimage"},"thumbnailUrl":"http:\/\/www.quersaberpolitica.com.br\/2016\/wp-content\/uploads\/2012\/12\/blogqsppatrolamentouauapilar.jpg","articleSection":["Fruticultura"],"inLanguage":"pt-BR","potentialAction":[{"@type":"CommentAction","name":"Comment","target":["http:\/\/blogdofarnesio.com.br\/?p=7986#respond"]}]},{"@type":"WebPage","@id":"http:\/\/blogdofarnesio.com.br\/?p=7986","url":"http:\/\/blogdofarnesio.com.br\/?p=7986","name":"SESP recupera mais 20 Km no trecho de Po\u00e7\u00f5es a Juremal - Blog do Farn\u00e9sio","isPartOf":{"@id":"https:\/\/blogdofarnesio.com.br\/#website"},"primaryImageOfPage":{"@id":"http:\/\/blogdofarnesio.com.br\/?p=7986#primaryimage"},"image":{"@id":"http:\/\/blogdofarnesio.com.br\/?p=7986#primaryimage"},"thumbnailUrl":"http:\/\/www.quersaberpolitica.com.br\/2016\/wp-content\/uploads\/2012\/12\/blogqsppatrolamentouauapilar.jpg","datePublished":"2011-11-01T18:29:54+00:00","dateModified":"2011-11-01T18:39:10+00:00","breadcrumb":{"@id":"http:\/\/blogdofarnesio.com.br\/?p=7986#breadcrumb"},"inLanguage":"pt-BR","potentialAction":[{"@type":"ReadAction","target":["http:\/\/blogdofarnesio.com.br\/?p=7986"]}]},{"@type":"ImageObject","inLanguage":"pt-BR","@id":"http:\/\/blogdofarnesio.com.br\/?p=7986#primaryimage","url":"http:\/\/www.quersaberpolitica.com.br\/2016\/wp-content\/uploads\/2012\/12\/blogqsppatrolamentouauapilar.jpg","contentUrl":"http:\/\/www.quersaberpolitica.com.br\/2016\/wp-content\/uploads\/2012\/12\/blogqsppatrolamentouauapilar.jpg"},{"@type":"BreadcrumbList","@id":"http:\/\/blogdofarnesio.com.br\/?p=7986#breadcrumb","itemListElement":[{"@type":"ListItem","position":1,"name":"In\u00edcio","item":"https:\/\/blogdofarnesio.com.br\/"},{"@type":"ListItem","position":2,"name":"SESP recupera mais 20 Km no trecho de Po\u00e7\u00f5es a Juremal"}]},{"@type":"WebSite","@id":"https:\/\/blogdofarnesio.com.br\/#website","url":"https:\/\/blogdofarnesio.com.br\/","name":"Blog do Farn\u00e9sio","description":"Quer Saber Pol\u00edtica?","publisher":{"@id":"https:\/\/blogdofarnesio.com.br\/#organization"},"potentialAction":[{"@type":"SearchAction","target":{"@type":"EntryPoint","urlTemplate":"https:\/\/blogdofarnesio.com.br\/?s={search_term_string}"},"query-input":{"@type":"PropertyValueSpecification","valueRequired":true,"valueName":"search_term_string"}}],"inLanguage":"pt-BR"},{"@type":"Organization","@id":"https:\/\/blogdofarnesio.com.br\/#organization","name":"Blog do Farn\u00e9sio","url":"https:\/\/blogdofarnesio.com.br\/","logo":{"@type":"ImageObject","inLanguage":"pt-BR","@id":"https:\/\/blogdofarnesio.com.br\/#\/schema\/logo\/image\/","url":"https:\/\/blogdofarnesio.com.br\/wp-content\/uploads\/2026\/03\/cropped-logo_new-1.png","contentUrl":"https:\/\/blogdofarnesio.com.br\/wp-content\/uploads\/2026\/03\/cropped-logo_new-1.png","width":881,"height":685,"caption":"Blog do Farn\u00e9sio"},"image":{"@id":"https:\/\/blogdofarnesio.com.br\/#\/schema\/logo\/image\/"},"sameAs":["https:\/\/www.facebook.com\/BlogQuerSaberPolitica\/"]}]}},"_links":{"self":[{"href":"https:\/\/blogdofarnesio.com.br\/index.php?rest_route=\/wp\/v2\/posts\/7986","targetHints":{"allow":["GET"]}}],"collection":[{"href":"https:\/\/blogdofarnesio.com.br\/index.php?rest_route=\/wp\/v2\/posts"}],"about":[{"href":"https:\/\/blogdofarnesio.com.br\/index.php?rest_route=\/wp\/v2\/types\/post"}],"replies":[{"embeddable":true,"href":"https:\/\/blogdofarnesio.com.br\/index.php?rest_route=%2Fwp%2Fv2%2Fcomments&post=7986"}],"version-history":[{"count":0,"href":"https:\/\/blogdofarnesio.com.br\/index.php?rest_route=\/wp\/v2\/posts\/7986\/revisions"}],"wp:attachment":[{"href":"https:\/\/blogdofarnesio.com.br\/index.php?rest_route=%2Fwp%2Fv2%2Fmedia&parent=7986"}],"wp:term":[{"taxonomy":"category","embeddable":true,"href":"https:\/\/blogdofarnesio.com.br\/index.php?rest_route=%2Fwp%2Fv2%2Fcategories&post=7986"},{"taxonomy":"post_tag","embeddable":true,"href":"https:\/\/blogdofarnesio.com.br\/index.php?rest_route=%2Fwp%2Fv2%2Ftags&post=7986"}],"curies":[{"name":"wp","href":"https:\/\/api.w.org\/{rel}","templated":true}]}}