{"id":7932,"date":"2011-10-31T18:00:04","date_gmt":"2011-10-31T18:00:04","guid":{"rendered":"http:\/\/www.quersaberpolitica.com.br?p=7932"},"modified":"2011-10-31T19:40:36","modified_gmt":"2011-10-31T19:40:36","slug":"suelly-mantem-lideranca-no-campeonato-baiano-de-maratonas-aquaticas","status":"publish","type":"post","link":"https:\/\/blogdofarnesio.com.br\/?p=7932","title":{"rendered":"Suelly mant\u00e9m lideran\u00e7a no Campeonato Baiano de Maratonas Aqu\u00e1ticas"},"content":{"rendered":"<p style=\"text-align: justify;\"><a rel=\"lightbox\" href=\"http:\/\/www.quersaberpolitica.com.br\/2016\/wp-content\/uploads\/2012\/12\/blogqspmaratonachegada.jpg\"><img loading=\"lazy\" decoding=\"async\" src=\"http:\/\/www.quersaberpolitica.com.br\/2016\/wp-content\/uploads\/2012\/12\/blogqspmaratonachegada.jpg\" alt=\"\" width=\"200\" height=\"114\" \/><\/a><span style=\"font-size: small;\"><span style=\"font-family: arial,helvetica,sans-serif;\">No &uacute;ltimo domingo (30) aconteceu a IX Etapa Campeonato Baiano de  Maratonas Aqu&aacute;ticas,com largada na praia do Soho e chegada no Porto da  Barra,prova teve que a sua largada as 08:15h,e com a mar&eacute; toda a favor  os atletas n&atilde;o demoraram muito a chegar e os primeiros completaram os  4km de prova em menos de 40min.<br \/> Na prova masculina Jardiel Neto  (ICB) liderando desde o in&iacute;cio n&atilde;o teve muito trabalho em ganhar a  primeira coloca&ccedil;&atilde;o,seguido por Victor Sim&otilde;es (Aceb) que na tentativa de  se livrar de Renan Santos (Rhanc\/S&atilde;o Jos&eacute;) que ficou em terceiro,Rodrigo  Rabelo (ICB) em quarto e Jardiel Filho (ICB) em quinto.<br \/> Na prova  feminina as tr&ecirc;s primeiras colocadas nadaram bra&ccedil;ada a bra&ccedil;ada a prova  inteira deixando a decis&atilde;o para o fim,e na disputa entre M&aacute;rcia Santos  (CEPE\/Salesiano) e Suelly Siqueira (Aceb) deus espa&ccedil;o para Caroline  Oliveira (CEPE\/Salesiano) que ganhou pela primeira vez nessa  temporada,ficando Suelly em segundo e M&aacute;rcia em terceiro.<br \/> A pr&oacute;xima etapa acontece no dia 11 de dezembro na praia de Inema,e l&aacute; ser&atilde;o definidos os campe&otilde;es de 2011.<\/span><\/span><a rel=\"lightbox\" href=\"http:\/\/www.quersaberpolitica.com.br\/2016\/wp-content\/uploads\/2012\/12\/blogsuellyalineix.jpg\"><img loading=\"lazy\" decoding=\"async\" style=\"float: right; margin: 5px 10px;\" src=\"http:\/\/www.quersaberpolitica.com.br\/2016\/wp-content\/uploads\/2012\/12\/blogsuellyalineix.jpg\" alt=\"\" width=\"200\" height=\"176\" \/><\/a><\/p>\n<p style=\"text-align: justify;\"><span style=\"font-size: small;\"><span style=\"font-family: arial,helvetica,sans-serif;\"><br \/><\/span><\/span><\/p>\n<p style=\"text-align: justify;\"><span style=\"font-size: small;\"><span style=\"font-family: arial,helvetica,sans-serif;\"><br \/><\/span><\/span><\/p>\n<p style=\"text-align: justify;\"><span style=\"font-size: small;\"><span style=\"font-family: arial,helvetica,sans-serif;\"><br \/><\/span><\/span><\/p>\n","protected":false},"excerpt":{"rendered":"<p>No &uacute;ltimo domingo (30) aconteceu a IX Etapa Campeonato Baiano de Maratonas Aqu&aacute;ticas,com largada na praia do Soho e chegada no Porto da Barra,prova teve que a sua largada as 08:15h,e com a mar&eacute; toda a favor os atletas n&atilde;o demoraram muito a chegar e os primeiros completaram os 4km de prova em menos de 40min. Na prova masculina Jardiel Neto (ICB) liderando desde o in&iacute;cio n&atilde;o teve muito trabalho em ganhar a primeira coloca&ccedil;&atilde;o,seguido por Victor Sim&otilde;es (Aceb) que na tentativa de se livrar de Renan Santos (Rhanc\/S&atilde;o Jos&eacute;) que ficou em terceiro,Rodrigo Rabelo (ICB) em quarto e Jardiel Filho (ICB) em quinto. Na prova feminina as tr&ecirc;s primeiras colocadas nadaram bra&ccedil;ada a bra&ccedil;ada a prova inteira deixando a&hellip; <\/p>\n","protected":false},"author":0,"featured_media":0,"comment_status":"open","ping_status":"open","sticky":false,"template":"","format":"standard","meta":{"_acf_changed":false,"footnotes":""},"categories":[7],"tags":[],"class_list":["post-7932","post","type-post","status-publish","format-standard","hentry","category-religiao"],"acf":[],"yoast_head":"<!-- This site is optimized with the Yoast SEO plugin v27.4 - https:\/\/yoast.com\/product\/yoast-seo-wordpress\/ -->\n<title>Suelly mant\u00e9m lideran\u00e7a no Campeonato Baiano de Maratonas Aqu\u00e1ticas  - Blog do Farn\u00e9sio<\/title>\n<meta name=\"robots\" content=\"index, follow, max-snippet:-1, max-image-preview:large, max-video-preview:-1\" \/>\n<link rel=\"canonical\" href=\"https:\/\/blogdofarnesio.com.br\/?p=7932\" \/>\n<meta property=\"og:locale\" content=\"pt_BR\" \/>\n<meta property=\"og:type\" content=\"article\" \/>\n<meta property=\"og:title\" content=\"Suelly mant\u00e9m lideran\u00e7a no Campeonato Baiano de Maratonas Aqu\u00e1ticas  - Blog do Farn\u00e9sio\" \/>\n<meta property=\"og:description\" content=\"No &uacute;ltimo domingo (30) aconteceu a IX Etapa Campeonato Baiano de Maratonas Aqu&aacute;ticas,com largada na praia do Soho e chegada no Porto da Barra,prova teve que a sua largada as 08:15h,e com a mar&eacute; toda a favor os atletas n&atilde;o demoraram muito a chegar e os primeiros completaram os 4km de prova em menos de 40min. Na prova masculina Jardiel Neto (ICB) liderando desde o in&iacute;cio n&atilde;o teve muito trabalho em ganhar a primeira coloca&ccedil;&atilde;o,seguido por Victor Sim&otilde;es (Aceb) que na tentativa de se livrar de Renan Santos (Rhanc\/S&atilde;o Jos&eacute;) que ficou em terceiro,Rodrigo Rabelo (ICB) em quarto e Jardiel Filho (ICB) em quinto. Na prova feminina as tr&ecirc;s primeiras colocadas nadaram bra&ccedil;ada a bra&ccedil;ada a prova inteira deixando a&hellip;\" \/>\n<meta property=\"og:url\" content=\"https:\/\/blogdofarnesio.com.br\/?p=7932\" \/>\n<meta property=\"og:site_name\" content=\"Blog do Farn\u00e9sio\" \/>\n<meta property=\"article:publisher\" content=\"https:\/\/www.facebook.com\/BlogQuerSaberPolitica\/\" \/>\n<meta property=\"article:published_time\" content=\"2011-10-31T18:00:04+00:00\" \/>\n<meta property=\"article:modified_time\" content=\"2011-10-31T19:40:36+00:00\" \/>\n<meta property=\"og:image\" content=\"http:\/\/www.quersaberpolitica.com.br\/2016\/wp-content\/uploads\/2012\/12\/blogqspmaratonachegada.jpg\" \/>\n<meta name=\"twitter:card\" content=\"summary_large_image\" \/>\n<meta name=\"twitter:label1\" content=\"Est. tempo de leitura\" \/>\n\t<meta name=\"twitter:data1\" content=\"1 minuto\" \/>\n<script type=\"application\/ld+json\" class=\"yoast-schema-graph\">{\"@context\":\"https:\\\/\\\/schema.org\",\"@graph\":[{\"@type\":\"Article\",\"@id\":\"https:\\\/\\\/blogdofarnesio.com.br\\\/?p=7932#article\",\"isPartOf\":{\"@id\":\"https:\\\/\\\/blogdofarnesio.com.br\\\/?p=7932\"},\"author\":{\"name\":\"\",\"@id\":\"\"},\"headline\":\"Suelly mant\u00e9m lideran\u00e7a no Campeonato Baiano de Maratonas Aqu\u00e1ticas\",\"datePublished\":\"2011-10-31T18:00:04+00:00\",\"dateModified\":\"2011-10-31T19:40:36+00:00\",\"mainEntityOfPage\":{\"@id\":\"https:\\\/\\\/blogdofarnesio.com.br\\\/?p=7932\"},\"wordCount\":233,\"commentCount\":0,\"publisher\":{\"@id\":\"https:\\\/\\\/blogdofarnesio.com.br\\\/#organization\"},\"image\":{\"@id\":\"https:\\\/\\\/blogdofarnesio.com.br\\\/?p=7932#primaryimage\"},\"thumbnailUrl\":\"http:\\\/\\\/www.quersaberpolitica.com.br\\\/2016\\\/wp-content\\\/uploads\\\/2012\\\/12\\\/blogqspmaratonachegada.jpg\",\"articleSection\":[\"Religi\u00e3o\"],\"inLanguage\":\"pt-BR\",\"potentialAction\":[{\"@type\":\"CommentAction\",\"name\":\"Comment\",\"target\":[\"https:\\\/\\\/blogdofarnesio.com.br\\\/?p=7932#respond\"]}]},{\"@type\":\"WebPage\",\"@id\":\"https:\\\/\\\/blogdofarnesio.com.br\\\/?p=7932\",\"url\":\"https:\\\/\\\/blogdofarnesio.com.br\\\/?p=7932\",\"name\":\"Suelly mant\u00e9m lideran\u00e7a no Campeonato Baiano de Maratonas Aqu\u00e1ticas - Blog do Farn\u00e9sio\",\"isPartOf\":{\"@id\":\"https:\\\/\\\/blogdofarnesio.com.br\\\/#website\"},\"primaryImageOfPage\":{\"@id\":\"https:\\\/\\\/blogdofarnesio.com.br\\\/?p=7932#primaryimage\"},\"image\":{\"@id\":\"https:\\\/\\\/blogdofarnesio.com.br\\\/?p=7932#primaryimage\"},\"thumbnailUrl\":\"http:\\\/\\\/www.quersaberpolitica.com.br\\\/2016\\\/wp-content\\\/uploads\\\/2012\\\/12\\\/blogqspmaratonachegada.jpg\",\"datePublished\":\"2011-10-31T18:00:04+00:00\",\"dateModified\":\"2011-10-31T19:40:36+00:00\",\"breadcrumb\":{\"@id\":\"https:\\\/\\\/blogdofarnesio.com.br\\\/?p=7932#breadcrumb\"},\"inLanguage\":\"pt-BR\",\"potentialAction\":[{\"@type\":\"ReadAction\",\"target\":[\"https:\\\/\\\/blogdofarnesio.com.br\\\/?p=7932\"]}]},{\"@type\":\"ImageObject\",\"inLanguage\":\"pt-BR\",\"@id\":\"https:\\\/\\\/blogdofarnesio.com.br\\\/?p=7932#primaryimage\",\"url\":\"http:\\\/\\\/www.quersaberpolitica.com.br\\\/2016\\\/wp-content\\\/uploads\\\/2012\\\/12\\\/blogqspmaratonachegada.jpg\",\"contentUrl\":\"http:\\\/\\\/www.quersaberpolitica.com.br\\\/2016\\\/wp-content\\\/uploads\\\/2012\\\/12\\\/blogqspmaratonachegada.jpg\"},{\"@type\":\"BreadcrumbList\",\"@id\":\"https:\\\/\\\/blogdofarnesio.com.br\\\/?p=7932#breadcrumb\",\"itemListElement\":[{\"@type\":\"ListItem\",\"position\":1,\"name\":\"In\u00edcio\",\"item\":\"https:\\\/\\\/blogdofarnesio.com.br\\\/\"},{\"@type\":\"ListItem\",\"position\":2,\"name\":\"Suelly mant\u00e9m lideran\u00e7a no Campeonato Baiano de Maratonas Aqu\u00e1ticas\"}]},{\"@type\":\"WebSite\",\"@id\":\"https:\\\/\\\/blogdofarnesio.com.br\\\/#website\",\"url\":\"https:\\\/\\\/blogdofarnesio.com.br\\\/\",\"name\":\"Blog do Farn\u00e9sio\",\"description\":\"Quer Saber Pol\u00edtica?\",\"publisher\":{\"@id\":\"https:\\\/\\\/blogdofarnesio.com.br\\\/#organization\"},\"potentialAction\":[{\"@type\":\"SearchAction\",\"target\":{\"@type\":\"EntryPoint\",\"urlTemplate\":\"https:\\\/\\\/blogdofarnesio.com.br\\\/?s={search_term_string}\"},\"query-input\":{\"@type\":\"PropertyValueSpecification\",\"valueRequired\":true,\"valueName\":\"search_term_string\"}}],\"inLanguage\":\"pt-BR\"},{\"@type\":\"Organization\",\"@id\":\"https:\\\/\\\/blogdofarnesio.com.br\\\/#organization\",\"name\":\"Blog do Farn\u00e9sio\",\"url\":\"https:\\\/\\\/blogdofarnesio.com.br\\\/\",\"logo\":{\"@type\":\"ImageObject\",\"inLanguage\":\"pt-BR\",\"@id\":\"https:\\\/\\\/blogdofarnesio.com.br\\\/#\\\/schema\\\/logo\\\/image\\\/\",\"url\":\"https:\\\/\\\/blogdofarnesio.com.br\\\/wp-content\\\/uploads\\\/2026\\\/03\\\/cropped-logo_new-1.png\",\"contentUrl\":\"https:\\\/\\\/blogdofarnesio.com.br\\\/wp-content\\\/uploads\\\/2026\\\/03\\\/cropped-logo_new-1.png\",\"width\":881,\"height\":685,\"caption\":\"Blog do Farn\u00e9sio\"},\"image\":{\"@id\":\"https:\\\/\\\/blogdofarnesio.com.br\\\/#\\\/schema\\\/logo\\\/image\\\/\"},\"sameAs\":[\"https:\\\/\\\/www.facebook.com\\\/BlogQuerSaberPolitica\\\/\"]}]}<\/script>\n<!-- \/ Yoast SEO plugin. -->","yoast_head_json":{"title":"Suelly mant\u00e9m lideran\u00e7a no Campeonato Baiano de Maratonas Aqu\u00e1ticas  - Blog do Farn\u00e9sio","robots":{"index":"index","follow":"follow","max-snippet":"max-snippet:-1","max-image-preview":"max-image-preview:large","max-video-preview":"max-video-preview:-1"},"canonical":"https:\/\/blogdofarnesio.com.br\/?p=7932","og_locale":"pt_BR","og_type":"article","og_title":"Suelly mant\u00e9m lideran\u00e7a no Campeonato Baiano de Maratonas Aqu\u00e1ticas  - Blog do Farn\u00e9sio","og_description":"No &uacute;ltimo domingo (30) aconteceu a IX Etapa Campeonato Baiano de Maratonas Aqu&aacute;ticas,com largada na praia do Soho e chegada no Porto da Barra,prova teve que a sua largada as 08:15h,e com a mar&eacute; toda a favor os atletas n&atilde;o demoraram muito a chegar e os primeiros completaram os 4km de prova em menos de 40min. Na prova masculina Jardiel Neto (ICB) liderando desde o in&iacute;cio n&atilde;o teve muito trabalho em ganhar a primeira coloca&ccedil;&atilde;o,seguido por Victor Sim&otilde;es (Aceb) que na tentativa de se livrar de Renan Santos (Rhanc\/S&atilde;o Jos&eacute;) que ficou em terceiro,Rodrigo Rabelo (ICB) em quarto e Jardiel Filho (ICB) em quinto. Na prova feminina as tr&ecirc;s primeiras colocadas nadaram bra&ccedil;ada a bra&ccedil;ada a prova inteira deixando a&hellip;","og_url":"https:\/\/blogdofarnesio.com.br\/?p=7932","og_site_name":"Blog do Farn\u00e9sio","article_publisher":"https:\/\/www.facebook.com\/BlogQuerSaberPolitica\/","article_published_time":"2011-10-31T18:00:04+00:00","article_modified_time":"2011-10-31T19:40:36+00:00","og_image":[{"url":"http:\/\/www.quersaberpolitica.com.br\/2016\/wp-content\/uploads\/2012\/12\/blogqspmaratonachegada.jpg","type":"","width":"","height":""}],"twitter_card":"summary_large_image","twitter_misc":{"Est. tempo de leitura":"1 minuto"},"schema":{"@context":"https:\/\/schema.org","@graph":[{"@type":"Article","@id":"https:\/\/blogdofarnesio.com.br\/?p=7932#article","isPartOf":{"@id":"https:\/\/blogdofarnesio.com.br\/?p=7932"},"author":{"name":"","@id":""},"headline":"Suelly mant\u00e9m lideran\u00e7a no Campeonato Baiano de Maratonas Aqu\u00e1ticas","datePublished":"2011-10-31T18:00:04+00:00","dateModified":"2011-10-31T19:40:36+00:00","mainEntityOfPage":{"@id":"https:\/\/blogdofarnesio.com.br\/?p=7932"},"wordCount":233,"commentCount":0,"publisher":{"@id":"https:\/\/blogdofarnesio.com.br\/#organization"},"image":{"@id":"https:\/\/blogdofarnesio.com.br\/?p=7932#primaryimage"},"thumbnailUrl":"http:\/\/www.quersaberpolitica.com.br\/2016\/wp-content\/uploads\/2012\/12\/blogqspmaratonachegada.jpg","articleSection":["Religi\u00e3o"],"inLanguage":"pt-BR","potentialAction":[{"@type":"CommentAction","name":"Comment","target":["https:\/\/blogdofarnesio.com.br\/?p=7932#respond"]}]},{"@type":"WebPage","@id":"https:\/\/blogdofarnesio.com.br\/?p=7932","url":"https:\/\/blogdofarnesio.com.br\/?p=7932","name":"Suelly mant\u00e9m lideran\u00e7a no Campeonato Baiano de Maratonas Aqu\u00e1ticas - Blog do Farn\u00e9sio","isPartOf":{"@id":"https:\/\/blogdofarnesio.com.br\/#website"},"primaryImageOfPage":{"@id":"https:\/\/blogdofarnesio.com.br\/?p=7932#primaryimage"},"image":{"@id":"https:\/\/blogdofarnesio.com.br\/?p=7932#primaryimage"},"thumbnailUrl":"http:\/\/www.quersaberpolitica.com.br\/2016\/wp-content\/uploads\/2012\/12\/blogqspmaratonachegada.jpg","datePublished":"2011-10-31T18:00:04+00:00","dateModified":"2011-10-31T19:40:36+00:00","breadcrumb":{"@id":"https:\/\/blogdofarnesio.com.br\/?p=7932#breadcrumb"},"inLanguage":"pt-BR","potentialAction":[{"@type":"ReadAction","target":["https:\/\/blogdofarnesio.com.br\/?p=7932"]}]},{"@type":"ImageObject","inLanguage":"pt-BR","@id":"https:\/\/blogdofarnesio.com.br\/?p=7932#primaryimage","url":"http:\/\/www.quersaberpolitica.com.br\/2016\/wp-content\/uploads\/2012\/12\/blogqspmaratonachegada.jpg","contentUrl":"http:\/\/www.quersaberpolitica.com.br\/2016\/wp-content\/uploads\/2012\/12\/blogqspmaratonachegada.jpg"},{"@type":"BreadcrumbList","@id":"https:\/\/blogdofarnesio.com.br\/?p=7932#breadcrumb","itemListElement":[{"@type":"ListItem","position":1,"name":"In\u00edcio","item":"https:\/\/blogdofarnesio.com.br\/"},{"@type":"ListItem","position":2,"name":"Suelly mant\u00e9m lideran\u00e7a no Campeonato Baiano de Maratonas Aqu\u00e1ticas"}]},{"@type":"WebSite","@id":"https:\/\/blogdofarnesio.com.br\/#website","url":"https:\/\/blogdofarnesio.com.br\/","name":"Blog do Farn\u00e9sio","description":"Quer Saber Pol\u00edtica?","publisher":{"@id":"https:\/\/blogdofarnesio.com.br\/#organization"},"potentialAction":[{"@type":"SearchAction","target":{"@type":"EntryPoint","urlTemplate":"https:\/\/blogdofarnesio.com.br\/?s={search_term_string}"},"query-input":{"@type":"PropertyValueSpecification","valueRequired":true,"valueName":"search_term_string"}}],"inLanguage":"pt-BR"},{"@type":"Organization","@id":"https:\/\/blogdofarnesio.com.br\/#organization","name":"Blog do Farn\u00e9sio","url":"https:\/\/blogdofarnesio.com.br\/","logo":{"@type":"ImageObject","inLanguage":"pt-BR","@id":"https:\/\/blogdofarnesio.com.br\/#\/schema\/logo\/image\/","url":"https:\/\/blogdofarnesio.com.br\/wp-content\/uploads\/2026\/03\/cropped-logo_new-1.png","contentUrl":"https:\/\/blogdofarnesio.com.br\/wp-content\/uploads\/2026\/03\/cropped-logo_new-1.png","width":881,"height":685,"caption":"Blog do Farn\u00e9sio"},"image":{"@id":"https:\/\/blogdofarnesio.com.br\/#\/schema\/logo\/image\/"},"sameAs":["https:\/\/www.facebook.com\/BlogQuerSaberPolitica\/"]}]}},"_links":{"self":[{"href":"https:\/\/blogdofarnesio.com.br\/index.php?rest_route=\/wp\/v2\/posts\/7932","targetHints":{"allow":["GET"]}}],"collection":[{"href":"https:\/\/blogdofarnesio.com.br\/index.php?rest_route=\/wp\/v2\/posts"}],"about":[{"href":"https:\/\/blogdofarnesio.com.br\/index.php?rest_route=\/wp\/v2\/types\/post"}],"replies":[{"embeddable":true,"href":"https:\/\/blogdofarnesio.com.br\/index.php?rest_route=%2Fwp%2Fv2%2Fcomments&post=7932"}],"version-history":[{"count":0,"href":"https:\/\/blogdofarnesio.com.br\/index.php?rest_route=\/wp\/v2\/posts\/7932\/revisions"}],"wp:attachment":[{"href":"https:\/\/blogdofarnesio.com.br\/index.php?rest_route=%2Fwp%2Fv2%2Fmedia&parent=7932"}],"wp:term":[{"taxonomy":"category","embeddable":true,"href":"https:\/\/blogdofarnesio.com.br\/index.php?rest_route=%2Fwp%2Fv2%2Fcategories&post=7932"},{"taxonomy":"post_tag","embeddable":true,"href":"https:\/\/blogdofarnesio.com.br\/index.php?rest_route=%2Fwp%2Fv2%2Ftags&post=7932"}],"curies":[{"name":"wp","href":"https:\/\/api.w.org\/{rel}","templated":true}]}}