{"id":79127,"date":"2014-04-09T07:00:54","date_gmt":"2014-04-09T10:00:54","guid":{"rendered":"http:\/\/www.quersaberpolitica.com.br\/?p=79127"},"modified":"2014-04-08T20:52:17","modified_gmt":"2014-04-08T23:52:17","slug":"primeira-dama-de-petrolina-se-solidariza-com-desabrigados-e-anuncia-campanha-de-recebimento-de-doacoes","status":"publish","type":"post","link":"https:\/\/blogdofarnesio.com.br\/?p=79127","title":{"rendered":"PRIMEIRA DAMA DE PETROLINA SE SOLIDARIZA COM DESABRIGADOS E ANUNCIA CAMPANHA DE RECEBIMENTO DE DOA\u00c7\u00d5ES"},"content":{"rendered":"<figure id=\"attachment_44759\" aria-describedby=\"caption-attachment-44759\" style=\"width: 448px\" class=\"wp-caption aligncenter\"><a href=\"http:\/\/www.quersaberpolitica.com.br\/2016\/wp-content\/uploads\/2013\/06\/blogqspandrealossio-foto-Farn\u00e9sio-Silva3.jpg\"><img loading=\"lazy\" decoding=\"async\" class=\"size-full wp-image-44759\" alt=\"blogqspandrealossio foto Farn\u00e9sio Silva3\" src=\"http:\/\/www.quersaberpolitica.com.br\/2016\/wp-content\/uploads\/2013\/06\/blogqspandrealossio-foto-Farn\u00e9sio-Silva3.jpg\" width=\"448\" height=\"279\" srcset=\"https:\/\/blogdofarnesio.com.br\/wp-content\/uploads\/2013\/06\/blogqspandrealossio-foto-Farn\u00e9sio-Silva3.jpg 448w, https:\/\/blogdofarnesio.com.br\/wp-content\/uploads\/2013\/06\/blogqspandrealossio-foto-Farn\u00e9sio-Silva3-300x186.jpg 300w\" sizes=\"auto, (max-width: 448px) 100vw, 448px\" \/><\/a><figcaption id=\"caption-attachment-44759\" class=\"wp-caption-text\">Primeira Dama Andrea Lossio Foto Farn\u00e9sio Silva<\/figcaption><\/figure>\n<p style=\"text-align: justify\">Diante do triste cen\u00e1rio, p\u00f3s chuva, a primeira Dama Andrea Lossio faz um apelo a comunidade petrolinense. Ela pede que aqueles que puderem fa\u00e7am doa\u00e7\u00f5es de len\u00e7\u00f3is, colch\u00f5es, roupas, alimentos, para tentar amenizar o sofrimento daqueles que perderam tudo com a chuva da madrugada.\u00a0O local das doa\u00e7\u00f5es ser\u00e1 anunciado em breve.<\/p>\n<p style=\"text-align: justify\"><strong>Veja na integra o pedido da primeira dama<\/strong>.<\/p>\n<p><b><i>\u201cEu gostaria de fazer um apelo a todos os Petrolinenses. Tanto aos que aqui nasceram como os que, como eu, aqui chegaram. Independente de pol\u00edtica, partido ou qualquer outro motivo.<\/i><\/b><\/p>\n<p><b><i>Nossa Petrolina sofreu fortes chuvas nas ultimas horas. Muito mais do que o esperado para todo o m\u00eas de abril. Infelizmente, algumas pessoas, por possu\u00edrem casa em locais inapropriados, perderam as suas resid\u00eancias e est\u00e3o sendo realocadas em abrigos tempor\u00e1rios.<\/i><\/b><\/p>\n<p><b><i>Pe\u00e7o, encarecidamente, que toda nossa cidade se una em prol dessas fam\u00edlias para que a gente possa amenizar o sofrimento delas. Ajudem-nos doando len\u00e7\u00f3is, colch\u00f5es, roupas e alimentos.<\/i><\/b><\/p>\n<p><b><i>Logo estaremos divulgando os locais de arrecada\u00e7\u00e3o.<\/i><\/b><\/p>\n<p><b><i>Por favor, repassem essa mensagem e nos ajude a ajudar essas pessoas.<\/i><\/b><\/p>\n<p><b><i>Desde j\u00e1 o nosso muito obrigado!\u201d<\/i><\/b><\/p>\n<p>Atenciosamente,<\/p>\n<p>Andrea Lossio<\/p>\n","protected":false},"excerpt":{"rendered":"<p>Diante do triste cen\u00e1rio, p\u00f3s chuva, a primeira Dama Andrea Lossio faz um apelo a comunidade petrolinense. Ela pede que aqueles que puderem fa\u00e7am doa\u00e7\u00f5es de len\u00e7\u00f3is, colch\u00f5es, roupas, alimentos, para tentar amenizar o sofrimento daqueles que perderam tudo com a chuva da madrugada.\u00a0O local das doa\u00e7\u00f5es ser\u00e1 anunciado em breve. Veja na integra o pedido da primeira dama. \u201cEu gostaria de fazer um apelo a todos os Petrolinenses. Tanto aos que aqui nasceram como os que, como eu, aqui chegaram. Independente de pol\u00edtica, partido ou qualquer outro motivo. Nossa Petrolina sofreu fortes chuvas nas ultimas horas. Muito mais do que o esperado para todo o m\u00eas de abril. Infelizmente, algumas pessoas, por possu\u00edrem casa em locais inapropriados, perderam as&hellip; <\/p>\n","protected":false},"author":3,"featured_media":0,"comment_status":"open","ping_status":"open","sticky":false,"template":"","format":"standard","meta":{"_acf_changed":false,"footnotes":""},"categories":[22],"tags":[],"class_list":["post-79127","post","type-post","status-publish","format-standard","hentry","category-acao-social"],"acf":[],"yoast_head":"<!-- This site is optimized with the Yoast SEO plugin v27.4 - https:\/\/yoast.com\/product\/yoast-seo-wordpress\/ -->\n<title>PRIMEIRA DAMA DE PETROLINA SE SOLIDARIZA COM DESABRIGADOS E ANUNCIA CAMPANHA DE RECEBIMENTO DE DOA\u00c7\u00d5ES - Blog do Farn\u00e9sio<\/title>\n<meta name=\"robots\" content=\"index, follow, max-snippet:-1, max-image-preview:large, max-video-preview:-1\" \/>\n<link rel=\"canonical\" href=\"https:\/\/blogdofarnesio.com.br\/?p=79127\" \/>\n<meta property=\"og:locale\" content=\"pt_BR\" \/>\n<meta property=\"og:type\" content=\"article\" \/>\n<meta property=\"og:title\" content=\"PRIMEIRA DAMA DE PETROLINA SE SOLIDARIZA COM DESABRIGADOS E ANUNCIA CAMPANHA DE RECEBIMENTO DE DOA\u00c7\u00d5ES - Blog do Farn\u00e9sio\" \/>\n<meta property=\"og:description\" content=\"Diante do triste cen\u00e1rio, p\u00f3s chuva, a primeira Dama Andrea Lossio faz um apelo a comunidade petrolinense. Ela pede que aqueles que puderem fa\u00e7am doa\u00e7\u00f5es de len\u00e7\u00f3is, colch\u00f5es, roupas, alimentos, para tentar amenizar o sofrimento daqueles que perderam tudo com a chuva da madrugada.\u00a0O local das doa\u00e7\u00f5es ser\u00e1 anunciado em breve. Veja na integra o pedido da primeira dama. \u201cEu gostaria de fazer um apelo a todos os Petrolinenses. Tanto aos que aqui nasceram como os que, como eu, aqui chegaram. Independente de pol\u00edtica, partido ou qualquer outro motivo. Nossa Petrolina sofreu fortes chuvas nas ultimas horas. Muito mais do que o esperado para todo o m\u00eas de abril. Infelizmente, algumas pessoas, por possu\u00edrem casa em locais inapropriados, perderam as&hellip;\" \/>\n<meta property=\"og:url\" content=\"https:\/\/blogdofarnesio.com.br\/?p=79127\" \/>\n<meta property=\"og:site_name\" content=\"Blog do Farn\u00e9sio\" \/>\n<meta property=\"article:publisher\" content=\"https:\/\/www.facebook.com\/BlogQuerSaberPolitica\/\" \/>\n<meta property=\"article:published_time\" content=\"2014-04-09T10:00:54+00:00\" \/>\n<meta name=\"author\" content=\"teste\" \/>\n<meta name=\"twitter:card\" content=\"summary_large_image\" \/>\n<meta name=\"twitter:label1\" content=\"Escrito por\" \/>\n\t<meta name=\"twitter:data1\" content=\"teste\" \/>\n\t<meta name=\"twitter:label2\" content=\"Est. tempo de leitura\" \/>\n\t<meta name=\"twitter:data2\" content=\"1 minuto\" \/>\n<script type=\"application\/ld+json\" class=\"yoast-schema-graph\">{\"@context\":\"https:\\\/\\\/schema.org\",\"@graph\":[{\"@type\":\"Article\",\"@id\":\"https:\\\/\\\/blogdofarnesio.com.br\\\/?p=79127#article\",\"isPartOf\":{\"@id\":\"https:\\\/\\\/blogdofarnesio.com.br\\\/?p=79127\"},\"author\":{\"name\":\"teste\",\"@id\":\"https:\\\/\\\/blogdofarnesio.com.br\\\/#\\\/schema\\\/person\\\/dd1bf5eba40b687199ba45ca6b97dff9\"},\"headline\":\"PRIMEIRA DAMA DE PETROLINA SE SOLIDARIZA COM DESABRIGADOS E ANUNCIA CAMPANHA DE RECEBIMENTO DE DOA\u00c7\u00d5ES\",\"datePublished\":\"2014-04-09T10:00:54+00:00\",\"mainEntityOfPage\":{\"@id\":\"https:\\\/\\\/blogdofarnesio.com.br\\\/?p=79127\"},\"wordCount\":235,\"commentCount\":1,\"publisher\":{\"@id\":\"https:\\\/\\\/blogdofarnesio.com.br\\\/#organization\"},\"articleSection\":[\"A\u00e7\u00e3o Social\"],\"inLanguage\":\"pt-BR\",\"potentialAction\":[{\"@type\":\"CommentAction\",\"name\":\"Comment\",\"target\":[\"https:\\\/\\\/blogdofarnesio.com.br\\\/?p=79127#respond\"]}]},{\"@type\":\"WebPage\",\"@id\":\"https:\\\/\\\/blogdofarnesio.com.br\\\/?p=79127\",\"url\":\"https:\\\/\\\/blogdofarnesio.com.br\\\/?p=79127\",\"name\":\"PRIMEIRA DAMA DE PETROLINA SE SOLIDARIZA COM DESABRIGADOS E ANUNCIA CAMPANHA DE RECEBIMENTO DE DOA\u00c7\u00d5ES - Blog do Farn\u00e9sio\",\"isPartOf\":{\"@id\":\"https:\\\/\\\/blogdofarnesio.com.br\\\/#website\"},\"datePublished\":\"2014-04-09T10:00:54+00:00\",\"breadcrumb\":{\"@id\":\"https:\\\/\\\/blogdofarnesio.com.br\\\/?p=79127#breadcrumb\"},\"inLanguage\":\"pt-BR\",\"potentialAction\":[{\"@type\":\"ReadAction\",\"target\":[\"https:\\\/\\\/blogdofarnesio.com.br\\\/?p=79127\"]}]},{\"@type\":\"BreadcrumbList\",\"@id\":\"https:\\\/\\\/blogdofarnesio.com.br\\\/?p=79127#breadcrumb\",\"itemListElement\":[{\"@type\":\"ListItem\",\"position\":1,\"name\":\"In\u00edcio\",\"item\":\"https:\\\/\\\/blogdofarnesio.com.br\\\/\"},{\"@type\":\"ListItem\",\"position\":2,\"name\":\"PRIMEIRA DAMA DE PETROLINA SE SOLIDARIZA COM DESABRIGADOS E ANUNCIA CAMPANHA DE RECEBIMENTO DE DOA\u00c7\u00d5ES\"}]},{\"@type\":\"WebSite\",\"@id\":\"https:\\\/\\\/blogdofarnesio.com.br\\\/#website\",\"url\":\"https:\\\/\\\/blogdofarnesio.com.br\\\/\",\"name\":\"Blog do Farn\u00e9sio\",\"description\":\"Quer Saber Pol\u00edtica?\",\"publisher\":{\"@id\":\"https:\\\/\\\/blogdofarnesio.com.br\\\/#organization\"},\"potentialAction\":[{\"@type\":\"SearchAction\",\"target\":{\"@type\":\"EntryPoint\",\"urlTemplate\":\"https:\\\/\\\/blogdofarnesio.com.br\\\/?s={search_term_string}\"},\"query-input\":{\"@type\":\"PropertyValueSpecification\",\"valueRequired\":true,\"valueName\":\"search_term_string\"}}],\"inLanguage\":\"pt-BR\"},{\"@type\":\"Organization\",\"@id\":\"https:\\\/\\\/blogdofarnesio.com.br\\\/#organization\",\"name\":\"Blog do Farn\u00e9sio\",\"url\":\"https:\\\/\\\/blogdofarnesio.com.br\\\/\",\"logo\":{\"@type\":\"ImageObject\",\"inLanguage\":\"pt-BR\",\"@id\":\"https:\\\/\\\/blogdofarnesio.com.br\\\/#\\\/schema\\\/logo\\\/image\\\/\",\"url\":\"https:\\\/\\\/blogdofarnesio.com.br\\\/wp-content\\\/uploads\\\/2026\\\/03\\\/cropped-logo_new-1.png\",\"contentUrl\":\"https:\\\/\\\/blogdofarnesio.com.br\\\/wp-content\\\/uploads\\\/2026\\\/03\\\/cropped-logo_new-1.png\",\"width\":881,\"height\":685,\"caption\":\"Blog do Farn\u00e9sio\"},\"image\":{\"@id\":\"https:\\\/\\\/blogdofarnesio.com.br\\\/#\\\/schema\\\/logo\\\/image\\\/\"},\"sameAs\":[\"https:\\\/\\\/www.facebook.com\\\/BlogQuerSaberPolitica\\\/\"]},{\"@type\":\"Person\",\"@id\":\"https:\\\/\\\/blogdofarnesio.com.br\\\/#\\\/schema\\\/person\\\/dd1bf5eba40b687199ba45ca6b97dff9\",\"name\":\"teste\",\"image\":{\"@type\":\"ImageObject\",\"inLanguage\":\"pt-BR\",\"@id\":\"https:\\\/\\\/secure.gravatar.com\\\/avatar\\\/2172498d4914b51e1d89a0f97957b035ac4938723a5cac208135d389b6972a6d?s=96&d=mm&r=g\",\"url\":\"https:\\\/\\\/secure.gravatar.com\\\/avatar\\\/2172498d4914b51e1d89a0f97957b035ac4938723a5cac208135d389b6972a6d?s=96&d=mm&r=g\",\"contentUrl\":\"https:\\\/\\\/secure.gravatar.com\\\/avatar\\\/2172498d4914b51e1d89a0f97957b035ac4938723a5cac208135d389b6972a6d?s=96&d=mm&r=g\",\"caption\":\"teste\"},\"url\":\"https:\\\/\\\/blogdofarnesio.com.br\\\/?author=3\"}]}<\/script>\n<!-- \/ Yoast SEO plugin. -->","yoast_head_json":{"title":"PRIMEIRA DAMA DE PETROLINA SE SOLIDARIZA COM DESABRIGADOS E ANUNCIA CAMPANHA DE RECEBIMENTO DE DOA\u00c7\u00d5ES - Blog do Farn\u00e9sio","robots":{"index":"index","follow":"follow","max-snippet":"max-snippet:-1","max-image-preview":"max-image-preview:large","max-video-preview":"max-video-preview:-1"},"canonical":"https:\/\/blogdofarnesio.com.br\/?p=79127","og_locale":"pt_BR","og_type":"article","og_title":"PRIMEIRA DAMA DE PETROLINA SE SOLIDARIZA COM DESABRIGADOS E ANUNCIA CAMPANHA DE RECEBIMENTO DE DOA\u00c7\u00d5ES - Blog do Farn\u00e9sio","og_description":"Diante do triste cen\u00e1rio, p\u00f3s chuva, a primeira Dama Andrea Lossio faz um apelo a comunidade petrolinense. Ela pede que aqueles que puderem fa\u00e7am doa\u00e7\u00f5es de len\u00e7\u00f3is, colch\u00f5es, roupas, alimentos, para tentar amenizar o sofrimento daqueles que perderam tudo com a chuva da madrugada.\u00a0O local das doa\u00e7\u00f5es ser\u00e1 anunciado em breve. Veja na integra o pedido da primeira dama. \u201cEu gostaria de fazer um apelo a todos os Petrolinenses. Tanto aos que aqui nasceram como os que, como eu, aqui chegaram. Independente de pol\u00edtica, partido ou qualquer outro motivo. Nossa Petrolina sofreu fortes chuvas nas ultimas horas. Muito mais do que o esperado para todo o m\u00eas de abril. Infelizmente, algumas pessoas, por possu\u00edrem casa em locais inapropriados, perderam as&hellip;","og_url":"https:\/\/blogdofarnesio.com.br\/?p=79127","og_site_name":"Blog do Farn\u00e9sio","article_publisher":"https:\/\/www.facebook.com\/BlogQuerSaberPolitica\/","article_published_time":"2014-04-09T10:00:54+00:00","author":"teste","twitter_card":"summary_large_image","twitter_misc":{"Escrito por":"teste","Est. tempo de leitura":"1 minuto"},"schema":{"@context":"https:\/\/schema.org","@graph":[{"@type":"Article","@id":"https:\/\/blogdofarnesio.com.br\/?p=79127#article","isPartOf":{"@id":"https:\/\/blogdofarnesio.com.br\/?p=79127"},"author":{"name":"teste","@id":"https:\/\/blogdofarnesio.com.br\/#\/schema\/person\/dd1bf5eba40b687199ba45ca6b97dff9"},"headline":"PRIMEIRA DAMA DE PETROLINA SE SOLIDARIZA COM DESABRIGADOS E ANUNCIA CAMPANHA DE RECEBIMENTO DE DOA\u00c7\u00d5ES","datePublished":"2014-04-09T10:00:54+00:00","mainEntityOfPage":{"@id":"https:\/\/blogdofarnesio.com.br\/?p=79127"},"wordCount":235,"commentCount":1,"publisher":{"@id":"https:\/\/blogdofarnesio.com.br\/#organization"},"articleSection":["A\u00e7\u00e3o Social"],"inLanguage":"pt-BR","potentialAction":[{"@type":"CommentAction","name":"Comment","target":["https:\/\/blogdofarnesio.com.br\/?p=79127#respond"]}]},{"@type":"WebPage","@id":"https:\/\/blogdofarnesio.com.br\/?p=79127","url":"https:\/\/blogdofarnesio.com.br\/?p=79127","name":"PRIMEIRA DAMA DE PETROLINA SE SOLIDARIZA COM DESABRIGADOS E ANUNCIA CAMPANHA DE RECEBIMENTO DE DOA\u00c7\u00d5ES - Blog do Farn\u00e9sio","isPartOf":{"@id":"https:\/\/blogdofarnesio.com.br\/#website"},"datePublished":"2014-04-09T10:00:54+00:00","breadcrumb":{"@id":"https:\/\/blogdofarnesio.com.br\/?p=79127#breadcrumb"},"inLanguage":"pt-BR","potentialAction":[{"@type":"ReadAction","target":["https:\/\/blogdofarnesio.com.br\/?p=79127"]}]},{"@type":"BreadcrumbList","@id":"https:\/\/blogdofarnesio.com.br\/?p=79127#breadcrumb","itemListElement":[{"@type":"ListItem","position":1,"name":"In\u00edcio","item":"https:\/\/blogdofarnesio.com.br\/"},{"@type":"ListItem","position":2,"name":"PRIMEIRA DAMA DE PETROLINA SE SOLIDARIZA COM DESABRIGADOS E ANUNCIA CAMPANHA DE RECEBIMENTO DE DOA\u00c7\u00d5ES"}]},{"@type":"WebSite","@id":"https:\/\/blogdofarnesio.com.br\/#website","url":"https:\/\/blogdofarnesio.com.br\/","name":"Blog do Farn\u00e9sio","description":"Quer Saber Pol\u00edtica?","publisher":{"@id":"https:\/\/blogdofarnesio.com.br\/#organization"},"potentialAction":[{"@type":"SearchAction","target":{"@type":"EntryPoint","urlTemplate":"https:\/\/blogdofarnesio.com.br\/?s={search_term_string}"},"query-input":{"@type":"PropertyValueSpecification","valueRequired":true,"valueName":"search_term_string"}}],"inLanguage":"pt-BR"},{"@type":"Organization","@id":"https:\/\/blogdofarnesio.com.br\/#organization","name":"Blog do Farn\u00e9sio","url":"https:\/\/blogdofarnesio.com.br\/","logo":{"@type":"ImageObject","inLanguage":"pt-BR","@id":"https:\/\/blogdofarnesio.com.br\/#\/schema\/logo\/image\/","url":"https:\/\/blogdofarnesio.com.br\/wp-content\/uploads\/2026\/03\/cropped-logo_new-1.png","contentUrl":"https:\/\/blogdofarnesio.com.br\/wp-content\/uploads\/2026\/03\/cropped-logo_new-1.png","width":881,"height":685,"caption":"Blog do Farn\u00e9sio"},"image":{"@id":"https:\/\/blogdofarnesio.com.br\/#\/schema\/logo\/image\/"},"sameAs":["https:\/\/www.facebook.com\/BlogQuerSaberPolitica\/"]},{"@type":"Person","@id":"https:\/\/blogdofarnesio.com.br\/#\/schema\/person\/dd1bf5eba40b687199ba45ca6b97dff9","name":"teste","image":{"@type":"ImageObject","inLanguage":"pt-BR","@id":"https:\/\/secure.gravatar.com\/avatar\/2172498d4914b51e1d89a0f97957b035ac4938723a5cac208135d389b6972a6d?s=96&d=mm&r=g","url":"https:\/\/secure.gravatar.com\/avatar\/2172498d4914b51e1d89a0f97957b035ac4938723a5cac208135d389b6972a6d?s=96&d=mm&r=g","contentUrl":"https:\/\/secure.gravatar.com\/avatar\/2172498d4914b51e1d89a0f97957b035ac4938723a5cac208135d389b6972a6d?s=96&d=mm&r=g","caption":"teste"},"url":"https:\/\/blogdofarnesio.com.br\/?author=3"}]}},"_links":{"self":[{"href":"https:\/\/blogdofarnesio.com.br\/index.php?rest_route=\/wp\/v2\/posts\/79127","targetHints":{"allow":["GET"]}}],"collection":[{"href":"https:\/\/blogdofarnesio.com.br\/index.php?rest_route=\/wp\/v2\/posts"}],"about":[{"href":"https:\/\/blogdofarnesio.com.br\/index.php?rest_route=\/wp\/v2\/types\/post"}],"author":[{"embeddable":true,"href":"https:\/\/blogdofarnesio.com.br\/index.php?rest_route=\/wp\/v2\/users\/3"}],"replies":[{"embeddable":true,"href":"https:\/\/blogdofarnesio.com.br\/index.php?rest_route=%2Fwp%2Fv2%2Fcomments&post=79127"}],"version-history":[{"count":0,"href":"https:\/\/blogdofarnesio.com.br\/index.php?rest_route=\/wp\/v2\/posts\/79127\/revisions"}],"wp:attachment":[{"href":"https:\/\/blogdofarnesio.com.br\/index.php?rest_route=%2Fwp%2Fv2%2Fmedia&parent=79127"}],"wp:term":[{"taxonomy":"category","embeddable":true,"href":"https:\/\/blogdofarnesio.com.br\/index.php?rest_route=%2Fwp%2Fv2%2Fcategories&post=79127"},{"taxonomy":"post_tag","embeddable":true,"href":"https:\/\/blogdofarnesio.com.br\/index.php?rest_route=%2Fwp%2Fv2%2Ftags&post=79127"}],"curies":[{"name":"wp","href":"https:\/\/api.w.org\/{rel}","templated":true}]}}