{"id":78567,"date":"2014-04-07T08:34:38","date_gmt":"2014-04-07T11:34:38","guid":{"rendered":"http:\/\/www.quersaberpolitica.com.br\/?p=78567"},"modified":"2014-04-07T13:23:31","modified_gmt":"2014-04-07T16:23:31","slug":"codevasf-participa-hoje-em-petrolina-de-debate-sobre-hidrovia-do-sao-francisco","status":"publish","type":"post","link":"https:\/\/blogdofarnesio.com.br\/2014\/04\/codevasf-participa-hoje-em-petrolina-de-debate-sobre-hidrovia-do-sao-francisco\/","title":{"rendered":"CODEVASF PARTICIPA HOJE EM PETROLINA, DE DEBATE SOBRE HIDROVIA DO S\u00c3O FRANCISCO"},"content":{"rendered":"<p style=\"text-align: justify\"><a href=\"http:\/\/www.quersaberpolitica.com.br\/2016\/wp-content\/uploads\/2013\/01\/blogqsp.Codevasf.jpg\"><img loading=\"lazy\" decoding=\"async\" class=\" wp-image-24740 alignleft\" alt=\"blogqsp.Codevasf\" src=\"http:\/\/www.quersaberpolitica.com.br\/2016\/wp-content\/uploads\/2013\/01\/blogqsp.Codevasf.jpg\" width=\"320\" height=\"210\" srcset=\"https:\/\/blogdofarnesio.com.br\/wp-content\/uploads\/2013\/01\/blogqsp.Codevasf.jpg 400w, https:\/\/blogdofarnesio.com.br\/wp-content\/uploads\/2013\/01\/blogqsp.Codevasf-300x197.jpg 300w\" sizes=\"auto, (max-width: 320px) 100vw, 320px\" \/><\/a>O Corredor Multimodal do Rio S\u00e3o Francisco e seus benef\u00edcios socioecon\u00f4micos e ambientais ser\u00e3o debatidos nesta segunda-feira (07) em um workshop realizado em Petrolina \u2013 regi\u00e3o do Subm\u00e9dio S\u00e3o Francisco -, pela Codevasf (Companhia de Desenvolvimento dos Vales do S\u00e3o Francisco e Parna\u00edba) e pelo Banco Mundial, em parceria com o Minist\u00e9rio da Integra\u00e7\u00e3o Nacional, Minist\u00e9rio dos Transportes, Antaq, Dnit e Governos dos Estados da Bahia, Minas Gerais e Pernambuco.<\/p>\n<p style=\"text-align: justify\">A abertura do Workshop Socioambiental ser\u00e1 realizada pelo presidente da Codevasf, Elmo Vaz, pela secret\u00e1ria interina de Desenvolvimento Regional do Minist\u00e9rio da Integra\u00e7\u00e3o Nacional, Adriana Melo Alves, e pelo coordenador de planejamento da Secretaria de Pol\u00edtica de Transportes do Minist\u00e9rio dos Transportes, Luiz Carlos Ribeiro.<!--more--><\/p>\n<p style=\"text-align: justify\">Representantes do Banco Mundial que atuam como assessores t\u00e9cnicos do projeto v\u00e3o coordenar palestras sobre pol\u00edticas ambientais e sociais, impactos socioambientais em hidrovias e benef\u00edcios econ\u00f4micos do Corredor Multimodal do rio S\u00e3o Francisco. Analistas da Codevasf e do Corpo de Engenheiros do Ex\u00e9rcito Americano (USACE) apresentar\u00e3o um panorama sobre a mitiga\u00e7\u00e3o e a preven\u00e7\u00e3o do assoreamento do rio.<\/p>\n<p style=\"text-align: justify\">O Workshop Socioambiental tem como objetivo geral coletar subs\u00eddios para constru\u00e7\u00e3o do plano de a\u00e7\u00e3o visando ao desenvolvimento do Corredor Multimodal do rio S\u00e3o Francisco.<\/p>\n<p style=\"text-align: justify\">O evento ser\u00e1 tamb\u00e9m uma oportunidade de engajar organiza\u00e7\u00f5es do setor p\u00fablico e da sociedade civil relacionados \u00e0 dimens\u00e3o socioambiental do projeto, apresentar poss\u00edveis oportunidades e impactos relacionados ao Corredor Multimodal do S\u00e3o Francisco e discutir a estrat\u00e9gia proposta para tratar essas quest\u00f5es no seu desenvolvimento futuro.<\/p>\n<p style=\"text-align: justify\">Visando a ampliar a competitividade, o dinamismo e a sustentabilidade da economia brasileira, o Governo Federal assumiu o compromisso de ampliar a participa\u00e7\u00e3o das hidrovias na matriz de transportes do Brasil. Al\u00e9m de reduzir os custos log\u00edsticos e de transporte associados \u00e0 circula\u00e7\u00e3o de mercadorias e de pessoas, as hidrovias atraem novos empreendimentos e investimentos, estimulam o uso sustent\u00e1vel dos recursos h\u00eddricos e contribuem para a redu\u00e7\u00e3o das disparidades regionais.<\/p>\n<p style=\"text-align: justify\">Desta forma, em alinhamento colaborativo com as pol\u00edticas e planos do Governo Federal nas \u00e1reas de desenvolvimento regional e de transportes, o Corredor Multimodal do Rio S\u00e3o Francisco integrar\u00e1 os diversos meios de transporte da regi\u00e3o (hidrovi\u00e1rio, ferrovi\u00e1rio, rodovi\u00e1rio), ancorado na import\u00e2ncia hist\u00f3rica do rio S\u00e3o Francisco enquanto elemento de integra\u00e7\u00e3o macrorregional e dinamismo econ\u00f4mico.<\/p>\n<p style=\"text-align: justify\">O trecho do rio que vai de Pirapora (MG) a Juazeiro (BA) e Petrolina (PE), de aproximadamente 1.300 km potencialmente naveg\u00e1veis para fins comerciais, de lazer, dentre outros, \u00e9 um eixo de grande atividade econ\u00f4mica e dever\u00e1 crescer com o desenvolvimento do Corredor, atingindo 339 munic\u00edpios em sua \u00e1rea de influ\u00eancia direta.<\/p>\n<p style=\"text-align: justify\">Prop\u00f5e-se alcan\u00e7ar tr\u00eas grandes objetivos com o Corredor Multimodal. Um deles \u00e9 ampliar o desenvolvimento socioecon\u00f4mico e integra\u00e7\u00e3o regional da bacia hidrogr\u00e1fica do rio S\u00e3o Francisco. Um segundo objetivo \u00e9 transformar a matriz de transportes, tornando-a mais sustent\u00e1vel \u2013 menos poluente, com menor consumo de energia e de combust\u00edveis f\u00f3sseis, gerando menos emiss\u00e3o de carbono.<\/p>\n<p style=\"text-align: justify\">Entre os objetivos est\u00e1 ainda o de aprimorar a competitividade log\u00edstica e de transporte na \u00e1rea influ\u00eancia do Corredor Multimodal do Rio S\u00e3o Francisco, por meio da otimiza\u00e7\u00e3o de seu potencial hidrovi\u00e1rio, ferrovi\u00e1rio e rodovi\u00e1rio, e da articula\u00e7\u00e3o e integra\u00e7\u00e3o dessas vias.<\/p>\n<p style=\"text-align: justify\">Servi\u00e7o:<\/p>\n<p style=\"text-align: justify\">Workshop Socioambiental<\/p>\n<p style=\"text-align: justify\">07 de Abril de 2014<\/p>\n<p style=\"text-align: justify\">Das 08h30 \u00e0s 17h30<\/p>\n<p style=\"text-align: justify\">Local: Hotel Quality Petrolina<\/p>\n<p style=\"text-align: justify\">Avenida Cardoso de S\u00e1, 201 &#8211; Orla II<\/p>\n<p>Petrolina, Pernambuco, Brasil<\/p>\n<p>Mais informa\u00e7\u00f5es: http:\/\/www.codevasf.gov.br<\/p>\n<p>Contato: Assessoria de Comunica\u00e7\u00e3o e Promo\u00e7\u00e3o Institucional da Codevasf<\/p>\n<p>Fone: (61) 2028 &#8211; 4758\/4622\/4769<\/p>\n<p>E-mail: imprensa@codevasf.gov.br<\/p>\n<p>Gmail: imprensa.codevasf@gmail.com<\/p>\n<p>Facebook: https:\/\/www.facebook.com\/Codevasf<\/p>\n","protected":false},"excerpt":{"rendered":"<p>O Corredor Multimodal do Rio S\u00e3o Francisco e seus benef\u00edcios socioecon\u00f4micos e ambientais ser\u00e3o debatidos nesta segunda-feira (07) em um workshop realizado em Petrolina \u2013 regi\u00e3o do Subm\u00e9dio S\u00e3o Francisco -, pela Codevasf (Companhia de Desenvolvimento dos Vales do S\u00e3o Francisco e Parna\u00edba) e pelo Banco Mundial, em parceria com o Minist\u00e9rio da Integra\u00e7\u00e3o Nacional, Minist\u00e9rio dos Transportes, Antaq, Dnit e Governos dos Estados da Bahia, Minas Gerais e Pernambuco. A abertura do Workshop Socioambiental ser\u00e1 realizada pelo presidente da Codevasf, Elmo Vaz, pela secret\u00e1ria interina de Desenvolvimento Regional do Minist\u00e9rio da Integra\u00e7\u00e3o Nacional, Adriana Melo Alves, e pelo coordenador de planejamento da Secretaria de Pol\u00edtica de Transportes do Minist\u00e9rio dos Transportes, Luiz Carlos Ribeiro.<\/p>\n","protected":false},"author":3,"featured_media":0,"comment_status":"open","ping_status":"open","sticky":false,"template":"","format":"standard","meta":{"_acf_changed":false,"footnotes":""},"categories":[29],"tags":[],"class_list":["post-78567","post","type-post","status-publish","format-standard","hentry","category-meio-ambiente"],"acf":[],"yoast_head":"<!-- This site is optimized with the Yoast SEO plugin v27.5 - https:\/\/yoast.com\/product\/yoast-seo-wordpress\/ -->\n<title>CODEVASF PARTICIPA HOJE EM PETROLINA, DE DEBATE SOBRE HIDROVIA DO S\u00c3O FRANCISCO  - Blog do Farn\u00e9sio<\/title>\n<meta name=\"robots\" content=\"index, follow, max-snippet:-1, max-image-preview:large, max-video-preview:-1\" \/>\n<link rel=\"canonical\" href=\"https:\/\/blogdofarnesio.com.br\/2014\/04\/codevasf-participa-hoje-em-petrolina-de-debate-sobre-hidrovia-do-sao-francisco\/\" \/>\n<meta property=\"og:locale\" content=\"pt_BR\" \/>\n<meta property=\"og:type\" content=\"article\" \/>\n<meta property=\"og:title\" content=\"CODEVASF PARTICIPA HOJE EM PETROLINA, DE DEBATE SOBRE HIDROVIA DO S\u00c3O FRANCISCO  - Blog do Farn\u00e9sio\" \/>\n<meta property=\"og:description\" content=\"O Corredor Multimodal do Rio S\u00e3o Francisco e seus benef\u00edcios socioecon\u00f4micos e ambientais ser\u00e3o debatidos nesta segunda-feira (07) em um workshop realizado em Petrolina \u2013 regi\u00e3o do Subm\u00e9dio S\u00e3o Francisco -, pela Codevasf (Companhia de Desenvolvimento dos Vales do S\u00e3o Francisco e Parna\u00edba) e pelo Banco Mundial, em parceria com o Minist\u00e9rio da Integra\u00e7\u00e3o Nacional, Minist\u00e9rio dos Transportes, Antaq, Dnit e Governos dos Estados da Bahia, Minas Gerais e Pernambuco. A abertura do Workshop Socioambiental ser\u00e1 realizada pelo presidente da Codevasf, Elmo Vaz, pela secret\u00e1ria interina de Desenvolvimento Regional do Minist\u00e9rio da Integra\u00e7\u00e3o Nacional, Adriana Melo Alves, e pelo coordenador de planejamento da Secretaria de Pol\u00edtica de Transportes do Minist\u00e9rio dos Transportes, Luiz Carlos Ribeiro.\" \/>\n<meta property=\"og:url\" content=\"https:\/\/blogdofarnesio.com.br\/2014\/04\/codevasf-participa-hoje-em-petrolina-de-debate-sobre-hidrovia-do-sao-francisco\/\" \/>\n<meta property=\"og:site_name\" content=\"Blog do Farn\u00e9sio\" \/>\n<meta property=\"article:publisher\" content=\"https:\/\/www.facebook.com\/BlogQuerSaberPolitica\/\" \/>\n<meta property=\"article:published_time\" content=\"2014-04-07T11:34:38+00:00\" \/>\n<meta property=\"article:modified_time\" content=\"2014-04-07T16:23:31+00:00\" \/>\n<meta property=\"og:image\" content=\"http:\/\/www.quersaberpolitica.com.br\/2016\/wp-content\/uploads\/2013\/01\/blogqsp.Codevasf.jpg\" \/>\n<meta name=\"author\" content=\"teste\" \/>\n<meta name=\"twitter:card\" content=\"summary_large_image\" \/>\n<meta name=\"twitter:label1\" content=\"Escrito por\" \/>\n\t<meta name=\"twitter:data1\" content=\"teste\" \/>\n\t<meta name=\"twitter:label2\" content=\"Est. tempo de leitura\" \/>\n\t<meta name=\"twitter:data2\" content=\"3 minutos\" \/>\n<script type=\"application\/ld+json\" class=\"yoast-schema-graph\">{\"@context\":\"https:\\\/\\\/schema.org\",\"@graph\":[{\"@type\":\"Article\",\"@id\":\"https:\\\/\\\/blogdofarnesio.com.br\\\/2014\\\/04\\\/codevasf-participa-hoje-em-petrolina-de-debate-sobre-hidrovia-do-sao-francisco\\\/#article\",\"isPartOf\":{\"@id\":\"https:\\\/\\\/blogdofarnesio.com.br\\\/2014\\\/04\\\/codevasf-participa-hoje-em-petrolina-de-debate-sobre-hidrovia-do-sao-francisco\\\/\"},\"author\":{\"name\":\"teste\",\"@id\":\"https:\\\/\\\/blogdofarnesio.com.br\\\/#\\\/schema\\\/person\\\/dd1bf5eba40b687199ba45ca6b97dff9\"},\"headline\":\"CODEVASF PARTICIPA HOJE EM PETROLINA, DE DEBATE SOBRE HIDROVIA DO S\u00c3O FRANCISCO\",\"datePublished\":\"2014-04-07T11:34:38+00:00\",\"dateModified\":\"2014-04-07T16:23:31+00:00\",\"mainEntityOfPage\":{\"@id\":\"https:\\\/\\\/blogdofarnesio.com.br\\\/2014\\\/04\\\/codevasf-participa-hoje-em-petrolina-de-debate-sobre-hidrovia-do-sao-francisco\\\/\"},\"wordCount\":665,\"commentCount\":0,\"publisher\":{\"@id\":\"https:\\\/\\\/blogdofarnesio.com.br\\\/#organization\"},\"image\":{\"@id\":\"https:\\\/\\\/blogdofarnesio.com.br\\\/2014\\\/04\\\/codevasf-participa-hoje-em-petrolina-de-debate-sobre-hidrovia-do-sao-francisco\\\/#primaryimage\"},\"thumbnailUrl\":\"http:\\\/\\\/www.quersaberpolitica.com.br\\\/2016\\\/wp-content\\\/uploads\\\/2013\\\/01\\\/blogqsp.Codevasf.jpg\",\"articleSection\":[\"Meio Ambiente\"],\"inLanguage\":\"pt-BR\",\"potentialAction\":[{\"@type\":\"CommentAction\",\"name\":\"Comment\",\"target\":[\"https:\\\/\\\/blogdofarnesio.com.br\\\/2014\\\/04\\\/codevasf-participa-hoje-em-petrolina-de-debate-sobre-hidrovia-do-sao-francisco\\\/#respond\"]}]},{\"@type\":\"WebPage\",\"@id\":\"https:\\\/\\\/blogdofarnesio.com.br\\\/2014\\\/04\\\/codevasf-participa-hoje-em-petrolina-de-debate-sobre-hidrovia-do-sao-francisco\\\/\",\"url\":\"https:\\\/\\\/blogdofarnesio.com.br\\\/2014\\\/04\\\/codevasf-participa-hoje-em-petrolina-de-debate-sobre-hidrovia-do-sao-francisco\\\/\",\"name\":\"CODEVASF PARTICIPA HOJE EM PETROLINA, DE DEBATE SOBRE HIDROVIA DO S\u00c3O FRANCISCO - Blog do Farn\u00e9sio\",\"isPartOf\":{\"@id\":\"https:\\\/\\\/blogdofarnesio.com.br\\\/#website\"},\"primaryImageOfPage\":{\"@id\":\"https:\\\/\\\/blogdofarnesio.com.br\\\/2014\\\/04\\\/codevasf-participa-hoje-em-petrolina-de-debate-sobre-hidrovia-do-sao-francisco\\\/#primaryimage\"},\"image\":{\"@id\":\"https:\\\/\\\/blogdofarnesio.com.br\\\/2014\\\/04\\\/codevasf-participa-hoje-em-petrolina-de-debate-sobre-hidrovia-do-sao-francisco\\\/#primaryimage\"},\"thumbnailUrl\":\"http:\\\/\\\/www.quersaberpolitica.com.br\\\/2016\\\/wp-content\\\/uploads\\\/2013\\\/01\\\/blogqsp.Codevasf.jpg\",\"datePublished\":\"2014-04-07T11:34:38+00:00\",\"dateModified\":\"2014-04-07T16:23:31+00:00\",\"breadcrumb\":{\"@id\":\"https:\\\/\\\/blogdofarnesio.com.br\\\/2014\\\/04\\\/codevasf-participa-hoje-em-petrolina-de-debate-sobre-hidrovia-do-sao-francisco\\\/#breadcrumb\"},\"inLanguage\":\"pt-BR\",\"potentialAction\":[{\"@type\":\"ReadAction\",\"target\":[\"https:\\\/\\\/blogdofarnesio.com.br\\\/2014\\\/04\\\/codevasf-participa-hoje-em-petrolina-de-debate-sobre-hidrovia-do-sao-francisco\\\/\"]}]},{\"@type\":\"ImageObject\",\"inLanguage\":\"pt-BR\",\"@id\":\"https:\\\/\\\/blogdofarnesio.com.br\\\/2014\\\/04\\\/codevasf-participa-hoje-em-petrolina-de-debate-sobre-hidrovia-do-sao-francisco\\\/#primaryimage\",\"url\":\"http:\\\/\\\/www.quersaberpolitica.com.br\\\/2016\\\/wp-content\\\/uploads\\\/2013\\\/01\\\/blogqsp.Codevasf.jpg\",\"contentUrl\":\"http:\\\/\\\/www.quersaberpolitica.com.br\\\/2016\\\/wp-content\\\/uploads\\\/2013\\\/01\\\/blogqsp.Codevasf.jpg\"},{\"@type\":\"BreadcrumbList\",\"@id\":\"https:\\\/\\\/blogdofarnesio.com.br\\\/2014\\\/04\\\/codevasf-participa-hoje-em-petrolina-de-debate-sobre-hidrovia-do-sao-francisco\\\/#breadcrumb\",\"itemListElement\":[{\"@type\":\"ListItem\",\"position\":1,\"name\":\"In\u00edcio\",\"item\":\"https:\\\/\\\/blogdofarnesio.com.br\\\/\"},{\"@type\":\"ListItem\",\"position\":2,\"name\":\"CODEVASF PARTICIPA HOJE EM PETROLINA, DE DEBATE SOBRE HIDROVIA DO S\u00c3O FRANCISCO\"}]},{\"@type\":\"WebSite\",\"@id\":\"https:\\\/\\\/blogdofarnesio.com.br\\\/#website\",\"url\":\"https:\\\/\\\/blogdofarnesio.com.br\\\/\",\"name\":\"Blog do Farn\u00e9sio\",\"description\":\"Quer Saber Pol\u00edtica?\",\"publisher\":{\"@id\":\"https:\\\/\\\/blogdofarnesio.com.br\\\/#organization\"},\"potentialAction\":[{\"@type\":\"SearchAction\",\"target\":{\"@type\":\"EntryPoint\",\"urlTemplate\":\"https:\\\/\\\/blogdofarnesio.com.br\\\/?s={search_term_string}\"},\"query-input\":{\"@type\":\"PropertyValueSpecification\",\"valueRequired\":true,\"valueName\":\"search_term_string\"}}],\"inLanguage\":\"pt-BR\"},{\"@type\":\"Organization\",\"@id\":\"https:\\\/\\\/blogdofarnesio.com.br\\\/#organization\",\"name\":\"Blog do Farn\u00e9sio\",\"url\":\"https:\\\/\\\/blogdofarnesio.com.br\\\/\",\"logo\":{\"@type\":\"ImageObject\",\"inLanguage\":\"pt-BR\",\"@id\":\"https:\\\/\\\/blogdofarnesio.com.br\\\/#\\\/schema\\\/logo\\\/image\\\/\",\"url\":\"https:\\\/\\\/blogdofarnesio.com.br\\\/wp-content\\\/uploads\\\/2026\\\/03\\\/cropped-logo_new-1.png\",\"contentUrl\":\"https:\\\/\\\/blogdofarnesio.com.br\\\/wp-content\\\/uploads\\\/2026\\\/03\\\/cropped-logo_new-1.png\",\"width\":881,\"height\":685,\"caption\":\"Blog do Farn\u00e9sio\"},\"image\":{\"@id\":\"https:\\\/\\\/blogdofarnesio.com.br\\\/#\\\/schema\\\/logo\\\/image\\\/\"},\"sameAs\":[\"https:\\\/\\\/www.facebook.com\\\/BlogQuerSaberPolitica\\\/\"]},{\"@type\":\"Person\",\"@id\":\"https:\\\/\\\/blogdofarnesio.com.br\\\/#\\\/schema\\\/person\\\/dd1bf5eba40b687199ba45ca6b97dff9\",\"name\":\"teste\",\"image\":{\"@type\":\"ImageObject\",\"inLanguage\":\"pt-BR\",\"@id\":\"https:\\\/\\\/secure.gravatar.com\\\/avatar\\\/2172498d4914b51e1d89a0f97957b035ac4938723a5cac208135d389b6972a6d?s=96&d=mm&r=g\",\"url\":\"https:\\\/\\\/secure.gravatar.com\\\/avatar\\\/2172498d4914b51e1d89a0f97957b035ac4938723a5cac208135d389b6972a6d?s=96&d=mm&r=g\",\"contentUrl\":\"https:\\\/\\\/secure.gravatar.com\\\/avatar\\\/2172498d4914b51e1d89a0f97957b035ac4938723a5cac208135d389b6972a6d?s=96&d=mm&r=g\",\"caption\":\"teste\"},\"url\":\"https:\\\/\\\/blogdofarnesio.com.br\\\/author\\\/teste\\\/\"}]}<\/script>\n<!-- \/ Yoast SEO plugin. -->","yoast_head_json":{"title":"CODEVASF PARTICIPA HOJE EM PETROLINA, DE DEBATE SOBRE HIDROVIA DO S\u00c3O FRANCISCO  - Blog do Farn\u00e9sio","robots":{"index":"index","follow":"follow","max-snippet":"max-snippet:-1","max-image-preview":"max-image-preview:large","max-video-preview":"max-video-preview:-1"},"canonical":"https:\/\/blogdofarnesio.com.br\/2014\/04\/codevasf-participa-hoje-em-petrolina-de-debate-sobre-hidrovia-do-sao-francisco\/","og_locale":"pt_BR","og_type":"article","og_title":"CODEVASF PARTICIPA HOJE EM PETROLINA, DE DEBATE SOBRE HIDROVIA DO S\u00c3O FRANCISCO  - Blog do Farn\u00e9sio","og_description":"O Corredor Multimodal do Rio S\u00e3o Francisco e seus benef\u00edcios socioecon\u00f4micos e ambientais ser\u00e3o debatidos nesta segunda-feira (07) em um workshop realizado em Petrolina \u2013 regi\u00e3o do Subm\u00e9dio S\u00e3o Francisco -, pela Codevasf (Companhia de Desenvolvimento dos Vales do S\u00e3o Francisco e Parna\u00edba) e pelo Banco Mundial, em parceria com o Minist\u00e9rio da Integra\u00e7\u00e3o Nacional, Minist\u00e9rio dos Transportes, Antaq, Dnit e Governos dos Estados da Bahia, Minas Gerais e Pernambuco. A abertura do Workshop Socioambiental ser\u00e1 realizada pelo presidente da Codevasf, Elmo Vaz, pela secret\u00e1ria interina de Desenvolvimento Regional do Minist\u00e9rio da Integra\u00e7\u00e3o Nacional, Adriana Melo Alves, e pelo coordenador de planejamento da Secretaria de Pol\u00edtica de Transportes do Minist\u00e9rio dos Transportes, Luiz Carlos Ribeiro.","og_url":"https:\/\/blogdofarnesio.com.br\/2014\/04\/codevasf-participa-hoje-em-petrolina-de-debate-sobre-hidrovia-do-sao-francisco\/","og_site_name":"Blog do Farn\u00e9sio","article_publisher":"https:\/\/www.facebook.com\/BlogQuerSaberPolitica\/","article_published_time":"2014-04-07T11:34:38+00:00","article_modified_time":"2014-04-07T16:23:31+00:00","og_image":[{"url":"http:\/\/www.quersaberpolitica.com.br\/2016\/wp-content\/uploads\/2013\/01\/blogqsp.Codevasf.jpg","type":"","width":"","height":""}],"author":"teste","twitter_card":"summary_large_image","twitter_misc":{"Escrito por":"teste","Est. tempo de leitura":"3 minutos"},"schema":{"@context":"https:\/\/schema.org","@graph":[{"@type":"Article","@id":"https:\/\/blogdofarnesio.com.br\/2014\/04\/codevasf-participa-hoje-em-petrolina-de-debate-sobre-hidrovia-do-sao-francisco\/#article","isPartOf":{"@id":"https:\/\/blogdofarnesio.com.br\/2014\/04\/codevasf-participa-hoje-em-petrolina-de-debate-sobre-hidrovia-do-sao-francisco\/"},"author":{"name":"teste","@id":"https:\/\/blogdofarnesio.com.br\/#\/schema\/person\/dd1bf5eba40b687199ba45ca6b97dff9"},"headline":"CODEVASF PARTICIPA HOJE EM PETROLINA, DE DEBATE SOBRE HIDROVIA DO S\u00c3O FRANCISCO","datePublished":"2014-04-07T11:34:38+00:00","dateModified":"2014-04-07T16:23:31+00:00","mainEntityOfPage":{"@id":"https:\/\/blogdofarnesio.com.br\/2014\/04\/codevasf-participa-hoje-em-petrolina-de-debate-sobre-hidrovia-do-sao-francisco\/"},"wordCount":665,"commentCount":0,"publisher":{"@id":"https:\/\/blogdofarnesio.com.br\/#organization"},"image":{"@id":"https:\/\/blogdofarnesio.com.br\/2014\/04\/codevasf-participa-hoje-em-petrolina-de-debate-sobre-hidrovia-do-sao-francisco\/#primaryimage"},"thumbnailUrl":"http:\/\/www.quersaberpolitica.com.br\/2016\/wp-content\/uploads\/2013\/01\/blogqsp.Codevasf.jpg","articleSection":["Meio Ambiente"],"inLanguage":"pt-BR","potentialAction":[{"@type":"CommentAction","name":"Comment","target":["https:\/\/blogdofarnesio.com.br\/2014\/04\/codevasf-participa-hoje-em-petrolina-de-debate-sobre-hidrovia-do-sao-francisco\/#respond"]}]},{"@type":"WebPage","@id":"https:\/\/blogdofarnesio.com.br\/2014\/04\/codevasf-participa-hoje-em-petrolina-de-debate-sobre-hidrovia-do-sao-francisco\/","url":"https:\/\/blogdofarnesio.com.br\/2014\/04\/codevasf-participa-hoje-em-petrolina-de-debate-sobre-hidrovia-do-sao-francisco\/","name":"CODEVASF PARTICIPA HOJE EM PETROLINA, DE DEBATE SOBRE HIDROVIA DO S\u00c3O FRANCISCO - Blog do Farn\u00e9sio","isPartOf":{"@id":"https:\/\/blogdofarnesio.com.br\/#website"},"primaryImageOfPage":{"@id":"https:\/\/blogdofarnesio.com.br\/2014\/04\/codevasf-participa-hoje-em-petrolina-de-debate-sobre-hidrovia-do-sao-francisco\/#primaryimage"},"image":{"@id":"https:\/\/blogdofarnesio.com.br\/2014\/04\/codevasf-participa-hoje-em-petrolina-de-debate-sobre-hidrovia-do-sao-francisco\/#primaryimage"},"thumbnailUrl":"http:\/\/www.quersaberpolitica.com.br\/2016\/wp-content\/uploads\/2013\/01\/blogqsp.Codevasf.jpg","datePublished":"2014-04-07T11:34:38+00:00","dateModified":"2014-04-07T16:23:31+00:00","breadcrumb":{"@id":"https:\/\/blogdofarnesio.com.br\/2014\/04\/codevasf-participa-hoje-em-petrolina-de-debate-sobre-hidrovia-do-sao-francisco\/#breadcrumb"},"inLanguage":"pt-BR","potentialAction":[{"@type":"ReadAction","target":["https:\/\/blogdofarnesio.com.br\/2014\/04\/codevasf-participa-hoje-em-petrolina-de-debate-sobre-hidrovia-do-sao-francisco\/"]}]},{"@type":"ImageObject","inLanguage":"pt-BR","@id":"https:\/\/blogdofarnesio.com.br\/2014\/04\/codevasf-participa-hoje-em-petrolina-de-debate-sobre-hidrovia-do-sao-francisco\/#primaryimage","url":"http:\/\/www.quersaberpolitica.com.br\/2016\/wp-content\/uploads\/2013\/01\/blogqsp.Codevasf.jpg","contentUrl":"http:\/\/www.quersaberpolitica.com.br\/2016\/wp-content\/uploads\/2013\/01\/blogqsp.Codevasf.jpg"},{"@type":"BreadcrumbList","@id":"https:\/\/blogdofarnesio.com.br\/2014\/04\/codevasf-participa-hoje-em-petrolina-de-debate-sobre-hidrovia-do-sao-francisco\/#breadcrumb","itemListElement":[{"@type":"ListItem","position":1,"name":"In\u00edcio","item":"https:\/\/blogdofarnesio.com.br\/"},{"@type":"ListItem","position":2,"name":"CODEVASF PARTICIPA HOJE EM PETROLINA, DE DEBATE SOBRE HIDROVIA DO S\u00c3O FRANCISCO"}]},{"@type":"WebSite","@id":"https:\/\/blogdofarnesio.com.br\/#website","url":"https:\/\/blogdofarnesio.com.br\/","name":"Blog do Farn\u00e9sio","description":"Quer Saber Pol\u00edtica?","publisher":{"@id":"https:\/\/blogdofarnesio.com.br\/#organization"},"potentialAction":[{"@type":"SearchAction","target":{"@type":"EntryPoint","urlTemplate":"https:\/\/blogdofarnesio.com.br\/?s={search_term_string}"},"query-input":{"@type":"PropertyValueSpecification","valueRequired":true,"valueName":"search_term_string"}}],"inLanguage":"pt-BR"},{"@type":"Organization","@id":"https:\/\/blogdofarnesio.com.br\/#organization","name":"Blog do Farn\u00e9sio","url":"https:\/\/blogdofarnesio.com.br\/","logo":{"@type":"ImageObject","inLanguage":"pt-BR","@id":"https:\/\/blogdofarnesio.com.br\/#\/schema\/logo\/image\/","url":"https:\/\/blogdofarnesio.com.br\/wp-content\/uploads\/2026\/03\/cropped-logo_new-1.png","contentUrl":"https:\/\/blogdofarnesio.com.br\/wp-content\/uploads\/2026\/03\/cropped-logo_new-1.png","width":881,"height":685,"caption":"Blog do Farn\u00e9sio"},"image":{"@id":"https:\/\/blogdofarnesio.com.br\/#\/schema\/logo\/image\/"},"sameAs":["https:\/\/www.facebook.com\/BlogQuerSaberPolitica\/"]},{"@type":"Person","@id":"https:\/\/blogdofarnesio.com.br\/#\/schema\/person\/dd1bf5eba40b687199ba45ca6b97dff9","name":"teste","image":{"@type":"ImageObject","inLanguage":"pt-BR","@id":"https:\/\/secure.gravatar.com\/avatar\/2172498d4914b51e1d89a0f97957b035ac4938723a5cac208135d389b6972a6d?s=96&d=mm&r=g","url":"https:\/\/secure.gravatar.com\/avatar\/2172498d4914b51e1d89a0f97957b035ac4938723a5cac208135d389b6972a6d?s=96&d=mm&r=g","contentUrl":"https:\/\/secure.gravatar.com\/avatar\/2172498d4914b51e1d89a0f97957b035ac4938723a5cac208135d389b6972a6d?s=96&d=mm&r=g","caption":"teste"},"url":"https:\/\/blogdofarnesio.com.br\/author\/teste\/"}]}},"_links":{"self":[{"href":"https:\/\/blogdofarnesio.com.br\/wp-json\/wp\/v2\/posts\/78567","targetHints":{"allow":["GET"]}}],"collection":[{"href":"https:\/\/blogdofarnesio.com.br\/wp-json\/wp\/v2\/posts"}],"about":[{"href":"https:\/\/blogdofarnesio.com.br\/wp-json\/wp\/v2\/types\/post"}],"author":[{"embeddable":true,"href":"https:\/\/blogdofarnesio.com.br\/wp-json\/wp\/v2\/users\/3"}],"replies":[{"embeddable":true,"href":"https:\/\/blogdofarnesio.com.br\/wp-json\/wp\/v2\/comments?post=78567"}],"version-history":[{"count":0,"href":"https:\/\/blogdofarnesio.com.br\/wp-json\/wp\/v2\/posts\/78567\/revisions"}],"wp:attachment":[{"href":"https:\/\/blogdofarnesio.com.br\/wp-json\/wp\/v2\/media?parent=78567"}],"wp:term":[{"taxonomy":"category","embeddable":true,"href":"https:\/\/blogdofarnesio.com.br\/wp-json\/wp\/v2\/categories?post=78567"},{"taxonomy":"post_tag","embeddable":true,"href":"https:\/\/blogdofarnesio.com.br\/wp-json\/wp\/v2\/tags?post=78567"}],"curies":[{"name":"wp","href":"https:\/\/api.w.org\/{rel}","templated":true}]}}