{"id":78546,"date":"2014-04-07T09:00:34","date_gmt":"2014-04-07T12:00:34","guid":{"rendered":"http:\/\/www.quersaberpolitica.com.br\/?p=78546"},"modified":"2014-04-06T20:56:27","modified_gmt":"2014-04-06T23:56:27","slug":"petrolina-realiza-a-partir-de-hoje-semana-da-saude-na-escola","status":"publish","type":"post","link":"https:\/\/blogdofarnesio.com.br\/?p=78546","title":{"rendered":"PETROLINA REALIZA A PARTIR DE HOJE SEMANA DA SA\u00daDE NA ESCOLA"},"content":{"rendered":"<p style=\"text-align: justify\">\u00a0<a href=\"http:\/\/www.quersaberpolitica.com.br\/2016\/wp-content\/uploads\/2014\/04\/blogqspsemana-sa\u00fade-na-escola.jpg\"><img loading=\"lazy\" decoding=\"async\" class=\"alignleft size-medium wp-image-78547\" alt=\"blogqspsemana sa\u00fade na escola\" src=\"http:\/\/www.quersaberpolitica.com.br\/2016\/wp-content\/uploads\/2014\/04\/blogqspsemana-sa\u00fade-na-escola-300x114.jpg\" width=\"300\" height=\"114\" srcset=\"https:\/\/blogdofarnesio.com.br\/wp-content\/uploads\/2014\/04\/blogqspsemana-sa\u00fade-na-escola-300x114.jpg 300w, https:\/\/blogdofarnesio.com.br\/wp-content\/uploads\/2014\/04\/blogqspsemana-sa\u00fade-na-escola.jpg 448w\" sizes=\"auto, (max-width: 300px) 100vw, 300px\" \/><\/a>Com o tema \u201cPr\u00e1ticas corporais, atividade f\u00edsica e lazer numa perspectiva de cultura de paz e direitos humanos\u201d, a Secretaria Municipal de Sa\u00fade de Petrolina realizar\u00e1 entre os dias 07 e 11 de abril a Semana Sa\u00fade na Escola 2014 em cinco institui\u00e7\u00f5es de ensino da rede municipal de educa\u00e7\u00e3o, englobando alunos do pr\u00e9-escolar ao ensino m\u00e9dio.<\/p>\n<p style=\"text-align: justify\">A a\u00e7\u00e3o \u00e9 realizada pelos profissionais das unidades de sa\u00fade e do N\u00facleo de Apoio \u00e0 Sa\u00fade da Fam\u00edlia (NASF) e tem o intuito de promover sa\u00fade e evitar doen\u00e7as futuras, a fim de construir uma sociedade mais sadia e consciente da import\u00e2ncia de levar uma vida com h\u00e1bitos saud\u00e1veis.<\/p>\n<p style=\"text-align: justify\">\u201cNosso intuito \u00e9 levar \u00e0s crian\u00e7as e adolescentes a consci\u00eancia da necessidade de se ter uma vida saud\u00e1vel em todos os aspectos, inclusive, no que se diz respeito \u00e0 pr\u00e1tica de exerc\u00edcios regularmente, evitando o sedentarismo\u201d, explicou a apoiadora da Aten\u00e7\u00e3o B\u00e1sica Van\u00e9cia Sousa.<\/p>\n<p style=\"text-align: justify\">Durante esta semana os alunos participar\u00e3o de rodas de conversa com fisioterapeuta e educador f\u00edsico, que tamb\u00e9m realizar\u00e1 um momento bastante din\u00e2mico com a pr\u00e1tica de exerc\u00edcios f\u00edsicos diferenciados. Tamb\u00e9m ser\u00e3o disponibilizados vacina\u00e7\u00e3o para atualizar a caderneta e antropometria (medir e pesar) para os educandos.<\/p>\n<p style=\"text-align: justify\"><strong>CRONOGRAMA<!--more--><\/strong><\/p>\n<table width=\"633\" border=\"1\" cellspacing=\"0\" cellpadding=\"0\">\n<tbody>\n<tr>\n<td valign=\"top\" width=\"395\"><b>ESCOLA<\/b><\/td>\n<td valign=\"top\" width=\"104\"><b>DATA<\/b><\/td>\n<td valign=\"top\" width=\"134\"><b>TURNO<\/b><\/td>\n<\/tr>\n<tr>\n<td valign=\"top\" width=\"395\">ESCOLA S\u00c3O DOMINGO S\u00c1VIO<\/td>\n<td valign=\"top\" width=\"104\">07\/04<\/td>\n<td valign=\"top\" width=\"134\">MANH\u00c3<\/td>\n<\/tr>\n<tr>\n<td valign=\"top\" width=\"395\">ESCOLA MUNICIPAL PROFESSORA ZELIA MATIAS<\/td>\n<td valign=\"top\" width=\"104\">08\/04<\/td>\n<td valign=\"top\" width=\"134\">TARDE<\/td>\n<\/tr>\n<tr>\n<td valign=\"top\" width=\"395\">ESCOLA MUNICIPAL RUBEM AMORIM ARAUJO<\/td>\n<td valign=\"top\" width=\"104\">09\/04<\/td>\n<td valign=\"top\" width=\"134\">MANH\u00c3<\/td>\n<\/tr>\n<tr>\n<td valign=\"top\" width=\"395\">ESCOLA MUNICIPAL PROFESSOR WALTER GIL<\/td>\n<td valign=\"top\" width=\"104\">10\/04<\/td>\n<td valign=\"top\" width=\"134\">MANH\u00c3<\/td>\n<\/tr>\n<tr>\n<td valign=\"top\" width=\"395\">ESCOLA MUNICIPAL 21 DE SETEMBRO<\/td>\n<td valign=\"top\" width=\"104\">11\/04<\/td>\n<td valign=\"top\" width=\"134\">MANH\u00c3<\/td>\n<\/tr>\n<\/tbody>\n<\/table>\n<p style=\"text-align: justify\">Assessoria de Imprensa<\/p>\n<p style=\"text-align: justify\">Secretaria de Sa\u00fade<\/p>\n","protected":false},"excerpt":{"rendered":"<p>\u00a0Com o tema \u201cPr\u00e1ticas corporais, atividade f\u00edsica e lazer numa perspectiva de cultura de paz e direitos humanos\u201d, a Secretaria Municipal de Sa\u00fade de Petrolina realizar\u00e1 entre os dias 07 e 11 de abril a Semana Sa\u00fade na Escola 2014 em cinco institui\u00e7\u00f5es de ensino da rede municipal de educa\u00e7\u00e3o, englobando alunos do pr\u00e9-escolar ao ensino m\u00e9dio. A a\u00e7\u00e3o \u00e9 realizada pelos profissionais das unidades de sa\u00fade e do N\u00facleo de Apoio \u00e0 Sa\u00fade da Fam\u00edlia (NASF) e tem o intuito de promover sa\u00fade e evitar doen\u00e7as futuras, a fim de construir uma sociedade mais sadia e consciente da import\u00e2ncia de levar uma vida com h\u00e1bitos saud\u00e1veis. \u201cNosso intuito \u00e9 levar \u00e0s crian\u00e7as e adolescentes a consci\u00eancia da necessidade de&hellip; <\/p>\n","protected":false},"author":3,"featured_media":0,"comment_status":"open","ping_status":"open","sticky":false,"template":"","format":"standard","meta":{"_acf_changed":false,"footnotes":""},"categories":[1],"tags":[],"class_list":["post-78546","post","type-post","status-publish","format-standard","hentry","category-politica"],"acf":[],"yoast_head":"<!-- This site is optimized with the Yoast SEO plugin v27.4 - https:\/\/yoast.com\/product\/yoast-seo-wordpress\/ -->\n<title>PETROLINA REALIZA A PARTIR DE HOJE SEMANA DA SA\u00daDE NA ESCOLA - Blog do Farn\u00e9sio<\/title>\n<meta name=\"robots\" content=\"index, follow, max-snippet:-1, max-image-preview:large, max-video-preview:-1\" \/>\n<link rel=\"canonical\" href=\"https:\/\/blogdofarnesio.com.br\/?p=78546\" \/>\n<meta property=\"og:locale\" content=\"pt_BR\" \/>\n<meta property=\"og:type\" content=\"article\" \/>\n<meta property=\"og:title\" content=\"PETROLINA REALIZA A PARTIR DE HOJE SEMANA DA SA\u00daDE NA ESCOLA - Blog do Farn\u00e9sio\" \/>\n<meta property=\"og:description\" content=\"\u00a0Com o tema \u201cPr\u00e1ticas corporais, atividade f\u00edsica e lazer numa perspectiva de cultura de paz e direitos humanos\u201d, a Secretaria Municipal de Sa\u00fade de Petrolina realizar\u00e1 entre os dias 07 e 11 de abril a Semana Sa\u00fade na Escola 2014 em cinco institui\u00e7\u00f5es de ensino da rede municipal de educa\u00e7\u00e3o, englobando alunos do pr\u00e9-escolar ao ensino m\u00e9dio. A a\u00e7\u00e3o \u00e9 realizada pelos profissionais das unidades de sa\u00fade e do N\u00facleo de Apoio \u00e0 Sa\u00fade da Fam\u00edlia (NASF) e tem o intuito de promover sa\u00fade e evitar doen\u00e7as futuras, a fim de construir uma sociedade mais sadia e consciente da import\u00e2ncia de levar uma vida com h\u00e1bitos saud\u00e1veis. \u201cNosso intuito \u00e9 levar \u00e0s crian\u00e7as e adolescentes a consci\u00eancia da necessidade de&hellip;\" \/>\n<meta property=\"og:url\" content=\"https:\/\/blogdofarnesio.com.br\/?p=78546\" \/>\n<meta property=\"og:site_name\" content=\"Blog do Farn\u00e9sio\" \/>\n<meta property=\"article:publisher\" content=\"https:\/\/www.facebook.com\/BlogQuerSaberPolitica\/\" \/>\n<meta property=\"article:published_time\" content=\"2014-04-07T12:00:34+00:00\" \/>\n<meta name=\"author\" content=\"teste\" \/>\n<meta name=\"twitter:card\" content=\"summary_large_image\" \/>\n<meta name=\"twitter:label1\" content=\"Escrito por\" \/>\n\t<meta name=\"twitter:data1\" content=\"teste\" \/>\n\t<meta name=\"twitter:label2\" content=\"Est. tempo de leitura\" \/>\n\t<meta name=\"twitter:data2\" content=\"1 minuto\" \/>\n<script type=\"application\/ld+json\" class=\"yoast-schema-graph\">{\"@context\":\"https:\\\/\\\/schema.org\",\"@graph\":[{\"@type\":\"Article\",\"@id\":\"https:\\\/\\\/blogdofarnesio.com.br\\\/?p=78546#article\",\"isPartOf\":{\"@id\":\"https:\\\/\\\/blogdofarnesio.com.br\\\/?p=78546\"},\"author\":{\"name\":\"teste\",\"@id\":\"https:\\\/\\\/blogdofarnesio.com.br\\\/#\\\/schema\\\/person\\\/dd1bf5eba40b687199ba45ca6b97dff9\"},\"headline\":\"PETROLINA REALIZA A PARTIR DE HOJE SEMANA DA SA\u00daDE NA ESCOLA\",\"datePublished\":\"2014-04-07T12:00:34+00:00\",\"mainEntityOfPage\":{\"@id\":\"https:\\\/\\\/blogdofarnesio.com.br\\\/?p=78546\"},\"wordCount\":278,\"commentCount\":0,\"publisher\":{\"@id\":\"https:\\\/\\\/blogdofarnesio.com.br\\\/#organization\"},\"articleSection\":[\"Pol\u00edtica\"],\"inLanguage\":\"pt-BR\",\"potentialAction\":[{\"@type\":\"CommentAction\",\"name\":\"Comment\",\"target\":[\"https:\\\/\\\/blogdofarnesio.com.br\\\/?p=78546#respond\"]}]},{\"@type\":\"WebPage\",\"@id\":\"https:\\\/\\\/blogdofarnesio.com.br\\\/?p=78546\",\"url\":\"https:\\\/\\\/blogdofarnesio.com.br\\\/?p=78546\",\"name\":\"PETROLINA REALIZA A PARTIR DE HOJE SEMANA DA SA\u00daDE NA ESCOLA - Blog do Farn\u00e9sio\",\"isPartOf\":{\"@id\":\"https:\\\/\\\/blogdofarnesio.com.br\\\/#website\"},\"datePublished\":\"2014-04-07T12:00:34+00:00\",\"breadcrumb\":{\"@id\":\"https:\\\/\\\/blogdofarnesio.com.br\\\/?p=78546#breadcrumb\"},\"inLanguage\":\"pt-BR\",\"potentialAction\":[{\"@type\":\"ReadAction\",\"target\":[\"https:\\\/\\\/blogdofarnesio.com.br\\\/?p=78546\"]}]},{\"@type\":\"BreadcrumbList\",\"@id\":\"https:\\\/\\\/blogdofarnesio.com.br\\\/?p=78546#breadcrumb\",\"itemListElement\":[{\"@type\":\"ListItem\",\"position\":1,\"name\":\"In\u00edcio\",\"item\":\"https:\\\/\\\/blogdofarnesio.com.br\\\/\"},{\"@type\":\"ListItem\",\"position\":2,\"name\":\"PETROLINA REALIZA A PARTIR DE HOJE SEMANA DA SA\u00daDE NA ESCOLA\"}]},{\"@type\":\"WebSite\",\"@id\":\"https:\\\/\\\/blogdofarnesio.com.br\\\/#website\",\"url\":\"https:\\\/\\\/blogdofarnesio.com.br\\\/\",\"name\":\"Blog do Farn\u00e9sio\",\"description\":\"Quer Saber Pol\u00edtica?\",\"publisher\":{\"@id\":\"https:\\\/\\\/blogdofarnesio.com.br\\\/#organization\"},\"potentialAction\":[{\"@type\":\"SearchAction\",\"target\":{\"@type\":\"EntryPoint\",\"urlTemplate\":\"https:\\\/\\\/blogdofarnesio.com.br\\\/?s={search_term_string}\"},\"query-input\":{\"@type\":\"PropertyValueSpecification\",\"valueRequired\":true,\"valueName\":\"search_term_string\"}}],\"inLanguage\":\"pt-BR\"},{\"@type\":\"Organization\",\"@id\":\"https:\\\/\\\/blogdofarnesio.com.br\\\/#organization\",\"name\":\"Blog do Farn\u00e9sio\",\"url\":\"https:\\\/\\\/blogdofarnesio.com.br\\\/\",\"logo\":{\"@type\":\"ImageObject\",\"inLanguage\":\"pt-BR\",\"@id\":\"https:\\\/\\\/blogdofarnesio.com.br\\\/#\\\/schema\\\/logo\\\/image\\\/\",\"url\":\"https:\\\/\\\/blogdofarnesio.com.br\\\/wp-content\\\/uploads\\\/2026\\\/03\\\/cropped-logo_new-1.png\",\"contentUrl\":\"https:\\\/\\\/blogdofarnesio.com.br\\\/wp-content\\\/uploads\\\/2026\\\/03\\\/cropped-logo_new-1.png\",\"width\":881,\"height\":685,\"caption\":\"Blog do Farn\u00e9sio\"},\"image\":{\"@id\":\"https:\\\/\\\/blogdofarnesio.com.br\\\/#\\\/schema\\\/logo\\\/image\\\/\"},\"sameAs\":[\"https:\\\/\\\/www.facebook.com\\\/BlogQuerSaberPolitica\\\/\"]},{\"@type\":\"Person\",\"@id\":\"https:\\\/\\\/blogdofarnesio.com.br\\\/#\\\/schema\\\/person\\\/dd1bf5eba40b687199ba45ca6b97dff9\",\"name\":\"teste\",\"image\":{\"@type\":\"ImageObject\",\"inLanguage\":\"pt-BR\",\"@id\":\"https:\\\/\\\/secure.gravatar.com\\\/avatar\\\/2172498d4914b51e1d89a0f97957b035ac4938723a5cac208135d389b6972a6d?s=96&d=mm&r=g\",\"url\":\"https:\\\/\\\/secure.gravatar.com\\\/avatar\\\/2172498d4914b51e1d89a0f97957b035ac4938723a5cac208135d389b6972a6d?s=96&d=mm&r=g\",\"contentUrl\":\"https:\\\/\\\/secure.gravatar.com\\\/avatar\\\/2172498d4914b51e1d89a0f97957b035ac4938723a5cac208135d389b6972a6d?s=96&d=mm&r=g\",\"caption\":\"teste\"},\"url\":\"https:\\\/\\\/blogdofarnesio.com.br\\\/?author=3\"}]}<\/script>\n<!-- \/ Yoast SEO plugin. -->","yoast_head_json":{"title":"PETROLINA REALIZA A PARTIR DE HOJE SEMANA DA SA\u00daDE NA ESCOLA - Blog do Farn\u00e9sio","robots":{"index":"index","follow":"follow","max-snippet":"max-snippet:-1","max-image-preview":"max-image-preview:large","max-video-preview":"max-video-preview:-1"},"canonical":"https:\/\/blogdofarnesio.com.br\/?p=78546","og_locale":"pt_BR","og_type":"article","og_title":"PETROLINA REALIZA A PARTIR DE HOJE SEMANA DA SA\u00daDE NA ESCOLA - Blog do Farn\u00e9sio","og_description":"\u00a0Com o tema \u201cPr\u00e1ticas corporais, atividade f\u00edsica e lazer numa perspectiva de cultura de paz e direitos humanos\u201d, a Secretaria Municipal de Sa\u00fade de Petrolina realizar\u00e1 entre os dias 07 e 11 de abril a Semana Sa\u00fade na Escola 2014 em cinco institui\u00e7\u00f5es de ensino da rede municipal de educa\u00e7\u00e3o, englobando alunos do pr\u00e9-escolar ao ensino m\u00e9dio. A a\u00e7\u00e3o \u00e9 realizada pelos profissionais das unidades de sa\u00fade e do N\u00facleo de Apoio \u00e0 Sa\u00fade da Fam\u00edlia (NASF) e tem o intuito de promover sa\u00fade e evitar doen\u00e7as futuras, a fim de construir uma sociedade mais sadia e consciente da import\u00e2ncia de levar uma vida com h\u00e1bitos saud\u00e1veis. \u201cNosso intuito \u00e9 levar \u00e0s crian\u00e7as e adolescentes a consci\u00eancia da necessidade de&hellip;","og_url":"https:\/\/blogdofarnesio.com.br\/?p=78546","og_site_name":"Blog do Farn\u00e9sio","article_publisher":"https:\/\/www.facebook.com\/BlogQuerSaberPolitica\/","article_published_time":"2014-04-07T12:00:34+00:00","author":"teste","twitter_card":"summary_large_image","twitter_misc":{"Escrito por":"teste","Est. tempo de leitura":"1 minuto"},"schema":{"@context":"https:\/\/schema.org","@graph":[{"@type":"Article","@id":"https:\/\/blogdofarnesio.com.br\/?p=78546#article","isPartOf":{"@id":"https:\/\/blogdofarnesio.com.br\/?p=78546"},"author":{"name":"teste","@id":"https:\/\/blogdofarnesio.com.br\/#\/schema\/person\/dd1bf5eba40b687199ba45ca6b97dff9"},"headline":"PETROLINA REALIZA A PARTIR DE HOJE SEMANA DA SA\u00daDE NA ESCOLA","datePublished":"2014-04-07T12:00:34+00:00","mainEntityOfPage":{"@id":"https:\/\/blogdofarnesio.com.br\/?p=78546"},"wordCount":278,"commentCount":0,"publisher":{"@id":"https:\/\/blogdofarnesio.com.br\/#organization"},"articleSection":["Pol\u00edtica"],"inLanguage":"pt-BR","potentialAction":[{"@type":"CommentAction","name":"Comment","target":["https:\/\/blogdofarnesio.com.br\/?p=78546#respond"]}]},{"@type":"WebPage","@id":"https:\/\/blogdofarnesio.com.br\/?p=78546","url":"https:\/\/blogdofarnesio.com.br\/?p=78546","name":"PETROLINA REALIZA A PARTIR DE HOJE SEMANA DA SA\u00daDE NA ESCOLA - Blog do Farn\u00e9sio","isPartOf":{"@id":"https:\/\/blogdofarnesio.com.br\/#website"},"datePublished":"2014-04-07T12:00:34+00:00","breadcrumb":{"@id":"https:\/\/blogdofarnesio.com.br\/?p=78546#breadcrumb"},"inLanguage":"pt-BR","potentialAction":[{"@type":"ReadAction","target":["https:\/\/blogdofarnesio.com.br\/?p=78546"]}]},{"@type":"BreadcrumbList","@id":"https:\/\/blogdofarnesio.com.br\/?p=78546#breadcrumb","itemListElement":[{"@type":"ListItem","position":1,"name":"In\u00edcio","item":"https:\/\/blogdofarnesio.com.br\/"},{"@type":"ListItem","position":2,"name":"PETROLINA REALIZA A PARTIR DE HOJE SEMANA DA SA\u00daDE NA ESCOLA"}]},{"@type":"WebSite","@id":"https:\/\/blogdofarnesio.com.br\/#website","url":"https:\/\/blogdofarnesio.com.br\/","name":"Blog do Farn\u00e9sio","description":"Quer Saber Pol\u00edtica?","publisher":{"@id":"https:\/\/blogdofarnesio.com.br\/#organization"},"potentialAction":[{"@type":"SearchAction","target":{"@type":"EntryPoint","urlTemplate":"https:\/\/blogdofarnesio.com.br\/?s={search_term_string}"},"query-input":{"@type":"PropertyValueSpecification","valueRequired":true,"valueName":"search_term_string"}}],"inLanguage":"pt-BR"},{"@type":"Organization","@id":"https:\/\/blogdofarnesio.com.br\/#organization","name":"Blog do Farn\u00e9sio","url":"https:\/\/blogdofarnesio.com.br\/","logo":{"@type":"ImageObject","inLanguage":"pt-BR","@id":"https:\/\/blogdofarnesio.com.br\/#\/schema\/logo\/image\/","url":"https:\/\/blogdofarnesio.com.br\/wp-content\/uploads\/2026\/03\/cropped-logo_new-1.png","contentUrl":"https:\/\/blogdofarnesio.com.br\/wp-content\/uploads\/2026\/03\/cropped-logo_new-1.png","width":881,"height":685,"caption":"Blog do Farn\u00e9sio"},"image":{"@id":"https:\/\/blogdofarnesio.com.br\/#\/schema\/logo\/image\/"},"sameAs":["https:\/\/www.facebook.com\/BlogQuerSaberPolitica\/"]},{"@type":"Person","@id":"https:\/\/blogdofarnesio.com.br\/#\/schema\/person\/dd1bf5eba40b687199ba45ca6b97dff9","name":"teste","image":{"@type":"ImageObject","inLanguage":"pt-BR","@id":"https:\/\/secure.gravatar.com\/avatar\/2172498d4914b51e1d89a0f97957b035ac4938723a5cac208135d389b6972a6d?s=96&d=mm&r=g","url":"https:\/\/secure.gravatar.com\/avatar\/2172498d4914b51e1d89a0f97957b035ac4938723a5cac208135d389b6972a6d?s=96&d=mm&r=g","contentUrl":"https:\/\/secure.gravatar.com\/avatar\/2172498d4914b51e1d89a0f97957b035ac4938723a5cac208135d389b6972a6d?s=96&d=mm&r=g","caption":"teste"},"url":"https:\/\/blogdofarnesio.com.br\/?author=3"}]}},"_links":{"self":[{"href":"https:\/\/blogdofarnesio.com.br\/index.php?rest_route=\/wp\/v2\/posts\/78546","targetHints":{"allow":["GET"]}}],"collection":[{"href":"https:\/\/blogdofarnesio.com.br\/index.php?rest_route=\/wp\/v2\/posts"}],"about":[{"href":"https:\/\/blogdofarnesio.com.br\/index.php?rest_route=\/wp\/v2\/types\/post"}],"author":[{"embeddable":true,"href":"https:\/\/blogdofarnesio.com.br\/index.php?rest_route=\/wp\/v2\/users\/3"}],"replies":[{"embeddable":true,"href":"https:\/\/blogdofarnesio.com.br\/index.php?rest_route=%2Fwp%2Fv2%2Fcomments&post=78546"}],"version-history":[{"count":0,"href":"https:\/\/blogdofarnesio.com.br\/index.php?rest_route=\/wp\/v2\/posts\/78546\/revisions"}],"wp:attachment":[{"href":"https:\/\/blogdofarnesio.com.br\/index.php?rest_route=%2Fwp%2Fv2%2Fmedia&parent=78546"}],"wp:term":[{"taxonomy":"category","embeddable":true,"href":"https:\/\/blogdofarnesio.com.br\/index.php?rest_route=%2Fwp%2Fv2%2Fcategories&post=78546"},{"taxonomy":"post_tag","embeddable":true,"href":"https:\/\/blogdofarnesio.com.br\/index.php?rest_route=%2Fwp%2Fv2%2Ftags&post=78546"}],"curies":[{"name":"wp","href":"https:\/\/api.w.org\/{rel}","templated":true}]}}