{"id":78429,"date":"2014-04-04T08:34:12","date_gmt":"2014-04-04T11:34:12","guid":{"rendered":"http:\/\/www.quersaberpolitica.com.br\/?p=78429"},"modified":"2014-04-04T12:29:04","modified_gmt":"2014-04-04T15:29:04","slug":"meio-ambiente-e-ordem-publica-esta-finalizando-a-retomada-da-area-da-serra-da-batateira","status":"publish","type":"post","link":"https:\/\/blogdofarnesio.com.br\/?p=78429","title":{"rendered":"MEIO AMBIENTE E ORDEM P\u00daBLICA EST\u00c3O FINALIZANDO A RETOMADA DA \u00c1REA DA SERRA DA BATATEIRA"},"content":{"rendered":"<p style=\"text-align: justify\"><a href=\"http:\/\/www.quersaberpolitica.com.br\/2016\/wp-content\/uploads\/2014\/04\/blogqsp_retomadaserradabatateira.jpg\"><img loading=\"lazy\" decoding=\"async\" class=\" wp-image-78430 alignleft\" alt=\"blogqsp_retomadaserradabatateira\" src=\"http:\/\/www.quersaberpolitica.com.br\/2016\/wp-content\/uploads\/2014\/04\/blogqsp_retomadaserradabatateira.jpg\" width=\"307\" height=\"230\" srcset=\"https:\/\/blogdofarnesio.com.br\/wp-content\/uploads\/2014\/04\/blogqsp_retomadaserradabatateira.jpg 640w, https:\/\/blogdofarnesio.com.br\/wp-content\/uploads\/2014\/04\/blogqsp_retomadaserradabatateira-300x225.jpg 300w, https:\/\/blogdofarnesio.com.br\/wp-content\/uploads\/2014\/04\/blogqsp_retomadaserradabatateira-400x300.jpg 400w\" sizes=\"auto, (max-width: 307px) 100vw, 307px\" \/><\/a> Nesta quinta-feira (03) fiscais de postura, meio ambiente e obras da Secretaria de Meio Ambiente e Ordem P\u00fablica deram continuidade a a\u00e7\u00e3o de retomada de uma \u00e1rea invadida na Serra da Batateira que teve in\u00edcio na segunda quinzena de janeiro.<\/p>\n<p style=\"text-align: justify\">A a\u00e7\u00e3o mobilizou ainda a guarda municipal e a Secretaria de Servi\u00e7os P\u00fablicos (SESP) que disponibilizou um trator para derrubada das cercas. Por se tratar de um terreno extenso que envolve toda a Serra, e por ser uma atividade em conjunto, desde seu in\u00edcio a SEMAOP tem promovido essa a\u00e7\u00e3o por agendamento para que todos os setores possam atuar. At\u00e9 o momento, 90% da cerca j\u00e1 foi retirada, e ainda este m\u00eas o trabalho ser\u00e1 conclu\u00eddo.<!--more--><\/p>\n<p><img loading=\"lazy\" decoding=\"async\" class=\" wp-image-78431 alignright\" alt=\"blogqsp_retomadaserradabatateira1\" src=\"http:\/\/www.quersaberpolitica.com.br\/2016\/wp-content\/uploads\/2014\/04\/blogqsp_retomadaserradabatateira1.jpg\" width=\"384\" height=\"288\" srcset=\"https:\/\/blogdofarnesio.com.br\/wp-content\/uploads\/2014\/04\/blogqsp_retomadaserradabatateira1.jpg 640w, https:\/\/blogdofarnesio.com.br\/wp-content\/uploads\/2014\/04\/blogqsp_retomadaserradabatateira1-300x225.jpg 300w, https:\/\/blogdofarnesio.com.br\/wp-content\/uploads\/2014\/04\/blogqsp_retomadaserradabatateira1-400x300.jpg 400w\" sizes=\"auto, (max-width: 384px) 100vw, 384px\" \/><\/p>\n<p style=\"text-align: justify\">Em janeiro, durante uma ronda dos fiscais foi identificada a invas\u00e3o. A \u00e1rea, de preserva\u00e7\u00e3o ambiental \u00e9 protegida pela Lei Federal 9.605 que trata dos crimes contra fauna e a flora. Rondas t\u00eam sido feitas diariamente no local a fim de coibir essa pr\u00e1tica ilegal. Esse servi\u00e7o \u00e9 poss\u00edvel n\u00e3o somente por identifica\u00e7\u00e3o da equipe de ronda, mas tamb\u00e9m pela sociedade atrav\u00e9s do telefone (74) 3612 &#8211; 3580.<\/p>\n","protected":false},"excerpt":{"rendered":"<p>Nesta quinta-feira (03) fiscais de postura, meio ambiente e obras da Secretaria de Meio Ambiente e Ordem P\u00fablica deram continuidade a a\u00e7\u00e3o de retomada de uma \u00e1rea invadida na Serra da Batateira que teve in\u00edcio na segunda quinzena de janeiro. A a\u00e7\u00e3o mobilizou ainda a guarda municipal e a Secretaria de Servi\u00e7os P\u00fablicos (SESP) que disponibilizou um trator para derrubada das cercas. Por se tratar de um terreno extenso que envolve toda a Serra, e por ser uma atividade em conjunto, desde seu in\u00edcio a SEMAOP tem promovido essa a\u00e7\u00e3o por agendamento para que todos os setores possam atuar. At\u00e9 o momento, 90% da cerca j\u00e1 foi retirada, e ainda este m\u00eas o trabalho ser\u00e1 conclu\u00eddo.<\/p>\n","protected":false},"author":3,"featured_media":0,"comment_status":"open","ping_status":"open","sticky":false,"template":"","format":"standard","meta":{"_acf_changed":false,"footnotes":""},"categories":[29],"tags":[],"class_list":["post-78429","post","type-post","status-publish","format-standard","hentry","category-meio-ambiente"],"acf":[],"yoast_head":"<!-- This site is optimized with the Yoast SEO plugin v27.4 - https:\/\/yoast.com\/product\/yoast-seo-wordpress\/ -->\n<title>MEIO AMBIENTE E ORDEM P\u00daBLICA EST\u00c3O FINALIZANDO A RETOMADA DA \u00c1REA DA SERRA DA BATATEIRA - Blog do Farn\u00e9sio<\/title>\n<meta name=\"robots\" content=\"index, follow, max-snippet:-1, max-image-preview:large, max-video-preview:-1\" \/>\n<link rel=\"canonical\" href=\"https:\/\/blogdofarnesio.com.br\/?p=78429\" \/>\n<meta property=\"og:locale\" content=\"pt_BR\" \/>\n<meta property=\"og:type\" content=\"article\" \/>\n<meta property=\"og:title\" content=\"MEIO AMBIENTE E ORDEM P\u00daBLICA EST\u00c3O FINALIZANDO A RETOMADA DA \u00c1REA DA SERRA DA BATATEIRA - Blog do Farn\u00e9sio\" \/>\n<meta property=\"og:description\" content=\"Nesta quinta-feira (03) fiscais de postura, meio ambiente e obras da Secretaria de Meio Ambiente e Ordem P\u00fablica deram continuidade a a\u00e7\u00e3o de retomada de uma \u00e1rea invadida na Serra da Batateira que teve in\u00edcio na segunda quinzena de janeiro. A a\u00e7\u00e3o mobilizou ainda a guarda municipal e a Secretaria de Servi\u00e7os P\u00fablicos (SESP) que disponibilizou um trator para derrubada das cercas. Por se tratar de um terreno extenso que envolve toda a Serra, e por ser uma atividade em conjunto, desde seu in\u00edcio a SEMAOP tem promovido essa a\u00e7\u00e3o por agendamento para que todos os setores possam atuar. At\u00e9 o momento, 90% da cerca j\u00e1 foi retirada, e ainda este m\u00eas o trabalho ser\u00e1 conclu\u00eddo.\" \/>\n<meta property=\"og:url\" content=\"https:\/\/blogdofarnesio.com.br\/?p=78429\" \/>\n<meta property=\"og:site_name\" content=\"Blog do Farn\u00e9sio\" \/>\n<meta property=\"article:publisher\" content=\"https:\/\/www.facebook.com\/BlogQuerSaberPolitica\/\" \/>\n<meta property=\"article:published_time\" content=\"2014-04-04T11:34:12+00:00\" \/>\n<meta property=\"article:modified_time\" content=\"2014-04-04T15:29:04+00:00\" \/>\n<meta property=\"og:image\" content=\"http:\/\/www.quersaberpolitica.com.br\/2016\/wp-content\/uploads\/2014\/04\/blogqsp_retomadaserradabatateira.jpg\" \/>\n<meta name=\"author\" content=\"teste\" \/>\n<meta name=\"twitter:card\" content=\"summary_large_image\" \/>\n<meta name=\"twitter:label1\" content=\"Escrito por\" \/>\n\t<meta name=\"twitter:data1\" content=\"teste\" \/>\n\t<meta name=\"twitter:label2\" content=\"Est. tempo de leitura\" \/>\n\t<meta name=\"twitter:data2\" content=\"1 minuto\" \/>\n<script type=\"application\/ld+json\" class=\"yoast-schema-graph\">{\"@context\":\"https:\\\/\\\/schema.org\",\"@graph\":[{\"@type\":\"Article\",\"@id\":\"https:\\\/\\\/blogdofarnesio.com.br\\\/?p=78429#article\",\"isPartOf\":{\"@id\":\"https:\\\/\\\/blogdofarnesio.com.br\\\/?p=78429\"},\"author\":{\"name\":\"teste\",\"@id\":\"https:\\\/\\\/blogdofarnesio.com.br\\\/#\\\/schema\\\/person\\\/dd1bf5eba40b687199ba45ca6b97dff9\"},\"headline\":\"MEIO AMBIENTE E ORDEM P\u00daBLICA EST\u00c3O FINALIZANDO A RETOMADA DA \u00c1REA DA SERRA DA BATATEIRA\",\"datePublished\":\"2014-04-04T11:34:12+00:00\",\"dateModified\":\"2014-04-04T15:29:04+00:00\",\"mainEntityOfPage\":{\"@id\":\"https:\\\/\\\/blogdofarnesio.com.br\\\/?p=78429\"},\"wordCount\":213,\"commentCount\":0,\"publisher\":{\"@id\":\"https:\\\/\\\/blogdofarnesio.com.br\\\/#organization\"},\"image\":{\"@id\":\"https:\\\/\\\/blogdofarnesio.com.br\\\/?p=78429#primaryimage\"},\"thumbnailUrl\":\"http:\\\/\\\/www.quersaberpolitica.com.br\\\/2016\\\/wp-content\\\/uploads\\\/2014\\\/04\\\/blogqsp_retomadaserradabatateira.jpg\",\"articleSection\":[\"Meio Ambiente\"],\"inLanguage\":\"pt-BR\",\"potentialAction\":[{\"@type\":\"CommentAction\",\"name\":\"Comment\",\"target\":[\"https:\\\/\\\/blogdofarnesio.com.br\\\/?p=78429#respond\"]}]},{\"@type\":\"WebPage\",\"@id\":\"https:\\\/\\\/blogdofarnesio.com.br\\\/?p=78429\",\"url\":\"https:\\\/\\\/blogdofarnesio.com.br\\\/?p=78429\",\"name\":\"MEIO AMBIENTE E ORDEM P\u00daBLICA EST\u00c3O FINALIZANDO A RETOMADA DA \u00c1REA DA SERRA DA BATATEIRA - Blog do Farn\u00e9sio\",\"isPartOf\":{\"@id\":\"https:\\\/\\\/blogdofarnesio.com.br\\\/#website\"},\"primaryImageOfPage\":{\"@id\":\"https:\\\/\\\/blogdofarnesio.com.br\\\/?p=78429#primaryimage\"},\"image\":{\"@id\":\"https:\\\/\\\/blogdofarnesio.com.br\\\/?p=78429#primaryimage\"},\"thumbnailUrl\":\"http:\\\/\\\/www.quersaberpolitica.com.br\\\/2016\\\/wp-content\\\/uploads\\\/2014\\\/04\\\/blogqsp_retomadaserradabatateira.jpg\",\"datePublished\":\"2014-04-04T11:34:12+00:00\",\"dateModified\":\"2014-04-04T15:29:04+00:00\",\"breadcrumb\":{\"@id\":\"https:\\\/\\\/blogdofarnesio.com.br\\\/?p=78429#breadcrumb\"},\"inLanguage\":\"pt-BR\",\"potentialAction\":[{\"@type\":\"ReadAction\",\"target\":[\"https:\\\/\\\/blogdofarnesio.com.br\\\/?p=78429\"]}]},{\"@type\":\"ImageObject\",\"inLanguage\":\"pt-BR\",\"@id\":\"https:\\\/\\\/blogdofarnesio.com.br\\\/?p=78429#primaryimage\",\"url\":\"http:\\\/\\\/www.quersaberpolitica.com.br\\\/2016\\\/wp-content\\\/uploads\\\/2014\\\/04\\\/blogqsp_retomadaserradabatateira.jpg\",\"contentUrl\":\"http:\\\/\\\/www.quersaberpolitica.com.br\\\/2016\\\/wp-content\\\/uploads\\\/2014\\\/04\\\/blogqsp_retomadaserradabatateira.jpg\"},{\"@type\":\"BreadcrumbList\",\"@id\":\"https:\\\/\\\/blogdofarnesio.com.br\\\/?p=78429#breadcrumb\",\"itemListElement\":[{\"@type\":\"ListItem\",\"position\":1,\"name\":\"In\u00edcio\",\"item\":\"https:\\\/\\\/blogdofarnesio.com.br\\\/\"},{\"@type\":\"ListItem\",\"position\":2,\"name\":\"MEIO AMBIENTE E ORDEM P\u00daBLICA EST\u00c3O FINALIZANDO A RETOMADA DA \u00c1REA DA SERRA DA BATATEIRA\"}]},{\"@type\":\"WebSite\",\"@id\":\"https:\\\/\\\/blogdofarnesio.com.br\\\/#website\",\"url\":\"https:\\\/\\\/blogdofarnesio.com.br\\\/\",\"name\":\"Blog do Farn\u00e9sio\",\"description\":\"Quer Saber Pol\u00edtica?\",\"publisher\":{\"@id\":\"https:\\\/\\\/blogdofarnesio.com.br\\\/#organization\"},\"potentialAction\":[{\"@type\":\"SearchAction\",\"target\":{\"@type\":\"EntryPoint\",\"urlTemplate\":\"https:\\\/\\\/blogdofarnesio.com.br\\\/?s={search_term_string}\"},\"query-input\":{\"@type\":\"PropertyValueSpecification\",\"valueRequired\":true,\"valueName\":\"search_term_string\"}}],\"inLanguage\":\"pt-BR\"},{\"@type\":\"Organization\",\"@id\":\"https:\\\/\\\/blogdofarnesio.com.br\\\/#organization\",\"name\":\"Blog do Farn\u00e9sio\",\"url\":\"https:\\\/\\\/blogdofarnesio.com.br\\\/\",\"logo\":{\"@type\":\"ImageObject\",\"inLanguage\":\"pt-BR\",\"@id\":\"https:\\\/\\\/blogdofarnesio.com.br\\\/#\\\/schema\\\/logo\\\/image\\\/\",\"url\":\"https:\\\/\\\/blogdofarnesio.com.br\\\/wp-content\\\/uploads\\\/2026\\\/03\\\/cropped-logo_new-1.png\",\"contentUrl\":\"https:\\\/\\\/blogdofarnesio.com.br\\\/wp-content\\\/uploads\\\/2026\\\/03\\\/cropped-logo_new-1.png\",\"width\":881,\"height\":685,\"caption\":\"Blog do Farn\u00e9sio\"},\"image\":{\"@id\":\"https:\\\/\\\/blogdofarnesio.com.br\\\/#\\\/schema\\\/logo\\\/image\\\/\"},\"sameAs\":[\"https:\\\/\\\/www.facebook.com\\\/BlogQuerSaberPolitica\\\/\"]},{\"@type\":\"Person\",\"@id\":\"https:\\\/\\\/blogdofarnesio.com.br\\\/#\\\/schema\\\/person\\\/dd1bf5eba40b687199ba45ca6b97dff9\",\"name\":\"teste\",\"image\":{\"@type\":\"ImageObject\",\"inLanguage\":\"pt-BR\",\"@id\":\"https:\\\/\\\/secure.gravatar.com\\\/avatar\\\/2172498d4914b51e1d89a0f97957b035ac4938723a5cac208135d389b6972a6d?s=96&d=mm&r=g\",\"url\":\"https:\\\/\\\/secure.gravatar.com\\\/avatar\\\/2172498d4914b51e1d89a0f97957b035ac4938723a5cac208135d389b6972a6d?s=96&d=mm&r=g\",\"contentUrl\":\"https:\\\/\\\/secure.gravatar.com\\\/avatar\\\/2172498d4914b51e1d89a0f97957b035ac4938723a5cac208135d389b6972a6d?s=96&d=mm&r=g\",\"caption\":\"teste\"},\"url\":\"https:\\\/\\\/blogdofarnesio.com.br\\\/?author=3\"}]}<\/script>\n<!-- \/ Yoast SEO plugin. -->","yoast_head_json":{"title":"MEIO AMBIENTE E ORDEM P\u00daBLICA EST\u00c3O FINALIZANDO A RETOMADA DA \u00c1REA DA SERRA DA BATATEIRA - Blog do Farn\u00e9sio","robots":{"index":"index","follow":"follow","max-snippet":"max-snippet:-1","max-image-preview":"max-image-preview:large","max-video-preview":"max-video-preview:-1"},"canonical":"https:\/\/blogdofarnesio.com.br\/?p=78429","og_locale":"pt_BR","og_type":"article","og_title":"MEIO AMBIENTE E ORDEM P\u00daBLICA EST\u00c3O FINALIZANDO A RETOMADA DA \u00c1REA DA SERRA DA BATATEIRA - Blog do Farn\u00e9sio","og_description":"Nesta quinta-feira (03) fiscais de postura, meio ambiente e obras da Secretaria de Meio Ambiente e Ordem P\u00fablica deram continuidade a a\u00e7\u00e3o de retomada de uma \u00e1rea invadida na Serra da Batateira que teve in\u00edcio na segunda quinzena de janeiro. A a\u00e7\u00e3o mobilizou ainda a guarda municipal e a Secretaria de Servi\u00e7os P\u00fablicos (SESP) que disponibilizou um trator para derrubada das cercas. Por se tratar de um terreno extenso que envolve toda a Serra, e por ser uma atividade em conjunto, desde seu in\u00edcio a SEMAOP tem promovido essa a\u00e7\u00e3o por agendamento para que todos os setores possam atuar. At\u00e9 o momento, 90% da cerca j\u00e1 foi retirada, e ainda este m\u00eas o trabalho ser\u00e1 conclu\u00eddo.","og_url":"https:\/\/blogdofarnesio.com.br\/?p=78429","og_site_name":"Blog do Farn\u00e9sio","article_publisher":"https:\/\/www.facebook.com\/BlogQuerSaberPolitica\/","article_published_time":"2014-04-04T11:34:12+00:00","article_modified_time":"2014-04-04T15:29:04+00:00","og_image":[{"url":"http:\/\/www.quersaberpolitica.com.br\/2016\/wp-content\/uploads\/2014\/04\/blogqsp_retomadaserradabatateira.jpg","type":"","width":"","height":""}],"author":"teste","twitter_card":"summary_large_image","twitter_misc":{"Escrito por":"teste","Est. tempo de leitura":"1 minuto"},"schema":{"@context":"https:\/\/schema.org","@graph":[{"@type":"Article","@id":"https:\/\/blogdofarnesio.com.br\/?p=78429#article","isPartOf":{"@id":"https:\/\/blogdofarnesio.com.br\/?p=78429"},"author":{"name":"teste","@id":"https:\/\/blogdofarnesio.com.br\/#\/schema\/person\/dd1bf5eba40b687199ba45ca6b97dff9"},"headline":"MEIO AMBIENTE E ORDEM P\u00daBLICA EST\u00c3O FINALIZANDO A RETOMADA DA \u00c1REA DA SERRA DA BATATEIRA","datePublished":"2014-04-04T11:34:12+00:00","dateModified":"2014-04-04T15:29:04+00:00","mainEntityOfPage":{"@id":"https:\/\/blogdofarnesio.com.br\/?p=78429"},"wordCount":213,"commentCount":0,"publisher":{"@id":"https:\/\/blogdofarnesio.com.br\/#organization"},"image":{"@id":"https:\/\/blogdofarnesio.com.br\/?p=78429#primaryimage"},"thumbnailUrl":"http:\/\/www.quersaberpolitica.com.br\/2016\/wp-content\/uploads\/2014\/04\/blogqsp_retomadaserradabatateira.jpg","articleSection":["Meio Ambiente"],"inLanguage":"pt-BR","potentialAction":[{"@type":"CommentAction","name":"Comment","target":["https:\/\/blogdofarnesio.com.br\/?p=78429#respond"]}]},{"@type":"WebPage","@id":"https:\/\/blogdofarnesio.com.br\/?p=78429","url":"https:\/\/blogdofarnesio.com.br\/?p=78429","name":"MEIO AMBIENTE E ORDEM P\u00daBLICA EST\u00c3O FINALIZANDO A RETOMADA DA \u00c1REA DA SERRA DA BATATEIRA - Blog do Farn\u00e9sio","isPartOf":{"@id":"https:\/\/blogdofarnesio.com.br\/#website"},"primaryImageOfPage":{"@id":"https:\/\/blogdofarnesio.com.br\/?p=78429#primaryimage"},"image":{"@id":"https:\/\/blogdofarnesio.com.br\/?p=78429#primaryimage"},"thumbnailUrl":"http:\/\/www.quersaberpolitica.com.br\/2016\/wp-content\/uploads\/2014\/04\/blogqsp_retomadaserradabatateira.jpg","datePublished":"2014-04-04T11:34:12+00:00","dateModified":"2014-04-04T15:29:04+00:00","breadcrumb":{"@id":"https:\/\/blogdofarnesio.com.br\/?p=78429#breadcrumb"},"inLanguage":"pt-BR","potentialAction":[{"@type":"ReadAction","target":["https:\/\/blogdofarnesio.com.br\/?p=78429"]}]},{"@type":"ImageObject","inLanguage":"pt-BR","@id":"https:\/\/blogdofarnesio.com.br\/?p=78429#primaryimage","url":"http:\/\/www.quersaberpolitica.com.br\/2016\/wp-content\/uploads\/2014\/04\/blogqsp_retomadaserradabatateira.jpg","contentUrl":"http:\/\/www.quersaberpolitica.com.br\/2016\/wp-content\/uploads\/2014\/04\/blogqsp_retomadaserradabatateira.jpg"},{"@type":"BreadcrumbList","@id":"https:\/\/blogdofarnesio.com.br\/?p=78429#breadcrumb","itemListElement":[{"@type":"ListItem","position":1,"name":"In\u00edcio","item":"https:\/\/blogdofarnesio.com.br\/"},{"@type":"ListItem","position":2,"name":"MEIO AMBIENTE E ORDEM P\u00daBLICA EST\u00c3O FINALIZANDO A RETOMADA DA \u00c1REA DA SERRA DA BATATEIRA"}]},{"@type":"WebSite","@id":"https:\/\/blogdofarnesio.com.br\/#website","url":"https:\/\/blogdofarnesio.com.br\/","name":"Blog do Farn\u00e9sio","description":"Quer Saber Pol\u00edtica?","publisher":{"@id":"https:\/\/blogdofarnesio.com.br\/#organization"},"potentialAction":[{"@type":"SearchAction","target":{"@type":"EntryPoint","urlTemplate":"https:\/\/blogdofarnesio.com.br\/?s={search_term_string}"},"query-input":{"@type":"PropertyValueSpecification","valueRequired":true,"valueName":"search_term_string"}}],"inLanguage":"pt-BR"},{"@type":"Organization","@id":"https:\/\/blogdofarnesio.com.br\/#organization","name":"Blog do Farn\u00e9sio","url":"https:\/\/blogdofarnesio.com.br\/","logo":{"@type":"ImageObject","inLanguage":"pt-BR","@id":"https:\/\/blogdofarnesio.com.br\/#\/schema\/logo\/image\/","url":"https:\/\/blogdofarnesio.com.br\/wp-content\/uploads\/2026\/03\/cropped-logo_new-1.png","contentUrl":"https:\/\/blogdofarnesio.com.br\/wp-content\/uploads\/2026\/03\/cropped-logo_new-1.png","width":881,"height":685,"caption":"Blog do Farn\u00e9sio"},"image":{"@id":"https:\/\/blogdofarnesio.com.br\/#\/schema\/logo\/image\/"},"sameAs":["https:\/\/www.facebook.com\/BlogQuerSaberPolitica\/"]},{"@type":"Person","@id":"https:\/\/blogdofarnesio.com.br\/#\/schema\/person\/dd1bf5eba40b687199ba45ca6b97dff9","name":"teste","image":{"@type":"ImageObject","inLanguage":"pt-BR","@id":"https:\/\/secure.gravatar.com\/avatar\/2172498d4914b51e1d89a0f97957b035ac4938723a5cac208135d389b6972a6d?s=96&d=mm&r=g","url":"https:\/\/secure.gravatar.com\/avatar\/2172498d4914b51e1d89a0f97957b035ac4938723a5cac208135d389b6972a6d?s=96&d=mm&r=g","contentUrl":"https:\/\/secure.gravatar.com\/avatar\/2172498d4914b51e1d89a0f97957b035ac4938723a5cac208135d389b6972a6d?s=96&d=mm&r=g","caption":"teste"},"url":"https:\/\/blogdofarnesio.com.br\/?author=3"}]}},"_links":{"self":[{"href":"https:\/\/blogdofarnesio.com.br\/index.php?rest_route=\/wp\/v2\/posts\/78429","targetHints":{"allow":["GET"]}}],"collection":[{"href":"https:\/\/blogdofarnesio.com.br\/index.php?rest_route=\/wp\/v2\/posts"}],"about":[{"href":"https:\/\/blogdofarnesio.com.br\/index.php?rest_route=\/wp\/v2\/types\/post"}],"author":[{"embeddable":true,"href":"https:\/\/blogdofarnesio.com.br\/index.php?rest_route=\/wp\/v2\/users\/3"}],"replies":[{"embeddable":true,"href":"https:\/\/blogdofarnesio.com.br\/index.php?rest_route=%2Fwp%2Fv2%2Fcomments&post=78429"}],"version-history":[{"count":0,"href":"https:\/\/blogdofarnesio.com.br\/index.php?rest_route=\/wp\/v2\/posts\/78429\/revisions"}],"wp:attachment":[{"href":"https:\/\/blogdofarnesio.com.br\/index.php?rest_route=%2Fwp%2Fv2%2Fmedia&parent=78429"}],"wp:term":[{"taxonomy":"category","embeddable":true,"href":"https:\/\/blogdofarnesio.com.br\/index.php?rest_route=%2Fwp%2Fv2%2Fcategories&post=78429"},{"taxonomy":"post_tag","embeddable":true,"href":"https:\/\/blogdofarnesio.com.br\/index.php?rest_route=%2Fwp%2Fv2%2Ftags&post=78429"}],"curies":[{"name":"wp","href":"https:\/\/api.w.org\/{rel}","templated":true}]}}