{"id":78396,"date":"2014-04-03T17:07:44","date_gmt":"2014-04-03T20:07:44","guid":{"rendered":"http:\/\/www.quersaberpolitica.com.br\/?p=78396"},"modified":"2014-04-03T17:07:44","modified_gmt":"2014-04-03T20:07:44","slug":"isaac-carvalho-visita-residencial-do-minha-casa-minha-vida-em-fase-final-de-conclusao","status":"publish","type":"post","link":"https:\/\/blogdofarnesio.com.br\/?p=78396","title":{"rendered":"ISAAC CARVALHO VISITA RESIDENCIAL DO \u2018MINHA CASA, MINHA VIDA\u2019 EM FASE FINAL DE CONCLUS\u00c3O"},"content":{"rendered":"<p style=\"text-align: justify\"><a href=\"http:\/\/www.quersaberpolitica.com.br\/2016\/wp-content\/uploads\/2014\/04\/blogqsp_isaquevisitaobraminhacasaminhavida1.jpg\"><img loading=\"lazy\" decoding=\"async\" class=\" wp-image-78397 alignleft\" alt=\"blogqsp_isaquevisitaobraminhacasaminhavida1\" src=\"http:\/\/www.quersaberpolitica.com.br\/2016\/wp-content\/uploads\/2014\/04\/blogqsp_isaquevisitaobraminhacasaminhavida1.jpg\" width=\"307\" height=\"204\" srcset=\"https:\/\/blogdofarnesio.com.br\/wp-content\/uploads\/2014\/04\/blogqsp_isaquevisitaobraminhacasaminhavida1.jpg 640w, https:\/\/blogdofarnesio.com.br\/wp-content\/uploads\/2014\/04\/blogqsp_isaquevisitaobraminhacasaminhavida1-300x199.jpg 300w, https:\/\/blogdofarnesio.com.br\/wp-content\/uploads\/2014\/04\/blogqsp_isaquevisitaobraminhacasaminhavida1-451x300.jpg 451w\" sizes=\"auto, (max-width: 307px) 100vw, 307px\" \/><\/a> Por Luiz H\u00e9lio\/PMJ<\/p>\n<p style=\"text-align: justify\">Com o objetivo de acompanhar o andamento da constru\u00e7\u00e3o das unidades habitacionais de mais uma etapa do Programa \u2018Minha Casa, Minha Vida\u2019 (MCMV) que chega a Juazeiro mediante articula\u00e7\u00e3o pol\u00edtica da Prefeitura com os Governos Estadual e Federal, o prefeito Isaac Carvalho esteve nesta quinta-feira (3) no canteiro de obras do Residencial Brisa da Serra, localizado no bairro Parque Residencial.<\/p>\n<p style=\"text-align: justify\">Acompanhado do vice-prefeito, Francisco Oliveira; da secret\u00e1ria de Desenvolvimento e Igualdade Social, C\u00e9lia Regina Carvalho; do Secret\u00e1rio de Governo, Paulo Bonfim; do assessor de apoio \u00e0 Infraestrutura, Pl\u00ednio Amorim; do vereador Caff\u00e9 e do l\u00edder comunit\u00e1rio Cl\u00e1udio Oliveira, o gestor do munic\u00edpio vistoriou todo o empreendimento.<\/p>\n<p style=\"text-align: justify\">O Residencial Brisa da Serra conta com 1.500 unidades com infraestrutura adequada para todos os p\u00fablicos benefici\u00e1rios, como cal\u00e7adas com piso t\u00e1til para pessoas com defici\u00eancia visual, rampas de acesso para cadeirantes, 05 salas para associa\u00e7\u00f5es comunit\u00e1rias, 04 quadras de futsal, 01 quadra de v\u00f4lei, 04 parques infantis e 01 academia da Melhor Idade.<\/p>\n<p style=\"text-align: justify\"><a href=\"http:\/\/www.quersaberpolitica.com.br\/2016\/wp-content\/uploads\/2014\/04\/blogqsp_isaquevisitaobraminhacasaminhavida3.jpg\"><img loading=\"lazy\" decoding=\"async\" class=\"wp-image-78399 alignright\" alt=\"blogqsp_isaquevisitaobraminhacasaminhavida3\" src=\"http:\/\/www.quersaberpolitica.com.br\/2016\/wp-content\/uploads\/2014\/04\/blogqsp_isaquevisitaobraminhacasaminhavida3.jpg\" width=\"307\" height=\"204\" srcset=\"https:\/\/blogdofarnesio.com.br\/wp-content\/uploads\/2014\/04\/blogqsp_isaquevisitaobraminhacasaminhavida3.jpg 640w, https:\/\/blogdofarnesio.com.br\/wp-content\/uploads\/2014\/04\/blogqsp_isaquevisitaobraminhacasaminhavida3-300x199.jpg 300w, https:\/\/blogdofarnesio.com.br\/wp-content\/uploads\/2014\/04\/blogqsp_isaquevisitaobraminhacasaminhavida3-451x300.jpg 451w\" sizes=\"auto, (max-width: 307px) 100vw, 307px\" \/><\/a>Ao tempo em que o programa melhorou a qualidade do equipamento habitacional, foi diminu\u00eddo o teto de comprova\u00e7\u00e3o de renda. Agora s\u00f3 precisa comprovar at\u00e9 1.600 reais. Al\u00e9m de realizar o sonho da casa pr\u00f3pria para a parcela da popula\u00e7\u00e3o que mais necessita, o \u2018Minha Casa, Minha Vida\u2019 ainda incrementa o aumento da gera\u00e7\u00e3o de emprego e renda. Segundo informou o representante da empresa construtora, Francisco Menezes, somente no \u201cBrisa da Serra\u201d foram gerados mais de 500 empregos diretos para trabalhadores da constru\u00e7\u00e3o civil de Juazeiro.<\/p>\n<p style=\"text-align: justify\">Benefici\u00e1ria de uma casa no Residencial S\u00e3o Francisco, a ex-desempregada Gilvani Alves de Andrade atualmente tamb\u00e9m conta com trabalho de carteira assinada na empresa respons\u00e1vel pela obra. \u201cPrimeiro consegui a casa que tanto sonhei e agora estou trabalhando como chaveira aqui nesse empreendimento, me dando a chance de adquirir alguns bens que sempre quis comprar para mim e para minha filha. Minha vida melhorou muito por causa desse importante programa\u201d, ressaltou.<\/p>\n<p style=\"text-align: justify\">De acordo com a secret\u00e1ria C\u00e9lia Regina Carvalho, pessoas com defici\u00eancia e idosos ter\u00e3o garantia de 3% das unidades habitacionais em Juazeiro e as instala\u00e7\u00f5es est\u00e3o dentro das normas exigidas. \u201c\u00c9 muito gratificante perceber como cada detalhe foi pensado para atender a este p\u00fablico priorit\u00e1rio. Estou muito satisfeita em saber que estamos cuidando das pessoas que mais precisam\u201d, comemorou a secret\u00e1ria.<\/p>\n<p style=\"text-align: justify\">Com as inscri\u00e7\u00f5es em ritmo acelerado e a obra do \u201cBrisa da Serra\u201d na reta final de conclus\u00e3o, a previs\u00e3o \u00e9 de que at\u00e9 junho o residencial seja inaugurado. E mais 1500 unidades est\u00e3o sendo finalizadas no bairro Tabuleiro, totalizando tr\u00eas mil nesta etapa.<\/p>\n<p style=\"text-align: justify\"><a href=\"http:\/\/www.quersaberpolitica.com.br\/2016\/wp-content\/uploads\/2014\/04\/blogqsp_isaquevisitaobraminhacasaminhavida2.jpg\"><img loading=\"lazy\" decoding=\"async\" class=\"wp-image-78398 alignleft\" alt=\"blogqsp_isaquevisitaobraminhacasaminhavida2\" src=\"http:\/\/www.quersaberpolitica.com.br\/2016\/wp-content\/uploads\/2014\/04\/blogqsp_isaquevisitaobraminhacasaminhavida2.jpg\" width=\"307\" height=\"204\" srcset=\"https:\/\/blogdofarnesio.com.br\/wp-content\/uploads\/2014\/04\/blogqsp_isaquevisitaobraminhacasaminhavida2.jpg 640w, https:\/\/blogdofarnesio.com.br\/wp-content\/uploads\/2014\/04\/blogqsp_isaquevisitaobraminhacasaminhavida2-300x199.jpg 300w, https:\/\/blogdofarnesio.com.br\/wp-content\/uploads\/2014\/04\/blogqsp_isaquevisitaobraminhacasaminhavida2-451x300.jpg 451w\" sizes=\"auto, (max-width: 307px) 100vw, 307px\" \/><\/a>O prefeito Isaac Carvalho destacou que Juazeiro \u00e9 um dos munic\u00edpios mais beneficiados da Bahia e do Brasil. \u201cCom essas tr\u00eas mil e as 2.500 que j\u00e1 entregamos, al\u00e9m das que est\u00e3o com conv\u00eanios garantidos, at\u00e9 2015 teremos atingido a marca de 8.700 novas moradias e diminu\u00eddo consideravelmente o hist\u00f3rico d\u00e9ficit habitacional do nosso munic\u00edpio\u201d.<\/p>\n<p style=\"text-align: justify\">Isaac anunciou ainda que a popula\u00e7\u00e3o do interior tamb\u00e9m ser\u00e1 beneficiada em breve atrav\u00e9s do conv\u00eanio firmado pela Prefeitura com o Programa Nacional de Habita\u00e7\u00e3o Rural (PNHR). \u201cEntregaremos o maior n\u00famero de moradias rurais do Brasil, contemplando a popula\u00e7\u00e3o do interior. Tudo isso s\u00f3 \u00e9 poss\u00edvel porque temos projeto e for\u00e7a pol\u00edtica para alavancarmos o desenvolvimento do munic\u00edpio\u201d, disse.<\/p>\n","protected":false},"excerpt":{"rendered":"<p>Por Luiz H\u00e9lio\/PMJ Com o objetivo de acompanhar o andamento da constru\u00e7\u00e3o das unidades habitacionais de mais uma etapa do Programa \u2018Minha Casa, Minha Vida\u2019 (MCMV) que chega a Juazeiro mediante articula\u00e7\u00e3o pol\u00edtica da Prefeitura com os Governos Estadual e Federal, o prefeito Isaac Carvalho esteve nesta quinta-feira (3) no canteiro de obras do Residencial Brisa da Serra, localizado no bairro Parque Residencial. Acompanhado do vice-prefeito, Francisco Oliveira; da secret\u00e1ria de Desenvolvimento e Igualdade Social, C\u00e9lia Regina Carvalho; do Secret\u00e1rio de Governo, Paulo Bonfim; do assessor de apoio \u00e0 Infraestrutura, Pl\u00ednio Amorim; do vereador Caff\u00e9 e do l\u00edder comunit\u00e1rio Cl\u00e1udio Oliveira, o gestor do munic\u00edpio vistoriou todo o empreendimento. O Residencial Brisa da Serra conta com 1.500 unidades com infraestrutura&hellip; <\/p>\n","protected":false},"author":3,"featured_media":0,"comment_status":"open","ping_status":"open","sticky":false,"template":"","format":"standard","meta":{"_acf_changed":false,"footnotes":""},"categories":[],"tags":[],"class_list":["post-78396","post","type-post","status-publish","format-standard","hentry"],"acf":[],"yoast_head":"<!-- This site is optimized with the Yoast SEO plugin v27.4 - https:\/\/yoast.com\/product\/yoast-seo-wordpress\/ -->\n<title>ISAAC CARVALHO VISITA RESIDENCIAL DO \u2018MINHA CASA, MINHA VIDA\u2019 EM FASE FINAL DE CONCLUS\u00c3O - Blog do Farn\u00e9sio<\/title>\n<meta name=\"robots\" content=\"index, follow, max-snippet:-1, max-image-preview:large, max-video-preview:-1\" \/>\n<link rel=\"canonical\" href=\"https:\/\/blogdofarnesio.com.br\/?p=78396\" \/>\n<meta property=\"og:locale\" content=\"pt_BR\" \/>\n<meta property=\"og:type\" content=\"article\" \/>\n<meta property=\"og:title\" content=\"ISAAC CARVALHO VISITA RESIDENCIAL DO \u2018MINHA CASA, MINHA VIDA\u2019 EM FASE FINAL DE CONCLUS\u00c3O - Blog do Farn\u00e9sio\" \/>\n<meta property=\"og:description\" content=\"Por Luiz H\u00e9lio\/PMJ Com o objetivo de acompanhar o andamento da constru\u00e7\u00e3o das unidades habitacionais de mais uma etapa do Programa \u2018Minha Casa, Minha Vida\u2019 (MCMV) que chega a Juazeiro mediante articula\u00e7\u00e3o pol\u00edtica da Prefeitura com os Governos Estadual e Federal, o prefeito Isaac Carvalho esteve nesta quinta-feira (3) no canteiro de obras do Residencial Brisa da Serra, localizado no bairro Parque Residencial. Acompanhado do vice-prefeito, Francisco Oliveira; da secret\u00e1ria de Desenvolvimento e Igualdade Social, C\u00e9lia Regina Carvalho; do Secret\u00e1rio de Governo, Paulo Bonfim; do assessor de apoio \u00e0 Infraestrutura, Pl\u00ednio Amorim; do vereador Caff\u00e9 e do l\u00edder comunit\u00e1rio Cl\u00e1udio Oliveira, o gestor do munic\u00edpio vistoriou todo o empreendimento. O Residencial Brisa da Serra conta com 1.500 unidades com infraestrutura&hellip;\" \/>\n<meta property=\"og:url\" content=\"https:\/\/blogdofarnesio.com.br\/?p=78396\" \/>\n<meta property=\"og:site_name\" content=\"Blog do Farn\u00e9sio\" \/>\n<meta property=\"article:publisher\" content=\"https:\/\/www.facebook.com\/BlogQuerSaberPolitica\/\" \/>\n<meta property=\"article:published_time\" content=\"2014-04-03T20:07:44+00:00\" \/>\n<meta property=\"og:image\" content=\"http:\/\/www.quersaberpolitica.com.br\/2016\/wp-content\/uploads\/2014\/04\/blogqsp_isaquevisitaobraminhacasaminhavida1.jpg\" \/>\n<meta name=\"author\" content=\"teste\" \/>\n<meta name=\"twitter:card\" content=\"summary_large_image\" \/>\n<meta name=\"twitter:label1\" content=\"Escrito por\" \/>\n\t<meta name=\"twitter:data1\" content=\"teste\" \/>\n\t<meta name=\"twitter:label2\" content=\"Est. tempo de leitura\" \/>\n\t<meta name=\"twitter:data2\" content=\"3 minutos\" \/>\n<script type=\"application\/ld+json\" class=\"yoast-schema-graph\">{\"@context\":\"https:\\\/\\\/schema.org\",\"@graph\":[{\"@type\":\"Article\",\"@id\":\"https:\\\/\\\/blogdofarnesio.com.br\\\/?p=78396#article\",\"isPartOf\":{\"@id\":\"https:\\\/\\\/blogdofarnesio.com.br\\\/?p=78396\"},\"author\":{\"name\":\"teste\",\"@id\":\"https:\\\/\\\/blogdofarnesio.com.br\\\/#\\\/schema\\\/person\\\/dd1bf5eba40b687199ba45ca6b97dff9\"},\"headline\":\"ISAAC CARVALHO VISITA RESIDENCIAL DO \u2018MINHA CASA, MINHA VIDA\u2019 EM FASE FINAL DE CONCLUS\u00c3O\",\"datePublished\":\"2014-04-03T20:07:44+00:00\",\"mainEntityOfPage\":{\"@id\":\"https:\\\/\\\/blogdofarnesio.com.br\\\/?p=78396\"},\"wordCount\":601,\"commentCount\":0,\"publisher\":{\"@id\":\"https:\\\/\\\/blogdofarnesio.com.br\\\/#organization\"},\"image\":{\"@id\":\"https:\\\/\\\/blogdofarnesio.com.br\\\/?p=78396#primaryimage\"},\"thumbnailUrl\":\"http:\\\/\\\/www.quersaberpolitica.com.br\\\/2016\\\/wp-content\\\/uploads\\\/2014\\\/04\\\/blogqsp_isaquevisitaobraminhacasaminhavida1.jpg\",\"inLanguage\":\"pt-BR\",\"potentialAction\":[{\"@type\":\"CommentAction\",\"name\":\"Comment\",\"target\":[\"https:\\\/\\\/blogdofarnesio.com.br\\\/?p=78396#respond\"]}]},{\"@type\":\"WebPage\",\"@id\":\"https:\\\/\\\/blogdofarnesio.com.br\\\/?p=78396\",\"url\":\"https:\\\/\\\/blogdofarnesio.com.br\\\/?p=78396\",\"name\":\"ISAAC CARVALHO VISITA RESIDENCIAL DO \u2018MINHA CASA, MINHA VIDA\u2019 EM FASE FINAL DE CONCLUS\u00c3O - Blog do Farn\u00e9sio\",\"isPartOf\":{\"@id\":\"https:\\\/\\\/blogdofarnesio.com.br\\\/#website\"},\"primaryImageOfPage\":{\"@id\":\"https:\\\/\\\/blogdofarnesio.com.br\\\/?p=78396#primaryimage\"},\"image\":{\"@id\":\"https:\\\/\\\/blogdofarnesio.com.br\\\/?p=78396#primaryimage\"},\"thumbnailUrl\":\"http:\\\/\\\/www.quersaberpolitica.com.br\\\/2016\\\/wp-content\\\/uploads\\\/2014\\\/04\\\/blogqsp_isaquevisitaobraminhacasaminhavida1.jpg\",\"datePublished\":\"2014-04-03T20:07:44+00:00\",\"breadcrumb\":{\"@id\":\"https:\\\/\\\/blogdofarnesio.com.br\\\/?p=78396#breadcrumb\"},\"inLanguage\":\"pt-BR\",\"potentialAction\":[{\"@type\":\"ReadAction\",\"target\":[\"https:\\\/\\\/blogdofarnesio.com.br\\\/?p=78396\"]}]},{\"@type\":\"ImageObject\",\"inLanguage\":\"pt-BR\",\"@id\":\"https:\\\/\\\/blogdofarnesio.com.br\\\/?p=78396#primaryimage\",\"url\":\"http:\\\/\\\/www.quersaberpolitica.com.br\\\/2016\\\/wp-content\\\/uploads\\\/2014\\\/04\\\/blogqsp_isaquevisitaobraminhacasaminhavida1.jpg\",\"contentUrl\":\"http:\\\/\\\/www.quersaberpolitica.com.br\\\/2016\\\/wp-content\\\/uploads\\\/2014\\\/04\\\/blogqsp_isaquevisitaobraminhacasaminhavida1.jpg\"},{\"@type\":\"BreadcrumbList\",\"@id\":\"https:\\\/\\\/blogdofarnesio.com.br\\\/?p=78396#breadcrumb\",\"itemListElement\":[{\"@type\":\"ListItem\",\"position\":1,\"name\":\"In\u00edcio\",\"item\":\"https:\\\/\\\/blogdofarnesio.com.br\\\/\"},{\"@type\":\"ListItem\",\"position\":2,\"name\":\"ISAAC CARVALHO VISITA RESIDENCIAL DO \u2018MINHA CASA, MINHA VIDA\u2019 EM FASE FINAL DE CONCLUS\u00c3O\"}]},{\"@type\":\"WebSite\",\"@id\":\"https:\\\/\\\/blogdofarnesio.com.br\\\/#website\",\"url\":\"https:\\\/\\\/blogdofarnesio.com.br\\\/\",\"name\":\"Blog do Farn\u00e9sio\",\"description\":\"Quer Saber Pol\u00edtica?\",\"publisher\":{\"@id\":\"https:\\\/\\\/blogdofarnesio.com.br\\\/#organization\"},\"potentialAction\":[{\"@type\":\"SearchAction\",\"target\":{\"@type\":\"EntryPoint\",\"urlTemplate\":\"https:\\\/\\\/blogdofarnesio.com.br\\\/?s={search_term_string}\"},\"query-input\":{\"@type\":\"PropertyValueSpecification\",\"valueRequired\":true,\"valueName\":\"search_term_string\"}}],\"inLanguage\":\"pt-BR\"},{\"@type\":\"Organization\",\"@id\":\"https:\\\/\\\/blogdofarnesio.com.br\\\/#organization\",\"name\":\"Blog do Farn\u00e9sio\",\"url\":\"https:\\\/\\\/blogdofarnesio.com.br\\\/\",\"logo\":{\"@type\":\"ImageObject\",\"inLanguage\":\"pt-BR\",\"@id\":\"https:\\\/\\\/blogdofarnesio.com.br\\\/#\\\/schema\\\/logo\\\/image\\\/\",\"url\":\"https:\\\/\\\/blogdofarnesio.com.br\\\/wp-content\\\/uploads\\\/2026\\\/03\\\/cropped-logo_new-1.png\",\"contentUrl\":\"https:\\\/\\\/blogdofarnesio.com.br\\\/wp-content\\\/uploads\\\/2026\\\/03\\\/cropped-logo_new-1.png\",\"width\":881,\"height\":685,\"caption\":\"Blog do Farn\u00e9sio\"},\"image\":{\"@id\":\"https:\\\/\\\/blogdofarnesio.com.br\\\/#\\\/schema\\\/logo\\\/image\\\/\"},\"sameAs\":[\"https:\\\/\\\/www.facebook.com\\\/BlogQuerSaberPolitica\\\/\"]},{\"@type\":\"Person\",\"@id\":\"https:\\\/\\\/blogdofarnesio.com.br\\\/#\\\/schema\\\/person\\\/dd1bf5eba40b687199ba45ca6b97dff9\",\"name\":\"teste\",\"image\":{\"@type\":\"ImageObject\",\"inLanguage\":\"pt-BR\",\"@id\":\"https:\\\/\\\/secure.gravatar.com\\\/avatar\\\/2172498d4914b51e1d89a0f97957b035ac4938723a5cac208135d389b6972a6d?s=96&d=mm&r=g\",\"url\":\"https:\\\/\\\/secure.gravatar.com\\\/avatar\\\/2172498d4914b51e1d89a0f97957b035ac4938723a5cac208135d389b6972a6d?s=96&d=mm&r=g\",\"contentUrl\":\"https:\\\/\\\/secure.gravatar.com\\\/avatar\\\/2172498d4914b51e1d89a0f97957b035ac4938723a5cac208135d389b6972a6d?s=96&d=mm&r=g\",\"caption\":\"teste\"},\"url\":\"https:\\\/\\\/blogdofarnesio.com.br\\\/?author=3\"}]}<\/script>\n<!-- \/ Yoast SEO plugin. -->","yoast_head_json":{"title":"ISAAC CARVALHO VISITA RESIDENCIAL DO \u2018MINHA CASA, MINHA VIDA\u2019 EM FASE FINAL DE CONCLUS\u00c3O - Blog do Farn\u00e9sio","robots":{"index":"index","follow":"follow","max-snippet":"max-snippet:-1","max-image-preview":"max-image-preview:large","max-video-preview":"max-video-preview:-1"},"canonical":"https:\/\/blogdofarnesio.com.br\/?p=78396","og_locale":"pt_BR","og_type":"article","og_title":"ISAAC CARVALHO VISITA RESIDENCIAL DO \u2018MINHA CASA, MINHA VIDA\u2019 EM FASE FINAL DE CONCLUS\u00c3O - Blog do Farn\u00e9sio","og_description":"Por Luiz H\u00e9lio\/PMJ Com o objetivo de acompanhar o andamento da constru\u00e7\u00e3o das unidades habitacionais de mais uma etapa do Programa \u2018Minha Casa, Minha Vida\u2019 (MCMV) que chega a Juazeiro mediante articula\u00e7\u00e3o pol\u00edtica da Prefeitura com os Governos Estadual e Federal, o prefeito Isaac Carvalho esteve nesta quinta-feira (3) no canteiro de obras do Residencial Brisa da Serra, localizado no bairro Parque Residencial. Acompanhado do vice-prefeito, Francisco Oliveira; da secret\u00e1ria de Desenvolvimento e Igualdade Social, C\u00e9lia Regina Carvalho; do Secret\u00e1rio de Governo, Paulo Bonfim; do assessor de apoio \u00e0 Infraestrutura, Pl\u00ednio Amorim; do vereador Caff\u00e9 e do l\u00edder comunit\u00e1rio Cl\u00e1udio Oliveira, o gestor do munic\u00edpio vistoriou todo o empreendimento. O Residencial Brisa da Serra conta com 1.500 unidades com infraestrutura&hellip;","og_url":"https:\/\/blogdofarnesio.com.br\/?p=78396","og_site_name":"Blog do Farn\u00e9sio","article_publisher":"https:\/\/www.facebook.com\/BlogQuerSaberPolitica\/","article_published_time":"2014-04-03T20:07:44+00:00","og_image":[{"url":"http:\/\/www.quersaberpolitica.com.br\/2016\/wp-content\/uploads\/2014\/04\/blogqsp_isaquevisitaobraminhacasaminhavida1.jpg","type":"","width":"","height":""}],"author":"teste","twitter_card":"summary_large_image","twitter_misc":{"Escrito por":"teste","Est. tempo de leitura":"3 minutos"},"schema":{"@context":"https:\/\/schema.org","@graph":[{"@type":"Article","@id":"https:\/\/blogdofarnesio.com.br\/?p=78396#article","isPartOf":{"@id":"https:\/\/blogdofarnesio.com.br\/?p=78396"},"author":{"name":"teste","@id":"https:\/\/blogdofarnesio.com.br\/#\/schema\/person\/dd1bf5eba40b687199ba45ca6b97dff9"},"headline":"ISAAC CARVALHO VISITA RESIDENCIAL DO \u2018MINHA CASA, MINHA VIDA\u2019 EM FASE FINAL DE CONCLUS\u00c3O","datePublished":"2014-04-03T20:07:44+00:00","mainEntityOfPage":{"@id":"https:\/\/blogdofarnesio.com.br\/?p=78396"},"wordCount":601,"commentCount":0,"publisher":{"@id":"https:\/\/blogdofarnesio.com.br\/#organization"},"image":{"@id":"https:\/\/blogdofarnesio.com.br\/?p=78396#primaryimage"},"thumbnailUrl":"http:\/\/www.quersaberpolitica.com.br\/2016\/wp-content\/uploads\/2014\/04\/blogqsp_isaquevisitaobraminhacasaminhavida1.jpg","inLanguage":"pt-BR","potentialAction":[{"@type":"CommentAction","name":"Comment","target":["https:\/\/blogdofarnesio.com.br\/?p=78396#respond"]}]},{"@type":"WebPage","@id":"https:\/\/blogdofarnesio.com.br\/?p=78396","url":"https:\/\/blogdofarnesio.com.br\/?p=78396","name":"ISAAC CARVALHO VISITA RESIDENCIAL DO \u2018MINHA CASA, MINHA VIDA\u2019 EM FASE FINAL DE CONCLUS\u00c3O - Blog do Farn\u00e9sio","isPartOf":{"@id":"https:\/\/blogdofarnesio.com.br\/#website"},"primaryImageOfPage":{"@id":"https:\/\/blogdofarnesio.com.br\/?p=78396#primaryimage"},"image":{"@id":"https:\/\/blogdofarnesio.com.br\/?p=78396#primaryimage"},"thumbnailUrl":"http:\/\/www.quersaberpolitica.com.br\/2016\/wp-content\/uploads\/2014\/04\/blogqsp_isaquevisitaobraminhacasaminhavida1.jpg","datePublished":"2014-04-03T20:07:44+00:00","breadcrumb":{"@id":"https:\/\/blogdofarnesio.com.br\/?p=78396#breadcrumb"},"inLanguage":"pt-BR","potentialAction":[{"@type":"ReadAction","target":["https:\/\/blogdofarnesio.com.br\/?p=78396"]}]},{"@type":"ImageObject","inLanguage":"pt-BR","@id":"https:\/\/blogdofarnesio.com.br\/?p=78396#primaryimage","url":"http:\/\/www.quersaberpolitica.com.br\/2016\/wp-content\/uploads\/2014\/04\/blogqsp_isaquevisitaobraminhacasaminhavida1.jpg","contentUrl":"http:\/\/www.quersaberpolitica.com.br\/2016\/wp-content\/uploads\/2014\/04\/blogqsp_isaquevisitaobraminhacasaminhavida1.jpg"},{"@type":"BreadcrumbList","@id":"https:\/\/blogdofarnesio.com.br\/?p=78396#breadcrumb","itemListElement":[{"@type":"ListItem","position":1,"name":"In\u00edcio","item":"https:\/\/blogdofarnesio.com.br\/"},{"@type":"ListItem","position":2,"name":"ISAAC CARVALHO VISITA RESIDENCIAL DO \u2018MINHA CASA, MINHA VIDA\u2019 EM FASE FINAL DE CONCLUS\u00c3O"}]},{"@type":"WebSite","@id":"https:\/\/blogdofarnesio.com.br\/#website","url":"https:\/\/blogdofarnesio.com.br\/","name":"Blog do Farn\u00e9sio","description":"Quer Saber Pol\u00edtica?","publisher":{"@id":"https:\/\/blogdofarnesio.com.br\/#organization"},"potentialAction":[{"@type":"SearchAction","target":{"@type":"EntryPoint","urlTemplate":"https:\/\/blogdofarnesio.com.br\/?s={search_term_string}"},"query-input":{"@type":"PropertyValueSpecification","valueRequired":true,"valueName":"search_term_string"}}],"inLanguage":"pt-BR"},{"@type":"Organization","@id":"https:\/\/blogdofarnesio.com.br\/#organization","name":"Blog do Farn\u00e9sio","url":"https:\/\/blogdofarnesio.com.br\/","logo":{"@type":"ImageObject","inLanguage":"pt-BR","@id":"https:\/\/blogdofarnesio.com.br\/#\/schema\/logo\/image\/","url":"https:\/\/blogdofarnesio.com.br\/wp-content\/uploads\/2026\/03\/cropped-logo_new-1.png","contentUrl":"https:\/\/blogdofarnesio.com.br\/wp-content\/uploads\/2026\/03\/cropped-logo_new-1.png","width":881,"height":685,"caption":"Blog do Farn\u00e9sio"},"image":{"@id":"https:\/\/blogdofarnesio.com.br\/#\/schema\/logo\/image\/"},"sameAs":["https:\/\/www.facebook.com\/BlogQuerSaberPolitica\/"]},{"@type":"Person","@id":"https:\/\/blogdofarnesio.com.br\/#\/schema\/person\/dd1bf5eba40b687199ba45ca6b97dff9","name":"teste","image":{"@type":"ImageObject","inLanguage":"pt-BR","@id":"https:\/\/secure.gravatar.com\/avatar\/2172498d4914b51e1d89a0f97957b035ac4938723a5cac208135d389b6972a6d?s=96&d=mm&r=g","url":"https:\/\/secure.gravatar.com\/avatar\/2172498d4914b51e1d89a0f97957b035ac4938723a5cac208135d389b6972a6d?s=96&d=mm&r=g","contentUrl":"https:\/\/secure.gravatar.com\/avatar\/2172498d4914b51e1d89a0f97957b035ac4938723a5cac208135d389b6972a6d?s=96&d=mm&r=g","caption":"teste"},"url":"https:\/\/blogdofarnesio.com.br\/?author=3"}]}},"_links":{"self":[{"href":"https:\/\/blogdofarnesio.com.br\/index.php?rest_route=\/wp\/v2\/posts\/78396","targetHints":{"allow":["GET"]}}],"collection":[{"href":"https:\/\/blogdofarnesio.com.br\/index.php?rest_route=\/wp\/v2\/posts"}],"about":[{"href":"https:\/\/blogdofarnesio.com.br\/index.php?rest_route=\/wp\/v2\/types\/post"}],"author":[{"embeddable":true,"href":"https:\/\/blogdofarnesio.com.br\/index.php?rest_route=\/wp\/v2\/users\/3"}],"replies":[{"embeddable":true,"href":"https:\/\/blogdofarnesio.com.br\/index.php?rest_route=%2Fwp%2Fv2%2Fcomments&post=78396"}],"version-history":[{"count":0,"href":"https:\/\/blogdofarnesio.com.br\/index.php?rest_route=\/wp\/v2\/posts\/78396\/revisions"}],"wp:attachment":[{"href":"https:\/\/blogdofarnesio.com.br\/index.php?rest_route=%2Fwp%2Fv2%2Fmedia&parent=78396"}],"wp:term":[{"taxonomy":"category","embeddable":true,"href":"https:\/\/blogdofarnesio.com.br\/index.php?rest_route=%2Fwp%2Fv2%2Fcategories&post=78396"},{"taxonomy":"post_tag","embeddable":true,"href":"https:\/\/blogdofarnesio.com.br\/index.php?rest_route=%2Fwp%2Fv2%2Ftags&post=78396"}],"curies":[{"name":"wp","href":"https:\/\/api.w.org\/{rel}","templated":true}]}}