{"id":77755,"date":"2014-03-30T18:25:35","date_gmt":"2014-03-30T21:25:35","guid":{"rendered":"http:\/\/www.quersaberpolitica.com.br\/?p=77755"},"modified":"2014-03-30T18:25:35","modified_gmt":"2014-03-30T21:25:35","slug":"codevasf-podera-firmar-convenio-com-a-compesa-para-acoes-de-tratamento-dagua-nas-agrovilas-de-petrolina","status":"publish","type":"post","link":"https:\/\/blogdofarnesio.com.br\/?p=77755","title":{"rendered":"CODEVASF PODER\u00c1 FIRMAR CONV\u00caNIO COM A COMPESA PARA A\u00c7\u00d5ES DE TRATAMENTO D\u2019\u00c1GUA NAS AGROVILAS DE PETROLINA"},"content":{"rendered":"<p style=\"text-align: justify\"><a href=\"http:\/\/www.quersaberpolitica.com.br\/2016\/wp-content\/uploads\/2014\/03\/audiecina-camara-agua-10.jpg\"><img loading=\"lazy\" decoding=\"async\" class=\"alignleft  wp-image-77756\" alt=\"blogqspaudiencia\" src=\"http:\/\/www.quersaberpolitica.com.br\/2016\/wp-content\/uploads\/2014\/03\/audiecina-camara-agua-10.jpg\" width=\"360\" height=\"240\" srcset=\"https:\/\/blogdofarnesio.com.br\/wp-content\/uploads\/2014\/03\/audiecina-camara-agua-10.jpg 400w, https:\/\/blogdofarnesio.com.br\/wp-content\/uploads\/2014\/03\/audiecina-camara-agua-10-300x200.jpg 300w\" sizes=\"auto, (max-width: 360px) 100vw, 360px\" \/><\/a>A Companhia de Desenvolvimento dos Vales do S\u00e3o Francisco e do Parna\u00edba (Codevasf), 3\u00aa Superintend\u00eancia Regional em Petrolina, esteve representada na audi\u00eancia p\u00fablica promovida na C\u00e2mara de Vereadores da cidade que tratou as obras de adutoras e sistemas de abastecimento de \u00e1gua no interior do munic\u00edpio que est\u00e3o sendo executadas pela Companhia. O debate tamb\u00e9m focou a quest\u00e3o da qualidade da \u00e1gua consumida pela popula\u00e7\u00e3o dos per\u00edmetros irrigados de Petrolina, onde ainda n\u00e3o existe tratamento. A discuss\u00e3o foi proposta pelos vereadores Elismar Gon\u00e7alves (PMDB) e Geraldo da Acerola (PT).<\/p>\n<p style=\"text-align: justify\">Representaram a Codevasf na audi\u00eancia, o gerente de revitaliza\u00e7\u00e3o das bacias hidrogr\u00e1ficas do rio S\u00e3o Francisco, Elijalma Augusto Beserra; o gerente regional de irriga\u00e7\u00e3o, Jos\u00e9 Costa; e o supervisor de obras do Projeto Pontal, Leonardo Lyra. Elijalma frisou que no que tange \u00e0 Codevasf, as a\u00e7\u00f5es v\u00eam cumprindo um cronograma de execu\u00e7\u00e3o de obras de abastecimento que est\u00e3o inclu\u00eddas no plano de revitaliza\u00e7\u00e3o das bacias do rio S\u00e3o Francisco. E sobre a operacionaliza\u00e7\u00e3o do sistema caber\u00e1 \u00e0 Companhia Pernambucana de Saneamento (Compesa) realizar o servi\u00e7o conforme, conforme a legisla\u00e7\u00e3o vigente no munic\u00edpio.<!--more--><\/p>\n<p style=\"text-align: justify\">\u201cJ\u00e1 temos obras de abastecimento prontas em \u00e1reas do interior de Petrolina como nas comunidades de Catinguinha, Agrovila Massangano, Pedrinhas, Alto da Cabeceira e Crist\u00e1lia. Cumprimos todas as exig\u00eancias que a Compesa fez. O sistema \u00e9 todo automatizado. S\u00f3 n\u00e3o podemos operar o sistema porque por for\u00e7a legal cabe a Compesa realizar esse servi\u00e7o, mas tudo que eles nos pediram, estamos atendendo e de acordo com o que eles consideram correto utilizar\u201d, disse Elijalma.<\/p>\n<p style=\"text-align: justify\">Sobre a quest\u00e3o da melhoria do sistema de abastecimento e tratamento de \u00e1gua das agrovilas dos per\u00edmetros irrigados de Petrolina, Elijalma informou que a legisla\u00e7\u00e3o vigente determina que quem administre o sistema de \u00e1gua na cidade seja a Compesa, inclusive nas agrovilas. Entretanto, o gerente frisa que nada impede que seja formalizado um conv\u00eanio entre os dois \u00f3rg\u00e3os para atender a popula\u00e7\u00e3o das vilas irrigadas que re\u00fanem uma popula\u00e7\u00e3o de mais de 60 mil pessoas em Petrolina.<\/p>\n<p style=\"text-align: justify\">\u201cA Codevasf est\u00e1 dispon\u00edvel para conversar com a Compesa. J\u00e1 temos hist\u00f3ricos de outras parcerias e caso precise da gente, certamente a Codevasf ir\u00e1 firmar um conv\u00eanio para suprir essas necessidades, mas hoje somos impedidos por lei de realizar alguma a\u00e7\u00e3o no sistema de \u00e1gua da cidade, inclusive das agrovilas dos per\u00edmetros irrigados do munic\u00edpio\u201d, explicou Elijalma Augusto Beserra.<\/p>\n<p style=\"text-align: justify\">O gerente regional da Compesa, Igor Galindo, tamb\u00e9m convocado para a audi\u00eancia p\u00fablica, declarou que os investimentos que o Governo do Estado vem disponibilizando para Petrolina na amplia\u00e7\u00e3o e melhoria dos sistemas de \u00e1gua e esgoto da cidade n\u00e3o incluem a melhoria para as \u00e1reas dos per\u00edmetros irrigados como o Nilo Coelho, por exemplo. Embora Igor tenha informado que algumas a\u00e7\u00f5es nesse sentido j\u00e1 v\u00eam sendo feita pela Companhia nos n\u00facleos 9 e 10 do per\u00edmetro. O gerente da Compesa acrescentou que a empresa j\u00e1 vem buscando recursos para a execu\u00e7\u00e3o desses projetos, visando atender a toda a comunidade das vilas irrigadas da cidade.<\/p>\n<p style=\"text-align: justify\">\u201cDe fato isso foi previsto em 2007 no Plano de Metas e Investimentos firmado em parceria com o munic\u00edpio e cabe \u00e0 Compesa executar os projetos das agrovilas. Em outras \u00e1reas como Pedrinhas, Agrovila Massangano e Nova Descoberta, j\u00e1 foram feitas parcerias Compesa\/Codevasf e alguns j\u00e1 est\u00e3o conclu\u00eddos, falta s\u00f3 ajustar os detalhes para que a Codevasf possa repassar oficialmente \u00e0 Compesa esses e outros sistemas que precisam ainda da conclus\u00e3o das obras por parte da Codevasf\u201d, acrescentou Igor Galindo.<\/p>\n<p style=\"text-align: justify\">Al\u00e9m dos vereadores, convidados e do p\u00fablico presente, lideran\u00e7as comunit\u00e1rias do interior e dos projetos irrigados e o deputado estadual Odacy Amorim (PT), tamb\u00e9m prestigiaram a audi\u00eancia p\u00fablica.<\/p>\n<p style=\"text-align: justify\"><strong>ASCOM<\/strong><\/p>\n","protected":false},"excerpt":{"rendered":"<p>A Companhia de Desenvolvimento dos Vales do S\u00e3o Francisco e do Parna\u00edba (Codevasf), 3\u00aa Superintend\u00eancia Regional em Petrolina, esteve representada na audi\u00eancia p\u00fablica promovida na C\u00e2mara de Vereadores da cidade que tratou as obras de adutoras e sistemas de abastecimento de \u00e1gua no interior do munic\u00edpio que est\u00e3o sendo executadas pela Companhia. O debate tamb\u00e9m focou a quest\u00e3o da qualidade da \u00e1gua consumida pela popula\u00e7\u00e3o dos per\u00edmetros irrigados de Petrolina, onde ainda n\u00e3o existe tratamento. A discuss\u00e3o foi proposta pelos vereadores Elismar Gon\u00e7alves (PMDB) e Geraldo da Acerola (PT). Representaram a Codevasf na audi\u00eancia, o gerente de revitaliza\u00e7\u00e3o das bacias hidrogr\u00e1ficas do rio S\u00e3o Francisco, Elijalma Augusto Beserra; o gerente regional de irriga\u00e7\u00e3o, Jos\u00e9 Costa; e o supervisor de obras&hellip; <\/p>\n","protected":false},"author":3,"featured_media":0,"comment_status":"open","ping_status":"open","sticky":false,"template":"","format":"standard","meta":{"_acf_changed":false,"footnotes":""},"categories":[14,24],"tags":[],"class_list":["post-77755","post","type-post","status-publish","format-standard","hentry","category-infraestrutura","category-investimento"],"acf":[],"yoast_head":"<!-- This site is optimized with the Yoast SEO plugin v27.4 - https:\/\/yoast.com\/product\/yoast-seo-wordpress\/ -->\n<title>CODEVASF PODER\u00c1 FIRMAR CONV\u00caNIO COM A COMPESA PARA A\u00c7\u00d5ES DE TRATAMENTO D\u2019\u00c1GUA NAS AGROVILAS DE PETROLINA - Blog do Farn\u00e9sio<\/title>\n<meta name=\"robots\" content=\"index, follow, max-snippet:-1, max-image-preview:large, max-video-preview:-1\" \/>\n<link rel=\"canonical\" href=\"https:\/\/blogdofarnesio.com.br\/?p=77755\" \/>\n<meta property=\"og:locale\" content=\"pt_BR\" \/>\n<meta property=\"og:type\" content=\"article\" \/>\n<meta property=\"og:title\" content=\"CODEVASF PODER\u00c1 FIRMAR CONV\u00caNIO COM A COMPESA PARA A\u00c7\u00d5ES DE TRATAMENTO D\u2019\u00c1GUA NAS AGROVILAS DE PETROLINA - Blog do Farn\u00e9sio\" \/>\n<meta property=\"og:description\" content=\"A Companhia de Desenvolvimento dos Vales do S\u00e3o Francisco e do Parna\u00edba (Codevasf), 3\u00aa Superintend\u00eancia Regional em Petrolina, esteve representada na audi\u00eancia p\u00fablica promovida na C\u00e2mara de Vereadores da cidade que tratou as obras de adutoras e sistemas de abastecimento de \u00e1gua no interior do munic\u00edpio que est\u00e3o sendo executadas pela Companhia. O debate tamb\u00e9m focou a quest\u00e3o da qualidade da \u00e1gua consumida pela popula\u00e7\u00e3o dos per\u00edmetros irrigados de Petrolina, onde ainda n\u00e3o existe tratamento. A discuss\u00e3o foi proposta pelos vereadores Elismar Gon\u00e7alves (PMDB) e Geraldo da Acerola (PT). Representaram a Codevasf na audi\u00eancia, o gerente de revitaliza\u00e7\u00e3o das bacias hidrogr\u00e1ficas do rio S\u00e3o Francisco, Elijalma Augusto Beserra; o gerente regional de irriga\u00e7\u00e3o, Jos\u00e9 Costa; e o supervisor de obras&hellip;\" \/>\n<meta property=\"og:url\" content=\"https:\/\/blogdofarnesio.com.br\/?p=77755\" \/>\n<meta property=\"og:site_name\" content=\"Blog do Farn\u00e9sio\" \/>\n<meta property=\"article:publisher\" content=\"https:\/\/www.facebook.com\/BlogQuerSaberPolitica\/\" \/>\n<meta property=\"article:published_time\" content=\"2014-03-30T21:25:35+00:00\" \/>\n<meta property=\"og:image\" content=\"http:\/\/www.quersaberpolitica.com.br\/2016\/wp-content\/uploads\/2014\/03\/audiecina-camara-agua-10.jpg\" \/>\n<meta name=\"author\" content=\"teste\" \/>\n<meta name=\"twitter:card\" content=\"summary_large_image\" \/>\n<meta name=\"twitter:label1\" content=\"Escrito por\" \/>\n\t<meta name=\"twitter:data1\" content=\"teste\" \/>\n\t<meta name=\"twitter:label2\" content=\"Est. tempo de leitura\" \/>\n\t<meta name=\"twitter:data2\" content=\"3 minutos\" \/>\n<script type=\"application\/ld+json\" class=\"yoast-schema-graph\">{\"@context\":\"https:\\\/\\\/schema.org\",\"@graph\":[{\"@type\":\"Article\",\"@id\":\"https:\\\/\\\/blogdofarnesio.com.br\\\/?p=77755#article\",\"isPartOf\":{\"@id\":\"https:\\\/\\\/blogdofarnesio.com.br\\\/?p=77755\"},\"author\":{\"name\":\"teste\",\"@id\":\"https:\\\/\\\/blogdofarnesio.com.br\\\/#\\\/schema\\\/person\\\/dd1bf5eba40b687199ba45ca6b97dff9\"},\"headline\":\"CODEVASF PODER\u00c1 FIRMAR CONV\u00caNIO COM A COMPESA PARA A\u00c7\u00d5ES DE TRATAMENTO D\u2019\u00c1GUA NAS AGROVILAS DE PETROLINA\",\"datePublished\":\"2014-03-30T21:25:35+00:00\",\"mainEntityOfPage\":{\"@id\":\"https:\\\/\\\/blogdofarnesio.com.br\\\/?p=77755\"},\"wordCount\":686,\"commentCount\":0,\"publisher\":{\"@id\":\"https:\\\/\\\/blogdofarnesio.com.br\\\/#organization\"},\"image\":{\"@id\":\"https:\\\/\\\/blogdofarnesio.com.br\\\/?p=77755#primaryimage\"},\"thumbnailUrl\":\"http:\\\/\\\/www.quersaberpolitica.com.br\\\/2016\\\/wp-content\\\/uploads\\\/2014\\\/03\\\/audiecina-camara-agua-10.jpg\",\"articleSection\":[\"Infraestrutura\",\"Investimento\"],\"inLanguage\":\"pt-BR\",\"potentialAction\":[{\"@type\":\"CommentAction\",\"name\":\"Comment\",\"target\":[\"https:\\\/\\\/blogdofarnesio.com.br\\\/?p=77755#respond\"]}]},{\"@type\":\"WebPage\",\"@id\":\"https:\\\/\\\/blogdofarnesio.com.br\\\/?p=77755\",\"url\":\"https:\\\/\\\/blogdofarnesio.com.br\\\/?p=77755\",\"name\":\"CODEVASF PODER\u00c1 FIRMAR CONV\u00caNIO COM A COMPESA PARA A\u00c7\u00d5ES DE TRATAMENTO D\u2019\u00c1GUA NAS AGROVILAS DE PETROLINA - Blog do Farn\u00e9sio\",\"isPartOf\":{\"@id\":\"https:\\\/\\\/blogdofarnesio.com.br\\\/#website\"},\"primaryImageOfPage\":{\"@id\":\"https:\\\/\\\/blogdofarnesio.com.br\\\/?p=77755#primaryimage\"},\"image\":{\"@id\":\"https:\\\/\\\/blogdofarnesio.com.br\\\/?p=77755#primaryimage\"},\"thumbnailUrl\":\"http:\\\/\\\/www.quersaberpolitica.com.br\\\/2016\\\/wp-content\\\/uploads\\\/2014\\\/03\\\/audiecina-camara-agua-10.jpg\",\"datePublished\":\"2014-03-30T21:25:35+00:00\",\"breadcrumb\":{\"@id\":\"https:\\\/\\\/blogdofarnesio.com.br\\\/?p=77755#breadcrumb\"},\"inLanguage\":\"pt-BR\",\"potentialAction\":[{\"@type\":\"ReadAction\",\"target\":[\"https:\\\/\\\/blogdofarnesio.com.br\\\/?p=77755\"]}]},{\"@type\":\"ImageObject\",\"inLanguage\":\"pt-BR\",\"@id\":\"https:\\\/\\\/blogdofarnesio.com.br\\\/?p=77755#primaryimage\",\"url\":\"http:\\\/\\\/www.quersaberpolitica.com.br\\\/2016\\\/wp-content\\\/uploads\\\/2014\\\/03\\\/audiecina-camara-agua-10.jpg\",\"contentUrl\":\"http:\\\/\\\/www.quersaberpolitica.com.br\\\/2016\\\/wp-content\\\/uploads\\\/2014\\\/03\\\/audiecina-camara-agua-10.jpg\"},{\"@type\":\"BreadcrumbList\",\"@id\":\"https:\\\/\\\/blogdofarnesio.com.br\\\/?p=77755#breadcrumb\",\"itemListElement\":[{\"@type\":\"ListItem\",\"position\":1,\"name\":\"In\u00edcio\",\"item\":\"https:\\\/\\\/blogdofarnesio.com.br\\\/\"},{\"@type\":\"ListItem\",\"position\":2,\"name\":\"CODEVASF PODER\u00c1 FIRMAR CONV\u00caNIO COM A COMPESA PARA A\u00c7\u00d5ES DE TRATAMENTO D\u2019\u00c1GUA NAS AGROVILAS DE PETROLINA\"}]},{\"@type\":\"WebSite\",\"@id\":\"https:\\\/\\\/blogdofarnesio.com.br\\\/#website\",\"url\":\"https:\\\/\\\/blogdofarnesio.com.br\\\/\",\"name\":\"Blog do Farn\u00e9sio\",\"description\":\"Quer Saber Pol\u00edtica?\",\"publisher\":{\"@id\":\"https:\\\/\\\/blogdofarnesio.com.br\\\/#organization\"},\"potentialAction\":[{\"@type\":\"SearchAction\",\"target\":{\"@type\":\"EntryPoint\",\"urlTemplate\":\"https:\\\/\\\/blogdofarnesio.com.br\\\/?s={search_term_string}\"},\"query-input\":{\"@type\":\"PropertyValueSpecification\",\"valueRequired\":true,\"valueName\":\"search_term_string\"}}],\"inLanguage\":\"pt-BR\"},{\"@type\":\"Organization\",\"@id\":\"https:\\\/\\\/blogdofarnesio.com.br\\\/#organization\",\"name\":\"Blog do Farn\u00e9sio\",\"url\":\"https:\\\/\\\/blogdofarnesio.com.br\\\/\",\"logo\":{\"@type\":\"ImageObject\",\"inLanguage\":\"pt-BR\",\"@id\":\"https:\\\/\\\/blogdofarnesio.com.br\\\/#\\\/schema\\\/logo\\\/image\\\/\",\"url\":\"https:\\\/\\\/blogdofarnesio.com.br\\\/wp-content\\\/uploads\\\/2026\\\/03\\\/cropped-logo_new-1.png\",\"contentUrl\":\"https:\\\/\\\/blogdofarnesio.com.br\\\/wp-content\\\/uploads\\\/2026\\\/03\\\/cropped-logo_new-1.png\",\"width\":881,\"height\":685,\"caption\":\"Blog do Farn\u00e9sio\"},\"image\":{\"@id\":\"https:\\\/\\\/blogdofarnesio.com.br\\\/#\\\/schema\\\/logo\\\/image\\\/\"},\"sameAs\":[\"https:\\\/\\\/www.facebook.com\\\/BlogQuerSaberPolitica\\\/\"]},{\"@type\":\"Person\",\"@id\":\"https:\\\/\\\/blogdofarnesio.com.br\\\/#\\\/schema\\\/person\\\/dd1bf5eba40b687199ba45ca6b97dff9\",\"name\":\"teste\",\"image\":{\"@type\":\"ImageObject\",\"inLanguage\":\"pt-BR\",\"@id\":\"https:\\\/\\\/secure.gravatar.com\\\/avatar\\\/2172498d4914b51e1d89a0f97957b035ac4938723a5cac208135d389b6972a6d?s=96&d=mm&r=g\",\"url\":\"https:\\\/\\\/secure.gravatar.com\\\/avatar\\\/2172498d4914b51e1d89a0f97957b035ac4938723a5cac208135d389b6972a6d?s=96&d=mm&r=g\",\"contentUrl\":\"https:\\\/\\\/secure.gravatar.com\\\/avatar\\\/2172498d4914b51e1d89a0f97957b035ac4938723a5cac208135d389b6972a6d?s=96&d=mm&r=g\",\"caption\":\"teste\"},\"url\":\"https:\\\/\\\/blogdofarnesio.com.br\\\/?author=3\"}]}<\/script>\n<!-- \/ Yoast SEO plugin. -->","yoast_head_json":{"title":"CODEVASF PODER\u00c1 FIRMAR CONV\u00caNIO COM A COMPESA PARA A\u00c7\u00d5ES DE TRATAMENTO D\u2019\u00c1GUA NAS AGROVILAS DE PETROLINA - Blog do Farn\u00e9sio","robots":{"index":"index","follow":"follow","max-snippet":"max-snippet:-1","max-image-preview":"max-image-preview:large","max-video-preview":"max-video-preview:-1"},"canonical":"https:\/\/blogdofarnesio.com.br\/?p=77755","og_locale":"pt_BR","og_type":"article","og_title":"CODEVASF PODER\u00c1 FIRMAR CONV\u00caNIO COM A COMPESA PARA A\u00c7\u00d5ES DE TRATAMENTO D\u2019\u00c1GUA NAS AGROVILAS DE PETROLINA - Blog do Farn\u00e9sio","og_description":"A Companhia de Desenvolvimento dos Vales do S\u00e3o Francisco e do Parna\u00edba (Codevasf), 3\u00aa Superintend\u00eancia Regional em Petrolina, esteve representada na audi\u00eancia p\u00fablica promovida na C\u00e2mara de Vereadores da cidade que tratou as obras de adutoras e sistemas de abastecimento de \u00e1gua no interior do munic\u00edpio que est\u00e3o sendo executadas pela Companhia. O debate tamb\u00e9m focou a quest\u00e3o da qualidade da \u00e1gua consumida pela popula\u00e7\u00e3o dos per\u00edmetros irrigados de Petrolina, onde ainda n\u00e3o existe tratamento. A discuss\u00e3o foi proposta pelos vereadores Elismar Gon\u00e7alves (PMDB) e Geraldo da Acerola (PT). Representaram a Codevasf na audi\u00eancia, o gerente de revitaliza\u00e7\u00e3o das bacias hidrogr\u00e1ficas do rio S\u00e3o Francisco, Elijalma Augusto Beserra; o gerente regional de irriga\u00e7\u00e3o, Jos\u00e9 Costa; e o supervisor de obras&hellip;","og_url":"https:\/\/blogdofarnesio.com.br\/?p=77755","og_site_name":"Blog do Farn\u00e9sio","article_publisher":"https:\/\/www.facebook.com\/BlogQuerSaberPolitica\/","article_published_time":"2014-03-30T21:25:35+00:00","og_image":[{"url":"http:\/\/www.quersaberpolitica.com.br\/2016\/wp-content\/uploads\/2014\/03\/audiecina-camara-agua-10.jpg","type":"","width":"","height":""}],"author":"teste","twitter_card":"summary_large_image","twitter_misc":{"Escrito por":"teste","Est. tempo de leitura":"3 minutos"},"schema":{"@context":"https:\/\/schema.org","@graph":[{"@type":"Article","@id":"https:\/\/blogdofarnesio.com.br\/?p=77755#article","isPartOf":{"@id":"https:\/\/blogdofarnesio.com.br\/?p=77755"},"author":{"name":"teste","@id":"https:\/\/blogdofarnesio.com.br\/#\/schema\/person\/dd1bf5eba40b687199ba45ca6b97dff9"},"headline":"CODEVASF PODER\u00c1 FIRMAR CONV\u00caNIO COM A COMPESA PARA A\u00c7\u00d5ES DE TRATAMENTO D\u2019\u00c1GUA NAS AGROVILAS DE PETROLINA","datePublished":"2014-03-30T21:25:35+00:00","mainEntityOfPage":{"@id":"https:\/\/blogdofarnesio.com.br\/?p=77755"},"wordCount":686,"commentCount":0,"publisher":{"@id":"https:\/\/blogdofarnesio.com.br\/#organization"},"image":{"@id":"https:\/\/blogdofarnesio.com.br\/?p=77755#primaryimage"},"thumbnailUrl":"http:\/\/www.quersaberpolitica.com.br\/2016\/wp-content\/uploads\/2014\/03\/audiecina-camara-agua-10.jpg","articleSection":["Infraestrutura","Investimento"],"inLanguage":"pt-BR","potentialAction":[{"@type":"CommentAction","name":"Comment","target":["https:\/\/blogdofarnesio.com.br\/?p=77755#respond"]}]},{"@type":"WebPage","@id":"https:\/\/blogdofarnesio.com.br\/?p=77755","url":"https:\/\/blogdofarnesio.com.br\/?p=77755","name":"CODEVASF PODER\u00c1 FIRMAR CONV\u00caNIO COM A COMPESA PARA A\u00c7\u00d5ES DE TRATAMENTO D\u2019\u00c1GUA NAS AGROVILAS DE PETROLINA - Blog do Farn\u00e9sio","isPartOf":{"@id":"https:\/\/blogdofarnesio.com.br\/#website"},"primaryImageOfPage":{"@id":"https:\/\/blogdofarnesio.com.br\/?p=77755#primaryimage"},"image":{"@id":"https:\/\/blogdofarnesio.com.br\/?p=77755#primaryimage"},"thumbnailUrl":"http:\/\/www.quersaberpolitica.com.br\/2016\/wp-content\/uploads\/2014\/03\/audiecina-camara-agua-10.jpg","datePublished":"2014-03-30T21:25:35+00:00","breadcrumb":{"@id":"https:\/\/blogdofarnesio.com.br\/?p=77755#breadcrumb"},"inLanguage":"pt-BR","potentialAction":[{"@type":"ReadAction","target":["https:\/\/blogdofarnesio.com.br\/?p=77755"]}]},{"@type":"ImageObject","inLanguage":"pt-BR","@id":"https:\/\/blogdofarnesio.com.br\/?p=77755#primaryimage","url":"http:\/\/www.quersaberpolitica.com.br\/2016\/wp-content\/uploads\/2014\/03\/audiecina-camara-agua-10.jpg","contentUrl":"http:\/\/www.quersaberpolitica.com.br\/2016\/wp-content\/uploads\/2014\/03\/audiecina-camara-agua-10.jpg"},{"@type":"BreadcrumbList","@id":"https:\/\/blogdofarnesio.com.br\/?p=77755#breadcrumb","itemListElement":[{"@type":"ListItem","position":1,"name":"In\u00edcio","item":"https:\/\/blogdofarnesio.com.br\/"},{"@type":"ListItem","position":2,"name":"CODEVASF PODER\u00c1 FIRMAR CONV\u00caNIO COM A COMPESA PARA A\u00c7\u00d5ES DE TRATAMENTO D\u2019\u00c1GUA NAS AGROVILAS DE PETROLINA"}]},{"@type":"WebSite","@id":"https:\/\/blogdofarnesio.com.br\/#website","url":"https:\/\/blogdofarnesio.com.br\/","name":"Blog do Farn\u00e9sio","description":"Quer Saber Pol\u00edtica?","publisher":{"@id":"https:\/\/blogdofarnesio.com.br\/#organization"},"potentialAction":[{"@type":"SearchAction","target":{"@type":"EntryPoint","urlTemplate":"https:\/\/blogdofarnesio.com.br\/?s={search_term_string}"},"query-input":{"@type":"PropertyValueSpecification","valueRequired":true,"valueName":"search_term_string"}}],"inLanguage":"pt-BR"},{"@type":"Organization","@id":"https:\/\/blogdofarnesio.com.br\/#organization","name":"Blog do Farn\u00e9sio","url":"https:\/\/blogdofarnesio.com.br\/","logo":{"@type":"ImageObject","inLanguage":"pt-BR","@id":"https:\/\/blogdofarnesio.com.br\/#\/schema\/logo\/image\/","url":"https:\/\/blogdofarnesio.com.br\/wp-content\/uploads\/2026\/03\/cropped-logo_new-1.png","contentUrl":"https:\/\/blogdofarnesio.com.br\/wp-content\/uploads\/2026\/03\/cropped-logo_new-1.png","width":881,"height":685,"caption":"Blog do Farn\u00e9sio"},"image":{"@id":"https:\/\/blogdofarnesio.com.br\/#\/schema\/logo\/image\/"},"sameAs":["https:\/\/www.facebook.com\/BlogQuerSaberPolitica\/"]},{"@type":"Person","@id":"https:\/\/blogdofarnesio.com.br\/#\/schema\/person\/dd1bf5eba40b687199ba45ca6b97dff9","name":"teste","image":{"@type":"ImageObject","inLanguage":"pt-BR","@id":"https:\/\/secure.gravatar.com\/avatar\/2172498d4914b51e1d89a0f97957b035ac4938723a5cac208135d389b6972a6d?s=96&d=mm&r=g","url":"https:\/\/secure.gravatar.com\/avatar\/2172498d4914b51e1d89a0f97957b035ac4938723a5cac208135d389b6972a6d?s=96&d=mm&r=g","contentUrl":"https:\/\/secure.gravatar.com\/avatar\/2172498d4914b51e1d89a0f97957b035ac4938723a5cac208135d389b6972a6d?s=96&d=mm&r=g","caption":"teste"},"url":"https:\/\/blogdofarnesio.com.br\/?author=3"}]}},"_links":{"self":[{"href":"https:\/\/blogdofarnesio.com.br\/index.php?rest_route=\/wp\/v2\/posts\/77755","targetHints":{"allow":["GET"]}}],"collection":[{"href":"https:\/\/blogdofarnesio.com.br\/index.php?rest_route=\/wp\/v2\/posts"}],"about":[{"href":"https:\/\/blogdofarnesio.com.br\/index.php?rest_route=\/wp\/v2\/types\/post"}],"author":[{"embeddable":true,"href":"https:\/\/blogdofarnesio.com.br\/index.php?rest_route=\/wp\/v2\/users\/3"}],"replies":[{"embeddable":true,"href":"https:\/\/blogdofarnesio.com.br\/index.php?rest_route=%2Fwp%2Fv2%2Fcomments&post=77755"}],"version-history":[{"count":0,"href":"https:\/\/blogdofarnesio.com.br\/index.php?rest_route=\/wp\/v2\/posts\/77755\/revisions"}],"wp:attachment":[{"href":"https:\/\/blogdofarnesio.com.br\/index.php?rest_route=%2Fwp%2Fv2%2Fmedia&parent=77755"}],"wp:term":[{"taxonomy":"category","embeddable":true,"href":"https:\/\/blogdofarnesio.com.br\/index.php?rest_route=%2Fwp%2Fv2%2Fcategories&post=77755"},{"taxonomy":"post_tag","embeddable":true,"href":"https:\/\/blogdofarnesio.com.br\/index.php?rest_route=%2Fwp%2Fv2%2Ftags&post=77755"}],"curies":[{"name":"wp","href":"https:\/\/api.w.org\/{rel}","templated":true}]}}