{"id":77695,"date":"2014-03-28T16:00:22","date_gmt":"2014-03-28T19:00:22","guid":{"rendered":"http:\/\/www.quersaberpolitica.com.br\/?p=77695"},"modified":"2014-03-28T13:59:11","modified_gmt":"2014-03-28T16:59:11","slug":"inaugurada-unidade-da-fiepe-em-petrolina","status":"publish","type":"post","link":"https:\/\/blogdofarnesio.com.br\/?p=77695","title":{"rendered":"INAUGURADA UNIDADE DA FIEPE EM PETROLINA"},"content":{"rendered":"<p style=\"text-align: justify\"><a href=\"http:\/\/www.quersaberpolitica.com.br\/2016\/wp-content\/uploads\/2014\/03\/lossiofiep.jpg\"><img loading=\"lazy\" decoding=\"async\" class=\"alignleft size-medium wp-image-77696\" alt=\"lossiofiep\" src=\"http:\/\/www.quersaberpolitica.com.br\/2016\/wp-content\/uploads\/2014\/03\/lossiofiep-300x214.jpg\" width=\"300\" height=\"214\" srcset=\"https:\/\/blogdofarnesio.com.br\/wp-content\/uploads\/2014\/03\/lossiofiep-300x214.jpg 300w, https:\/\/blogdofarnesio.com.br\/wp-content\/uploads\/2014\/03\/lossiofiep.jpg 400w\" sizes=\"auto, (max-width: 300px) 100vw, 300px\" \/><\/a>Ao lado do presidente da FIEPE e deputado federal, C\u00f4rte Real (PTB), o Prefeito Julio L\u00f3ssio inaugurou na noite desta quinta-feira (27\/03) a Unidade Regional do Sert\u00e3o do S\u00e3o Francisco da Federa\u00e7\u00e3o das Ind\u00fastrias do Estado de Pernambuco \u2013FIEPE-. A entidade \u00e9 respons\u00e1vel por atuar na defesa dos interesses e no apoio \u00e0s ind\u00fastrias locais atrav\u00e9s de servi\u00e7os como capacita\u00e7\u00f5es, pesquisas, promo\u00e7\u00e3o comercial e internacionaliza\u00e7\u00e3o.<\/p>\n<p style=\"text-align: justify\">Durante evento de inaugura\u00e7\u00e3o, que aconteceu no Centro de Conven\u00e7\u00f5es Senador Nilo Coelho, espa\u00e7o que acolher\u00e1 a sede do \u00f3rg\u00e3o, o Presidente da FIEPE falou sobre a expectativa da instala\u00e7\u00e3o da unidade em Petrolina: \u201cO sentido \u00e9 fazer com que com a ind\u00fastria tenha um salto de qualidade, que seja onde se gere os bons empregos, onde se agregue valor a nossa produ\u00e7\u00e3o. Nosso compromisso \u00e9 que cada vez mais possamos chegar junto do empresariado, do trabalhador, para gerar uma sociedade mais justa e com maiores ganhos\u201d, discursou C\u00f4rte Real.<!--more--><\/p>\n<p style=\"text-align: justify\">O Prefeito Julio Lossio destacou a notoriedade de Petrolina no desenvolvimento de Pernambuco e ressaltou a import\u00e2ncia de descentralizar a produ\u00e7\u00e3o industrial no Estado, ainda concentrada no litoral e regi\u00e3o metropolitana: \u201cHoje estamos dando mais um passo no desenvolvimento de Petrolina e do Vale do S\u00e3o Francisco e essa parceria com a FIEPE vai nos ajudar a industrializar Petrolina. Existem na cidade potenciais segmentos que precisam ser estimulados, para que possam se desenvolver e prestar servi\u00e7os ao munic\u00edpio e \u00e0 popula\u00e7\u00e3o, fazendo com que mais investimentos cheguem ao interior do estado\u201d, pontuou o Prefeito.<\/p>\n<p style=\"text-align: justify\">Esta \u00e9 a segunda unidade da FIEP no Sert\u00e3o do Francisco e atender\u00e1 as cidades de Afr\u00e2nio, Cabrob\u00f3, Dormentes, Lagoa Grande, Oroc\u00f3, Petrolina e Santa Maria da Boa Vista.<\/p>\n<p><strong>Texto: Thirza Santos-Fotos: Gilson Santos<\/strong><\/p>\n","protected":false},"excerpt":{"rendered":"<p>Ao lado do presidente da FIEPE e deputado federal, C\u00f4rte Real (PTB), o Prefeito Julio L\u00f3ssio inaugurou na noite desta quinta-feira (27\/03) a Unidade Regional do Sert\u00e3o do S\u00e3o Francisco da Federa\u00e7\u00e3o das Ind\u00fastrias do Estado de Pernambuco \u2013FIEPE-. A entidade \u00e9 respons\u00e1vel por atuar na defesa dos interesses e no apoio \u00e0s ind\u00fastrias locais atrav\u00e9s de servi\u00e7os como capacita\u00e7\u00f5es, pesquisas, promo\u00e7\u00e3o comercial e internacionaliza\u00e7\u00e3o. Durante evento de inaugura\u00e7\u00e3o, que aconteceu no Centro de Conven\u00e7\u00f5es Senador Nilo Coelho, espa\u00e7o que acolher\u00e1 a sede do \u00f3rg\u00e3o, o Presidente da FIEPE falou sobre a expectativa da instala\u00e7\u00e3o da unidade em Petrolina: \u201cO sentido \u00e9 fazer com que com a ind\u00fastria tenha um salto de qualidade, que seja onde se gere os bons&hellip; <\/p>\n","protected":false},"author":3,"featured_media":0,"comment_status":"open","ping_status":"open","sticky":false,"template":"","format":"standard","meta":{"_acf_changed":false,"footnotes":""},"categories":[1],"tags":[],"class_list":["post-77695","post","type-post","status-publish","format-standard","hentry","category-politica"],"acf":[],"yoast_head":"<!-- This site is optimized with the Yoast SEO plugin v27.4 - https:\/\/yoast.com\/product\/yoast-seo-wordpress\/ -->\n<title>INAUGURADA UNIDADE DA FIEPE EM PETROLINA - Blog do Farn\u00e9sio<\/title>\n<meta name=\"robots\" content=\"index, follow, max-snippet:-1, max-image-preview:large, max-video-preview:-1\" \/>\n<link rel=\"canonical\" href=\"https:\/\/blogdofarnesio.com.br\/?p=77695\" \/>\n<meta property=\"og:locale\" content=\"pt_BR\" \/>\n<meta property=\"og:type\" content=\"article\" \/>\n<meta property=\"og:title\" content=\"INAUGURADA UNIDADE DA FIEPE EM PETROLINA - Blog do Farn\u00e9sio\" \/>\n<meta property=\"og:description\" content=\"Ao lado do presidente da FIEPE e deputado federal, C\u00f4rte Real (PTB), o Prefeito Julio L\u00f3ssio inaugurou na noite desta quinta-feira (27\/03) a Unidade Regional do Sert\u00e3o do S\u00e3o Francisco da Federa\u00e7\u00e3o das Ind\u00fastrias do Estado de Pernambuco \u2013FIEPE-. A entidade \u00e9 respons\u00e1vel por atuar na defesa dos interesses e no apoio \u00e0s ind\u00fastrias locais atrav\u00e9s de servi\u00e7os como capacita\u00e7\u00f5es, pesquisas, promo\u00e7\u00e3o comercial e internacionaliza\u00e7\u00e3o. Durante evento de inaugura\u00e7\u00e3o, que aconteceu no Centro de Conven\u00e7\u00f5es Senador Nilo Coelho, espa\u00e7o que acolher\u00e1 a sede do \u00f3rg\u00e3o, o Presidente da FIEPE falou sobre a expectativa da instala\u00e7\u00e3o da unidade em Petrolina: \u201cO sentido \u00e9 fazer com que com a ind\u00fastria tenha um salto de qualidade, que seja onde se gere os bons&hellip;\" \/>\n<meta property=\"og:url\" content=\"https:\/\/blogdofarnesio.com.br\/?p=77695\" \/>\n<meta property=\"og:site_name\" content=\"Blog do Farn\u00e9sio\" \/>\n<meta property=\"article:publisher\" content=\"https:\/\/www.facebook.com\/BlogQuerSaberPolitica\/\" \/>\n<meta property=\"article:published_time\" content=\"2014-03-28T19:00:22+00:00\" \/>\n<meta property=\"og:image\" content=\"http:\/\/www.quersaberpolitica.com.br\/2016\/wp-content\/uploads\/2014\/03\/lossiofiep-300x214.jpg\" \/>\n<meta name=\"author\" content=\"teste\" \/>\n<meta name=\"twitter:card\" content=\"summary_large_image\" \/>\n<meta name=\"twitter:label1\" content=\"Escrito por\" \/>\n\t<meta name=\"twitter:data1\" content=\"teste\" \/>\n\t<meta name=\"twitter:label2\" content=\"Est. tempo de leitura\" \/>\n\t<meta name=\"twitter:data2\" content=\"2 minutos\" \/>\n<script type=\"application\/ld+json\" class=\"yoast-schema-graph\">{\"@context\":\"https:\\\/\\\/schema.org\",\"@graph\":[{\"@type\":\"Article\",\"@id\":\"https:\\\/\\\/blogdofarnesio.com.br\\\/?p=77695#article\",\"isPartOf\":{\"@id\":\"https:\\\/\\\/blogdofarnesio.com.br\\\/?p=77695\"},\"author\":{\"name\":\"teste\",\"@id\":\"https:\\\/\\\/blogdofarnesio.com.br\\\/#\\\/schema\\\/person\\\/dd1bf5eba40b687199ba45ca6b97dff9\"},\"headline\":\"INAUGURADA UNIDADE DA FIEPE EM PETROLINA\",\"datePublished\":\"2014-03-28T19:00:22+00:00\",\"mainEntityOfPage\":{\"@id\":\"https:\\\/\\\/blogdofarnesio.com.br\\\/?p=77695\"},\"wordCount\":313,\"commentCount\":0,\"publisher\":{\"@id\":\"https:\\\/\\\/blogdofarnesio.com.br\\\/#organization\"},\"image\":{\"@id\":\"https:\\\/\\\/blogdofarnesio.com.br\\\/?p=77695#primaryimage\"},\"thumbnailUrl\":\"http:\\\/\\\/www.quersaberpolitica.com.br\\\/2016\\\/wp-content\\\/uploads\\\/2014\\\/03\\\/lossiofiep-300x214.jpg\",\"articleSection\":[\"Pol\u00edtica\"],\"inLanguage\":\"pt-BR\",\"potentialAction\":[{\"@type\":\"CommentAction\",\"name\":\"Comment\",\"target\":[\"https:\\\/\\\/blogdofarnesio.com.br\\\/?p=77695#respond\"]}]},{\"@type\":\"WebPage\",\"@id\":\"https:\\\/\\\/blogdofarnesio.com.br\\\/?p=77695\",\"url\":\"https:\\\/\\\/blogdofarnesio.com.br\\\/?p=77695\",\"name\":\"INAUGURADA UNIDADE DA FIEPE EM PETROLINA - Blog do Farn\u00e9sio\",\"isPartOf\":{\"@id\":\"https:\\\/\\\/blogdofarnesio.com.br\\\/#website\"},\"primaryImageOfPage\":{\"@id\":\"https:\\\/\\\/blogdofarnesio.com.br\\\/?p=77695#primaryimage\"},\"image\":{\"@id\":\"https:\\\/\\\/blogdofarnesio.com.br\\\/?p=77695#primaryimage\"},\"thumbnailUrl\":\"http:\\\/\\\/www.quersaberpolitica.com.br\\\/2016\\\/wp-content\\\/uploads\\\/2014\\\/03\\\/lossiofiep-300x214.jpg\",\"datePublished\":\"2014-03-28T19:00:22+00:00\",\"breadcrumb\":{\"@id\":\"https:\\\/\\\/blogdofarnesio.com.br\\\/?p=77695#breadcrumb\"},\"inLanguage\":\"pt-BR\",\"potentialAction\":[{\"@type\":\"ReadAction\",\"target\":[\"https:\\\/\\\/blogdofarnesio.com.br\\\/?p=77695\"]}]},{\"@type\":\"ImageObject\",\"inLanguage\":\"pt-BR\",\"@id\":\"https:\\\/\\\/blogdofarnesio.com.br\\\/?p=77695#primaryimage\",\"url\":\"http:\\\/\\\/www.quersaberpolitica.com.br\\\/2016\\\/wp-content\\\/uploads\\\/2014\\\/03\\\/lossiofiep-300x214.jpg\",\"contentUrl\":\"http:\\\/\\\/www.quersaberpolitica.com.br\\\/2016\\\/wp-content\\\/uploads\\\/2014\\\/03\\\/lossiofiep-300x214.jpg\"},{\"@type\":\"BreadcrumbList\",\"@id\":\"https:\\\/\\\/blogdofarnesio.com.br\\\/?p=77695#breadcrumb\",\"itemListElement\":[{\"@type\":\"ListItem\",\"position\":1,\"name\":\"In\u00edcio\",\"item\":\"https:\\\/\\\/blogdofarnesio.com.br\\\/\"},{\"@type\":\"ListItem\",\"position\":2,\"name\":\"INAUGURADA UNIDADE DA FIEPE EM PETROLINA\"}]},{\"@type\":\"WebSite\",\"@id\":\"https:\\\/\\\/blogdofarnesio.com.br\\\/#website\",\"url\":\"https:\\\/\\\/blogdofarnesio.com.br\\\/\",\"name\":\"Blog do Farn\u00e9sio\",\"description\":\"Quer Saber Pol\u00edtica?\",\"publisher\":{\"@id\":\"https:\\\/\\\/blogdofarnesio.com.br\\\/#organization\"},\"potentialAction\":[{\"@type\":\"SearchAction\",\"target\":{\"@type\":\"EntryPoint\",\"urlTemplate\":\"https:\\\/\\\/blogdofarnesio.com.br\\\/?s={search_term_string}\"},\"query-input\":{\"@type\":\"PropertyValueSpecification\",\"valueRequired\":true,\"valueName\":\"search_term_string\"}}],\"inLanguage\":\"pt-BR\"},{\"@type\":\"Organization\",\"@id\":\"https:\\\/\\\/blogdofarnesio.com.br\\\/#organization\",\"name\":\"Blog do Farn\u00e9sio\",\"url\":\"https:\\\/\\\/blogdofarnesio.com.br\\\/\",\"logo\":{\"@type\":\"ImageObject\",\"inLanguage\":\"pt-BR\",\"@id\":\"https:\\\/\\\/blogdofarnesio.com.br\\\/#\\\/schema\\\/logo\\\/image\\\/\",\"url\":\"https:\\\/\\\/blogdofarnesio.com.br\\\/wp-content\\\/uploads\\\/2026\\\/03\\\/cropped-logo_new-1.png\",\"contentUrl\":\"https:\\\/\\\/blogdofarnesio.com.br\\\/wp-content\\\/uploads\\\/2026\\\/03\\\/cropped-logo_new-1.png\",\"width\":881,\"height\":685,\"caption\":\"Blog do Farn\u00e9sio\"},\"image\":{\"@id\":\"https:\\\/\\\/blogdofarnesio.com.br\\\/#\\\/schema\\\/logo\\\/image\\\/\"},\"sameAs\":[\"https:\\\/\\\/www.facebook.com\\\/BlogQuerSaberPolitica\\\/\"]},{\"@type\":\"Person\",\"@id\":\"https:\\\/\\\/blogdofarnesio.com.br\\\/#\\\/schema\\\/person\\\/dd1bf5eba40b687199ba45ca6b97dff9\",\"name\":\"teste\",\"image\":{\"@type\":\"ImageObject\",\"inLanguage\":\"pt-BR\",\"@id\":\"https:\\\/\\\/secure.gravatar.com\\\/avatar\\\/2172498d4914b51e1d89a0f97957b035ac4938723a5cac208135d389b6972a6d?s=96&d=mm&r=g\",\"url\":\"https:\\\/\\\/secure.gravatar.com\\\/avatar\\\/2172498d4914b51e1d89a0f97957b035ac4938723a5cac208135d389b6972a6d?s=96&d=mm&r=g\",\"contentUrl\":\"https:\\\/\\\/secure.gravatar.com\\\/avatar\\\/2172498d4914b51e1d89a0f97957b035ac4938723a5cac208135d389b6972a6d?s=96&d=mm&r=g\",\"caption\":\"teste\"},\"url\":\"https:\\\/\\\/blogdofarnesio.com.br\\\/?author=3\"}]}<\/script>\n<!-- \/ Yoast SEO plugin. -->","yoast_head_json":{"title":"INAUGURADA UNIDADE DA FIEPE EM PETROLINA - Blog do Farn\u00e9sio","robots":{"index":"index","follow":"follow","max-snippet":"max-snippet:-1","max-image-preview":"max-image-preview:large","max-video-preview":"max-video-preview:-1"},"canonical":"https:\/\/blogdofarnesio.com.br\/?p=77695","og_locale":"pt_BR","og_type":"article","og_title":"INAUGURADA UNIDADE DA FIEPE EM PETROLINA - Blog do Farn\u00e9sio","og_description":"Ao lado do presidente da FIEPE e deputado federal, C\u00f4rte Real (PTB), o Prefeito Julio L\u00f3ssio inaugurou na noite desta quinta-feira (27\/03) a Unidade Regional do Sert\u00e3o do S\u00e3o Francisco da Federa\u00e7\u00e3o das Ind\u00fastrias do Estado de Pernambuco \u2013FIEPE-. A entidade \u00e9 respons\u00e1vel por atuar na defesa dos interesses e no apoio \u00e0s ind\u00fastrias locais atrav\u00e9s de servi\u00e7os como capacita\u00e7\u00f5es, pesquisas, promo\u00e7\u00e3o comercial e internacionaliza\u00e7\u00e3o. Durante evento de inaugura\u00e7\u00e3o, que aconteceu no Centro de Conven\u00e7\u00f5es Senador Nilo Coelho, espa\u00e7o que acolher\u00e1 a sede do \u00f3rg\u00e3o, o Presidente da FIEPE falou sobre a expectativa da instala\u00e7\u00e3o da unidade em Petrolina: \u201cO sentido \u00e9 fazer com que com a ind\u00fastria tenha um salto de qualidade, que seja onde se gere os bons&hellip;","og_url":"https:\/\/blogdofarnesio.com.br\/?p=77695","og_site_name":"Blog do Farn\u00e9sio","article_publisher":"https:\/\/www.facebook.com\/BlogQuerSaberPolitica\/","article_published_time":"2014-03-28T19:00:22+00:00","og_image":[{"url":"http:\/\/www.quersaberpolitica.com.br\/2016\/wp-content\/uploads\/2014\/03\/lossiofiep-300x214.jpg","type":"","width":"","height":""}],"author":"teste","twitter_card":"summary_large_image","twitter_misc":{"Escrito por":"teste","Est. tempo de leitura":"2 minutos"},"schema":{"@context":"https:\/\/schema.org","@graph":[{"@type":"Article","@id":"https:\/\/blogdofarnesio.com.br\/?p=77695#article","isPartOf":{"@id":"https:\/\/blogdofarnesio.com.br\/?p=77695"},"author":{"name":"teste","@id":"https:\/\/blogdofarnesio.com.br\/#\/schema\/person\/dd1bf5eba40b687199ba45ca6b97dff9"},"headline":"INAUGURADA UNIDADE DA FIEPE EM PETROLINA","datePublished":"2014-03-28T19:00:22+00:00","mainEntityOfPage":{"@id":"https:\/\/blogdofarnesio.com.br\/?p=77695"},"wordCount":313,"commentCount":0,"publisher":{"@id":"https:\/\/blogdofarnesio.com.br\/#organization"},"image":{"@id":"https:\/\/blogdofarnesio.com.br\/?p=77695#primaryimage"},"thumbnailUrl":"http:\/\/www.quersaberpolitica.com.br\/2016\/wp-content\/uploads\/2014\/03\/lossiofiep-300x214.jpg","articleSection":["Pol\u00edtica"],"inLanguage":"pt-BR","potentialAction":[{"@type":"CommentAction","name":"Comment","target":["https:\/\/blogdofarnesio.com.br\/?p=77695#respond"]}]},{"@type":"WebPage","@id":"https:\/\/blogdofarnesio.com.br\/?p=77695","url":"https:\/\/blogdofarnesio.com.br\/?p=77695","name":"INAUGURADA UNIDADE DA FIEPE EM PETROLINA - Blog do Farn\u00e9sio","isPartOf":{"@id":"https:\/\/blogdofarnesio.com.br\/#website"},"primaryImageOfPage":{"@id":"https:\/\/blogdofarnesio.com.br\/?p=77695#primaryimage"},"image":{"@id":"https:\/\/blogdofarnesio.com.br\/?p=77695#primaryimage"},"thumbnailUrl":"http:\/\/www.quersaberpolitica.com.br\/2016\/wp-content\/uploads\/2014\/03\/lossiofiep-300x214.jpg","datePublished":"2014-03-28T19:00:22+00:00","breadcrumb":{"@id":"https:\/\/blogdofarnesio.com.br\/?p=77695#breadcrumb"},"inLanguage":"pt-BR","potentialAction":[{"@type":"ReadAction","target":["https:\/\/blogdofarnesio.com.br\/?p=77695"]}]},{"@type":"ImageObject","inLanguage":"pt-BR","@id":"https:\/\/blogdofarnesio.com.br\/?p=77695#primaryimage","url":"http:\/\/www.quersaberpolitica.com.br\/2016\/wp-content\/uploads\/2014\/03\/lossiofiep-300x214.jpg","contentUrl":"http:\/\/www.quersaberpolitica.com.br\/2016\/wp-content\/uploads\/2014\/03\/lossiofiep-300x214.jpg"},{"@type":"BreadcrumbList","@id":"https:\/\/blogdofarnesio.com.br\/?p=77695#breadcrumb","itemListElement":[{"@type":"ListItem","position":1,"name":"In\u00edcio","item":"https:\/\/blogdofarnesio.com.br\/"},{"@type":"ListItem","position":2,"name":"INAUGURADA UNIDADE DA FIEPE EM PETROLINA"}]},{"@type":"WebSite","@id":"https:\/\/blogdofarnesio.com.br\/#website","url":"https:\/\/blogdofarnesio.com.br\/","name":"Blog do Farn\u00e9sio","description":"Quer Saber Pol\u00edtica?","publisher":{"@id":"https:\/\/blogdofarnesio.com.br\/#organization"},"potentialAction":[{"@type":"SearchAction","target":{"@type":"EntryPoint","urlTemplate":"https:\/\/blogdofarnesio.com.br\/?s={search_term_string}"},"query-input":{"@type":"PropertyValueSpecification","valueRequired":true,"valueName":"search_term_string"}}],"inLanguage":"pt-BR"},{"@type":"Organization","@id":"https:\/\/blogdofarnesio.com.br\/#organization","name":"Blog do Farn\u00e9sio","url":"https:\/\/blogdofarnesio.com.br\/","logo":{"@type":"ImageObject","inLanguage":"pt-BR","@id":"https:\/\/blogdofarnesio.com.br\/#\/schema\/logo\/image\/","url":"https:\/\/blogdofarnesio.com.br\/wp-content\/uploads\/2026\/03\/cropped-logo_new-1.png","contentUrl":"https:\/\/blogdofarnesio.com.br\/wp-content\/uploads\/2026\/03\/cropped-logo_new-1.png","width":881,"height":685,"caption":"Blog do Farn\u00e9sio"},"image":{"@id":"https:\/\/blogdofarnesio.com.br\/#\/schema\/logo\/image\/"},"sameAs":["https:\/\/www.facebook.com\/BlogQuerSaberPolitica\/"]},{"@type":"Person","@id":"https:\/\/blogdofarnesio.com.br\/#\/schema\/person\/dd1bf5eba40b687199ba45ca6b97dff9","name":"teste","image":{"@type":"ImageObject","inLanguage":"pt-BR","@id":"https:\/\/secure.gravatar.com\/avatar\/2172498d4914b51e1d89a0f97957b035ac4938723a5cac208135d389b6972a6d?s=96&d=mm&r=g","url":"https:\/\/secure.gravatar.com\/avatar\/2172498d4914b51e1d89a0f97957b035ac4938723a5cac208135d389b6972a6d?s=96&d=mm&r=g","contentUrl":"https:\/\/secure.gravatar.com\/avatar\/2172498d4914b51e1d89a0f97957b035ac4938723a5cac208135d389b6972a6d?s=96&d=mm&r=g","caption":"teste"},"url":"https:\/\/blogdofarnesio.com.br\/?author=3"}]}},"_links":{"self":[{"href":"https:\/\/blogdofarnesio.com.br\/index.php?rest_route=\/wp\/v2\/posts\/77695","targetHints":{"allow":["GET"]}}],"collection":[{"href":"https:\/\/blogdofarnesio.com.br\/index.php?rest_route=\/wp\/v2\/posts"}],"about":[{"href":"https:\/\/blogdofarnesio.com.br\/index.php?rest_route=\/wp\/v2\/types\/post"}],"author":[{"embeddable":true,"href":"https:\/\/blogdofarnesio.com.br\/index.php?rest_route=\/wp\/v2\/users\/3"}],"replies":[{"embeddable":true,"href":"https:\/\/blogdofarnesio.com.br\/index.php?rest_route=%2Fwp%2Fv2%2Fcomments&post=77695"}],"version-history":[{"count":0,"href":"https:\/\/blogdofarnesio.com.br\/index.php?rest_route=\/wp\/v2\/posts\/77695\/revisions"}],"wp:attachment":[{"href":"https:\/\/blogdofarnesio.com.br\/index.php?rest_route=%2Fwp%2Fv2%2Fmedia&parent=77695"}],"wp:term":[{"taxonomy":"category","embeddable":true,"href":"https:\/\/blogdofarnesio.com.br\/index.php?rest_route=%2Fwp%2Fv2%2Fcategories&post=77695"},{"taxonomy":"post_tag","embeddable":true,"href":"https:\/\/blogdofarnesio.com.br\/index.php?rest_route=%2Fwp%2Fv2%2Ftags&post=77695"}],"curies":[{"name":"wp","href":"https:\/\/api.w.org\/{rel}","templated":true}]}}