{"id":77623,"date":"2014-03-29T10:33:25","date_gmt":"2014-03-29T13:33:25","guid":{"rendered":"http:\/\/www.quersaberpolitica.com.br\/?p=77623"},"modified":"2014-03-29T09:34:12","modified_gmt":"2014-03-29T12:34:12","slug":"acoes-de-combate-a-dengue-em-juazeiro-fortalecem-o-controle-da-doenca","status":"publish","type":"post","link":"https:\/\/blogdofarnesio.com.br\/?p=77623","title":{"rendered":"A\u00c7\u00d5ES DE COMBATE A DENGUE EM JUAZEIRO FORTALECEM O CONTROLE DA DOEN\u00c7A"},"content":{"rendered":"<p style=\"text-align: justify\"><a href=\"http:\/\/www.quersaberpolitica.com.br\/2016\/wp-content\/uploads\/2013\/02\/blogqspdengue4.jpg\"><img loading=\"lazy\" decoding=\"async\" class=\"alignleft size-medium wp-image-26839\" alt=\"blogqspdengue4\" src=\"http:\/\/www.quersaberpolitica.com.br\/2016\/wp-content\/uploads\/2013\/02\/blogqspdengue4-300x200.jpg\" width=\"300\" height=\"200\" srcset=\"https:\/\/blogdofarnesio.com.br\/wp-content\/uploads\/2013\/02\/blogqspdengue4-300x200.jpg 300w, https:\/\/blogdofarnesio.com.br\/wp-content\/uploads\/2013\/02\/blogqspdengue4.jpg 448w\" sizes=\"auto, (max-width: 300px) 100vw, 300px\" \/><\/a>A Secretaria da Sa\u00fade de Juazeiro, atrav\u00e9s dos agentes de endemias, tem fortalecido rotineiramente as atividades para preven\u00e7\u00e3o da dengue. neste pr\u00f3ximo s\u00e1bado, 29, os profissionais v\u00e3o circular no bairro Alto da Alian\u00e7a, das 7h30 \u00e0s 13h. At\u00e9 esta quinta-feira, 27, foram notificados 74 casos e confirmados 30. No mesmo per\u00edodo do ano passado foram registrados 50 casos com dois casos confirmados.<\/p>\n<p style=\"text-align: justify\">A condi\u00e7\u00e3o hoje \u00e9 de baixo risco, j\u00e1 que para avaliar a situa\u00e7\u00e3o da dengue em uma cidade devem-se observar tr\u00eas fatores: clim\u00e1tico; \u00edndice de infesta\u00e7\u00e3o da larva do mosquito, e n\u00famero de casos com ciclo de transmiss\u00e3o da doen\u00e7a. \u00c9 o que informa o Superintendente de Regula\u00e7\u00e3o, Humaniza\u00e7\u00e3o e Promo\u00e7\u00e3o \u00e0 Sa\u00fade, M\u00e1rio Machado.<!--more--><\/p>\n<p style=\"text-align: justify\">\u201cA \u00fanica diferen\u00e7a em rela\u00e7\u00e3o aos anos anteriores s\u00e3o as chuvas, j\u00e1 que 2013 foi um ano at\u00edpico devido \u00e0 grave seca ocorrida na regi\u00e3o. O n\u00famero de casos de dengue est\u00e1 dentro da m\u00e9dia hist\u00f3rica dos \u00faltimos dez anos, excluindo 2008, quando houve epidemia\u201d, explicou.<\/p>\n<p style=\"text-align: justify\">M\u00e1rio Machado lembra ainda que a dengue n\u00e3o deve ser analisada de forma pontual. \u201cAt\u00e9 100 casos o munic\u00edpio est\u00e1 com baixa taxa de incid\u00eancia da doen\u00e7a. No \u00faltimo levantamento Juazeiro registrou 1,2%. Mas, a cidade ainda vive uma realidade tranquila e a luta deve continuar. O trabalho para conquistar o sucesso deve ser feito em conjunto com a popula\u00e7\u00e3o\u201d, esclareceu.<\/p>\n<p style=\"text-align: justify\">O trabalho dos agentes \u00e9 rotineiro, por isso Juazeiro nunca mais viveu aquela epidemia hist\u00f3rica de 2008, em que foi registrado mais de tr\u00eas mil casos. Durante as visitas \u00e0s resid\u00eancias os agentes fazem o tratamento qu\u00edmico e orientam os moradores, tirando as principais d\u00favidas.<\/p>\n<p style=\"text-align: justify\">\u201cA prefeitura manter\u00e1 o refor\u00e7o das a\u00e7\u00f5es e a comunidade deve ficar em alerta aos devidos cuidados, principalmente porque estamos no final da fase das chuvas de ver\u00e3o, per\u00edodo em que focos do aedes aegypti podem se proliferar\u201d, concluiu M\u00e1rio Machado.<\/p>\n<p style=\"text-align: justify\"><strong>V\u00e2nia Castro\/Assessoria Sesau<\/strong><\/p>\n","protected":false},"excerpt":{"rendered":"<p>A Secretaria da Sa\u00fade de Juazeiro, atrav\u00e9s dos agentes de endemias, tem fortalecido rotineiramente as atividades para preven\u00e7\u00e3o da dengue. neste pr\u00f3ximo s\u00e1bado, 29, os profissionais v\u00e3o circular no bairro Alto da Alian\u00e7a, das 7h30 \u00e0s 13h. At\u00e9 esta quinta-feira, 27, foram notificados 74 casos e confirmados 30. No mesmo per\u00edodo do ano passado foram registrados 50 casos com dois casos confirmados. A condi\u00e7\u00e3o hoje \u00e9 de baixo risco, j\u00e1 que para avaliar a situa\u00e7\u00e3o da dengue em uma cidade devem-se observar tr\u00eas fatores: clim\u00e1tico; \u00edndice de infesta\u00e7\u00e3o da larva do mosquito, e n\u00famero de casos com ciclo de transmiss\u00e3o da doen\u00e7a. \u00c9 o que informa o Superintendente de Regula\u00e7\u00e3o, Humaniza\u00e7\u00e3o e Promo\u00e7\u00e3o \u00e0 Sa\u00fade, M\u00e1rio Machado.<\/p>\n","protected":false},"author":3,"featured_media":0,"comment_status":"open","ping_status":"open","sticky":false,"template":"","format":"standard","meta":{"_acf_changed":false,"footnotes":""},"categories":[4,5],"tags":[],"class_list":["post-77623","post","type-post","status-publish","format-standard","hentry","category-saude","category-seguranca"],"acf":[],"yoast_head":"<!-- This site is optimized with the Yoast SEO plugin v27.4 - https:\/\/yoast.com\/product\/yoast-seo-wordpress\/ -->\n<title>A\u00c7\u00d5ES DE COMBATE A DENGUE EM JUAZEIRO FORTALECEM O CONTROLE DA DOEN\u00c7A  - Blog do Farn\u00e9sio<\/title>\n<meta name=\"robots\" content=\"index, follow, max-snippet:-1, max-image-preview:large, max-video-preview:-1\" \/>\n<link rel=\"canonical\" href=\"https:\/\/blogdofarnesio.com.br\/?p=77623\" \/>\n<meta property=\"og:locale\" content=\"pt_BR\" \/>\n<meta property=\"og:type\" content=\"article\" \/>\n<meta property=\"og:title\" content=\"A\u00c7\u00d5ES DE COMBATE A DENGUE EM JUAZEIRO FORTALECEM O CONTROLE DA DOEN\u00c7A  - Blog do Farn\u00e9sio\" \/>\n<meta property=\"og:description\" content=\"A Secretaria da Sa\u00fade de Juazeiro, atrav\u00e9s dos agentes de endemias, tem fortalecido rotineiramente as atividades para preven\u00e7\u00e3o da dengue. neste pr\u00f3ximo s\u00e1bado, 29, os profissionais v\u00e3o circular no bairro Alto da Alian\u00e7a, das 7h30 \u00e0s 13h. At\u00e9 esta quinta-feira, 27, foram notificados 74 casos e confirmados 30. No mesmo per\u00edodo do ano passado foram registrados 50 casos com dois casos confirmados. A condi\u00e7\u00e3o hoje \u00e9 de baixo risco, j\u00e1 que para avaliar a situa\u00e7\u00e3o da dengue em uma cidade devem-se observar tr\u00eas fatores: clim\u00e1tico; \u00edndice de infesta\u00e7\u00e3o da larva do mosquito, e n\u00famero de casos com ciclo de transmiss\u00e3o da doen\u00e7a. \u00c9 o que informa o Superintendente de Regula\u00e7\u00e3o, Humaniza\u00e7\u00e3o e Promo\u00e7\u00e3o \u00e0 Sa\u00fade, M\u00e1rio Machado.\" \/>\n<meta property=\"og:url\" content=\"https:\/\/blogdofarnesio.com.br\/?p=77623\" \/>\n<meta property=\"og:site_name\" content=\"Blog do Farn\u00e9sio\" \/>\n<meta property=\"article:publisher\" content=\"https:\/\/www.facebook.com\/BlogQuerSaberPolitica\/\" \/>\n<meta property=\"article:published_time\" content=\"2014-03-29T13:33:25+00:00\" \/>\n<meta property=\"og:image\" content=\"http:\/\/www.quersaberpolitica.com.br\/2016\/wp-content\/uploads\/2013\/02\/blogqspdengue4-300x200.jpg\" \/>\n<meta name=\"author\" content=\"teste\" \/>\n<meta name=\"twitter:card\" content=\"summary_large_image\" \/>\n<meta name=\"twitter:label1\" content=\"Escrito por\" \/>\n\t<meta name=\"twitter:data1\" content=\"teste\" \/>\n\t<meta name=\"twitter:label2\" content=\"Est. tempo de leitura\" \/>\n\t<meta name=\"twitter:data2\" content=\"2 minutos\" \/>\n<script type=\"application\/ld+json\" class=\"yoast-schema-graph\">{\"@context\":\"https:\\\/\\\/schema.org\",\"@graph\":[{\"@type\":\"Article\",\"@id\":\"https:\\\/\\\/blogdofarnesio.com.br\\\/?p=77623#article\",\"isPartOf\":{\"@id\":\"https:\\\/\\\/blogdofarnesio.com.br\\\/?p=77623\"},\"author\":{\"name\":\"teste\",\"@id\":\"https:\\\/\\\/blogdofarnesio.com.br\\\/#\\\/schema\\\/person\\\/dd1bf5eba40b687199ba45ca6b97dff9\"},\"headline\":\"A\u00c7\u00d5ES DE COMBATE A DENGUE EM JUAZEIRO FORTALECEM O CONTROLE DA DOEN\u00c7A\",\"datePublished\":\"2014-03-29T13:33:25+00:00\",\"mainEntityOfPage\":{\"@id\":\"https:\\\/\\\/blogdofarnesio.com.br\\\/?p=77623\"},\"wordCount\":359,\"commentCount\":0,\"publisher\":{\"@id\":\"https:\\\/\\\/blogdofarnesio.com.br\\\/#organization\"},\"image\":{\"@id\":\"https:\\\/\\\/blogdofarnesio.com.br\\\/?p=77623#primaryimage\"},\"thumbnailUrl\":\"http:\\\/\\\/www.quersaberpolitica.com.br\\\/2016\\\/wp-content\\\/uploads\\\/2013\\\/02\\\/blogqspdengue4-300x200.jpg\",\"articleSection\":[\"Sa\u00fade\",\"Seguran\u00e7a\"],\"inLanguage\":\"pt-BR\",\"potentialAction\":[{\"@type\":\"CommentAction\",\"name\":\"Comment\",\"target\":[\"https:\\\/\\\/blogdofarnesio.com.br\\\/?p=77623#respond\"]}]},{\"@type\":\"WebPage\",\"@id\":\"https:\\\/\\\/blogdofarnesio.com.br\\\/?p=77623\",\"url\":\"https:\\\/\\\/blogdofarnesio.com.br\\\/?p=77623\",\"name\":\"A\u00c7\u00d5ES DE COMBATE A DENGUE EM JUAZEIRO FORTALECEM O CONTROLE DA DOEN\u00c7A - Blog do Farn\u00e9sio\",\"isPartOf\":{\"@id\":\"https:\\\/\\\/blogdofarnesio.com.br\\\/#website\"},\"primaryImageOfPage\":{\"@id\":\"https:\\\/\\\/blogdofarnesio.com.br\\\/?p=77623#primaryimage\"},\"image\":{\"@id\":\"https:\\\/\\\/blogdofarnesio.com.br\\\/?p=77623#primaryimage\"},\"thumbnailUrl\":\"http:\\\/\\\/www.quersaberpolitica.com.br\\\/2016\\\/wp-content\\\/uploads\\\/2013\\\/02\\\/blogqspdengue4-300x200.jpg\",\"datePublished\":\"2014-03-29T13:33:25+00:00\",\"breadcrumb\":{\"@id\":\"https:\\\/\\\/blogdofarnesio.com.br\\\/?p=77623#breadcrumb\"},\"inLanguage\":\"pt-BR\",\"potentialAction\":[{\"@type\":\"ReadAction\",\"target\":[\"https:\\\/\\\/blogdofarnesio.com.br\\\/?p=77623\"]}]},{\"@type\":\"ImageObject\",\"inLanguage\":\"pt-BR\",\"@id\":\"https:\\\/\\\/blogdofarnesio.com.br\\\/?p=77623#primaryimage\",\"url\":\"http:\\\/\\\/www.quersaberpolitica.com.br\\\/2016\\\/wp-content\\\/uploads\\\/2013\\\/02\\\/blogqspdengue4-300x200.jpg\",\"contentUrl\":\"http:\\\/\\\/www.quersaberpolitica.com.br\\\/2016\\\/wp-content\\\/uploads\\\/2013\\\/02\\\/blogqspdengue4-300x200.jpg\"},{\"@type\":\"BreadcrumbList\",\"@id\":\"https:\\\/\\\/blogdofarnesio.com.br\\\/?p=77623#breadcrumb\",\"itemListElement\":[{\"@type\":\"ListItem\",\"position\":1,\"name\":\"In\u00edcio\",\"item\":\"https:\\\/\\\/blogdofarnesio.com.br\\\/\"},{\"@type\":\"ListItem\",\"position\":2,\"name\":\"A\u00c7\u00d5ES DE COMBATE A DENGUE EM JUAZEIRO FORTALECEM O CONTROLE DA DOEN\u00c7A\"}]},{\"@type\":\"WebSite\",\"@id\":\"https:\\\/\\\/blogdofarnesio.com.br\\\/#website\",\"url\":\"https:\\\/\\\/blogdofarnesio.com.br\\\/\",\"name\":\"Blog do Farn\u00e9sio\",\"description\":\"Quer Saber Pol\u00edtica?\",\"publisher\":{\"@id\":\"https:\\\/\\\/blogdofarnesio.com.br\\\/#organization\"},\"potentialAction\":[{\"@type\":\"SearchAction\",\"target\":{\"@type\":\"EntryPoint\",\"urlTemplate\":\"https:\\\/\\\/blogdofarnesio.com.br\\\/?s={search_term_string}\"},\"query-input\":{\"@type\":\"PropertyValueSpecification\",\"valueRequired\":true,\"valueName\":\"search_term_string\"}}],\"inLanguage\":\"pt-BR\"},{\"@type\":\"Organization\",\"@id\":\"https:\\\/\\\/blogdofarnesio.com.br\\\/#organization\",\"name\":\"Blog do Farn\u00e9sio\",\"url\":\"https:\\\/\\\/blogdofarnesio.com.br\\\/\",\"logo\":{\"@type\":\"ImageObject\",\"inLanguage\":\"pt-BR\",\"@id\":\"https:\\\/\\\/blogdofarnesio.com.br\\\/#\\\/schema\\\/logo\\\/image\\\/\",\"url\":\"https:\\\/\\\/blogdofarnesio.com.br\\\/wp-content\\\/uploads\\\/2026\\\/03\\\/cropped-logo_new-1.png\",\"contentUrl\":\"https:\\\/\\\/blogdofarnesio.com.br\\\/wp-content\\\/uploads\\\/2026\\\/03\\\/cropped-logo_new-1.png\",\"width\":881,\"height\":685,\"caption\":\"Blog do Farn\u00e9sio\"},\"image\":{\"@id\":\"https:\\\/\\\/blogdofarnesio.com.br\\\/#\\\/schema\\\/logo\\\/image\\\/\"},\"sameAs\":[\"https:\\\/\\\/www.facebook.com\\\/BlogQuerSaberPolitica\\\/\"]},{\"@type\":\"Person\",\"@id\":\"https:\\\/\\\/blogdofarnesio.com.br\\\/#\\\/schema\\\/person\\\/dd1bf5eba40b687199ba45ca6b97dff9\",\"name\":\"teste\",\"image\":{\"@type\":\"ImageObject\",\"inLanguage\":\"pt-BR\",\"@id\":\"https:\\\/\\\/secure.gravatar.com\\\/avatar\\\/2172498d4914b51e1d89a0f97957b035ac4938723a5cac208135d389b6972a6d?s=96&d=mm&r=g\",\"url\":\"https:\\\/\\\/secure.gravatar.com\\\/avatar\\\/2172498d4914b51e1d89a0f97957b035ac4938723a5cac208135d389b6972a6d?s=96&d=mm&r=g\",\"contentUrl\":\"https:\\\/\\\/secure.gravatar.com\\\/avatar\\\/2172498d4914b51e1d89a0f97957b035ac4938723a5cac208135d389b6972a6d?s=96&d=mm&r=g\",\"caption\":\"teste\"},\"url\":\"https:\\\/\\\/blogdofarnesio.com.br\\\/?author=3\"}]}<\/script>\n<!-- \/ Yoast SEO plugin. -->","yoast_head_json":{"title":"A\u00c7\u00d5ES DE COMBATE A DENGUE EM JUAZEIRO FORTALECEM O CONTROLE DA DOEN\u00c7A  - Blog do Farn\u00e9sio","robots":{"index":"index","follow":"follow","max-snippet":"max-snippet:-1","max-image-preview":"max-image-preview:large","max-video-preview":"max-video-preview:-1"},"canonical":"https:\/\/blogdofarnesio.com.br\/?p=77623","og_locale":"pt_BR","og_type":"article","og_title":"A\u00c7\u00d5ES DE COMBATE A DENGUE EM JUAZEIRO FORTALECEM O CONTROLE DA DOEN\u00c7A  - Blog do Farn\u00e9sio","og_description":"A Secretaria da Sa\u00fade de Juazeiro, atrav\u00e9s dos agentes de endemias, tem fortalecido rotineiramente as atividades para preven\u00e7\u00e3o da dengue. neste pr\u00f3ximo s\u00e1bado, 29, os profissionais v\u00e3o circular no bairro Alto da Alian\u00e7a, das 7h30 \u00e0s 13h. At\u00e9 esta quinta-feira, 27, foram notificados 74 casos e confirmados 30. No mesmo per\u00edodo do ano passado foram registrados 50 casos com dois casos confirmados. A condi\u00e7\u00e3o hoje \u00e9 de baixo risco, j\u00e1 que para avaliar a situa\u00e7\u00e3o da dengue em uma cidade devem-se observar tr\u00eas fatores: clim\u00e1tico; \u00edndice de infesta\u00e7\u00e3o da larva do mosquito, e n\u00famero de casos com ciclo de transmiss\u00e3o da doen\u00e7a. \u00c9 o que informa o Superintendente de Regula\u00e7\u00e3o, Humaniza\u00e7\u00e3o e Promo\u00e7\u00e3o \u00e0 Sa\u00fade, M\u00e1rio Machado.","og_url":"https:\/\/blogdofarnesio.com.br\/?p=77623","og_site_name":"Blog do Farn\u00e9sio","article_publisher":"https:\/\/www.facebook.com\/BlogQuerSaberPolitica\/","article_published_time":"2014-03-29T13:33:25+00:00","og_image":[{"url":"http:\/\/www.quersaberpolitica.com.br\/2016\/wp-content\/uploads\/2013\/02\/blogqspdengue4-300x200.jpg","type":"","width":"","height":""}],"author":"teste","twitter_card":"summary_large_image","twitter_misc":{"Escrito por":"teste","Est. tempo de leitura":"2 minutos"},"schema":{"@context":"https:\/\/schema.org","@graph":[{"@type":"Article","@id":"https:\/\/blogdofarnesio.com.br\/?p=77623#article","isPartOf":{"@id":"https:\/\/blogdofarnesio.com.br\/?p=77623"},"author":{"name":"teste","@id":"https:\/\/blogdofarnesio.com.br\/#\/schema\/person\/dd1bf5eba40b687199ba45ca6b97dff9"},"headline":"A\u00c7\u00d5ES DE COMBATE A DENGUE EM JUAZEIRO FORTALECEM O CONTROLE DA DOEN\u00c7A","datePublished":"2014-03-29T13:33:25+00:00","mainEntityOfPage":{"@id":"https:\/\/blogdofarnesio.com.br\/?p=77623"},"wordCount":359,"commentCount":0,"publisher":{"@id":"https:\/\/blogdofarnesio.com.br\/#organization"},"image":{"@id":"https:\/\/blogdofarnesio.com.br\/?p=77623#primaryimage"},"thumbnailUrl":"http:\/\/www.quersaberpolitica.com.br\/2016\/wp-content\/uploads\/2013\/02\/blogqspdengue4-300x200.jpg","articleSection":["Sa\u00fade","Seguran\u00e7a"],"inLanguage":"pt-BR","potentialAction":[{"@type":"CommentAction","name":"Comment","target":["https:\/\/blogdofarnesio.com.br\/?p=77623#respond"]}]},{"@type":"WebPage","@id":"https:\/\/blogdofarnesio.com.br\/?p=77623","url":"https:\/\/blogdofarnesio.com.br\/?p=77623","name":"A\u00c7\u00d5ES DE COMBATE A DENGUE EM JUAZEIRO FORTALECEM O CONTROLE DA DOEN\u00c7A - Blog do Farn\u00e9sio","isPartOf":{"@id":"https:\/\/blogdofarnesio.com.br\/#website"},"primaryImageOfPage":{"@id":"https:\/\/blogdofarnesio.com.br\/?p=77623#primaryimage"},"image":{"@id":"https:\/\/blogdofarnesio.com.br\/?p=77623#primaryimage"},"thumbnailUrl":"http:\/\/www.quersaberpolitica.com.br\/2016\/wp-content\/uploads\/2013\/02\/blogqspdengue4-300x200.jpg","datePublished":"2014-03-29T13:33:25+00:00","breadcrumb":{"@id":"https:\/\/blogdofarnesio.com.br\/?p=77623#breadcrumb"},"inLanguage":"pt-BR","potentialAction":[{"@type":"ReadAction","target":["https:\/\/blogdofarnesio.com.br\/?p=77623"]}]},{"@type":"ImageObject","inLanguage":"pt-BR","@id":"https:\/\/blogdofarnesio.com.br\/?p=77623#primaryimage","url":"http:\/\/www.quersaberpolitica.com.br\/2016\/wp-content\/uploads\/2013\/02\/blogqspdengue4-300x200.jpg","contentUrl":"http:\/\/www.quersaberpolitica.com.br\/2016\/wp-content\/uploads\/2013\/02\/blogqspdengue4-300x200.jpg"},{"@type":"BreadcrumbList","@id":"https:\/\/blogdofarnesio.com.br\/?p=77623#breadcrumb","itemListElement":[{"@type":"ListItem","position":1,"name":"In\u00edcio","item":"https:\/\/blogdofarnesio.com.br\/"},{"@type":"ListItem","position":2,"name":"A\u00c7\u00d5ES DE COMBATE A DENGUE EM JUAZEIRO FORTALECEM O CONTROLE DA DOEN\u00c7A"}]},{"@type":"WebSite","@id":"https:\/\/blogdofarnesio.com.br\/#website","url":"https:\/\/blogdofarnesio.com.br\/","name":"Blog do Farn\u00e9sio","description":"Quer Saber Pol\u00edtica?","publisher":{"@id":"https:\/\/blogdofarnesio.com.br\/#organization"},"potentialAction":[{"@type":"SearchAction","target":{"@type":"EntryPoint","urlTemplate":"https:\/\/blogdofarnesio.com.br\/?s={search_term_string}"},"query-input":{"@type":"PropertyValueSpecification","valueRequired":true,"valueName":"search_term_string"}}],"inLanguage":"pt-BR"},{"@type":"Organization","@id":"https:\/\/blogdofarnesio.com.br\/#organization","name":"Blog do Farn\u00e9sio","url":"https:\/\/blogdofarnesio.com.br\/","logo":{"@type":"ImageObject","inLanguage":"pt-BR","@id":"https:\/\/blogdofarnesio.com.br\/#\/schema\/logo\/image\/","url":"https:\/\/blogdofarnesio.com.br\/wp-content\/uploads\/2026\/03\/cropped-logo_new-1.png","contentUrl":"https:\/\/blogdofarnesio.com.br\/wp-content\/uploads\/2026\/03\/cropped-logo_new-1.png","width":881,"height":685,"caption":"Blog do Farn\u00e9sio"},"image":{"@id":"https:\/\/blogdofarnesio.com.br\/#\/schema\/logo\/image\/"},"sameAs":["https:\/\/www.facebook.com\/BlogQuerSaberPolitica\/"]},{"@type":"Person","@id":"https:\/\/blogdofarnesio.com.br\/#\/schema\/person\/dd1bf5eba40b687199ba45ca6b97dff9","name":"teste","image":{"@type":"ImageObject","inLanguage":"pt-BR","@id":"https:\/\/secure.gravatar.com\/avatar\/2172498d4914b51e1d89a0f97957b035ac4938723a5cac208135d389b6972a6d?s=96&d=mm&r=g","url":"https:\/\/secure.gravatar.com\/avatar\/2172498d4914b51e1d89a0f97957b035ac4938723a5cac208135d389b6972a6d?s=96&d=mm&r=g","contentUrl":"https:\/\/secure.gravatar.com\/avatar\/2172498d4914b51e1d89a0f97957b035ac4938723a5cac208135d389b6972a6d?s=96&d=mm&r=g","caption":"teste"},"url":"https:\/\/blogdofarnesio.com.br\/?author=3"}]}},"_links":{"self":[{"href":"https:\/\/blogdofarnesio.com.br\/index.php?rest_route=\/wp\/v2\/posts\/77623","targetHints":{"allow":["GET"]}}],"collection":[{"href":"https:\/\/blogdofarnesio.com.br\/index.php?rest_route=\/wp\/v2\/posts"}],"about":[{"href":"https:\/\/blogdofarnesio.com.br\/index.php?rest_route=\/wp\/v2\/types\/post"}],"author":[{"embeddable":true,"href":"https:\/\/blogdofarnesio.com.br\/index.php?rest_route=\/wp\/v2\/users\/3"}],"replies":[{"embeddable":true,"href":"https:\/\/blogdofarnesio.com.br\/index.php?rest_route=%2Fwp%2Fv2%2Fcomments&post=77623"}],"version-history":[{"count":0,"href":"https:\/\/blogdofarnesio.com.br\/index.php?rest_route=\/wp\/v2\/posts\/77623\/revisions"}],"wp:attachment":[{"href":"https:\/\/blogdofarnesio.com.br\/index.php?rest_route=%2Fwp%2Fv2%2Fmedia&parent=77623"}],"wp:term":[{"taxonomy":"category","embeddable":true,"href":"https:\/\/blogdofarnesio.com.br\/index.php?rest_route=%2Fwp%2Fv2%2Fcategories&post=77623"},{"taxonomy":"post_tag","embeddable":true,"href":"https:\/\/blogdofarnesio.com.br\/index.php?rest_route=%2Fwp%2Fv2%2Ftags&post=77623"}],"curies":[{"name":"wp","href":"https:\/\/api.w.org\/{rel}","templated":true}]}}