{"id":77401,"date":"2014-03-26T14:24:34","date_gmt":"2014-03-26T17:24:34","guid":{"rendered":"http:\/\/www.quersaberpolitica.com.br\/?p=77401"},"modified":"2014-03-26T10:28:44","modified_gmt":"2014-03-26T13:28:44","slug":"medico-diz-que-esta-chegando-a-hora-de-dar-adeus-a-schumacher","status":"publish","type":"post","link":"https:\/\/blogdofarnesio.com.br\/?p=77401","title":{"rendered":"M\u00c9DICO DIZ QUE EST\u00c1 CHEGANDO A HORA DE DAR ADEUS A SCHUMACHER"},"content":{"rendered":"<div id=\"post-body-952827601868681610\" style=\"text-align: justify\">\n<div><img loading=\"lazy\" decoding=\"async\" class=\"aligncenter\" style=\"border: 0px\" alt=\"\" src=\"https:\/\/images-blogger-opensocial.googleusercontent.com\/gadgets\/proxy?url=http%3A%2F%2F4.bp.blogspot.com%2F-WGksho3F8xg%2FUzI9bm-kGsI%2FAAAAAAABOMg%2FjLCE08Ad4cM%2Fs1600%2Fmichael-schumacher_1452850c.jpg&amp;container=blogger&amp;gadget=a&amp;rewriteMime=image%2F*\" width=\"460\" height=\"288\" border=\"0\" \/><\/div>\n<div>O ex-m\u00e9dico da F\u00f3rmula 1, Gary Hartstein, utilizou seu blog para falar sobre o estado do piloto Michael Schumacher, que sofreu um acidente enquanto esquiava em dezembro do ano passado e segue em coma. Sem not\u00edcias do estado de sa\u00fade do alem\u00e3o, Gary, que foi m\u00e9dico-chefe da maior categoria de automobilismo entre 2005 e 2012, afirmou que os f\u00e3s devem aproveitar o momento para se despedir do Michael.<\/div>\n<div><\/div>\n<div>O \u00faltimo comunicado oficial da assessoria de Michael Schumacher aconteceu no dia 12 de mar\u00e7o. Segundo Sabine Kehm, porta-voz de Schumi, o piloto apresentava sinais de que iria acordar do coma e que a fam\u00edlia do alem\u00e3o estava confiante. &#8220;Eu sempre soube que Michael era adorado. Passei anos em circuitos tomados pela cor vermelha de bon\u00e9s, bandeiras e camisetas da Ferrari.<!--more--><\/div>\n<div><\/div>\n<div>Ainda estou sensibilizado pela persist\u00eancia do amor de seus f\u00e3s para ele. E, enquanto ficava preocupado sobre o que vai acontecer quando, e se, as not\u00edcias muito ruins forem anunciadas, percebi que a falta de atualiza\u00e7\u00f5es no quadro cl\u00ednico tamb\u00e9m pode ser uma chance para come\u00e7armos a nos despedir dele. E acho que este \u00e9 o &#8220;benef\u00edcio&#8221; inesperado da estrat\u00e9gia de m\u00eddia escolhida pela fam\u00edlia de Michael. De alguma forma, acho que os f\u00e3s v\u00e3o ficar bem, porque eles est\u00e3o tendo tempo para processar tudo isso&#8221;, afirmou Hartstein em sua p\u00e1gina.<\/div>\n<div><\/div>\n<div>O \u00faltimo comunicado oficial da assessoria de Michael Schumacher aconteceu no dia 12 de mar\u00e7o. Segundo Sabine Kehm, porta-voz de Schumi, o piloto apresentava sinais de que iria acordoar do coma e que a fam\u00edlia do alem\u00e3o estava confiante.<\/div>\n<\/div>\n","protected":false},"excerpt":{"rendered":"<p>O ex-m\u00e9dico da F\u00f3rmula 1, Gary Hartstein, utilizou seu blog para falar sobre o estado do piloto Michael Schumacher, que sofreu um acidente enquanto esquiava em dezembro do ano passado e segue em coma. Sem not\u00edcias do estado de sa\u00fade do alem\u00e3o, Gary, que foi m\u00e9dico-chefe da maior categoria de automobilismo entre 2005 e 2012, afirmou que os f\u00e3s devem aproveitar o momento para se despedir do Michael. O \u00faltimo comunicado oficial da assessoria de Michael Schumacher aconteceu no dia 12 de mar\u00e7o. Segundo Sabine Kehm, porta-voz de Schumi, o piloto apresentava sinais de que iria acordar do coma e que a fam\u00edlia do alem\u00e3o estava confiante. &#8220;Eu sempre soube que Michael era adorado. Passei anos em circuitos tomados pela&hellip; <\/p>\n","protected":false},"author":3,"featured_media":0,"comment_status":"open","ping_status":"open","sticky":false,"template":"","format":"standard","meta":{"_acf_changed":false,"footnotes":""},"categories":[8],"tags":[],"class_list":["post-77401","post","type-post","status-publish","format-standard","hentry","category-esportes"],"acf":[],"yoast_head":"<!-- This site is optimized with the Yoast SEO plugin v27.4 - https:\/\/yoast.com\/product\/yoast-seo-wordpress\/ -->\n<title>M\u00c9DICO DIZ QUE EST\u00c1 CHEGANDO A HORA DE DAR ADEUS A SCHUMACHER - Blog do Farn\u00e9sio<\/title>\n<meta name=\"robots\" content=\"index, follow, max-snippet:-1, max-image-preview:large, max-video-preview:-1\" \/>\n<link rel=\"canonical\" href=\"https:\/\/blogdofarnesio.com.br\/?p=77401\" \/>\n<meta property=\"og:locale\" content=\"pt_BR\" \/>\n<meta property=\"og:type\" content=\"article\" \/>\n<meta property=\"og:title\" content=\"M\u00c9DICO DIZ QUE EST\u00c1 CHEGANDO A HORA DE DAR ADEUS A SCHUMACHER - Blog do Farn\u00e9sio\" \/>\n<meta property=\"og:description\" content=\"O ex-m\u00e9dico da F\u00f3rmula 1, Gary Hartstein, utilizou seu blog para falar sobre o estado do piloto Michael Schumacher, que sofreu um acidente enquanto esquiava em dezembro do ano passado e segue em coma. Sem not\u00edcias do estado de sa\u00fade do alem\u00e3o, Gary, que foi m\u00e9dico-chefe da maior categoria de automobilismo entre 2005 e 2012, afirmou que os f\u00e3s devem aproveitar o momento para se despedir do Michael. O \u00faltimo comunicado oficial da assessoria de Michael Schumacher aconteceu no dia 12 de mar\u00e7o. Segundo Sabine Kehm, porta-voz de Schumi, o piloto apresentava sinais de que iria acordar do coma e que a fam\u00edlia do alem\u00e3o estava confiante. &#8220;Eu sempre soube que Michael era adorado. Passei anos em circuitos tomados pela&hellip;\" \/>\n<meta property=\"og:url\" content=\"https:\/\/blogdofarnesio.com.br\/?p=77401\" \/>\n<meta property=\"og:site_name\" content=\"Blog do Farn\u00e9sio\" \/>\n<meta property=\"article:publisher\" content=\"https:\/\/www.facebook.com\/BlogQuerSaberPolitica\/\" \/>\n<meta property=\"article:published_time\" content=\"2014-03-26T17:24:34+00:00\" \/>\n<meta property=\"og:image\" content=\"https:\/\/images-blogger-opensocial.googleusercontent.com\/gadgets\/proxy?url=http%3A%2F%2F4.bp.blogspot.com%2F-WGksho3F8xg%2FUzI9bm-kGsI%2FAAAAAAABOMg%2FjLCE08Ad4cM%2Fs1600%2Fmichael-schumacher_1452850c.jpg&amp;container=blogger&amp;gadget=a&amp;rewriteMime=image%2F*\" \/>\n<meta name=\"author\" content=\"teste\" \/>\n<meta name=\"twitter:card\" content=\"summary_large_image\" \/>\n<meta name=\"twitter:label1\" content=\"Escrito por\" \/>\n\t<meta name=\"twitter:data1\" content=\"teste\" \/>\n\t<meta name=\"twitter:label2\" content=\"Est. tempo de leitura\" \/>\n\t<meta name=\"twitter:data2\" content=\"1 minuto\" \/>\n<script type=\"application\/ld+json\" class=\"yoast-schema-graph\">{\"@context\":\"https:\\\/\\\/schema.org\",\"@graph\":[{\"@type\":\"Article\",\"@id\":\"https:\\\/\\\/blogdofarnesio.com.br\\\/?p=77401#article\",\"isPartOf\":{\"@id\":\"https:\\\/\\\/blogdofarnesio.com.br\\\/?p=77401\"},\"author\":{\"name\":\"teste\",\"@id\":\"https:\\\/\\\/blogdofarnesio.com.br\\\/#\\\/schema\\\/person\\\/dd1bf5eba40b687199ba45ca6b97dff9\"},\"headline\":\"M\u00c9DICO DIZ QUE EST\u00c1 CHEGANDO A HORA DE DAR ADEUS A SCHUMACHER\",\"datePublished\":\"2014-03-26T17:24:34+00:00\",\"mainEntityOfPage\":{\"@id\":\"https:\\\/\\\/blogdofarnesio.com.br\\\/?p=77401\"},\"wordCount\":295,\"commentCount\":0,\"publisher\":{\"@id\":\"https:\\\/\\\/blogdofarnesio.com.br\\\/#organization\"},\"image\":{\"@id\":\"https:\\\/\\\/blogdofarnesio.com.br\\\/?p=77401#primaryimage\"},\"thumbnailUrl\":\"https:\\\/\\\/images-blogger-opensocial.googleusercontent.com\\\/gadgets\\\/proxy?url=http%3A%2F%2F4.bp.blogspot.com%2F-WGksho3F8xg%2FUzI9bm-kGsI%2FAAAAAAABOMg%2FjLCE08Ad4cM%2Fs1600%2Fmichael-schumacher_1452850c.jpg&amp;container=blogger&amp;gadget=a&amp;rewriteMime=image%2F*\",\"articleSection\":[\"Esportes\"],\"inLanguage\":\"pt-BR\",\"potentialAction\":[{\"@type\":\"CommentAction\",\"name\":\"Comment\",\"target\":[\"https:\\\/\\\/blogdofarnesio.com.br\\\/?p=77401#respond\"]}]},{\"@type\":\"WebPage\",\"@id\":\"https:\\\/\\\/blogdofarnesio.com.br\\\/?p=77401\",\"url\":\"https:\\\/\\\/blogdofarnesio.com.br\\\/?p=77401\",\"name\":\"M\u00c9DICO DIZ QUE EST\u00c1 CHEGANDO A HORA DE DAR ADEUS A SCHUMACHER - Blog do Farn\u00e9sio\",\"isPartOf\":{\"@id\":\"https:\\\/\\\/blogdofarnesio.com.br\\\/#website\"},\"primaryImageOfPage\":{\"@id\":\"https:\\\/\\\/blogdofarnesio.com.br\\\/?p=77401#primaryimage\"},\"image\":{\"@id\":\"https:\\\/\\\/blogdofarnesio.com.br\\\/?p=77401#primaryimage\"},\"thumbnailUrl\":\"https:\\\/\\\/images-blogger-opensocial.googleusercontent.com\\\/gadgets\\\/proxy?url=http%3A%2F%2F4.bp.blogspot.com%2F-WGksho3F8xg%2FUzI9bm-kGsI%2FAAAAAAABOMg%2FjLCE08Ad4cM%2Fs1600%2Fmichael-schumacher_1452850c.jpg&amp;container=blogger&amp;gadget=a&amp;rewriteMime=image%2F*\",\"datePublished\":\"2014-03-26T17:24:34+00:00\",\"breadcrumb\":{\"@id\":\"https:\\\/\\\/blogdofarnesio.com.br\\\/?p=77401#breadcrumb\"},\"inLanguage\":\"pt-BR\",\"potentialAction\":[{\"@type\":\"ReadAction\",\"target\":[\"https:\\\/\\\/blogdofarnesio.com.br\\\/?p=77401\"]}]},{\"@type\":\"ImageObject\",\"inLanguage\":\"pt-BR\",\"@id\":\"https:\\\/\\\/blogdofarnesio.com.br\\\/?p=77401#primaryimage\",\"url\":\"https:\\\/\\\/images-blogger-opensocial.googleusercontent.com\\\/gadgets\\\/proxy?url=http%3A%2F%2F4.bp.blogspot.com%2F-WGksho3F8xg%2FUzI9bm-kGsI%2FAAAAAAABOMg%2FjLCE08Ad4cM%2Fs1600%2Fmichael-schumacher_1452850c.jpg&amp;container=blogger&amp;gadget=a&amp;rewriteMime=image%2F*\",\"contentUrl\":\"https:\\\/\\\/images-blogger-opensocial.googleusercontent.com\\\/gadgets\\\/proxy?url=http%3A%2F%2F4.bp.blogspot.com%2F-WGksho3F8xg%2FUzI9bm-kGsI%2FAAAAAAABOMg%2FjLCE08Ad4cM%2Fs1600%2Fmichael-schumacher_1452850c.jpg&amp;container=blogger&amp;gadget=a&amp;rewriteMime=image%2F*\"},{\"@type\":\"BreadcrumbList\",\"@id\":\"https:\\\/\\\/blogdofarnesio.com.br\\\/?p=77401#breadcrumb\",\"itemListElement\":[{\"@type\":\"ListItem\",\"position\":1,\"name\":\"In\u00edcio\",\"item\":\"https:\\\/\\\/blogdofarnesio.com.br\\\/\"},{\"@type\":\"ListItem\",\"position\":2,\"name\":\"M\u00c9DICO DIZ QUE EST\u00c1 CHEGANDO A HORA DE DAR ADEUS A SCHUMACHER\"}]},{\"@type\":\"WebSite\",\"@id\":\"https:\\\/\\\/blogdofarnesio.com.br\\\/#website\",\"url\":\"https:\\\/\\\/blogdofarnesio.com.br\\\/\",\"name\":\"Blog do Farn\u00e9sio\",\"description\":\"Quer Saber Pol\u00edtica?\",\"publisher\":{\"@id\":\"https:\\\/\\\/blogdofarnesio.com.br\\\/#organization\"},\"potentialAction\":[{\"@type\":\"SearchAction\",\"target\":{\"@type\":\"EntryPoint\",\"urlTemplate\":\"https:\\\/\\\/blogdofarnesio.com.br\\\/?s={search_term_string}\"},\"query-input\":{\"@type\":\"PropertyValueSpecification\",\"valueRequired\":true,\"valueName\":\"search_term_string\"}}],\"inLanguage\":\"pt-BR\"},{\"@type\":\"Organization\",\"@id\":\"https:\\\/\\\/blogdofarnesio.com.br\\\/#organization\",\"name\":\"Blog do Farn\u00e9sio\",\"url\":\"https:\\\/\\\/blogdofarnesio.com.br\\\/\",\"logo\":{\"@type\":\"ImageObject\",\"inLanguage\":\"pt-BR\",\"@id\":\"https:\\\/\\\/blogdofarnesio.com.br\\\/#\\\/schema\\\/logo\\\/image\\\/\",\"url\":\"https:\\\/\\\/blogdofarnesio.com.br\\\/wp-content\\\/uploads\\\/2026\\\/03\\\/cropped-logo_new-1.png\",\"contentUrl\":\"https:\\\/\\\/blogdofarnesio.com.br\\\/wp-content\\\/uploads\\\/2026\\\/03\\\/cropped-logo_new-1.png\",\"width\":881,\"height\":685,\"caption\":\"Blog do Farn\u00e9sio\"},\"image\":{\"@id\":\"https:\\\/\\\/blogdofarnesio.com.br\\\/#\\\/schema\\\/logo\\\/image\\\/\"},\"sameAs\":[\"https:\\\/\\\/www.facebook.com\\\/BlogQuerSaberPolitica\\\/\"]},{\"@type\":\"Person\",\"@id\":\"https:\\\/\\\/blogdofarnesio.com.br\\\/#\\\/schema\\\/person\\\/dd1bf5eba40b687199ba45ca6b97dff9\",\"name\":\"teste\",\"image\":{\"@type\":\"ImageObject\",\"inLanguage\":\"pt-BR\",\"@id\":\"https:\\\/\\\/secure.gravatar.com\\\/avatar\\\/2172498d4914b51e1d89a0f97957b035ac4938723a5cac208135d389b6972a6d?s=96&d=mm&r=g\",\"url\":\"https:\\\/\\\/secure.gravatar.com\\\/avatar\\\/2172498d4914b51e1d89a0f97957b035ac4938723a5cac208135d389b6972a6d?s=96&d=mm&r=g\",\"contentUrl\":\"https:\\\/\\\/secure.gravatar.com\\\/avatar\\\/2172498d4914b51e1d89a0f97957b035ac4938723a5cac208135d389b6972a6d?s=96&d=mm&r=g\",\"caption\":\"teste\"},\"url\":\"https:\\\/\\\/blogdofarnesio.com.br\\\/?author=3\"}]}<\/script>\n<!-- \/ Yoast SEO plugin. -->","yoast_head_json":{"title":"M\u00c9DICO DIZ QUE EST\u00c1 CHEGANDO A HORA DE DAR ADEUS A SCHUMACHER - Blog do Farn\u00e9sio","robots":{"index":"index","follow":"follow","max-snippet":"max-snippet:-1","max-image-preview":"max-image-preview:large","max-video-preview":"max-video-preview:-1"},"canonical":"https:\/\/blogdofarnesio.com.br\/?p=77401","og_locale":"pt_BR","og_type":"article","og_title":"M\u00c9DICO DIZ QUE EST\u00c1 CHEGANDO A HORA DE DAR ADEUS A SCHUMACHER - Blog do Farn\u00e9sio","og_description":"O ex-m\u00e9dico da F\u00f3rmula 1, Gary Hartstein, utilizou seu blog para falar sobre o estado do piloto Michael Schumacher, que sofreu um acidente enquanto esquiava em dezembro do ano passado e segue em coma. Sem not\u00edcias do estado de sa\u00fade do alem\u00e3o, Gary, que foi m\u00e9dico-chefe da maior categoria de automobilismo entre 2005 e 2012, afirmou que os f\u00e3s devem aproveitar o momento para se despedir do Michael. O \u00faltimo comunicado oficial da assessoria de Michael Schumacher aconteceu no dia 12 de mar\u00e7o. Segundo Sabine Kehm, porta-voz de Schumi, o piloto apresentava sinais de que iria acordar do coma e que a fam\u00edlia do alem\u00e3o estava confiante. &#8220;Eu sempre soube que Michael era adorado. Passei anos em circuitos tomados pela&hellip;","og_url":"https:\/\/blogdofarnesio.com.br\/?p=77401","og_site_name":"Blog do Farn\u00e9sio","article_publisher":"https:\/\/www.facebook.com\/BlogQuerSaberPolitica\/","article_published_time":"2014-03-26T17:24:34+00:00","og_image":[{"url":"https:\/\/images-blogger-opensocial.googleusercontent.com\/gadgets\/proxy?url=http%3A%2F%2F4.bp.blogspot.com%2F-WGksho3F8xg%2FUzI9bm-kGsI%2FAAAAAAABOMg%2FjLCE08Ad4cM%2Fs1600%2Fmichael-schumacher_1452850c.jpg&amp;container=blogger&amp;gadget=a&amp;rewriteMime=image%2F*","type":"","width":"","height":""}],"author":"teste","twitter_card":"summary_large_image","twitter_misc":{"Escrito por":"teste","Est. tempo de leitura":"1 minuto"},"schema":{"@context":"https:\/\/schema.org","@graph":[{"@type":"Article","@id":"https:\/\/blogdofarnesio.com.br\/?p=77401#article","isPartOf":{"@id":"https:\/\/blogdofarnesio.com.br\/?p=77401"},"author":{"name":"teste","@id":"https:\/\/blogdofarnesio.com.br\/#\/schema\/person\/dd1bf5eba40b687199ba45ca6b97dff9"},"headline":"M\u00c9DICO DIZ QUE EST\u00c1 CHEGANDO A HORA DE DAR ADEUS A SCHUMACHER","datePublished":"2014-03-26T17:24:34+00:00","mainEntityOfPage":{"@id":"https:\/\/blogdofarnesio.com.br\/?p=77401"},"wordCount":295,"commentCount":0,"publisher":{"@id":"https:\/\/blogdofarnesio.com.br\/#organization"},"image":{"@id":"https:\/\/blogdofarnesio.com.br\/?p=77401#primaryimage"},"thumbnailUrl":"https:\/\/images-blogger-opensocial.googleusercontent.com\/gadgets\/proxy?url=http%3A%2F%2F4.bp.blogspot.com%2F-WGksho3F8xg%2FUzI9bm-kGsI%2FAAAAAAABOMg%2FjLCE08Ad4cM%2Fs1600%2Fmichael-schumacher_1452850c.jpg&amp;container=blogger&amp;gadget=a&amp;rewriteMime=image%2F*","articleSection":["Esportes"],"inLanguage":"pt-BR","potentialAction":[{"@type":"CommentAction","name":"Comment","target":["https:\/\/blogdofarnesio.com.br\/?p=77401#respond"]}]},{"@type":"WebPage","@id":"https:\/\/blogdofarnesio.com.br\/?p=77401","url":"https:\/\/blogdofarnesio.com.br\/?p=77401","name":"M\u00c9DICO DIZ QUE EST\u00c1 CHEGANDO A HORA DE DAR ADEUS A SCHUMACHER - Blog do Farn\u00e9sio","isPartOf":{"@id":"https:\/\/blogdofarnesio.com.br\/#website"},"primaryImageOfPage":{"@id":"https:\/\/blogdofarnesio.com.br\/?p=77401#primaryimage"},"image":{"@id":"https:\/\/blogdofarnesio.com.br\/?p=77401#primaryimage"},"thumbnailUrl":"https:\/\/images-blogger-opensocial.googleusercontent.com\/gadgets\/proxy?url=http%3A%2F%2F4.bp.blogspot.com%2F-WGksho3F8xg%2FUzI9bm-kGsI%2FAAAAAAABOMg%2FjLCE08Ad4cM%2Fs1600%2Fmichael-schumacher_1452850c.jpg&amp;container=blogger&amp;gadget=a&amp;rewriteMime=image%2F*","datePublished":"2014-03-26T17:24:34+00:00","breadcrumb":{"@id":"https:\/\/blogdofarnesio.com.br\/?p=77401#breadcrumb"},"inLanguage":"pt-BR","potentialAction":[{"@type":"ReadAction","target":["https:\/\/blogdofarnesio.com.br\/?p=77401"]}]},{"@type":"ImageObject","inLanguage":"pt-BR","@id":"https:\/\/blogdofarnesio.com.br\/?p=77401#primaryimage","url":"https:\/\/images-blogger-opensocial.googleusercontent.com\/gadgets\/proxy?url=http%3A%2F%2F4.bp.blogspot.com%2F-WGksho3F8xg%2FUzI9bm-kGsI%2FAAAAAAABOMg%2FjLCE08Ad4cM%2Fs1600%2Fmichael-schumacher_1452850c.jpg&amp;container=blogger&amp;gadget=a&amp;rewriteMime=image%2F*","contentUrl":"https:\/\/images-blogger-opensocial.googleusercontent.com\/gadgets\/proxy?url=http%3A%2F%2F4.bp.blogspot.com%2F-WGksho3F8xg%2FUzI9bm-kGsI%2FAAAAAAABOMg%2FjLCE08Ad4cM%2Fs1600%2Fmichael-schumacher_1452850c.jpg&amp;container=blogger&amp;gadget=a&amp;rewriteMime=image%2F*"},{"@type":"BreadcrumbList","@id":"https:\/\/blogdofarnesio.com.br\/?p=77401#breadcrumb","itemListElement":[{"@type":"ListItem","position":1,"name":"In\u00edcio","item":"https:\/\/blogdofarnesio.com.br\/"},{"@type":"ListItem","position":2,"name":"M\u00c9DICO DIZ QUE EST\u00c1 CHEGANDO A HORA DE DAR ADEUS A SCHUMACHER"}]},{"@type":"WebSite","@id":"https:\/\/blogdofarnesio.com.br\/#website","url":"https:\/\/blogdofarnesio.com.br\/","name":"Blog do Farn\u00e9sio","description":"Quer Saber Pol\u00edtica?","publisher":{"@id":"https:\/\/blogdofarnesio.com.br\/#organization"},"potentialAction":[{"@type":"SearchAction","target":{"@type":"EntryPoint","urlTemplate":"https:\/\/blogdofarnesio.com.br\/?s={search_term_string}"},"query-input":{"@type":"PropertyValueSpecification","valueRequired":true,"valueName":"search_term_string"}}],"inLanguage":"pt-BR"},{"@type":"Organization","@id":"https:\/\/blogdofarnesio.com.br\/#organization","name":"Blog do Farn\u00e9sio","url":"https:\/\/blogdofarnesio.com.br\/","logo":{"@type":"ImageObject","inLanguage":"pt-BR","@id":"https:\/\/blogdofarnesio.com.br\/#\/schema\/logo\/image\/","url":"https:\/\/blogdofarnesio.com.br\/wp-content\/uploads\/2026\/03\/cropped-logo_new-1.png","contentUrl":"https:\/\/blogdofarnesio.com.br\/wp-content\/uploads\/2026\/03\/cropped-logo_new-1.png","width":881,"height":685,"caption":"Blog do Farn\u00e9sio"},"image":{"@id":"https:\/\/blogdofarnesio.com.br\/#\/schema\/logo\/image\/"},"sameAs":["https:\/\/www.facebook.com\/BlogQuerSaberPolitica\/"]},{"@type":"Person","@id":"https:\/\/blogdofarnesio.com.br\/#\/schema\/person\/dd1bf5eba40b687199ba45ca6b97dff9","name":"teste","image":{"@type":"ImageObject","inLanguage":"pt-BR","@id":"https:\/\/secure.gravatar.com\/avatar\/2172498d4914b51e1d89a0f97957b035ac4938723a5cac208135d389b6972a6d?s=96&d=mm&r=g","url":"https:\/\/secure.gravatar.com\/avatar\/2172498d4914b51e1d89a0f97957b035ac4938723a5cac208135d389b6972a6d?s=96&d=mm&r=g","contentUrl":"https:\/\/secure.gravatar.com\/avatar\/2172498d4914b51e1d89a0f97957b035ac4938723a5cac208135d389b6972a6d?s=96&d=mm&r=g","caption":"teste"},"url":"https:\/\/blogdofarnesio.com.br\/?author=3"}]}},"_links":{"self":[{"href":"https:\/\/blogdofarnesio.com.br\/index.php?rest_route=\/wp\/v2\/posts\/77401","targetHints":{"allow":["GET"]}}],"collection":[{"href":"https:\/\/blogdofarnesio.com.br\/index.php?rest_route=\/wp\/v2\/posts"}],"about":[{"href":"https:\/\/blogdofarnesio.com.br\/index.php?rest_route=\/wp\/v2\/types\/post"}],"author":[{"embeddable":true,"href":"https:\/\/blogdofarnesio.com.br\/index.php?rest_route=\/wp\/v2\/users\/3"}],"replies":[{"embeddable":true,"href":"https:\/\/blogdofarnesio.com.br\/index.php?rest_route=%2Fwp%2Fv2%2Fcomments&post=77401"}],"version-history":[{"count":0,"href":"https:\/\/blogdofarnesio.com.br\/index.php?rest_route=\/wp\/v2\/posts\/77401\/revisions"}],"wp:attachment":[{"href":"https:\/\/blogdofarnesio.com.br\/index.php?rest_route=%2Fwp%2Fv2%2Fmedia&parent=77401"}],"wp:term":[{"taxonomy":"category","embeddable":true,"href":"https:\/\/blogdofarnesio.com.br\/index.php?rest_route=%2Fwp%2Fv2%2Fcategories&post=77401"},{"taxonomy":"post_tag","embeddable":true,"href":"https:\/\/blogdofarnesio.com.br\/index.php?rest_route=%2Fwp%2Fv2%2Ftags&post=77401"}],"curies":[{"name":"wp","href":"https:\/\/api.w.org\/{rel}","templated":true}]}}