{"id":77399,"date":"2014-03-26T13:00:30","date_gmt":"2014-03-26T16:00:30","guid":{"rendered":"http:\/\/www.quersaberpolitica.com.br\/?p=77399"},"modified":"2014-03-26T10:24:12","modified_gmt":"2014-03-26T13:24:12","slug":"direto-de-sento-se-74","status":"publish","type":"post","link":"https:\/\/blogdofarnesio.com.br\/?p=77399","title":{"rendered":"DIRETO DE SENTO S\u00c9"},"content":{"rendered":"<h3 style=\"text-align: justify\"><strong>PREFEITO EDNALDO BARROS E MAIS 7 PESSOAS S\u00c3O INOCENTADAS PELA JUSTI\u00c7A\u00a0<\/strong><\/h3>\n<div id=\"post-body-7313353487597421977\" style=\"text-align: justify\">\n<div><img loading=\"lazy\" decoding=\"async\" class=\"aligncenter\" style=\"border: 0px\" alt=\"\" src=\"https:\/\/images-blogger-opensocial.googleusercontent.com\/gadgets\/proxy?url=http%3A%2F%2F2.bp.blogspot.com%2F-CUnc1qU-e-I%2FUzK7p-UyYBI%2FAAAAAAABONY%2Fy1_EmyUTNOo%2Fs1600%2Fprefeito-Ednaldo-02_640x480.jpg&amp;container=blogger&amp;gadget=a&amp;rewriteMime=image%2F*\" width=\"512\" height=\"384\" border=\"0\" \/>Quase dezesseis anos depois, o Tribunal Regional Eleitoral da Bahia (TRE), julgou improcedente a A\u00e7\u00e3o Penal conta o prefeito do munic\u00edpio de Sento-S\u00e9, Ednaldo dos Santos Barros e outras sete pessoas: D\u00e1vio Paes de Castro, D\u00e9lio Alves Tupin\u00e1, Clodoaldo de Oliveira dos Santos, Adalto dos Santos Barros, Lourivanda de Barros Silva, Valfredo Alves Tupin\u00e1 e Orlando Jacinto das Neves.<\/div>\n<div><\/div>\n<div>O processo de A\u00e7\u00e3o Penal n\u00ba2221-44.2002.6.05.0096 originado da 96\u00aa Zona Eleitoral de Sento-S\u00e9, teve como Relator o Juiz Josevando Souza Andrade e a autoria do Minist\u00e9rio P\u00fablico Eleitoral. O julgamento aconteceu no \u00faltimo dia 19\/03, sendo a acusa\u00e7\u00e3o indeferida por unanimidade.<!--more--><\/div>\n<div><\/div>\n<div>Os r\u00e9us eram acusados de crime eleitoral por transporte ilegal de eleitores na elei\u00e7\u00e3o municipal de 1996, pleito em que Ednaldo Barros concorreu contra D\u00e1vio Paes, hoje aliado pol\u00edtico fiel do prefeito e diretor administrativo do SAAE.<\/div>\n<div><\/div>\n<div>&#8220;Era nessa hip\u00f3tese remota que os advers\u00e1rios pol\u00edticos do prefeito Ednaldo Barros alimentavam esperan\u00e7as de afast\u00e1-lo do cargo e assim criarem uma instabilidade pol\u00edtica no munic\u00edpio, com vista \u00e0s elei\u00e7\u00f5es de 2016. Mais uma vez foram derrotados na justi\u00e7a&#8221;, argumentaram os aliados do prefeito.<\/div>\n<div><\/div>\n<div><strong>Com informa\u00e7\u00f5es de Gabriel Filliph<\/strong><\/div>\n<\/div>\n","protected":false},"excerpt":{"rendered":"<p>PREFEITO EDNALDO BARROS E MAIS 7 PESSOAS S\u00c3O INOCENTADAS PELA JUSTI\u00c7A\u00a0 Quase dezesseis anos depois, o Tribunal Regional Eleitoral da Bahia (TRE), julgou improcedente a A\u00e7\u00e3o Penal conta o prefeito do munic\u00edpio de Sento-S\u00e9, Ednaldo dos Santos Barros e outras sete pessoas: D\u00e1vio Paes de Castro, D\u00e9lio Alves Tupin\u00e1, Clodoaldo de Oliveira dos Santos, Adalto dos Santos Barros, Lourivanda de Barros Silva, Valfredo Alves Tupin\u00e1 e Orlando Jacinto das Neves. O processo de A\u00e7\u00e3o Penal n\u00ba2221-44.2002.6.05.0096 originado da 96\u00aa Zona Eleitoral de Sento-S\u00e9, teve como Relator o Juiz Josevando Souza Andrade e a autoria do Minist\u00e9rio P\u00fablico Eleitoral. O julgamento aconteceu no \u00faltimo dia 19\/03, sendo a acusa\u00e7\u00e3o indeferida por unanimidade.<\/p>\n","protected":false},"author":3,"featured_media":0,"comment_status":"open","ping_status":"open","sticky":false,"template":"","format":"standard","meta":{"_acf_changed":false,"footnotes":""},"categories":[27,23],"tags":[],"class_list":["post-77399","post","type-post","status-publish","format-standard","hentry","category-cidades","category-justica"],"acf":[],"yoast_head":"<!-- This site is optimized with the Yoast SEO plugin v27.4 - https:\/\/yoast.com\/product\/yoast-seo-wordpress\/ -->\n<title>DIRETO DE SENTO S\u00c9 - Blog do Farn\u00e9sio<\/title>\n<meta name=\"robots\" content=\"index, follow, max-snippet:-1, max-image-preview:large, max-video-preview:-1\" \/>\n<link rel=\"canonical\" href=\"https:\/\/blogdofarnesio.com.br\/?p=77399\" \/>\n<meta property=\"og:locale\" content=\"pt_BR\" \/>\n<meta property=\"og:type\" content=\"article\" \/>\n<meta property=\"og:title\" content=\"DIRETO DE SENTO S\u00c9 - Blog do Farn\u00e9sio\" \/>\n<meta property=\"og:description\" content=\"PREFEITO EDNALDO BARROS E MAIS 7 PESSOAS S\u00c3O INOCENTADAS PELA JUSTI\u00c7A\u00a0 Quase dezesseis anos depois, o Tribunal Regional Eleitoral da Bahia (TRE), julgou improcedente a A\u00e7\u00e3o Penal conta o prefeito do munic\u00edpio de Sento-S\u00e9, Ednaldo dos Santos Barros e outras sete pessoas: D\u00e1vio Paes de Castro, D\u00e9lio Alves Tupin\u00e1, Clodoaldo de Oliveira dos Santos, Adalto dos Santos Barros, Lourivanda de Barros Silva, Valfredo Alves Tupin\u00e1 e Orlando Jacinto das Neves. O processo de A\u00e7\u00e3o Penal n\u00ba2221-44.2002.6.05.0096 originado da 96\u00aa Zona Eleitoral de Sento-S\u00e9, teve como Relator o Juiz Josevando Souza Andrade e a autoria do Minist\u00e9rio P\u00fablico Eleitoral. O julgamento aconteceu no \u00faltimo dia 19\/03, sendo a acusa\u00e7\u00e3o indeferida por unanimidade.\" \/>\n<meta property=\"og:url\" content=\"https:\/\/blogdofarnesio.com.br\/?p=77399\" \/>\n<meta property=\"og:site_name\" content=\"Blog do Farn\u00e9sio\" \/>\n<meta property=\"article:publisher\" content=\"https:\/\/www.facebook.com\/BlogQuerSaberPolitica\/\" \/>\n<meta property=\"article:published_time\" content=\"2014-03-26T16:00:30+00:00\" \/>\n<meta property=\"og:image\" content=\"https:\/\/images-blogger-opensocial.googleusercontent.com\/gadgets\/proxy?url=http%3A%2F%2F2.bp.blogspot.com%2F-CUnc1qU-e-I%2FUzK7p-UyYBI%2FAAAAAAABONY%2Fy1_EmyUTNOo%2Fs1600%2Fprefeito-Ednaldo-02_640x480.jpg&amp;container=blogger&amp;gadget=a&amp;rewriteMime=image%2F*\" \/>\n<meta name=\"author\" content=\"teste\" \/>\n<meta name=\"twitter:card\" content=\"summary_large_image\" \/>\n<meta name=\"twitter:label1\" content=\"Escrito por\" \/>\n\t<meta name=\"twitter:data1\" content=\"teste\" \/>\n\t<meta name=\"twitter:label2\" content=\"Est. tempo de leitura\" \/>\n\t<meta name=\"twitter:data2\" content=\"1 minuto\" \/>\n<script type=\"application\/ld+json\" class=\"yoast-schema-graph\">{\"@context\":\"https:\\\/\\\/schema.org\",\"@graph\":[{\"@type\":\"Article\",\"@id\":\"https:\\\/\\\/blogdofarnesio.com.br\\\/?p=77399#article\",\"isPartOf\":{\"@id\":\"https:\\\/\\\/blogdofarnesio.com.br\\\/?p=77399\"},\"author\":{\"name\":\"teste\",\"@id\":\"https:\\\/\\\/blogdofarnesio.com.br\\\/#\\\/schema\\\/person\\\/dd1bf5eba40b687199ba45ca6b97dff9\"},\"headline\":\"DIRETO DE SENTO S\u00c9\",\"datePublished\":\"2014-03-26T16:00:30+00:00\",\"mainEntityOfPage\":{\"@id\":\"https:\\\/\\\/blogdofarnesio.com.br\\\/?p=77399\"},\"wordCount\":221,\"commentCount\":0,\"publisher\":{\"@id\":\"https:\\\/\\\/blogdofarnesio.com.br\\\/#organization\"},\"image\":{\"@id\":\"https:\\\/\\\/blogdofarnesio.com.br\\\/?p=77399#primaryimage\"},\"thumbnailUrl\":\"https:\\\/\\\/images-blogger-opensocial.googleusercontent.com\\\/gadgets\\\/proxy?url=http%3A%2F%2F2.bp.blogspot.com%2F-CUnc1qU-e-I%2FUzK7p-UyYBI%2FAAAAAAABONY%2Fy1_EmyUTNOo%2Fs1600%2Fprefeito-Ednaldo-02_640x480.jpg&amp;container=blogger&amp;gadget=a&amp;rewriteMime=image%2F*\",\"articleSection\":[\"Cidades\",\"Justi\u00e7a\"],\"inLanguage\":\"pt-BR\",\"potentialAction\":[{\"@type\":\"CommentAction\",\"name\":\"Comment\",\"target\":[\"https:\\\/\\\/blogdofarnesio.com.br\\\/?p=77399#respond\"]}]},{\"@type\":\"WebPage\",\"@id\":\"https:\\\/\\\/blogdofarnesio.com.br\\\/?p=77399\",\"url\":\"https:\\\/\\\/blogdofarnesio.com.br\\\/?p=77399\",\"name\":\"DIRETO DE SENTO S\u00c9 - Blog do Farn\u00e9sio\",\"isPartOf\":{\"@id\":\"https:\\\/\\\/blogdofarnesio.com.br\\\/#website\"},\"primaryImageOfPage\":{\"@id\":\"https:\\\/\\\/blogdofarnesio.com.br\\\/?p=77399#primaryimage\"},\"image\":{\"@id\":\"https:\\\/\\\/blogdofarnesio.com.br\\\/?p=77399#primaryimage\"},\"thumbnailUrl\":\"https:\\\/\\\/images-blogger-opensocial.googleusercontent.com\\\/gadgets\\\/proxy?url=http%3A%2F%2F2.bp.blogspot.com%2F-CUnc1qU-e-I%2FUzK7p-UyYBI%2FAAAAAAABONY%2Fy1_EmyUTNOo%2Fs1600%2Fprefeito-Ednaldo-02_640x480.jpg&amp;container=blogger&amp;gadget=a&amp;rewriteMime=image%2F*\",\"datePublished\":\"2014-03-26T16:00:30+00:00\",\"breadcrumb\":{\"@id\":\"https:\\\/\\\/blogdofarnesio.com.br\\\/?p=77399#breadcrumb\"},\"inLanguage\":\"pt-BR\",\"potentialAction\":[{\"@type\":\"ReadAction\",\"target\":[\"https:\\\/\\\/blogdofarnesio.com.br\\\/?p=77399\"]}]},{\"@type\":\"ImageObject\",\"inLanguage\":\"pt-BR\",\"@id\":\"https:\\\/\\\/blogdofarnesio.com.br\\\/?p=77399#primaryimage\",\"url\":\"https:\\\/\\\/images-blogger-opensocial.googleusercontent.com\\\/gadgets\\\/proxy?url=http%3A%2F%2F2.bp.blogspot.com%2F-CUnc1qU-e-I%2FUzK7p-UyYBI%2FAAAAAAABONY%2Fy1_EmyUTNOo%2Fs1600%2Fprefeito-Ednaldo-02_640x480.jpg&amp;container=blogger&amp;gadget=a&amp;rewriteMime=image%2F*\",\"contentUrl\":\"https:\\\/\\\/images-blogger-opensocial.googleusercontent.com\\\/gadgets\\\/proxy?url=http%3A%2F%2F2.bp.blogspot.com%2F-CUnc1qU-e-I%2FUzK7p-UyYBI%2FAAAAAAABONY%2Fy1_EmyUTNOo%2Fs1600%2Fprefeito-Ednaldo-02_640x480.jpg&amp;container=blogger&amp;gadget=a&amp;rewriteMime=image%2F*\"},{\"@type\":\"BreadcrumbList\",\"@id\":\"https:\\\/\\\/blogdofarnesio.com.br\\\/?p=77399#breadcrumb\",\"itemListElement\":[{\"@type\":\"ListItem\",\"position\":1,\"name\":\"In\u00edcio\",\"item\":\"https:\\\/\\\/blogdofarnesio.com.br\\\/\"},{\"@type\":\"ListItem\",\"position\":2,\"name\":\"DIRETO DE SENTO S\u00c9\"}]},{\"@type\":\"WebSite\",\"@id\":\"https:\\\/\\\/blogdofarnesio.com.br\\\/#website\",\"url\":\"https:\\\/\\\/blogdofarnesio.com.br\\\/\",\"name\":\"Blog do Farn\u00e9sio\",\"description\":\"Quer Saber Pol\u00edtica?\",\"publisher\":{\"@id\":\"https:\\\/\\\/blogdofarnesio.com.br\\\/#organization\"},\"potentialAction\":[{\"@type\":\"SearchAction\",\"target\":{\"@type\":\"EntryPoint\",\"urlTemplate\":\"https:\\\/\\\/blogdofarnesio.com.br\\\/?s={search_term_string}\"},\"query-input\":{\"@type\":\"PropertyValueSpecification\",\"valueRequired\":true,\"valueName\":\"search_term_string\"}}],\"inLanguage\":\"pt-BR\"},{\"@type\":\"Organization\",\"@id\":\"https:\\\/\\\/blogdofarnesio.com.br\\\/#organization\",\"name\":\"Blog do Farn\u00e9sio\",\"url\":\"https:\\\/\\\/blogdofarnesio.com.br\\\/\",\"logo\":{\"@type\":\"ImageObject\",\"inLanguage\":\"pt-BR\",\"@id\":\"https:\\\/\\\/blogdofarnesio.com.br\\\/#\\\/schema\\\/logo\\\/image\\\/\",\"url\":\"https:\\\/\\\/blogdofarnesio.com.br\\\/wp-content\\\/uploads\\\/2026\\\/03\\\/cropped-logo_new-1.png\",\"contentUrl\":\"https:\\\/\\\/blogdofarnesio.com.br\\\/wp-content\\\/uploads\\\/2026\\\/03\\\/cropped-logo_new-1.png\",\"width\":881,\"height\":685,\"caption\":\"Blog do Farn\u00e9sio\"},\"image\":{\"@id\":\"https:\\\/\\\/blogdofarnesio.com.br\\\/#\\\/schema\\\/logo\\\/image\\\/\"},\"sameAs\":[\"https:\\\/\\\/www.facebook.com\\\/BlogQuerSaberPolitica\\\/\"]},{\"@type\":\"Person\",\"@id\":\"https:\\\/\\\/blogdofarnesio.com.br\\\/#\\\/schema\\\/person\\\/dd1bf5eba40b687199ba45ca6b97dff9\",\"name\":\"teste\",\"image\":{\"@type\":\"ImageObject\",\"inLanguage\":\"pt-BR\",\"@id\":\"https:\\\/\\\/secure.gravatar.com\\\/avatar\\\/2172498d4914b51e1d89a0f97957b035ac4938723a5cac208135d389b6972a6d?s=96&d=mm&r=g\",\"url\":\"https:\\\/\\\/secure.gravatar.com\\\/avatar\\\/2172498d4914b51e1d89a0f97957b035ac4938723a5cac208135d389b6972a6d?s=96&d=mm&r=g\",\"contentUrl\":\"https:\\\/\\\/secure.gravatar.com\\\/avatar\\\/2172498d4914b51e1d89a0f97957b035ac4938723a5cac208135d389b6972a6d?s=96&d=mm&r=g\",\"caption\":\"teste\"},\"url\":\"https:\\\/\\\/blogdofarnesio.com.br\\\/?author=3\"}]}<\/script>\n<!-- \/ Yoast SEO plugin. -->","yoast_head_json":{"title":"DIRETO DE SENTO S\u00c9 - Blog do Farn\u00e9sio","robots":{"index":"index","follow":"follow","max-snippet":"max-snippet:-1","max-image-preview":"max-image-preview:large","max-video-preview":"max-video-preview:-1"},"canonical":"https:\/\/blogdofarnesio.com.br\/?p=77399","og_locale":"pt_BR","og_type":"article","og_title":"DIRETO DE SENTO S\u00c9 - Blog do Farn\u00e9sio","og_description":"PREFEITO EDNALDO BARROS E MAIS 7 PESSOAS S\u00c3O INOCENTADAS PELA JUSTI\u00c7A\u00a0 Quase dezesseis anos depois, o Tribunal Regional Eleitoral da Bahia (TRE), julgou improcedente a A\u00e7\u00e3o Penal conta o prefeito do munic\u00edpio de Sento-S\u00e9, Ednaldo dos Santos Barros e outras sete pessoas: D\u00e1vio Paes de Castro, D\u00e9lio Alves Tupin\u00e1, Clodoaldo de Oliveira dos Santos, Adalto dos Santos Barros, Lourivanda de Barros Silva, Valfredo Alves Tupin\u00e1 e Orlando Jacinto das Neves. O processo de A\u00e7\u00e3o Penal n\u00ba2221-44.2002.6.05.0096 originado da 96\u00aa Zona Eleitoral de Sento-S\u00e9, teve como Relator o Juiz Josevando Souza Andrade e a autoria do Minist\u00e9rio P\u00fablico Eleitoral. O julgamento aconteceu no \u00faltimo dia 19\/03, sendo a acusa\u00e7\u00e3o indeferida por unanimidade.","og_url":"https:\/\/blogdofarnesio.com.br\/?p=77399","og_site_name":"Blog do Farn\u00e9sio","article_publisher":"https:\/\/www.facebook.com\/BlogQuerSaberPolitica\/","article_published_time":"2014-03-26T16:00:30+00:00","og_image":[{"url":"https:\/\/images-blogger-opensocial.googleusercontent.com\/gadgets\/proxy?url=http%3A%2F%2F2.bp.blogspot.com%2F-CUnc1qU-e-I%2FUzK7p-UyYBI%2FAAAAAAABONY%2Fy1_EmyUTNOo%2Fs1600%2Fprefeito-Ednaldo-02_640x480.jpg&amp;container=blogger&amp;gadget=a&amp;rewriteMime=image%2F*","type":"","width":"","height":""}],"author":"teste","twitter_card":"summary_large_image","twitter_misc":{"Escrito por":"teste","Est. tempo de leitura":"1 minuto"},"schema":{"@context":"https:\/\/schema.org","@graph":[{"@type":"Article","@id":"https:\/\/blogdofarnesio.com.br\/?p=77399#article","isPartOf":{"@id":"https:\/\/blogdofarnesio.com.br\/?p=77399"},"author":{"name":"teste","@id":"https:\/\/blogdofarnesio.com.br\/#\/schema\/person\/dd1bf5eba40b687199ba45ca6b97dff9"},"headline":"DIRETO DE SENTO S\u00c9","datePublished":"2014-03-26T16:00:30+00:00","mainEntityOfPage":{"@id":"https:\/\/blogdofarnesio.com.br\/?p=77399"},"wordCount":221,"commentCount":0,"publisher":{"@id":"https:\/\/blogdofarnesio.com.br\/#organization"},"image":{"@id":"https:\/\/blogdofarnesio.com.br\/?p=77399#primaryimage"},"thumbnailUrl":"https:\/\/images-blogger-opensocial.googleusercontent.com\/gadgets\/proxy?url=http%3A%2F%2F2.bp.blogspot.com%2F-CUnc1qU-e-I%2FUzK7p-UyYBI%2FAAAAAAABONY%2Fy1_EmyUTNOo%2Fs1600%2Fprefeito-Ednaldo-02_640x480.jpg&amp;container=blogger&amp;gadget=a&amp;rewriteMime=image%2F*","articleSection":["Cidades","Justi\u00e7a"],"inLanguage":"pt-BR","potentialAction":[{"@type":"CommentAction","name":"Comment","target":["https:\/\/blogdofarnesio.com.br\/?p=77399#respond"]}]},{"@type":"WebPage","@id":"https:\/\/blogdofarnesio.com.br\/?p=77399","url":"https:\/\/blogdofarnesio.com.br\/?p=77399","name":"DIRETO DE SENTO S\u00c9 - Blog do Farn\u00e9sio","isPartOf":{"@id":"https:\/\/blogdofarnesio.com.br\/#website"},"primaryImageOfPage":{"@id":"https:\/\/blogdofarnesio.com.br\/?p=77399#primaryimage"},"image":{"@id":"https:\/\/blogdofarnesio.com.br\/?p=77399#primaryimage"},"thumbnailUrl":"https:\/\/images-blogger-opensocial.googleusercontent.com\/gadgets\/proxy?url=http%3A%2F%2F2.bp.blogspot.com%2F-CUnc1qU-e-I%2FUzK7p-UyYBI%2FAAAAAAABONY%2Fy1_EmyUTNOo%2Fs1600%2Fprefeito-Ednaldo-02_640x480.jpg&amp;container=blogger&amp;gadget=a&amp;rewriteMime=image%2F*","datePublished":"2014-03-26T16:00:30+00:00","breadcrumb":{"@id":"https:\/\/blogdofarnesio.com.br\/?p=77399#breadcrumb"},"inLanguage":"pt-BR","potentialAction":[{"@type":"ReadAction","target":["https:\/\/blogdofarnesio.com.br\/?p=77399"]}]},{"@type":"ImageObject","inLanguage":"pt-BR","@id":"https:\/\/blogdofarnesio.com.br\/?p=77399#primaryimage","url":"https:\/\/images-blogger-opensocial.googleusercontent.com\/gadgets\/proxy?url=http%3A%2F%2F2.bp.blogspot.com%2F-CUnc1qU-e-I%2FUzK7p-UyYBI%2FAAAAAAABONY%2Fy1_EmyUTNOo%2Fs1600%2Fprefeito-Ednaldo-02_640x480.jpg&amp;container=blogger&amp;gadget=a&amp;rewriteMime=image%2F*","contentUrl":"https:\/\/images-blogger-opensocial.googleusercontent.com\/gadgets\/proxy?url=http%3A%2F%2F2.bp.blogspot.com%2F-CUnc1qU-e-I%2FUzK7p-UyYBI%2FAAAAAAABONY%2Fy1_EmyUTNOo%2Fs1600%2Fprefeito-Ednaldo-02_640x480.jpg&amp;container=blogger&amp;gadget=a&amp;rewriteMime=image%2F*"},{"@type":"BreadcrumbList","@id":"https:\/\/blogdofarnesio.com.br\/?p=77399#breadcrumb","itemListElement":[{"@type":"ListItem","position":1,"name":"In\u00edcio","item":"https:\/\/blogdofarnesio.com.br\/"},{"@type":"ListItem","position":2,"name":"DIRETO DE SENTO S\u00c9"}]},{"@type":"WebSite","@id":"https:\/\/blogdofarnesio.com.br\/#website","url":"https:\/\/blogdofarnesio.com.br\/","name":"Blog do Farn\u00e9sio","description":"Quer Saber Pol\u00edtica?","publisher":{"@id":"https:\/\/blogdofarnesio.com.br\/#organization"},"potentialAction":[{"@type":"SearchAction","target":{"@type":"EntryPoint","urlTemplate":"https:\/\/blogdofarnesio.com.br\/?s={search_term_string}"},"query-input":{"@type":"PropertyValueSpecification","valueRequired":true,"valueName":"search_term_string"}}],"inLanguage":"pt-BR"},{"@type":"Organization","@id":"https:\/\/blogdofarnesio.com.br\/#organization","name":"Blog do Farn\u00e9sio","url":"https:\/\/blogdofarnesio.com.br\/","logo":{"@type":"ImageObject","inLanguage":"pt-BR","@id":"https:\/\/blogdofarnesio.com.br\/#\/schema\/logo\/image\/","url":"https:\/\/blogdofarnesio.com.br\/wp-content\/uploads\/2026\/03\/cropped-logo_new-1.png","contentUrl":"https:\/\/blogdofarnesio.com.br\/wp-content\/uploads\/2026\/03\/cropped-logo_new-1.png","width":881,"height":685,"caption":"Blog do Farn\u00e9sio"},"image":{"@id":"https:\/\/blogdofarnesio.com.br\/#\/schema\/logo\/image\/"},"sameAs":["https:\/\/www.facebook.com\/BlogQuerSaberPolitica\/"]},{"@type":"Person","@id":"https:\/\/blogdofarnesio.com.br\/#\/schema\/person\/dd1bf5eba40b687199ba45ca6b97dff9","name":"teste","image":{"@type":"ImageObject","inLanguage":"pt-BR","@id":"https:\/\/secure.gravatar.com\/avatar\/2172498d4914b51e1d89a0f97957b035ac4938723a5cac208135d389b6972a6d?s=96&d=mm&r=g","url":"https:\/\/secure.gravatar.com\/avatar\/2172498d4914b51e1d89a0f97957b035ac4938723a5cac208135d389b6972a6d?s=96&d=mm&r=g","contentUrl":"https:\/\/secure.gravatar.com\/avatar\/2172498d4914b51e1d89a0f97957b035ac4938723a5cac208135d389b6972a6d?s=96&d=mm&r=g","caption":"teste"},"url":"https:\/\/blogdofarnesio.com.br\/?author=3"}]}},"_links":{"self":[{"href":"https:\/\/blogdofarnesio.com.br\/index.php?rest_route=\/wp\/v2\/posts\/77399","targetHints":{"allow":["GET"]}}],"collection":[{"href":"https:\/\/blogdofarnesio.com.br\/index.php?rest_route=\/wp\/v2\/posts"}],"about":[{"href":"https:\/\/blogdofarnesio.com.br\/index.php?rest_route=\/wp\/v2\/types\/post"}],"author":[{"embeddable":true,"href":"https:\/\/blogdofarnesio.com.br\/index.php?rest_route=\/wp\/v2\/users\/3"}],"replies":[{"embeddable":true,"href":"https:\/\/blogdofarnesio.com.br\/index.php?rest_route=%2Fwp%2Fv2%2Fcomments&post=77399"}],"version-history":[{"count":0,"href":"https:\/\/blogdofarnesio.com.br\/index.php?rest_route=\/wp\/v2\/posts\/77399\/revisions"}],"wp:attachment":[{"href":"https:\/\/blogdofarnesio.com.br\/index.php?rest_route=%2Fwp%2Fv2%2Fmedia&parent=77399"}],"wp:term":[{"taxonomy":"category","embeddable":true,"href":"https:\/\/blogdofarnesio.com.br\/index.php?rest_route=%2Fwp%2Fv2%2Fcategories&post=77399"},{"taxonomy":"post_tag","embeddable":true,"href":"https:\/\/blogdofarnesio.com.br\/index.php?rest_route=%2Fwp%2Fv2%2Ftags&post=77399"}],"curies":[{"name":"wp","href":"https:\/\/api.w.org\/{rel}","templated":true}]}}