{"id":77367,"date":"2014-03-26T11:04:11","date_gmt":"2014-03-26T14:04:11","guid":{"rendered":"http:\/\/www.quersaberpolitica.com.br\/?p=77367"},"modified":"2014-03-26T09:24:00","modified_gmt":"2014-03-26T12:24:00","slug":"funcionarios-da-ebda-em-juazeiro-decretam-greve-por-tempo-indeterminado","status":"publish","type":"post","link":"https:\/\/blogdofarnesio.com.br\/?p=77367","title":{"rendered":"FUNCION\u00c1RIOS DA EBDA EM JUAZEIRO, DECRETAM GREVE POR TEMPO INDETERMINADO"},"content":{"rendered":"<div id=\"slides\" style=\"text-align: justify\"><img loading=\"lazy\" decoding=\"async\" class=\"aligncenter\" alt=\"\" src=\"http:\/\/acaopopular.net\/jornal\/wp-content\/themes\/city-desk\/timthumb.php?src=http%3A%2F%2Facaopopular.net%2Fjornal%2Fwp-content%2Fuploads%2F2014%2F03%2FDSCF5229-464x261.jpg&amp;q=90&amp;w=634&amp;zc=1\" width=\"507\" height=\"285\" \/><\/div>\n<p style=\"text-align: justify\"><strong>AP<\/strong> &#8211; Sem entrar em negocia\u00e7\u00f5es com o Governo da Bahia durante uma a audi\u00eancia que aconteceu na \u00faltima quarta-feira (19), pelo Ju\u00edzo de Concilia\u00e7\u00e3o de 2\u00aa Inst\u00e2ncia (TRT\/BA \u2013 5\u00aa regi\u00e3o), os Trabalhadores da Empresa Baiana de Desenvolvimento Agr\u00edcola \u2013 EBDA de toda Bahia cruzaram os bra\u00e7os desde o dia de ontem (24). Em entrevista ao\u00a0<em><strong>AP<\/strong><\/em>, a Delegada Sindical da EBDA, Helena Maria Pires de Menezes, informou que j\u00e1 havia dado o indicativo de greve, mas o Governo n\u00e3o quis negociar.<\/p>\n<p style=\"text-align: justify\">\u201cEssa greve \u00e9 resultante da recusa do governo do estado da Bahia em dar continuidade \u00e0s negocia\u00e7\u00f5es que j\u00e1 duram dois anos. O estado resolveu colocar outras d\u00edvidas, al\u00e9m dos diss\u00eddios j\u00e1 discutidos, mostrando que n\u00e3o quer negociar. O governo vem protelando o cumprimento do acordo para nos enrolar. N\u00e3o nos deixou alternativa a n\u00e3o ser decretar a greve\u201d, explicou a delegada sindical.<\/p>\n<p style=\"text-align: justify\"><em><strong>Governo tentar enrola mais uma vez a categoria<!--more--><\/strong><\/em><\/p>\n<p style=\"text-align: justify\">\u201cExiste uma junta conciliadora no Tribunal Regional do Trabalho, para resolver a quest\u00e3o. Mas h\u00e1 muito tempo isso vem sendo prorrogado. Nos pediram mais 60 dias de prazo, mas a categoria n\u00e3o suporta mais. Nossa linha de pensamento \u00e9 s\u00f3 retomar as atividades depois da exposi\u00e7\u00e3o de alguma proposta\u201d, acrescentou.<\/p>\n<p style=\"text-align: justify\"><em><strong>Governo sem palavra e credibilidade<\/strong><\/em><\/p>\n<p style=\"text-align: justify\">De acordo com a delegada sindical, a categoria pede que o governo cumpra um acordo firmado em 2012, referente ao pagamento de diss\u00eddios coletivos de 1997, 1999 e 2003. \u201cAt\u00e9 agora o governo s\u00f3 deu a reposi\u00e7\u00e3o das perdas de cada diss\u00eddio e as demais negocia\u00e7\u00f5es n\u00e3o avan\u00e7am, somente a reposi\u00e7\u00e3o da infla\u00e7\u00e3o anual. Vale lembrar que foi promessa de campanha do Governo a reestrutura\u00e7\u00e3o da EBDA e resolver as pend\u00eancias trabalhistas, mas at\u00e9 ent\u00e3o isso n\u00e3o vem ocorrendo\u201d, criticou.<\/p>\n<p style=\"text-align: justify\"><em><strong>Classe unida, trabalhadores apostos\u00a0<\/strong><\/em><\/p>\n<p style=\"text-align: justify\">Na ocasi\u00e3o, Helena Maria citou a import\u00e2ncia dos trabalhadores da EBDA para o governo da Bahia. \u201cEssa greve \u00e9 um problema para o estado, pois n\u00f3s trabalhamos com uma parte important\u00edssima da agricultura e do trabalhador rural. A greve est\u00e1 decretada e 99% dos trabalhadores aderiram. \u00c9 uma greve praticamente total, todos os escrit\u00f3rios do estado da Bahia est\u00e3o com suas atividades paralisadas. Aqui em Juazeiro 50 funcion\u00e1rios deflagraram a greve e os preju\u00edzos s\u00e3o grandes, pois temos toda uma demanda de trabalho em andamento, a exemplo do Garantia Safra, as Vistorias nas Unidades de Produ\u00e7\u00e3o dos Agricultores e os atendimentos aos Agricultores Familiares\u201d, explicou.<\/p>\n<p style=\"text-align: justify\"><em><strong>Governo petista sucateia institui\u00e7\u00e3o<\/strong><\/em><\/p>\n<p style=\"text-align: justify\">A delegada sindical ressaltou ainda que o quadro da EBDA est\u00e1 em d\u00e9ficit. \u201cO nosso quadro n\u00e3o funciona normal, o governo est\u00e1 terceirizando os servi\u00e7os com contrata\u00e7\u00f5es de curto prazo, como o REDA e n\u00f3s servidores defendemos a reestrutura\u00e7\u00e3o da empresa com a realiza\u00e7\u00e3o do Concurso P\u00fablico. Devido a isso, temos in\u00fameras dificuldades de desenvolver o nosso trabalho dentro da empresa\u201d.<\/p>\n","protected":false},"excerpt":{"rendered":"<p>AP &#8211; Sem entrar em negocia\u00e7\u00f5es com o Governo da Bahia durante uma a audi\u00eancia que aconteceu na \u00faltima quarta-feira (19), pelo Ju\u00edzo de Concilia\u00e7\u00e3o de 2\u00aa Inst\u00e2ncia (TRT\/BA \u2013 5\u00aa regi\u00e3o), os Trabalhadores da Empresa Baiana de Desenvolvimento Agr\u00edcola \u2013 EBDA de toda Bahia cruzaram os bra\u00e7os desde o dia de ontem (24). Em entrevista ao\u00a0AP, a Delegada Sindical da EBDA, Helena Maria Pires de Menezes, informou que j\u00e1 havia dado o indicativo de greve, mas o Governo n\u00e3o quis negociar. \u201cEssa greve \u00e9 resultante da recusa do governo do estado da Bahia em dar continuidade \u00e0s negocia\u00e7\u00f5es que j\u00e1 duram dois anos. O estado resolveu colocar outras d\u00edvidas, al\u00e9m dos diss\u00eddios j\u00e1 discutidos, mostrando que n\u00e3o quer negociar.&hellip; <\/p>\n","protected":false},"author":3,"featured_media":0,"comment_status":"open","ping_status":"open","sticky":false,"template":"","format":"standard","meta":{"_acf_changed":false,"footnotes":""},"categories":[19],"tags":[],"class_list":["post-77367","post","type-post","status-publish","format-standard","hentry","category-servidores"],"acf":[],"yoast_head":"<!-- This site is optimized with the Yoast SEO plugin v27.4 - https:\/\/yoast.com\/product\/yoast-seo-wordpress\/ -->\n<title>FUNCION\u00c1RIOS DA EBDA EM JUAZEIRO, DECRETAM GREVE POR TEMPO INDETERMINADO  - Blog do Farn\u00e9sio<\/title>\n<meta name=\"robots\" content=\"index, follow, max-snippet:-1, max-image-preview:large, max-video-preview:-1\" \/>\n<link rel=\"canonical\" href=\"https:\/\/blogdofarnesio.com.br\/?p=77367\" \/>\n<meta property=\"og:locale\" content=\"pt_BR\" \/>\n<meta property=\"og:type\" content=\"article\" \/>\n<meta property=\"og:title\" content=\"FUNCION\u00c1RIOS DA EBDA EM JUAZEIRO, DECRETAM GREVE POR TEMPO INDETERMINADO  - Blog do Farn\u00e9sio\" \/>\n<meta property=\"og:description\" content=\"AP &#8211; Sem entrar em negocia\u00e7\u00f5es com o Governo da Bahia durante uma a audi\u00eancia que aconteceu na \u00faltima quarta-feira (19), pelo Ju\u00edzo de Concilia\u00e7\u00e3o de 2\u00aa Inst\u00e2ncia (TRT\/BA \u2013 5\u00aa regi\u00e3o), os Trabalhadores da Empresa Baiana de Desenvolvimento Agr\u00edcola \u2013 EBDA de toda Bahia cruzaram os bra\u00e7os desde o dia de ontem (24). Em entrevista ao\u00a0AP, a Delegada Sindical da EBDA, Helena Maria Pires de Menezes, informou que j\u00e1 havia dado o indicativo de greve, mas o Governo n\u00e3o quis negociar. \u201cEssa greve \u00e9 resultante da recusa do governo do estado da Bahia em dar continuidade \u00e0s negocia\u00e7\u00f5es que j\u00e1 duram dois anos. O estado resolveu colocar outras d\u00edvidas, al\u00e9m dos diss\u00eddios j\u00e1 discutidos, mostrando que n\u00e3o quer negociar.&hellip;\" \/>\n<meta property=\"og:url\" content=\"https:\/\/blogdofarnesio.com.br\/?p=77367\" \/>\n<meta property=\"og:site_name\" content=\"Blog do Farn\u00e9sio\" \/>\n<meta property=\"article:publisher\" content=\"https:\/\/www.facebook.com\/BlogQuerSaberPolitica\/\" \/>\n<meta property=\"article:published_time\" content=\"2014-03-26T14:04:11+00:00\" \/>\n<meta property=\"og:image\" content=\"http:\/\/acaopopular.net\/jornal\/wp-content\/themes\/city-desk\/timthumb.php?src=http%3A%2F%2Facaopopular.net%2Fjornal%2Fwp-content%2Fuploads%2F2014%2F03%2FDSCF5229-464x261.jpg&amp;q=90&amp;w=634&amp;zc=1\" \/>\n<meta name=\"author\" content=\"teste\" \/>\n<meta name=\"twitter:card\" content=\"summary_large_image\" \/>\n<meta name=\"twitter:label1\" content=\"Escrito por\" \/>\n\t<meta name=\"twitter:data1\" content=\"teste\" \/>\n\t<meta name=\"twitter:label2\" content=\"Est. tempo de leitura\" \/>\n\t<meta name=\"twitter:data2\" content=\"2 minutos\" \/>\n<script type=\"application\/ld+json\" class=\"yoast-schema-graph\">{\"@context\":\"https:\\\/\\\/schema.org\",\"@graph\":[{\"@type\":\"Article\",\"@id\":\"https:\\\/\\\/blogdofarnesio.com.br\\\/?p=77367#article\",\"isPartOf\":{\"@id\":\"https:\\\/\\\/blogdofarnesio.com.br\\\/?p=77367\"},\"author\":{\"name\":\"teste\",\"@id\":\"https:\\\/\\\/blogdofarnesio.com.br\\\/#\\\/schema\\\/person\\\/dd1bf5eba40b687199ba45ca6b97dff9\"},\"headline\":\"FUNCION\u00c1RIOS DA EBDA EM JUAZEIRO, DECRETAM GREVE POR TEMPO INDETERMINADO\",\"datePublished\":\"2014-03-26T14:04:11+00:00\",\"mainEntityOfPage\":{\"@id\":\"https:\\\/\\\/blogdofarnesio.com.br\\\/?p=77367\"},\"wordCount\":509,\"commentCount\":0,\"publisher\":{\"@id\":\"https:\\\/\\\/blogdofarnesio.com.br\\\/#organization\"},\"image\":{\"@id\":\"https:\\\/\\\/blogdofarnesio.com.br\\\/?p=77367#primaryimage\"},\"thumbnailUrl\":\"http:\\\/\\\/acaopopular.net\\\/jornal\\\/wp-content\\\/themes\\\/city-desk\\\/timthumb.php?src=http%3A%2F%2Facaopopular.net%2Fjornal%2Fwp-content%2Fuploads%2F2014%2F03%2FDSCF5229-464x261.jpg&amp;q=90&amp;w=634&amp;zc=1\",\"articleSection\":[\"Servidores\"],\"inLanguage\":\"pt-BR\",\"potentialAction\":[{\"@type\":\"CommentAction\",\"name\":\"Comment\",\"target\":[\"https:\\\/\\\/blogdofarnesio.com.br\\\/?p=77367#respond\"]}]},{\"@type\":\"WebPage\",\"@id\":\"https:\\\/\\\/blogdofarnesio.com.br\\\/?p=77367\",\"url\":\"https:\\\/\\\/blogdofarnesio.com.br\\\/?p=77367\",\"name\":\"FUNCION\u00c1RIOS DA EBDA EM JUAZEIRO, DECRETAM GREVE POR TEMPO INDETERMINADO - Blog do Farn\u00e9sio\",\"isPartOf\":{\"@id\":\"https:\\\/\\\/blogdofarnesio.com.br\\\/#website\"},\"primaryImageOfPage\":{\"@id\":\"https:\\\/\\\/blogdofarnesio.com.br\\\/?p=77367#primaryimage\"},\"image\":{\"@id\":\"https:\\\/\\\/blogdofarnesio.com.br\\\/?p=77367#primaryimage\"},\"thumbnailUrl\":\"http:\\\/\\\/acaopopular.net\\\/jornal\\\/wp-content\\\/themes\\\/city-desk\\\/timthumb.php?src=http%3A%2F%2Facaopopular.net%2Fjornal%2Fwp-content%2Fuploads%2F2014%2F03%2FDSCF5229-464x261.jpg&amp;q=90&amp;w=634&amp;zc=1\",\"datePublished\":\"2014-03-26T14:04:11+00:00\",\"breadcrumb\":{\"@id\":\"https:\\\/\\\/blogdofarnesio.com.br\\\/?p=77367#breadcrumb\"},\"inLanguage\":\"pt-BR\",\"potentialAction\":[{\"@type\":\"ReadAction\",\"target\":[\"https:\\\/\\\/blogdofarnesio.com.br\\\/?p=77367\"]}]},{\"@type\":\"ImageObject\",\"inLanguage\":\"pt-BR\",\"@id\":\"https:\\\/\\\/blogdofarnesio.com.br\\\/?p=77367#primaryimage\",\"url\":\"http:\\\/\\\/acaopopular.net\\\/jornal\\\/wp-content\\\/themes\\\/city-desk\\\/timthumb.php?src=http%3A%2F%2Facaopopular.net%2Fjornal%2Fwp-content%2Fuploads%2F2014%2F03%2FDSCF5229-464x261.jpg&amp;q=90&amp;w=634&amp;zc=1\",\"contentUrl\":\"http:\\\/\\\/acaopopular.net\\\/jornal\\\/wp-content\\\/themes\\\/city-desk\\\/timthumb.php?src=http%3A%2F%2Facaopopular.net%2Fjornal%2Fwp-content%2Fuploads%2F2014%2F03%2FDSCF5229-464x261.jpg&amp;q=90&amp;w=634&amp;zc=1\"},{\"@type\":\"BreadcrumbList\",\"@id\":\"https:\\\/\\\/blogdofarnesio.com.br\\\/?p=77367#breadcrumb\",\"itemListElement\":[{\"@type\":\"ListItem\",\"position\":1,\"name\":\"In\u00edcio\",\"item\":\"https:\\\/\\\/blogdofarnesio.com.br\\\/\"},{\"@type\":\"ListItem\",\"position\":2,\"name\":\"FUNCION\u00c1RIOS DA EBDA EM JUAZEIRO, DECRETAM GREVE POR TEMPO INDETERMINADO\"}]},{\"@type\":\"WebSite\",\"@id\":\"https:\\\/\\\/blogdofarnesio.com.br\\\/#website\",\"url\":\"https:\\\/\\\/blogdofarnesio.com.br\\\/\",\"name\":\"Blog do Farn\u00e9sio\",\"description\":\"Quer Saber Pol\u00edtica?\",\"publisher\":{\"@id\":\"https:\\\/\\\/blogdofarnesio.com.br\\\/#organization\"},\"potentialAction\":[{\"@type\":\"SearchAction\",\"target\":{\"@type\":\"EntryPoint\",\"urlTemplate\":\"https:\\\/\\\/blogdofarnesio.com.br\\\/?s={search_term_string}\"},\"query-input\":{\"@type\":\"PropertyValueSpecification\",\"valueRequired\":true,\"valueName\":\"search_term_string\"}}],\"inLanguage\":\"pt-BR\"},{\"@type\":\"Organization\",\"@id\":\"https:\\\/\\\/blogdofarnesio.com.br\\\/#organization\",\"name\":\"Blog do Farn\u00e9sio\",\"url\":\"https:\\\/\\\/blogdofarnesio.com.br\\\/\",\"logo\":{\"@type\":\"ImageObject\",\"inLanguage\":\"pt-BR\",\"@id\":\"https:\\\/\\\/blogdofarnesio.com.br\\\/#\\\/schema\\\/logo\\\/image\\\/\",\"url\":\"https:\\\/\\\/blogdofarnesio.com.br\\\/wp-content\\\/uploads\\\/2026\\\/03\\\/cropped-logo_new-1.png\",\"contentUrl\":\"https:\\\/\\\/blogdofarnesio.com.br\\\/wp-content\\\/uploads\\\/2026\\\/03\\\/cropped-logo_new-1.png\",\"width\":881,\"height\":685,\"caption\":\"Blog do Farn\u00e9sio\"},\"image\":{\"@id\":\"https:\\\/\\\/blogdofarnesio.com.br\\\/#\\\/schema\\\/logo\\\/image\\\/\"},\"sameAs\":[\"https:\\\/\\\/www.facebook.com\\\/BlogQuerSaberPolitica\\\/\"]},{\"@type\":\"Person\",\"@id\":\"https:\\\/\\\/blogdofarnesio.com.br\\\/#\\\/schema\\\/person\\\/dd1bf5eba40b687199ba45ca6b97dff9\",\"name\":\"teste\",\"image\":{\"@type\":\"ImageObject\",\"inLanguage\":\"pt-BR\",\"@id\":\"https:\\\/\\\/secure.gravatar.com\\\/avatar\\\/2172498d4914b51e1d89a0f97957b035ac4938723a5cac208135d389b6972a6d?s=96&d=mm&r=g\",\"url\":\"https:\\\/\\\/secure.gravatar.com\\\/avatar\\\/2172498d4914b51e1d89a0f97957b035ac4938723a5cac208135d389b6972a6d?s=96&d=mm&r=g\",\"contentUrl\":\"https:\\\/\\\/secure.gravatar.com\\\/avatar\\\/2172498d4914b51e1d89a0f97957b035ac4938723a5cac208135d389b6972a6d?s=96&d=mm&r=g\",\"caption\":\"teste\"},\"url\":\"https:\\\/\\\/blogdofarnesio.com.br\\\/?author=3\"}]}<\/script>\n<!-- \/ Yoast SEO plugin. -->","yoast_head_json":{"title":"FUNCION\u00c1RIOS DA EBDA EM JUAZEIRO, DECRETAM GREVE POR TEMPO INDETERMINADO  - Blog do Farn\u00e9sio","robots":{"index":"index","follow":"follow","max-snippet":"max-snippet:-1","max-image-preview":"max-image-preview:large","max-video-preview":"max-video-preview:-1"},"canonical":"https:\/\/blogdofarnesio.com.br\/?p=77367","og_locale":"pt_BR","og_type":"article","og_title":"FUNCION\u00c1RIOS DA EBDA EM JUAZEIRO, DECRETAM GREVE POR TEMPO INDETERMINADO  - Blog do Farn\u00e9sio","og_description":"AP &#8211; Sem entrar em negocia\u00e7\u00f5es com o Governo da Bahia durante uma a audi\u00eancia que aconteceu na \u00faltima quarta-feira (19), pelo Ju\u00edzo de Concilia\u00e7\u00e3o de 2\u00aa Inst\u00e2ncia (TRT\/BA \u2013 5\u00aa regi\u00e3o), os Trabalhadores da Empresa Baiana de Desenvolvimento Agr\u00edcola \u2013 EBDA de toda Bahia cruzaram os bra\u00e7os desde o dia de ontem (24). Em entrevista ao\u00a0AP, a Delegada Sindical da EBDA, Helena Maria Pires de Menezes, informou que j\u00e1 havia dado o indicativo de greve, mas o Governo n\u00e3o quis negociar. \u201cEssa greve \u00e9 resultante da recusa do governo do estado da Bahia em dar continuidade \u00e0s negocia\u00e7\u00f5es que j\u00e1 duram dois anos. O estado resolveu colocar outras d\u00edvidas, al\u00e9m dos diss\u00eddios j\u00e1 discutidos, mostrando que n\u00e3o quer negociar.&hellip;","og_url":"https:\/\/blogdofarnesio.com.br\/?p=77367","og_site_name":"Blog do Farn\u00e9sio","article_publisher":"https:\/\/www.facebook.com\/BlogQuerSaberPolitica\/","article_published_time":"2014-03-26T14:04:11+00:00","og_image":[{"url":"http:\/\/acaopopular.net\/jornal\/wp-content\/themes\/city-desk\/timthumb.php?src=http%3A%2F%2Facaopopular.net%2Fjornal%2Fwp-content%2Fuploads%2F2014%2F03%2FDSCF5229-464x261.jpg&amp;q=90&amp;w=634&amp;zc=1","type":"","width":"","height":""}],"author":"teste","twitter_card":"summary_large_image","twitter_misc":{"Escrito por":"teste","Est. tempo de leitura":"2 minutos"},"schema":{"@context":"https:\/\/schema.org","@graph":[{"@type":"Article","@id":"https:\/\/blogdofarnesio.com.br\/?p=77367#article","isPartOf":{"@id":"https:\/\/blogdofarnesio.com.br\/?p=77367"},"author":{"name":"teste","@id":"https:\/\/blogdofarnesio.com.br\/#\/schema\/person\/dd1bf5eba40b687199ba45ca6b97dff9"},"headline":"FUNCION\u00c1RIOS DA EBDA EM JUAZEIRO, DECRETAM GREVE POR TEMPO INDETERMINADO","datePublished":"2014-03-26T14:04:11+00:00","mainEntityOfPage":{"@id":"https:\/\/blogdofarnesio.com.br\/?p=77367"},"wordCount":509,"commentCount":0,"publisher":{"@id":"https:\/\/blogdofarnesio.com.br\/#organization"},"image":{"@id":"https:\/\/blogdofarnesio.com.br\/?p=77367#primaryimage"},"thumbnailUrl":"http:\/\/acaopopular.net\/jornal\/wp-content\/themes\/city-desk\/timthumb.php?src=http%3A%2F%2Facaopopular.net%2Fjornal%2Fwp-content%2Fuploads%2F2014%2F03%2FDSCF5229-464x261.jpg&amp;q=90&amp;w=634&amp;zc=1","articleSection":["Servidores"],"inLanguage":"pt-BR","potentialAction":[{"@type":"CommentAction","name":"Comment","target":["https:\/\/blogdofarnesio.com.br\/?p=77367#respond"]}]},{"@type":"WebPage","@id":"https:\/\/blogdofarnesio.com.br\/?p=77367","url":"https:\/\/blogdofarnesio.com.br\/?p=77367","name":"FUNCION\u00c1RIOS DA EBDA EM JUAZEIRO, DECRETAM GREVE POR TEMPO INDETERMINADO - Blog do Farn\u00e9sio","isPartOf":{"@id":"https:\/\/blogdofarnesio.com.br\/#website"},"primaryImageOfPage":{"@id":"https:\/\/blogdofarnesio.com.br\/?p=77367#primaryimage"},"image":{"@id":"https:\/\/blogdofarnesio.com.br\/?p=77367#primaryimage"},"thumbnailUrl":"http:\/\/acaopopular.net\/jornal\/wp-content\/themes\/city-desk\/timthumb.php?src=http%3A%2F%2Facaopopular.net%2Fjornal%2Fwp-content%2Fuploads%2F2014%2F03%2FDSCF5229-464x261.jpg&amp;q=90&amp;w=634&amp;zc=1","datePublished":"2014-03-26T14:04:11+00:00","breadcrumb":{"@id":"https:\/\/blogdofarnesio.com.br\/?p=77367#breadcrumb"},"inLanguage":"pt-BR","potentialAction":[{"@type":"ReadAction","target":["https:\/\/blogdofarnesio.com.br\/?p=77367"]}]},{"@type":"ImageObject","inLanguage":"pt-BR","@id":"https:\/\/blogdofarnesio.com.br\/?p=77367#primaryimage","url":"http:\/\/acaopopular.net\/jornal\/wp-content\/themes\/city-desk\/timthumb.php?src=http%3A%2F%2Facaopopular.net%2Fjornal%2Fwp-content%2Fuploads%2F2014%2F03%2FDSCF5229-464x261.jpg&amp;q=90&amp;w=634&amp;zc=1","contentUrl":"http:\/\/acaopopular.net\/jornal\/wp-content\/themes\/city-desk\/timthumb.php?src=http%3A%2F%2Facaopopular.net%2Fjornal%2Fwp-content%2Fuploads%2F2014%2F03%2FDSCF5229-464x261.jpg&amp;q=90&amp;w=634&amp;zc=1"},{"@type":"BreadcrumbList","@id":"https:\/\/blogdofarnesio.com.br\/?p=77367#breadcrumb","itemListElement":[{"@type":"ListItem","position":1,"name":"In\u00edcio","item":"https:\/\/blogdofarnesio.com.br\/"},{"@type":"ListItem","position":2,"name":"FUNCION\u00c1RIOS DA EBDA EM JUAZEIRO, DECRETAM GREVE POR TEMPO INDETERMINADO"}]},{"@type":"WebSite","@id":"https:\/\/blogdofarnesio.com.br\/#website","url":"https:\/\/blogdofarnesio.com.br\/","name":"Blog do Farn\u00e9sio","description":"Quer Saber Pol\u00edtica?","publisher":{"@id":"https:\/\/blogdofarnesio.com.br\/#organization"},"potentialAction":[{"@type":"SearchAction","target":{"@type":"EntryPoint","urlTemplate":"https:\/\/blogdofarnesio.com.br\/?s={search_term_string}"},"query-input":{"@type":"PropertyValueSpecification","valueRequired":true,"valueName":"search_term_string"}}],"inLanguage":"pt-BR"},{"@type":"Organization","@id":"https:\/\/blogdofarnesio.com.br\/#organization","name":"Blog do Farn\u00e9sio","url":"https:\/\/blogdofarnesio.com.br\/","logo":{"@type":"ImageObject","inLanguage":"pt-BR","@id":"https:\/\/blogdofarnesio.com.br\/#\/schema\/logo\/image\/","url":"https:\/\/blogdofarnesio.com.br\/wp-content\/uploads\/2026\/03\/cropped-logo_new-1.png","contentUrl":"https:\/\/blogdofarnesio.com.br\/wp-content\/uploads\/2026\/03\/cropped-logo_new-1.png","width":881,"height":685,"caption":"Blog do Farn\u00e9sio"},"image":{"@id":"https:\/\/blogdofarnesio.com.br\/#\/schema\/logo\/image\/"},"sameAs":["https:\/\/www.facebook.com\/BlogQuerSaberPolitica\/"]},{"@type":"Person","@id":"https:\/\/blogdofarnesio.com.br\/#\/schema\/person\/dd1bf5eba40b687199ba45ca6b97dff9","name":"teste","image":{"@type":"ImageObject","inLanguage":"pt-BR","@id":"https:\/\/secure.gravatar.com\/avatar\/2172498d4914b51e1d89a0f97957b035ac4938723a5cac208135d389b6972a6d?s=96&d=mm&r=g","url":"https:\/\/secure.gravatar.com\/avatar\/2172498d4914b51e1d89a0f97957b035ac4938723a5cac208135d389b6972a6d?s=96&d=mm&r=g","contentUrl":"https:\/\/secure.gravatar.com\/avatar\/2172498d4914b51e1d89a0f97957b035ac4938723a5cac208135d389b6972a6d?s=96&d=mm&r=g","caption":"teste"},"url":"https:\/\/blogdofarnesio.com.br\/?author=3"}]}},"_links":{"self":[{"href":"https:\/\/blogdofarnesio.com.br\/index.php?rest_route=\/wp\/v2\/posts\/77367","targetHints":{"allow":["GET"]}}],"collection":[{"href":"https:\/\/blogdofarnesio.com.br\/index.php?rest_route=\/wp\/v2\/posts"}],"about":[{"href":"https:\/\/blogdofarnesio.com.br\/index.php?rest_route=\/wp\/v2\/types\/post"}],"author":[{"embeddable":true,"href":"https:\/\/blogdofarnesio.com.br\/index.php?rest_route=\/wp\/v2\/users\/3"}],"replies":[{"embeddable":true,"href":"https:\/\/blogdofarnesio.com.br\/index.php?rest_route=%2Fwp%2Fv2%2Fcomments&post=77367"}],"version-history":[{"count":0,"href":"https:\/\/blogdofarnesio.com.br\/index.php?rest_route=\/wp\/v2\/posts\/77367\/revisions"}],"wp:attachment":[{"href":"https:\/\/blogdofarnesio.com.br\/index.php?rest_route=%2Fwp%2Fv2%2Fmedia&parent=77367"}],"wp:term":[{"taxonomy":"category","embeddable":true,"href":"https:\/\/blogdofarnesio.com.br\/index.php?rest_route=%2Fwp%2Fv2%2Fcategories&post=77367"},{"taxonomy":"post_tag","embeddable":true,"href":"https:\/\/blogdofarnesio.com.br\/index.php?rest_route=%2Fwp%2Fv2%2Ftags&post=77367"}],"curies":[{"name":"wp","href":"https:\/\/api.w.org\/{rel}","templated":true}]}}