{"id":77330,"date":"2014-03-26T06:10:56","date_gmt":"2014-03-26T09:10:56","guid":{"rendered":"http:\/\/www.quersaberpolitica.com.br\/?p=77330"},"modified":"2014-03-26T09:26:06","modified_gmt":"2014-03-26T12:26:06","slug":"realizada-acao-preventiva-de-combate-ao-bicho-geografico-no-rodeadouro","status":"publish","type":"post","link":"https:\/\/blogdofarnesio.com.br\/2014\/03\/realizada-acao-preventiva-de-combate-ao-bicho-geografico-no-rodeadouro\/","title":{"rendered":"REALIZADA A\u00c7\u00c3O PREVENTIVA DE COMBATE A LARVA DO \u201cBICHO GEOGR\u00c1FICO\u201d NO RODEADOURO"},"content":{"rendered":"<p style=\"text-align: justify\"><a href=\"http:\/\/www.quersaberpolitica.com.br\/2016\/wp-content\/uploads\/2014\/03\/DSC00110.jpg\"><img loading=\"lazy\" decoding=\"async\" class=\"alignleft size-medium wp-image-77331\" alt=\"blogqsprodeadouro \" src=\"http:\/\/www.quersaberpolitica.com.br\/2016\/wp-content\/uploads\/2014\/03\/DSC00110-300x225.jpg\" width=\"300\" height=\"225\" srcset=\"https:\/\/blogdofarnesio.com.br\/wp-content\/uploads\/2014\/03\/DSC00110-300x225.jpg 300w, https:\/\/blogdofarnesio.com.br\/wp-content\/uploads\/2014\/03\/DSC00110.jpg 400w\" sizes=\"auto, (max-width: 300px) 100vw, 300px\" \/><\/a>O secret\u00e1rio de Meio Ambiente e Ordem P\u00fablica, Edvan Gon\u00e7alves esteve, acompanhado dos fiscais de postura do munic\u00edpio, nesta ter\u00e7a-feira (25) participando de reuni\u00e3o na Ilha do Rodeadouro a fim de definirem medidas de combate ao poss\u00edvel surto da larva migrans ou bicho geogr\u00e1fico.<\/p>\n<p style=\"text-align: justify\">Na oportunidade, al\u00e9m da atua\u00e7\u00e3o dos fiscais de postura, tamb\u00e9m estiveram presentes a Vigil\u00e2ncia Sanit\u00e1ria de Juazeiro e de Petrolina, al\u00e9m de integrantes do Centro de Zoonoses. Os representantes definiram que medidas ser\u00e3o realizadas a curto e m\u00e9dio prazos.<\/p>\n<p style=\"text-align: justify\">No momento da visita os grupos se dividiram e iniciaram as visitas aos moradores e barraqueiros da Ilha com a distribui\u00e7\u00e3o de material informativo de combate a larva e instru\u00e7\u00f5es de cuidados aos animais. Paralelo, a equipe do Centro de Zoonoses coletou 16 amostras entre areia e fezes de cada lado da Ilha. O objetivo \u00e9 identificar o n\u00edvel de infesta\u00e7\u00e3o para as medidas a m\u00e9dio prazo.<!--more--><\/p>\n<p style=\"text-align: justify\">Durante a a\u00e7\u00e3o, os fiscais de postura identificaram uma pr\u00e1tica dos vizinhos da Ilha. Segundo Manoel Rodrigues, que \u00e9 barraqueiro e mora na ilha h\u00e1 48 anos, muitos fazendeiros abandonam gatos e cachorros no local. \u201cO n\u00famero de gatos e cachorros abandonados aqui s\u00f3 cresce, sem contar que ainda se reproduzem\u201d, disse Manoel. Ele afirma ainda que em todos esses anos s\u00f3 agora ouviu falar desse parasita.<\/p>\n<p style=\"text-align: justify\">Ao final da visita, os barraqueiros foram orientados a se posicionarem como parte da a\u00e7\u00e3o orientando e fiscalizando os freq\u00fcentadores de que n\u00e3o se deve levar animais para a ilha. Para aqueles que moram no local, a orienta\u00e7\u00e3o \u00e9 de que seus animais recebam acompanhamento veterin\u00e1rio. J\u00e1 em rela\u00e7\u00e3o aos animais abandonados, foi feita uma pr\u00e9via contagem a fim de ser realizada uma nova a\u00e7\u00e3o para retir\u00e1-los da Ilha. \u201cEssa visita revela que n\u00e3o s\u00f3 as a\u00e7\u00f5es resolver\u00e3o, mas tamb\u00e9m se faz necess\u00e1rio uma conscientiza\u00e7\u00e3o coletiva para que esse ciclo vicioso seja interrompido\u201d, observou o secret\u00e1rio Edvan Gon\u00e7alves.<\/p>\n<p><strong>Por Clarissa Moreira\/Meio Ambiente<\/strong><\/p>\n","protected":false},"excerpt":{"rendered":"<p>O secret\u00e1rio de Meio Ambiente e Ordem P\u00fablica, Edvan Gon\u00e7alves esteve, acompanhado dos fiscais de postura do munic\u00edpio, nesta ter\u00e7a-feira (25) participando de reuni\u00e3o na Ilha do Rodeadouro a fim de definirem medidas de combate ao poss\u00edvel surto da larva migrans ou bicho geogr\u00e1fico. Na oportunidade, al\u00e9m da atua\u00e7\u00e3o dos fiscais de postura, tamb\u00e9m estiveram presentes a Vigil\u00e2ncia Sanit\u00e1ria de Juazeiro e de Petrolina, al\u00e9m de integrantes do Centro de Zoonoses. Os representantes definiram que medidas ser\u00e3o realizadas a curto e m\u00e9dio prazos. No momento da visita os grupos se dividiram e iniciaram as visitas aos moradores e barraqueiros da Ilha com a distribui\u00e7\u00e3o de material informativo de combate a larva e instru\u00e7\u00f5es de cuidados aos animais. Paralelo, a equipe&hellip; <\/p>\n","protected":false},"author":3,"featured_media":0,"comment_status":"open","ping_status":"open","sticky":false,"template":"","format":"standard","meta":{"_acf_changed":false,"footnotes":""},"categories":[29,4],"tags":[],"class_list":["post-77330","post","type-post","status-publish","format-standard","hentry","category-meio-ambiente","category-saude"],"acf":[],"yoast_head":"<!-- This site is optimized with the Yoast SEO plugin v27.5 - https:\/\/yoast.com\/product\/yoast-seo-wordpress\/ -->\n<title>REALIZADA A\u00c7\u00c3O PREVENTIVA DE COMBATE A LARVA DO \u201cBICHO GEOGR\u00c1FICO\u201d NO RODEADOURO - Blog do Farn\u00e9sio<\/title>\n<meta name=\"robots\" content=\"index, follow, max-snippet:-1, max-image-preview:large, max-video-preview:-1\" \/>\n<link rel=\"canonical\" href=\"https:\/\/blogdofarnesio.com.br\/2014\/03\/realizada-acao-preventiva-de-combate-ao-bicho-geografico-no-rodeadouro\/\" \/>\n<meta property=\"og:locale\" content=\"pt_BR\" \/>\n<meta property=\"og:type\" content=\"article\" \/>\n<meta property=\"og:title\" content=\"REALIZADA A\u00c7\u00c3O PREVENTIVA DE COMBATE A LARVA DO \u201cBICHO GEOGR\u00c1FICO\u201d NO RODEADOURO - Blog do Farn\u00e9sio\" \/>\n<meta property=\"og:description\" content=\"O secret\u00e1rio de Meio Ambiente e Ordem P\u00fablica, Edvan Gon\u00e7alves esteve, acompanhado dos fiscais de postura do munic\u00edpio, nesta ter\u00e7a-feira (25) participando de reuni\u00e3o na Ilha do Rodeadouro a fim de definirem medidas de combate ao poss\u00edvel surto da larva migrans ou bicho geogr\u00e1fico. Na oportunidade, al\u00e9m da atua\u00e7\u00e3o dos fiscais de postura, tamb\u00e9m estiveram presentes a Vigil\u00e2ncia Sanit\u00e1ria de Juazeiro e de Petrolina, al\u00e9m de integrantes do Centro de Zoonoses. Os representantes definiram que medidas ser\u00e3o realizadas a curto e m\u00e9dio prazos. No momento da visita os grupos se dividiram e iniciaram as visitas aos moradores e barraqueiros da Ilha com a distribui\u00e7\u00e3o de material informativo de combate a larva e instru\u00e7\u00f5es de cuidados aos animais. Paralelo, a equipe&hellip;\" \/>\n<meta property=\"og:url\" content=\"https:\/\/blogdofarnesio.com.br\/2014\/03\/realizada-acao-preventiva-de-combate-ao-bicho-geografico-no-rodeadouro\/\" \/>\n<meta property=\"og:site_name\" content=\"Blog do Farn\u00e9sio\" \/>\n<meta property=\"article:publisher\" content=\"https:\/\/www.facebook.com\/BlogQuerSaberPolitica\/\" \/>\n<meta property=\"article:published_time\" content=\"2014-03-26T09:10:56+00:00\" \/>\n<meta property=\"article:modified_time\" content=\"2014-03-26T12:26:06+00:00\" \/>\n<meta property=\"og:image\" content=\"http:\/\/www.quersaberpolitica.com.br\/2016\/wp-content\/uploads\/2014\/03\/DSC00110-300x225.jpg\" \/>\n<meta name=\"author\" content=\"teste\" \/>\n<meta name=\"twitter:card\" content=\"summary_large_image\" \/>\n<meta name=\"twitter:label1\" content=\"Escrito por\" \/>\n\t<meta name=\"twitter:data1\" content=\"teste\" \/>\n\t<meta name=\"twitter:label2\" content=\"Est. tempo de leitura\" \/>\n\t<meta name=\"twitter:data2\" content=\"2 minutos\" \/>\n<script type=\"application\/ld+json\" class=\"yoast-schema-graph\">{\"@context\":\"https:\\\/\\\/schema.org\",\"@graph\":[{\"@type\":\"Article\",\"@id\":\"https:\\\/\\\/blogdofarnesio.com.br\\\/2014\\\/03\\\/realizada-acao-preventiva-de-combate-ao-bicho-geografico-no-rodeadouro\\\/#article\",\"isPartOf\":{\"@id\":\"https:\\\/\\\/blogdofarnesio.com.br\\\/2014\\\/03\\\/realizada-acao-preventiva-de-combate-ao-bicho-geografico-no-rodeadouro\\\/\"},\"author\":{\"name\":\"teste\",\"@id\":\"https:\\\/\\\/blogdofarnesio.com.br\\\/#\\\/schema\\\/person\\\/dd1bf5eba40b687199ba45ca6b97dff9\"},\"headline\":\"REALIZADA A\u00c7\u00c3O PREVENTIVA DE COMBATE A LARVA DO \u201cBICHO GEOGR\u00c1FICO\u201d NO RODEADOURO\",\"datePublished\":\"2014-03-26T09:10:56+00:00\",\"dateModified\":\"2014-03-26T12:26:06+00:00\",\"mainEntityOfPage\":{\"@id\":\"https:\\\/\\\/blogdofarnesio.com.br\\\/2014\\\/03\\\/realizada-acao-preventiva-de-combate-ao-bicho-geografico-no-rodeadouro\\\/\"},\"wordCount\":369,\"commentCount\":1,\"publisher\":{\"@id\":\"https:\\\/\\\/blogdofarnesio.com.br\\\/#organization\"},\"image\":{\"@id\":\"https:\\\/\\\/blogdofarnesio.com.br\\\/2014\\\/03\\\/realizada-acao-preventiva-de-combate-ao-bicho-geografico-no-rodeadouro\\\/#primaryimage\"},\"thumbnailUrl\":\"http:\\\/\\\/www.quersaberpolitica.com.br\\\/2016\\\/wp-content\\\/uploads\\\/2014\\\/03\\\/DSC00110-300x225.jpg\",\"articleSection\":[\"Meio Ambiente\",\"Sa\u00fade\"],\"inLanguage\":\"pt-BR\",\"potentialAction\":[{\"@type\":\"CommentAction\",\"name\":\"Comment\",\"target\":[\"https:\\\/\\\/blogdofarnesio.com.br\\\/2014\\\/03\\\/realizada-acao-preventiva-de-combate-ao-bicho-geografico-no-rodeadouro\\\/#respond\"]}]},{\"@type\":\"WebPage\",\"@id\":\"https:\\\/\\\/blogdofarnesio.com.br\\\/2014\\\/03\\\/realizada-acao-preventiva-de-combate-ao-bicho-geografico-no-rodeadouro\\\/\",\"url\":\"https:\\\/\\\/blogdofarnesio.com.br\\\/2014\\\/03\\\/realizada-acao-preventiva-de-combate-ao-bicho-geografico-no-rodeadouro\\\/\",\"name\":\"REALIZADA A\u00c7\u00c3O PREVENTIVA DE COMBATE A LARVA DO \u201cBICHO GEOGR\u00c1FICO\u201d NO RODEADOURO - Blog do Farn\u00e9sio\",\"isPartOf\":{\"@id\":\"https:\\\/\\\/blogdofarnesio.com.br\\\/#website\"},\"primaryImageOfPage\":{\"@id\":\"https:\\\/\\\/blogdofarnesio.com.br\\\/2014\\\/03\\\/realizada-acao-preventiva-de-combate-ao-bicho-geografico-no-rodeadouro\\\/#primaryimage\"},\"image\":{\"@id\":\"https:\\\/\\\/blogdofarnesio.com.br\\\/2014\\\/03\\\/realizada-acao-preventiva-de-combate-ao-bicho-geografico-no-rodeadouro\\\/#primaryimage\"},\"thumbnailUrl\":\"http:\\\/\\\/www.quersaberpolitica.com.br\\\/2016\\\/wp-content\\\/uploads\\\/2014\\\/03\\\/DSC00110-300x225.jpg\",\"datePublished\":\"2014-03-26T09:10:56+00:00\",\"dateModified\":\"2014-03-26T12:26:06+00:00\",\"breadcrumb\":{\"@id\":\"https:\\\/\\\/blogdofarnesio.com.br\\\/2014\\\/03\\\/realizada-acao-preventiva-de-combate-ao-bicho-geografico-no-rodeadouro\\\/#breadcrumb\"},\"inLanguage\":\"pt-BR\",\"potentialAction\":[{\"@type\":\"ReadAction\",\"target\":[\"https:\\\/\\\/blogdofarnesio.com.br\\\/2014\\\/03\\\/realizada-acao-preventiva-de-combate-ao-bicho-geografico-no-rodeadouro\\\/\"]}]},{\"@type\":\"ImageObject\",\"inLanguage\":\"pt-BR\",\"@id\":\"https:\\\/\\\/blogdofarnesio.com.br\\\/2014\\\/03\\\/realizada-acao-preventiva-de-combate-ao-bicho-geografico-no-rodeadouro\\\/#primaryimage\",\"url\":\"http:\\\/\\\/www.quersaberpolitica.com.br\\\/2016\\\/wp-content\\\/uploads\\\/2014\\\/03\\\/DSC00110-300x225.jpg\",\"contentUrl\":\"http:\\\/\\\/www.quersaberpolitica.com.br\\\/2016\\\/wp-content\\\/uploads\\\/2014\\\/03\\\/DSC00110-300x225.jpg\"},{\"@type\":\"BreadcrumbList\",\"@id\":\"https:\\\/\\\/blogdofarnesio.com.br\\\/2014\\\/03\\\/realizada-acao-preventiva-de-combate-ao-bicho-geografico-no-rodeadouro\\\/#breadcrumb\",\"itemListElement\":[{\"@type\":\"ListItem\",\"position\":1,\"name\":\"In\u00edcio\",\"item\":\"https:\\\/\\\/blogdofarnesio.com.br\\\/\"},{\"@type\":\"ListItem\",\"position\":2,\"name\":\"REALIZADA A\u00c7\u00c3O PREVENTIVA DE COMBATE A LARVA DO \u201cBICHO GEOGR\u00c1FICO\u201d NO RODEADOURO\"}]},{\"@type\":\"WebSite\",\"@id\":\"https:\\\/\\\/blogdofarnesio.com.br\\\/#website\",\"url\":\"https:\\\/\\\/blogdofarnesio.com.br\\\/\",\"name\":\"Blog do Farn\u00e9sio\",\"description\":\"Quer Saber Pol\u00edtica?\",\"publisher\":{\"@id\":\"https:\\\/\\\/blogdofarnesio.com.br\\\/#organization\"},\"potentialAction\":[{\"@type\":\"SearchAction\",\"target\":{\"@type\":\"EntryPoint\",\"urlTemplate\":\"https:\\\/\\\/blogdofarnesio.com.br\\\/?s={search_term_string}\"},\"query-input\":{\"@type\":\"PropertyValueSpecification\",\"valueRequired\":true,\"valueName\":\"search_term_string\"}}],\"inLanguage\":\"pt-BR\"},{\"@type\":\"Organization\",\"@id\":\"https:\\\/\\\/blogdofarnesio.com.br\\\/#organization\",\"name\":\"Blog do Farn\u00e9sio\",\"url\":\"https:\\\/\\\/blogdofarnesio.com.br\\\/\",\"logo\":{\"@type\":\"ImageObject\",\"inLanguage\":\"pt-BR\",\"@id\":\"https:\\\/\\\/blogdofarnesio.com.br\\\/#\\\/schema\\\/logo\\\/image\\\/\",\"url\":\"https:\\\/\\\/blogdofarnesio.com.br\\\/wp-content\\\/uploads\\\/2026\\\/03\\\/cropped-logo_new-1.png\",\"contentUrl\":\"https:\\\/\\\/blogdofarnesio.com.br\\\/wp-content\\\/uploads\\\/2026\\\/03\\\/cropped-logo_new-1.png\",\"width\":881,\"height\":685,\"caption\":\"Blog do Farn\u00e9sio\"},\"image\":{\"@id\":\"https:\\\/\\\/blogdofarnesio.com.br\\\/#\\\/schema\\\/logo\\\/image\\\/\"},\"sameAs\":[\"https:\\\/\\\/www.facebook.com\\\/BlogQuerSaberPolitica\\\/\"]},{\"@type\":\"Person\",\"@id\":\"https:\\\/\\\/blogdofarnesio.com.br\\\/#\\\/schema\\\/person\\\/dd1bf5eba40b687199ba45ca6b97dff9\",\"name\":\"teste\",\"image\":{\"@type\":\"ImageObject\",\"inLanguage\":\"pt-BR\",\"@id\":\"https:\\\/\\\/secure.gravatar.com\\\/avatar\\\/2172498d4914b51e1d89a0f97957b035ac4938723a5cac208135d389b6972a6d?s=96&d=mm&r=g\",\"url\":\"https:\\\/\\\/secure.gravatar.com\\\/avatar\\\/2172498d4914b51e1d89a0f97957b035ac4938723a5cac208135d389b6972a6d?s=96&d=mm&r=g\",\"contentUrl\":\"https:\\\/\\\/secure.gravatar.com\\\/avatar\\\/2172498d4914b51e1d89a0f97957b035ac4938723a5cac208135d389b6972a6d?s=96&d=mm&r=g\",\"caption\":\"teste\"},\"url\":\"https:\\\/\\\/blogdofarnesio.com.br\\\/author\\\/teste\\\/\"}]}<\/script>\n<!-- \/ Yoast SEO plugin. -->","yoast_head_json":{"title":"REALIZADA A\u00c7\u00c3O PREVENTIVA DE COMBATE A LARVA DO \u201cBICHO GEOGR\u00c1FICO\u201d NO RODEADOURO - Blog do Farn\u00e9sio","robots":{"index":"index","follow":"follow","max-snippet":"max-snippet:-1","max-image-preview":"max-image-preview:large","max-video-preview":"max-video-preview:-1"},"canonical":"https:\/\/blogdofarnesio.com.br\/2014\/03\/realizada-acao-preventiva-de-combate-ao-bicho-geografico-no-rodeadouro\/","og_locale":"pt_BR","og_type":"article","og_title":"REALIZADA A\u00c7\u00c3O PREVENTIVA DE COMBATE A LARVA DO \u201cBICHO GEOGR\u00c1FICO\u201d NO RODEADOURO - Blog do Farn\u00e9sio","og_description":"O secret\u00e1rio de Meio Ambiente e Ordem P\u00fablica, Edvan Gon\u00e7alves esteve, acompanhado dos fiscais de postura do munic\u00edpio, nesta ter\u00e7a-feira (25) participando de reuni\u00e3o na Ilha do Rodeadouro a fim de definirem medidas de combate ao poss\u00edvel surto da larva migrans ou bicho geogr\u00e1fico. Na oportunidade, al\u00e9m da atua\u00e7\u00e3o dos fiscais de postura, tamb\u00e9m estiveram presentes a Vigil\u00e2ncia Sanit\u00e1ria de Juazeiro e de Petrolina, al\u00e9m de integrantes do Centro de Zoonoses. Os representantes definiram que medidas ser\u00e3o realizadas a curto e m\u00e9dio prazos. No momento da visita os grupos se dividiram e iniciaram as visitas aos moradores e barraqueiros da Ilha com a distribui\u00e7\u00e3o de material informativo de combate a larva e instru\u00e7\u00f5es de cuidados aos animais. Paralelo, a equipe&hellip;","og_url":"https:\/\/blogdofarnesio.com.br\/2014\/03\/realizada-acao-preventiva-de-combate-ao-bicho-geografico-no-rodeadouro\/","og_site_name":"Blog do Farn\u00e9sio","article_publisher":"https:\/\/www.facebook.com\/BlogQuerSaberPolitica\/","article_published_time":"2014-03-26T09:10:56+00:00","article_modified_time":"2014-03-26T12:26:06+00:00","og_image":[{"url":"http:\/\/www.quersaberpolitica.com.br\/2016\/wp-content\/uploads\/2014\/03\/DSC00110-300x225.jpg","type":"","width":"","height":""}],"author":"teste","twitter_card":"summary_large_image","twitter_misc":{"Escrito por":"teste","Est. tempo de leitura":"2 minutos"},"schema":{"@context":"https:\/\/schema.org","@graph":[{"@type":"Article","@id":"https:\/\/blogdofarnesio.com.br\/2014\/03\/realizada-acao-preventiva-de-combate-ao-bicho-geografico-no-rodeadouro\/#article","isPartOf":{"@id":"https:\/\/blogdofarnesio.com.br\/2014\/03\/realizada-acao-preventiva-de-combate-ao-bicho-geografico-no-rodeadouro\/"},"author":{"name":"teste","@id":"https:\/\/blogdofarnesio.com.br\/#\/schema\/person\/dd1bf5eba40b687199ba45ca6b97dff9"},"headline":"REALIZADA A\u00c7\u00c3O PREVENTIVA DE COMBATE A LARVA DO \u201cBICHO GEOGR\u00c1FICO\u201d NO RODEADOURO","datePublished":"2014-03-26T09:10:56+00:00","dateModified":"2014-03-26T12:26:06+00:00","mainEntityOfPage":{"@id":"https:\/\/blogdofarnesio.com.br\/2014\/03\/realizada-acao-preventiva-de-combate-ao-bicho-geografico-no-rodeadouro\/"},"wordCount":369,"commentCount":1,"publisher":{"@id":"https:\/\/blogdofarnesio.com.br\/#organization"},"image":{"@id":"https:\/\/blogdofarnesio.com.br\/2014\/03\/realizada-acao-preventiva-de-combate-ao-bicho-geografico-no-rodeadouro\/#primaryimage"},"thumbnailUrl":"http:\/\/www.quersaberpolitica.com.br\/2016\/wp-content\/uploads\/2014\/03\/DSC00110-300x225.jpg","articleSection":["Meio Ambiente","Sa\u00fade"],"inLanguage":"pt-BR","potentialAction":[{"@type":"CommentAction","name":"Comment","target":["https:\/\/blogdofarnesio.com.br\/2014\/03\/realizada-acao-preventiva-de-combate-ao-bicho-geografico-no-rodeadouro\/#respond"]}]},{"@type":"WebPage","@id":"https:\/\/blogdofarnesio.com.br\/2014\/03\/realizada-acao-preventiva-de-combate-ao-bicho-geografico-no-rodeadouro\/","url":"https:\/\/blogdofarnesio.com.br\/2014\/03\/realizada-acao-preventiva-de-combate-ao-bicho-geografico-no-rodeadouro\/","name":"REALIZADA A\u00c7\u00c3O PREVENTIVA DE COMBATE A LARVA DO \u201cBICHO GEOGR\u00c1FICO\u201d NO RODEADOURO - Blog do Farn\u00e9sio","isPartOf":{"@id":"https:\/\/blogdofarnesio.com.br\/#website"},"primaryImageOfPage":{"@id":"https:\/\/blogdofarnesio.com.br\/2014\/03\/realizada-acao-preventiva-de-combate-ao-bicho-geografico-no-rodeadouro\/#primaryimage"},"image":{"@id":"https:\/\/blogdofarnesio.com.br\/2014\/03\/realizada-acao-preventiva-de-combate-ao-bicho-geografico-no-rodeadouro\/#primaryimage"},"thumbnailUrl":"http:\/\/www.quersaberpolitica.com.br\/2016\/wp-content\/uploads\/2014\/03\/DSC00110-300x225.jpg","datePublished":"2014-03-26T09:10:56+00:00","dateModified":"2014-03-26T12:26:06+00:00","breadcrumb":{"@id":"https:\/\/blogdofarnesio.com.br\/2014\/03\/realizada-acao-preventiva-de-combate-ao-bicho-geografico-no-rodeadouro\/#breadcrumb"},"inLanguage":"pt-BR","potentialAction":[{"@type":"ReadAction","target":["https:\/\/blogdofarnesio.com.br\/2014\/03\/realizada-acao-preventiva-de-combate-ao-bicho-geografico-no-rodeadouro\/"]}]},{"@type":"ImageObject","inLanguage":"pt-BR","@id":"https:\/\/blogdofarnesio.com.br\/2014\/03\/realizada-acao-preventiva-de-combate-ao-bicho-geografico-no-rodeadouro\/#primaryimage","url":"http:\/\/www.quersaberpolitica.com.br\/2016\/wp-content\/uploads\/2014\/03\/DSC00110-300x225.jpg","contentUrl":"http:\/\/www.quersaberpolitica.com.br\/2016\/wp-content\/uploads\/2014\/03\/DSC00110-300x225.jpg"},{"@type":"BreadcrumbList","@id":"https:\/\/blogdofarnesio.com.br\/2014\/03\/realizada-acao-preventiva-de-combate-ao-bicho-geografico-no-rodeadouro\/#breadcrumb","itemListElement":[{"@type":"ListItem","position":1,"name":"In\u00edcio","item":"https:\/\/blogdofarnesio.com.br\/"},{"@type":"ListItem","position":2,"name":"REALIZADA A\u00c7\u00c3O PREVENTIVA DE COMBATE A LARVA DO \u201cBICHO GEOGR\u00c1FICO\u201d NO RODEADOURO"}]},{"@type":"WebSite","@id":"https:\/\/blogdofarnesio.com.br\/#website","url":"https:\/\/blogdofarnesio.com.br\/","name":"Blog do Farn\u00e9sio","description":"Quer Saber Pol\u00edtica?","publisher":{"@id":"https:\/\/blogdofarnesio.com.br\/#organization"},"potentialAction":[{"@type":"SearchAction","target":{"@type":"EntryPoint","urlTemplate":"https:\/\/blogdofarnesio.com.br\/?s={search_term_string}"},"query-input":{"@type":"PropertyValueSpecification","valueRequired":true,"valueName":"search_term_string"}}],"inLanguage":"pt-BR"},{"@type":"Organization","@id":"https:\/\/blogdofarnesio.com.br\/#organization","name":"Blog do Farn\u00e9sio","url":"https:\/\/blogdofarnesio.com.br\/","logo":{"@type":"ImageObject","inLanguage":"pt-BR","@id":"https:\/\/blogdofarnesio.com.br\/#\/schema\/logo\/image\/","url":"https:\/\/blogdofarnesio.com.br\/wp-content\/uploads\/2026\/03\/cropped-logo_new-1.png","contentUrl":"https:\/\/blogdofarnesio.com.br\/wp-content\/uploads\/2026\/03\/cropped-logo_new-1.png","width":881,"height":685,"caption":"Blog do Farn\u00e9sio"},"image":{"@id":"https:\/\/blogdofarnesio.com.br\/#\/schema\/logo\/image\/"},"sameAs":["https:\/\/www.facebook.com\/BlogQuerSaberPolitica\/"]},{"@type":"Person","@id":"https:\/\/blogdofarnesio.com.br\/#\/schema\/person\/dd1bf5eba40b687199ba45ca6b97dff9","name":"teste","image":{"@type":"ImageObject","inLanguage":"pt-BR","@id":"https:\/\/secure.gravatar.com\/avatar\/2172498d4914b51e1d89a0f97957b035ac4938723a5cac208135d389b6972a6d?s=96&d=mm&r=g","url":"https:\/\/secure.gravatar.com\/avatar\/2172498d4914b51e1d89a0f97957b035ac4938723a5cac208135d389b6972a6d?s=96&d=mm&r=g","contentUrl":"https:\/\/secure.gravatar.com\/avatar\/2172498d4914b51e1d89a0f97957b035ac4938723a5cac208135d389b6972a6d?s=96&d=mm&r=g","caption":"teste"},"url":"https:\/\/blogdofarnesio.com.br\/author\/teste\/"}]}},"_links":{"self":[{"href":"https:\/\/blogdofarnesio.com.br\/wp-json\/wp\/v2\/posts\/77330","targetHints":{"allow":["GET"]}}],"collection":[{"href":"https:\/\/blogdofarnesio.com.br\/wp-json\/wp\/v2\/posts"}],"about":[{"href":"https:\/\/blogdofarnesio.com.br\/wp-json\/wp\/v2\/types\/post"}],"author":[{"embeddable":true,"href":"https:\/\/blogdofarnesio.com.br\/wp-json\/wp\/v2\/users\/3"}],"replies":[{"embeddable":true,"href":"https:\/\/blogdofarnesio.com.br\/wp-json\/wp\/v2\/comments?post=77330"}],"version-history":[{"count":0,"href":"https:\/\/blogdofarnesio.com.br\/wp-json\/wp\/v2\/posts\/77330\/revisions"}],"wp:attachment":[{"href":"https:\/\/blogdofarnesio.com.br\/wp-json\/wp\/v2\/media?parent=77330"}],"wp:term":[{"taxonomy":"category","embeddable":true,"href":"https:\/\/blogdofarnesio.com.br\/wp-json\/wp\/v2\/categories?post=77330"},{"taxonomy":"post_tag","embeddable":true,"href":"https:\/\/blogdofarnesio.com.br\/wp-json\/wp\/v2\/tags?post=77330"}],"curies":[{"name":"wp","href":"https:\/\/api.w.org\/{rel}","templated":true}]}}