{"id":77322,"date":"2014-03-26T14:00:00","date_gmt":"2014-03-26T17:00:00","guid":{"rendered":"http:\/\/www.quersaberpolitica.com.br\/?p=77322"},"modified":"2014-03-26T10:38:59","modified_gmt":"2014-03-26T13:38:59","slug":"petrolina-realiza-campanha-de-combate-a-tuberculose","status":"publish","type":"post","link":"https:\/\/blogdofarnesio.com.br\/?p=77322","title":{"rendered":"PETROLINA REALIZA CAMPANHA DE COMBATE \u00c0 TUBERCULOSE"},"content":{"rendered":"<p style=\"text-align: justify\"><a href=\"http:\/\/www.quersaberpolitica.com.br\/2016\/wp-content\/uploads\/2014\/03\/tuberculose.jpg\"><img loading=\"lazy\" decoding=\"async\" class=\"alignleft size-medium wp-image-77323\" alt=\"blogqsptuberculose\" src=\"http:\/\/www.quersaberpolitica.com.br\/2016\/wp-content\/uploads\/2014\/03\/tuberculose-300x175.jpg\" width=\"300\" height=\"175\" srcset=\"https:\/\/blogdofarnesio.com.br\/wp-content\/uploads\/2014\/03\/tuberculose-300x175.jpg 300w, https:\/\/blogdofarnesio.com.br\/wp-content\/uploads\/2014\/03\/tuberculose.jpg 436w\" sizes=\"auto, (max-width: 300px) 100vw, 300px\" \/><\/a>O Programa Municipal de Controle da Tuberculose, em parceria com a VII Ger\u00eancia Regional de Sa\u00fade, deu in\u00edcio esta semana \u00e0s atividades de busca ativa pelo sintom\u00e1tico respirat\u00f3rio em todas as unidades de sa\u00fade, atrav\u00e9s da coleta oportuna de escarro, para isso foram disponibilizados 500 coletores est\u00e9reis.<\/p>\n<p style=\"text-align: justify\">A a\u00e7\u00e3o tem como tema \u201cEst\u00e1 na hora de se tratar, tuberculose pode matar\u201d e refor\u00e7a a import\u00e2ncia da preven\u00e7\u00e3o e do tratamento da doen\u00e7a. \u201cNosso intuito n\u00e3o \u00e9 s\u00f3 alertar a popula\u00e7\u00e3o em um per\u00edodo pontual como este, semana de combate \u00e0 tuberculose, mas orient\u00e1-la que a preven\u00e7\u00e3o e o tratamento s\u00e3o imprescind\u00edveis em qualquer tempo. Os casos novos de tuberculose ser\u00e3o acompanhados pelas equipes de profissionais de cada unidade\u201d, explicou o coordenador do programa Walter Ataalpa.<!--more--><\/p>\n<p style=\"text-align: justify\">A campanha nas unidades acontecer\u00e1 at\u00e9 a pr\u00f3xima sexta-feira, 28, mas ser\u00e1 iniciada na Penitenci\u00e1ria Dr. Edvaldo Gomes no dia 31 de mar\u00e7o se estendo at\u00e9 o dia 04 de abril. \u201cO p\u00fablico da penitenci\u00e1ria poder\u00e1 realizar a testagem r\u00e1pida para o diagn\u00f3stico do HIV tipo I e II e a coleta oportuna de escarro, dando oportunidade a popula\u00e7\u00e3o privada de liberdade ao conhecimento precoce do seu diagn\u00f3stico\u201d, complementou Ataalpa.<\/p>\n<p style=\"text-align: justify\">At\u00e9 o momento, j\u00e1 foram registrados 23 novos casos da doen\u00e7a no munic\u00edpio, que s\u00e3o tratados nas pr\u00f3prias unidades de sa\u00fade atrav\u00e9s de medicamento especifico. S\u00f3 em 2013, 130 pessoas estavam em tratamento.<\/p>\n<p style=\"text-align: justify\"><strong>Tuberculose<\/strong><\/p>\n<p style=\"text-align: justify\">A tuberculose \u00e9 uma doen\u00e7a infectocontagiosa causada por uma bact\u00e9ria que afeta principalmente os pulm\u00f5es, mas tamb\u00e9m pode ocorrer em outros \u00f3rg\u00e3os do corpo, como ossos, rins e meninges (membranas que envolvem o c\u00e9rebro). O tratamento da tuberculose \u00e0 base de antibi\u00f3ticos \u00e9 100% eficaz, no entanto, n\u00e3o pode haver abandono. A cura da tuberculose leva em m\u00e9dia de seis a nove meses.<\/p>\n<p><strong>Texto: Gabriella Moura -ASCOM Sa\u00fade<\/strong><\/p>\n","protected":false},"excerpt":{"rendered":"<p>O Programa Municipal de Controle da Tuberculose, em parceria com a VII Ger\u00eancia Regional de Sa\u00fade, deu in\u00edcio esta semana \u00e0s atividades de busca ativa pelo sintom\u00e1tico respirat\u00f3rio em todas as unidades de sa\u00fade, atrav\u00e9s da coleta oportuna de escarro, para isso foram disponibilizados 500 coletores est\u00e9reis. A a\u00e7\u00e3o tem como tema \u201cEst\u00e1 na hora de se tratar, tuberculose pode matar\u201d e refor\u00e7a a import\u00e2ncia da preven\u00e7\u00e3o e do tratamento da doen\u00e7a. \u201cNosso intuito n\u00e3o \u00e9 s\u00f3 alertar a popula\u00e7\u00e3o em um per\u00edodo pontual como este, semana de combate \u00e0 tuberculose, mas orient\u00e1-la que a preven\u00e7\u00e3o e o tratamento s\u00e3o imprescind\u00edveis em qualquer tempo. Os casos novos de tuberculose ser\u00e3o acompanhados pelas equipes de profissionais de cada unidade\u201d, explicou o&hellip; <\/p>\n","protected":false},"author":3,"featured_media":0,"comment_status":"open","ping_status":"open","sticky":false,"template":"","format":"standard","meta":{"_acf_changed":false,"footnotes":""},"categories":[4],"tags":[],"class_list":["post-77322","post","type-post","status-publish","format-standard","hentry","category-saude"],"acf":[],"yoast_head":"<!-- This site is optimized with the Yoast SEO plugin v27.4 - https:\/\/yoast.com\/product\/yoast-seo-wordpress\/ -->\n<title>PETROLINA REALIZA CAMPANHA DE COMBATE \u00c0 TUBERCULOSE - Blog do Farn\u00e9sio<\/title>\n<meta name=\"robots\" content=\"index, follow, max-snippet:-1, max-image-preview:large, max-video-preview:-1\" \/>\n<link rel=\"canonical\" href=\"https:\/\/blogdofarnesio.com.br\/?p=77322\" \/>\n<meta property=\"og:locale\" content=\"pt_BR\" \/>\n<meta property=\"og:type\" content=\"article\" \/>\n<meta property=\"og:title\" content=\"PETROLINA REALIZA CAMPANHA DE COMBATE \u00c0 TUBERCULOSE - Blog do Farn\u00e9sio\" \/>\n<meta property=\"og:description\" content=\"O Programa Municipal de Controle da Tuberculose, em parceria com a VII Ger\u00eancia Regional de Sa\u00fade, deu in\u00edcio esta semana \u00e0s atividades de busca ativa pelo sintom\u00e1tico respirat\u00f3rio em todas as unidades de sa\u00fade, atrav\u00e9s da coleta oportuna de escarro, para isso foram disponibilizados 500 coletores est\u00e9reis. A a\u00e7\u00e3o tem como tema \u201cEst\u00e1 na hora de se tratar, tuberculose pode matar\u201d e refor\u00e7a a import\u00e2ncia da preven\u00e7\u00e3o e do tratamento da doen\u00e7a. \u201cNosso intuito n\u00e3o \u00e9 s\u00f3 alertar a popula\u00e7\u00e3o em um per\u00edodo pontual como este, semana de combate \u00e0 tuberculose, mas orient\u00e1-la que a preven\u00e7\u00e3o e o tratamento s\u00e3o imprescind\u00edveis em qualquer tempo. Os casos novos de tuberculose ser\u00e3o acompanhados pelas equipes de profissionais de cada unidade\u201d, explicou o&hellip;\" \/>\n<meta property=\"og:url\" content=\"https:\/\/blogdofarnesio.com.br\/?p=77322\" \/>\n<meta property=\"og:site_name\" content=\"Blog do Farn\u00e9sio\" \/>\n<meta property=\"article:publisher\" content=\"https:\/\/www.facebook.com\/BlogQuerSaberPolitica\/\" \/>\n<meta property=\"article:published_time\" content=\"2014-03-26T17:00:00+00:00\" \/>\n<meta property=\"og:image\" content=\"http:\/\/www.quersaberpolitica.com.br\/2016\/wp-content\/uploads\/2014\/03\/tuberculose-300x175.jpg\" \/>\n<meta name=\"author\" content=\"teste\" \/>\n<meta name=\"twitter:card\" content=\"summary_large_image\" \/>\n<meta name=\"twitter:label1\" content=\"Escrito por\" \/>\n\t<meta name=\"twitter:data1\" content=\"teste\" \/>\n\t<meta name=\"twitter:label2\" content=\"Est. tempo de leitura\" \/>\n\t<meta name=\"twitter:data2\" content=\"2 minutos\" \/>\n<script type=\"application\/ld+json\" class=\"yoast-schema-graph\">{\"@context\":\"https:\\\/\\\/schema.org\",\"@graph\":[{\"@type\":\"Article\",\"@id\":\"https:\\\/\\\/blogdofarnesio.com.br\\\/?p=77322#article\",\"isPartOf\":{\"@id\":\"https:\\\/\\\/blogdofarnesio.com.br\\\/?p=77322\"},\"author\":{\"name\":\"teste\",\"@id\":\"https:\\\/\\\/blogdofarnesio.com.br\\\/#\\\/schema\\\/person\\\/dd1bf5eba40b687199ba45ca6b97dff9\"},\"headline\":\"PETROLINA REALIZA CAMPANHA DE COMBATE \u00c0 TUBERCULOSE\",\"datePublished\":\"2014-03-26T17:00:00+00:00\",\"mainEntityOfPage\":{\"@id\":\"https:\\\/\\\/blogdofarnesio.com.br\\\/?p=77322\"},\"wordCount\":336,\"commentCount\":0,\"publisher\":{\"@id\":\"https:\\\/\\\/blogdofarnesio.com.br\\\/#organization\"},\"image\":{\"@id\":\"https:\\\/\\\/blogdofarnesio.com.br\\\/?p=77322#primaryimage\"},\"thumbnailUrl\":\"http:\\\/\\\/www.quersaberpolitica.com.br\\\/2016\\\/wp-content\\\/uploads\\\/2014\\\/03\\\/tuberculose-300x175.jpg\",\"articleSection\":[\"Sa\u00fade\"],\"inLanguage\":\"pt-BR\",\"potentialAction\":[{\"@type\":\"CommentAction\",\"name\":\"Comment\",\"target\":[\"https:\\\/\\\/blogdofarnesio.com.br\\\/?p=77322#respond\"]}]},{\"@type\":\"WebPage\",\"@id\":\"https:\\\/\\\/blogdofarnesio.com.br\\\/?p=77322\",\"url\":\"https:\\\/\\\/blogdofarnesio.com.br\\\/?p=77322\",\"name\":\"PETROLINA REALIZA CAMPANHA DE COMBATE \u00c0 TUBERCULOSE - Blog do Farn\u00e9sio\",\"isPartOf\":{\"@id\":\"https:\\\/\\\/blogdofarnesio.com.br\\\/#website\"},\"primaryImageOfPage\":{\"@id\":\"https:\\\/\\\/blogdofarnesio.com.br\\\/?p=77322#primaryimage\"},\"image\":{\"@id\":\"https:\\\/\\\/blogdofarnesio.com.br\\\/?p=77322#primaryimage\"},\"thumbnailUrl\":\"http:\\\/\\\/www.quersaberpolitica.com.br\\\/2016\\\/wp-content\\\/uploads\\\/2014\\\/03\\\/tuberculose-300x175.jpg\",\"datePublished\":\"2014-03-26T17:00:00+00:00\",\"breadcrumb\":{\"@id\":\"https:\\\/\\\/blogdofarnesio.com.br\\\/?p=77322#breadcrumb\"},\"inLanguage\":\"pt-BR\",\"potentialAction\":[{\"@type\":\"ReadAction\",\"target\":[\"https:\\\/\\\/blogdofarnesio.com.br\\\/?p=77322\"]}]},{\"@type\":\"ImageObject\",\"inLanguage\":\"pt-BR\",\"@id\":\"https:\\\/\\\/blogdofarnesio.com.br\\\/?p=77322#primaryimage\",\"url\":\"http:\\\/\\\/www.quersaberpolitica.com.br\\\/2016\\\/wp-content\\\/uploads\\\/2014\\\/03\\\/tuberculose-300x175.jpg\",\"contentUrl\":\"http:\\\/\\\/www.quersaberpolitica.com.br\\\/2016\\\/wp-content\\\/uploads\\\/2014\\\/03\\\/tuberculose-300x175.jpg\"},{\"@type\":\"BreadcrumbList\",\"@id\":\"https:\\\/\\\/blogdofarnesio.com.br\\\/?p=77322#breadcrumb\",\"itemListElement\":[{\"@type\":\"ListItem\",\"position\":1,\"name\":\"In\u00edcio\",\"item\":\"https:\\\/\\\/blogdofarnesio.com.br\\\/\"},{\"@type\":\"ListItem\",\"position\":2,\"name\":\"PETROLINA REALIZA CAMPANHA DE COMBATE \u00c0 TUBERCULOSE\"}]},{\"@type\":\"WebSite\",\"@id\":\"https:\\\/\\\/blogdofarnesio.com.br\\\/#website\",\"url\":\"https:\\\/\\\/blogdofarnesio.com.br\\\/\",\"name\":\"Blog do Farn\u00e9sio\",\"description\":\"Quer Saber Pol\u00edtica?\",\"publisher\":{\"@id\":\"https:\\\/\\\/blogdofarnesio.com.br\\\/#organization\"},\"potentialAction\":[{\"@type\":\"SearchAction\",\"target\":{\"@type\":\"EntryPoint\",\"urlTemplate\":\"https:\\\/\\\/blogdofarnesio.com.br\\\/?s={search_term_string}\"},\"query-input\":{\"@type\":\"PropertyValueSpecification\",\"valueRequired\":true,\"valueName\":\"search_term_string\"}}],\"inLanguage\":\"pt-BR\"},{\"@type\":\"Organization\",\"@id\":\"https:\\\/\\\/blogdofarnesio.com.br\\\/#organization\",\"name\":\"Blog do Farn\u00e9sio\",\"url\":\"https:\\\/\\\/blogdofarnesio.com.br\\\/\",\"logo\":{\"@type\":\"ImageObject\",\"inLanguage\":\"pt-BR\",\"@id\":\"https:\\\/\\\/blogdofarnesio.com.br\\\/#\\\/schema\\\/logo\\\/image\\\/\",\"url\":\"https:\\\/\\\/blogdofarnesio.com.br\\\/wp-content\\\/uploads\\\/2026\\\/03\\\/cropped-logo_new-1.png\",\"contentUrl\":\"https:\\\/\\\/blogdofarnesio.com.br\\\/wp-content\\\/uploads\\\/2026\\\/03\\\/cropped-logo_new-1.png\",\"width\":881,\"height\":685,\"caption\":\"Blog do Farn\u00e9sio\"},\"image\":{\"@id\":\"https:\\\/\\\/blogdofarnesio.com.br\\\/#\\\/schema\\\/logo\\\/image\\\/\"},\"sameAs\":[\"https:\\\/\\\/www.facebook.com\\\/BlogQuerSaberPolitica\\\/\"]},{\"@type\":\"Person\",\"@id\":\"https:\\\/\\\/blogdofarnesio.com.br\\\/#\\\/schema\\\/person\\\/dd1bf5eba40b687199ba45ca6b97dff9\",\"name\":\"teste\",\"image\":{\"@type\":\"ImageObject\",\"inLanguage\":\"pt-BR\",\"@id\":\"https:\\\/\\\/secure.gravatar.com\\\/avatar\\\/2172498d4914b51e1d89a0f97957b035ac4938723a5cac208135d389b6972a6d?s=96&d=mm&r=g\",\"url\":\"https:\\\/\\\/secure.gravatar.com\\\/avatar\\\/2172498d4914b51e1d89a0f97957b035ac4938723a5cac208135d389b6972a6d?s=96&d=mm&r=g\",\"contentUrl\":\"https:\\\/\\\/secure.gravatar.com\\\/avatar\\\/2172498d4914b51e1d89a0f97957b035ac4938723a5cac208135d389b6972a6d?s=96&d=mm&r=g\",\"caption\":\"teste\"},\"url\":\"https:\\\/\\\/blogdofarnesio.com.br\\\/?author=3\"}]}<\/script>\n<!-- \/ Yoast SEO plugin. -->","yoast_head_json":{"title":"PETROLINA REALIZA CAMPANHA DE COMBATE \u00c0 TUBERCULOSE - Blog do Farn\u00e9sio","robots":{"index":"index","follow":"follow","max-snippet":"max-snippet:-1","max-image-preview":"max-image-preview:large","max-video-preview":"max-video-preview:-1"},"canonical":"https:\/\/blogdofarnesio.com.br\/?p=77322","og_locale":"pt_BR","og_type":"article","og_title":"PETROLINA REALIZA CAMPANHA DE COMBATE \u00c0 TUBERCULOSE - Blog do Farn\u00e9sio","og_description":"O Programa Municipal de Controle da Tuberculose, em parceria com a VII Ger\u00eancia Regional de Sa\u00fade, deu in\u00edcio esta semana \u00e0s atividades de busca ativa pelo sintom\u00e1tico respirat\u00f3rio em todas as unidades de sa\u00fade, atrav\u00e9s da coleta oportuna de escarro, para isso foram disponibilizados 500 coletores est\u00e9reis. A a\u00e7\u00e3o tem como tema \u201cEst\u00e1 na hora de se tratar, tuberculose pode matar\u201d e refor\u00e7a a import\u00e2ncia da preven\u00e7\u00e3o e do tratamento da doen\u00e7a. \u201cNosso intuito n\u00e3o \u00e9 s\u00f3 alertar a popula\u00e7\u00e3o em um per\u00edodo pontual como este, semana de combate \u00e0 tuberculose, mas orient\u00e1-la que a preven\u00e7\u00e3o e o tratamento s\u00e3o imprescind\u00edveis em qualquer tempo. Os casos novos de tuberculose ser\u00e3o acompanhados pelas equipes de profissionais de cada unidade\u201d, explicou o&hellip;","og_url":"https:\/\/blogdofarnesio.com.br\/?p=77322","og_site_name":"Blog do Farn\u00e9sio","article_publisher":"https:\/\/www.facebook.com\/BlogQuerSaberPolitica\/","article_published_time":"2014-03-26T17:00:00+00:00","og_image":[{"url":"http:\/\/www.quersaberpolitica.com.br\/2016\/wp-content\/uploads\/2014\/03\/tuberculose-300x175.jpg","type":"","width":"","height":""}],"author":"teste","twitter_card":"summary_large_image","twitter_misc":{"Escrito por":"teste","Est. tempo de leitura":"2 minutos"},"schema":{"@context":"https:\/\/schema.org","@graph":[{"@type":"Article","@id":"https:\/\/blogdofarnesio.com.br\/?p=77322#article","isPartOf":{"@id":"https:\/\/blogdofarnesio.com.br\/?p=77322"},"author":{"name":"teste","@id":"https:\/\/blogdofarnesio.com.br\/#\/schema\/person\/dd1bf5eba40b687199ba45ca6b97dff9"},"headline":"PETROLINA REALIZA CAMPANHA DE COMBATE \u00c0 TUBERCULOSE","datePublished":"2014-03-26T17:00:00+00:00","mainEntityOfPage":{"@id":"https:\/\/blogdofarnesio.com.br\/?p=77322"},"wordCount":336,"commentCount":0,"publisher":{"@id":"https:\/\/blogdofarnesio.com.br\/#organization"},"image":{"@id":"https:\/\/blogdofarnesio.com.br\/?p=77322#primaryimage"},"thumbnailUrl":"http:\/\/www.quersaberpolitica.com.br\/2016\/wp-content\/uploads\/2014\/03\/tuberculose-300x175.jpg","articleSection":["Sa\u00fade"],"inLanguage":"pt-BR","potentialAction":[{"@type":"CommentAction","name":"Comment","target":["https:\/\/blogdofarnesio.com.br\/?p=77322#respond"]}]},{"@type":"WebPage","@id":"https:\/\/blogdofarnesio.com.br\/?p=77322","url":"https:\/\/blogdofarnesio.com.br\/?p=77322","name":"PETROLINA REALIZA CAMPANHA DE COMBATE \u00c0 TUBERCULOSE - Blog do Farn\u00e9sio","isPartOf":{"@id":"https:\/\/blogdofarnesio.com.br\/#website"},"primaryImageOfPage":{"@id":"https:\/\/blogdofarnesio.com.br\/?p=77322#primaryimage"},"image":{"@id":"https:\/\/blogdofarnesio.com.br\/?p=77322#primaryimage"},"thumbnailUrl":"http:\/\/www.quersaberpolitica.com.br\/2016\/wp-content\/uploads\/2014\/03\/tuberculose-300x175.jpg","datePublished":"2014-03-26T17:00:00+00:00","breadcrumb":{"@id":"https:\/\/blogdofarnesio.com.br\/?p=77322#breadcrumb"},"inLanguage":"pt-BR","potentialAction":[{"@type":"ReadAction","target":["https:\/\/blogdofarnesio.com.br\/?p=77322"]}]},{"@type":"ImageObject","inLanguage":"pt-BR","@id":"https:\/\/blogdofarnesio.com.br\/?p=77322#primaryimage","url":"http:\/\/www.quersaberpolitica.com.br\/2016\/wp-content\/uploads\/2014\/03\/tuberculose-300x175.jpg","contentUrl":"http:\/\/www.quersaberpolitica.com.br\/2016\/wp-content\/uploads\/2014\/03\/tuberculose-300x175.jpg"},{"@type":"BreadcrumbList","@id":"https:\/\/blogdofarnesio.com.br\/?p=77322#breadcrumb","itemListElement":[{"@type":"ListItem","position":1,"name":"In\u00edcio","item":"https:\/\/blogdofarnesio.com.br\/"},{"@type":"ListItem","position":2,"name":"PETROLINA REALIZA CAMPANHA DE COMBATE \u00c0 TUBERCULOSE"}]},{"@type":"WebSite","@id":"https:\/\/blogdofarnesio.com.br\/#website","url":"https:\/\/blogdofarnesio.com.br\/","name":"Blog do Farn\u00e9sio","description":"Quer Saber Pol\u00edtica?","publisher":{"@id":"https:\/\/blogdofarnesio.com.br\/#organization"},"potentialAction":[{"@type":"SearchAction","target":{"@type":"EntryPoint","urlTemplate":"https:\/\/blogdofarnesio.com.br\/?s={search_term_string}"},"query-input":{"@type":"PropertyValueSpecification","valueRequired":true,"valueName":"search_term_string"}}],"inLanguage":"pt-BR"},{"@type":"Organization","@id":"https:\/\/blogdofarnesio.com.br\/#organization","name":"Blog do Farn\u00e9sio","url":"https:\/\/blogdofarnesio.com.br\/","logo":{"@type":"ImageObject","inLanguage":"pt-BR","@id":"https:\/\/blogdofarnesio.com.br\/#\/schema\/logo\/image\/","url":"https:\/\/blogdofarnesio.com.br\/wp-content\/uploads\/2026\/03\/cropped-logo_new-1.png","contentUrl":"https:\/\/blogdofarnesio.com.br\/wp-content\/uploads\/2026\/03\/cropped-logo_new-1.png","width":881,"height":685,"caption":"Blog do Farn\u00e9sio"},"image":{"@id":"https:\/\/blogdofarnesio.com.br\/#\/schema\/logo\/image\/"},"sameAs":["https:\/\/www.facebook.com\/BlogQuerSaberPolitica\/"]},{"@type":"Person","@id":"https:\/\/blogdofarnesio.com.br\/#\/schema\/person\/dd1bf5eba40b687199ba45ca6b97dff9","name":"teste","image":{"@type":"ImageObject","inLanguage":"pt-BR","@id":"https:\/\/secure.gravatar.com\/avatar\/2172498d4914b51e1d89a0f97957b035ac4938723a5cac208135d389b6972a6d?s=96&d=mm&r=g","url":"https:\/\/secure.gravatar.com\/avatar\/2172498d4914b51e1d89a0f97957b035ac4938723a5cac208135d389b6972a6d?s=96&d=mm&r=g","contentUrl":"https:\/\/secure.gravatar.com\/avatar\/2172498d4914b51e1d89a0f97957b035ac4938723a5cac208135d389b6972a6d?s=96&d=mm&r=g","caption":"teste"},"url":"https:\/\/blogdofarnesio.com.br\/?author=3"}]}},"_links":{"self":[{"href":"https:\/\/blogdofarnesio.com.br\/index.php?rest_route=\/wp\/v2\/posts\/77322","targetHints":{"allow":["GET"]}}],"collection":[{"href":"https:\/\/blogdofarnesio.com.br\/index.php?rest_route=\/wp\/v2\/posts"}],"about":[{"href":"https:\/\/blogdofarnesio.com.br\/index.php?rest_route=\/wp\/v2\/types\/post"}],"author":[{"embeddable":true,"href":"https:\/\/blogdofarnesio.com.br\/index.php?rest_route=\/wp\/v2\/users\/3"}],"replies":[{"embeddable":true,"href":"https:\/\/blogdofarnesio.com.br\/index.php?rest_route=%2Fwp%2Fv2%2Fcomments&post=77322"}],"version-history":[{"count":0,"href":"https:\/\/blogdofarnesio.com.br\/index.php?rest_route=\/wp\/v2\/posts\/77322\/revisions"}],"wp:attachment":[{"href":"https:\/\/blogdofarnesio.com.br\/index.php?rest_route=%2Fwp%2Fv2%2Fmedia&parent=77322"}],"wp:term":[{"taxonomy":"category","embeddable":true,"href":"https:\/\/blogdofarnesio.com.br\/index.php?rest_route=%2Fwp%2Fv2%2Fcategories&post=77322"},{"taxonomy":"post_tag","embeddable":true,"href":"https:\/\/blogdofarnesio.com.br\/index.php?rest_route=%2Fwp%2Fv2%2Ftags&post=77322"}],"curies":[{"name":"wp","href":"https:\/\/api.w.org\/{rel}","templated":true}]}}