{"id":77287,"date":"2014-03-26T14:42:17","date_gmt":"2014-03-26T17:42:17","guid":{"rendered":"http:\/\/www.quersaberpolitica.com.br\/?p=77287"},"modified":"2014-03-26T10:50:12","modified_gmt":"2014-03-26T13:50:12","slug":"coordenacao-de-ead-do-if-sertao-pe-abre-inscricoes-para-selecionar-tutores-professores-e-equipe-tecnica","status":"publish","type":"post","link":"https:\/\/blogdofarnesio.com.br\/?p=77287","title":{"rendered":"COORDENA\u00c7\u00c3O DE EAD DO IF SERT\u00c3O-PE ABRE INSCRI\u00c7\u00d5ES PARA SELECIONAR TUTORES, PROFESSORES E EQUIPE T\u00c9CNICA"},"content":{"rendered":"<figure id=\"attachment_20525\" aria-describedby=\"caption-attachment-20525\" style=\"width: 259px\" class=\"wp-caption alignleft\"><a href=\"http:\/\/www.quersaberpolitica.com.br\/2016\/wp-content\/uploads\/2012\/12\/blogqspifsertaoa1.jpg\"><img loading=\"lazy\" decoding=\"async\" class=\"size-full wp-image-20525\" alt=\"IF-Sert\u00e3o\/Petrolina\" src=\"http:\/\/www.quersaberpolitica.com.br\/2016\/wp-content\/uploads\/2012\/12\/blogqspifsertaoa1.jpg\" width=\"259\" height=\"194\" \/><\/a><figcaption id=\"caption-attachment-20525\" class=\"wp-caption-text\">IF-Sert\u00e3o\/Petrolina<\/figcaption><\/figure>\n<p style=\"text-align: justify\">Est\u00e3o abertas as inscri\u00e7\u00f5es at\u00e9 02 de abril para o processo seletivo que visa formar cadastro de reserva de tutores, professores e equipe t\u00e9cnica para atuarem na modalidade de ensino a dist\u00e2ncia dos campi do IF Sert\u00e3o-PE ( Petrolina, Floresta, Salgueiro, Ouricuri, Serra Talhada e Santa Maria da Boa Vista) .<\/p>\n<p style=\"text-align: justify\">As vagas s\u00e3o para as fun\u00e7\u00f5es de Professor Pesquisador Formador, Professor Pesquisador Conteudista, Tutor a dist\u00e2ncia, Tutor presencial e Equipe t\u00e9cnica para apoio \u00e0 secretaria acad\u00eamica, assist\u00eancia pedag\u00f3gica e pr\u00e1tica profissional.<\/p>\n<p style=\"text-align: justify\">O processo seletivo ser\u00e1 realizado em duas etapas: an\u00e1lise de Curr\u00edculo Lattes e prova objetiva de m\u00faltipla escolha, prevista para acontecer no dia 27 de mar\u00e7o deste ano, no polo onde o candidato concorre a vaga. As bolsas variam de R$765,00 a R$ 1.300.<!--more--><\/p>\n<p style=\"text-align: justify\">As inscri\u00e7\u00f5es s\u00e3o gratuitas e podem ser realizadas atrav\u00e9s do preenchimento do formul\u00e1rio dispon\u00edvel no site: sistema.ifsertao-pe.edu.br\/cead ,que deve ser entregue, juntamente com toda a documenta\u00e7\u00e3o exigida no edital, na Coordena\u00e7\u00e3o de Educa\u00e7\u00e3o a Dist\u00e2ncia (Cead), de cada Polo. Para obter mais informa\u00e7\u00f5es acessar o edital dispon\u00edvel no site do IF Sert\u00e3o-PE : http:\/\/www.ifsertao-pe.edu.br\/<\/p>\n","protected":false},"excerpt":{"rendered":"<p>Est\u00e3o abertas as inscri\u00e7\u00f5es at\u00e9 02 de abril para o processo seletivo que visa formar cadastro de reserva de tutores, professores e equipe t\u00e9cnica para atuarem na modalidade de ensino a dist\u00e2ncia dos campi do IF Sert\u00e3o-PE ( Petrolina, Floresta, Salgueiro, Ouricuri, Serra Talhada e Santa Maria da Boa Vista) . As vagas s\u00e3o para as fun\u00e7\u00f5es de Professor Pesquisador Formador, Professor Pesquisador Conteudista, Tutor a dist\u00e2ncia, Tutor presencial e Equipe t\u00e9cnica para apoio \u00e0 secretaria acad\u00eamica, assist\u00eancia pedag\u00f3gica e pr\u00e1tica profissional. O processo seletivo ser\u00e1 realizado em duas etapas: an\u00e1lise de Curr\u00edculo Lattes e prova objetiva de m\u00faltipla escolha, prevista para acontecer no dia 27 de mar\u00e7o deste ano, no polo onde o candidato concorre a vaga. As bolsas&hellip; <\/p>\n","protected":false},"author":3,"featured_media":0,"comment_status":"open","ping_status":"open","sticky":false,"template":"","format":"standard","meta":{"_acf_changed":false,"footnotes":""},"categories":[31],"tags":[],"class_list":["post-77287","post","type-post","status-publish","format-standard","hentry","category-concursos"],"acf":[],"yoast_head":"<!-- This site is optimized with the Yoast SEO plugin v27.4 - https:\/\/yoast.com\/product\/yoast-seo-wordpress\/ -->\n<title>COORDENA\u00c7\u00c3O DE EAD DO IF SERT\u00c3O-PE ABRE INSCRI\u00c7\u00d5ES PARA SELECIONAR TUTORES, PROFESSORES E EQUIPE T\u00c9CNICA - Blog do Farn\u00e9sio<\/title>\n<meta name=\"robots\" content=\"index, follow, max-snippet:-1, max-image-preview:large, max-video-preview:-1\" \/>\n<link rel=\"canonical\" href=\"https:\/\/blogdofarnesio.com.br\/?p=77287\" \/>\n<meta property=\"og:locale\" content=\"pt_BR\" \/>\n<meta property=\"og:type\" content=\"article\" \/>\n<meta property=\"og:title\" content=\"COORDENA\u00c7\u00c3O DE EAD DO IF SERT\u00c3O-PE ABRE INSCRI\u00c7\u00d5ES PARA SELECIONAR TUTORES, PROFESSORES E EQUIPE T\u00c9CNICA - Blog do Farn\u00e9sio\" \/>\n<meta property=\"og:description\" content=\"Est\u00e3o abertas as inscri\u00e7\u00f5es at\u00e9 02 de abril para o processo seletivo que visa formar cadastro de reserva de tutores, professores e equipe t\u00e9cnica para atuarem na modalidade de ensino a dist\u00e2ncia dos campi do IF Sert\u00e3o-PE ( Petrolina, Floresta, Salgueiro, Ouricuri, Serra Talhada e Santa Maria da Boa Vista) . As vagas s\u00e3o para as fun\u00e7\u00f5es de Professor Pesquisador Formador, Professor Pesquisador Conteudista, Tutor a dist\u00e2ncia, Tutor presencial e Equipe t\u00e9cnica para apoio \u00e0 secretaria acad\u00eamica, assist\u00eancia pedag\u00f3gica e pr\u00e1tica profissional. O processo seletivo ser\u00e1 realizado em duas etapas: an\u00e1lise de Curr\u00edculo Lattes e prova objetiva de m\u00faltipla escolha, prevista para acontecer no dia 27 de mar\u00e7o deste ano, no polo onde o candidato concorre a vaga. As bolsas&hellip;\" \/>\n<meta property=\"og:url\" content=\"https:\/\/blogdofarnesio.com.br\/?p=77287\" \/>\n<meta property=\"og:site_name\" content=\"Blog do Farn\u00e9sio\" \/>\n<meta property=\"article:publisher\" content=\"https:\/\/www.facebook.com\/BlogQuerSaberPolitica\/\" \/>\n<meta property=\"article:published_time\" content=\"2014-03-26T17:42:17+00:00\" \/>\n<meta property=\"og:image\" content=\"http:\/\/www.quersaberpolitica.com.br\/2016\/wp-content\/uploads\/2012\/12\/blogqspifsertaoa1.jpg\" \/>\n<meta name=\"author\" content=\"teste\" \/>\n<meta name=\"twitter:card\" content=\"summary_large_image\" \/>\n<meta name=\"twitter:label1\" content=\"Escrito por\" \/>\n\t<meta name=\"twitter:data1\" content=\"teste\" \/>\n\t<meta name=\"twitter:label2\" content=\"Est. tempo de leitura\" \/>\n\t<meta name=\"twitter:data2\" content=\"1 minuto\" \/>\n<script type=\"application\/ld+json\" class=\"yoast-schema-graph\">{\"@context\":\"https:\\\/\\\/schema.org\",\"@graph\":[{\"@type\":\"Article\",\"@id\":\"https:\\\/\\\/blogdofarnesio.com.br\\\/?p=77287#article\",\"isPartOf\":{\"@id\":\"https:\\\/\\\/blogdofarnesio.com.br\\\/?p=77287\"},\"author\":{\"name\":\"teste\",\"@id\":\"https:\\\/\\\/blogdofarnesio.com.br\\\/#\\\/schema\\\/person\\\/dd1bf5eba40b687199ba45ca6b97dff9\"},\"headline\":\"COORDENA\u00c7\u00c3O DE EAD DO IF SERT\u00c3O-PE ABRE INSCRI\u00c7\u00d5ES PARA SELECIONAR TUTORES, PROFESSORES E EQUIPE T\u00c9CNICA\",\"datePublished\":\"2014-03-26T17:42:17+00:00\",\"mainEntityOfPage\":{\"@id\":\"https:\\\/\\\/blogdofarnesio.com.br\\\/?p=77287\"},\"wordCount\":239,\"commentCount\":0,\"publisher\":{\"@id\":\"https:\\\/\\\/blogdofarnesio.com.br\\\/#organization\"},\"image\":{\"@id\":\"https:\\\/\\\/blogdofarnesio.com.br\\\/?p=77287#primaryimage\"},\"thumbnailUrl\":\"http:\\\/\\\/www.quersaberpolitica.com.br\\\/2016\\\/wp-content\\\/uploads\\\/2012\\\/12\\\/blogqspifsertaoa1.jpg\",\"articleSection\":[\"Concursos\"],\"inLanguage\":\"pt-BR\",\"potentialAction\":[{\"@type\":\"CommentAction\",\"name\":\"Comment\",\"target\":[\"https:\\\/\\\/blogdofarnesio.com.br\\\/?p=77287#respond\"]}]},{\"@type\":\"WebPage\",\"@id\":\"https:\\\/\\\/blogdofarnesio.com.br\\\/?p=77287\",\"url\":\"https:\\\/\\\/blogdofarnesio.com.br\\\/?p=77287\",\"name\":\"COORDENA\u00c7\u00c3O DE EAD DO IF SERT\u00c3O-PE ABRE INSCRI\u00c7\u00d5ES PARA SELECIONAR TUTORES, PROFESSORES E EQUIPE T\u00c9CNICA - Blog do Farn\u00e9sio\",\"isPartOf\":{\"@id\":\"https:\\\/\\\/blogdofarnesio.com.br\\\/#website\"},\"primaryImageOfPage\":{\"@id\":\"https:\\\/\\\/blogdofarnesio.com.br\\\/?p=77287#primaryimage\"},\"image\":{\"@id\":\"https:\\\/\\\/blogdofarnesio.com.br\\\/?p=77287#primaryimage\"},\"thumbnailUrl\":\"http:\\\/\\\/www.quersaberpolitica.com.br\\\/2016\\\/wp-content\\\/uploads\\\/2012\\\/12\\\/blogqspifsertaoa1.jpg\",\"datePublished\":\"2014-03-26T17:42:17+00:00\",\"breadcrumb\":{\"@id\":\"https:\\\/\\\/blogdofarnesio.com.br\\\/?p=77287#breadcrumb\"},\"inLanguage\":\"pt-BR\",\"potentialAction\":[{\"@type\":\"ReadAction\",\"target\":[\"https:\\\/\\\/blogdofarnesio.com.br\\\/?p=77287\"]}]},{\"@type\":\"ImageObject\",\"inLanguage\":\"pt-BR\",\"@id\":\"https:\\\/\\\/blogdofarnesio.com.br\\\/?p=77287#primaryimage\",\"url\":\"http:\\\/\\\/www.quersaberpolitica.com.br\\\/2016\\\/wp-content\\\/uploads\\\/2012\\\/12\\\/blogqspifsertaoa1.jpg\",\"contentUrl\":\"http:\\\/\\\/www.quersaberpolitica.com.br\\\/2016\\\/wp-content\\\/uploads\\\/2012\\\/12\\\/blogqspifsertaoa1.jpg\"},{\"@type\":\"BreadcrumbList\",\"@id\":\"https:\\\/\\\/blogdofarnesio.com.br\\\/?p=77287#breadcrumb\",\"itemListElement\":[{\"@type\":\"ListItem\",\"position\":1,\"name\":\"In\u00edcio\",\"item\":\"https:\\\/\\\/blogdofarnesio.com.br\\\/\"},{\"@type\":\"ListItem\",\"position\":2,\"name\":\"COORDENA\u00c7\u00c3O DE EAD DO IF SERT\u00c3O-PE ABRE INSCRI\u00c7\u00d5ES PARA SELECIONAR TUTORES, PROFESSORES E EQUIPE T\u00c9CNICA\"}]},{\"@type\":\"WebSite\",\"@id\":\"https:\\\/\\\/blogdofarnesio.com.br\\\/#website\",\"url\":\"https:\\\/\\\/blogdofarnesio.com.br\\\/\",\"name\":\"Blog do Farn\u00e9sio\",\"description\":\"Quer Saber Pol\u00edtica?\",\"publisher\":{\"@id\":\"https:\\\/\\\/blogdofarnesio.com.br\\\/#organization\"},\"potentialAction\":[{\"@type\":\"SearchAction\",\"target\":{\"@type\":\"EntryPoint\",\"urlTemplate\":\"https:\\\/\\\/blogdofarnesio.com.br\\\/?s={search_term_string}\"},\"query-input\":{\"@type\":\"PropertyValueSpecification\",\"valueRequired\":true,\"valueName\":\"search_term_string\"}}],\"inLanguage\":\"pt-BR\"},{\"@type\":\"Organization\",\"@id\":\"https:\\\/\\\/blogdofarnesio.com.br\\\/#organization\",\"name\":\"Blog do Farn\u00e9sio\",\"url\":\"https:\\\/\\\/blogdofarnesio.com.br\\\/\",\"logo\":{\"@type\":\"ImageObject\",\"inLanguage\":\"pt-BR\",\"@id\":\"https:\\\/\\\/blogdofarnesio.com.br\\\/#\\\/schema\\\/logo\\\/image\\\/\",\"url\":\"https:\\\/\\\/blogdofarnesio.com.br\\\/wp-content\\\/uploads\\\/2026\\\/03\\\/cropped-logo_new-1.png\",\"contentUrl\":\"https:\\\/\\\/blogdofarnesio.com.br\\\/wp-content\\\/uploads\\\/2026\\\/03\\\/cropped-logo_new-1.png\",\"width\":881,\"height\":685,\"caption\":\"Blog do Farn\u00e9sio\"},\"image\":{\"@id\":\"https:\\\/\\\/blogdofarnesio.com.br\\\/#\\\/schema\\\/logo\\\/image\\\/\"},\"sameAs\":[\"https:\\\/\\\/www.facebook.com\\\/BlogQuerSaberPolitica\\\/\"]},{\"@type\":\"Person\",\"@id\":\"https:\\\/\\\/blogdofarnesio.com.br\\\/#\\\/schema\\\/person\\\/dd1bf5eba40b687199ba45ca6b97dff9\",\"name\":\"teste\",\"image\":{\"@type\":\"ImageObject\",\"inLanguage\":\"pt-BR\",\"@id\":\"https:\\\/\\\/secure.gravatar.com\\\/avatar\\\/2172498d4914b51e1d89a0f97957b035ac4938723a5cac208135d389b6972a6d?s=96&d=mm&r=g\",\"url\":\"https:\\\/\\\/secure.gravatar.com\\\/avatar\\\/2172498d4914b51e1d89a0f97957b035ac4938723a5cac208135d389b6972a6d?s=96&d=mm&r=g\",\"contentUrl\":\"https:\\\/\\\/secure.gravatar.com\\\/avatar\\\/2172498d4914b51e1d89a0f97957b035ac4938723a5cac208135d389b6972a6d?s=96&d=mm&r=g\",\"caption\":\"teste\"},\"url\":\"https:\\\/\\\/blogdofarnesio.com.br\\\/?author=3\"}]}<\/script>\n<!-- \/ Yoast SEO plugin. -->","yoast_head_json":{"title":"COORDENA\u00c7\u00c3O DE EAD DO IF SERT\u00c3O-PE ABRE INSCRI\u00c7\u00d5ES PARA SELECIONAR TUTORES, PROFESSORES E EQUIPE T\u00c9CNICA - Blog do Farn\u00e9sio","robots":{"index":"index","follow":"follow","max-snippet":"max-snippet:-1","max-image-preview":"max-image-preview:large","max-video-preview":"max-video-preview:-1"},"canonical":"https:\/\/blogdofarnesio.com.br\/?p=77287","og_locale":"pt_BR","og_type":"article","og_title":"COORDENA\u00c7\u00c3O DE EAD DO IF SERT\u00c3O-PE ABRE INSCRI\u00c7\u00d5ES PARA SELECIONAR TUTORES, PROFESSORES E EQUIPE T\u00c9CNICA - Blog do Farn\u00e9sio","og_description":"Est\u00e3o abertas as inscri\u00e7\u00f5es at\u00e9 02 de abril para o processo seletivo que visa formar cadastro de reserva de tutores, professores e equipe t\u00e9cnica para atuarem na modalidade de ensino a dist\u00e2ncia dos campi do IF Sert\u00e3o-PE ( Petrolina, Floresta, Salgueiro, Ouricuri, Serra Talhada e Santa Maria da Boa Vista) . As vagas s\u00e3o para as fun\u00e7\u00f5es de Professor Pesquisador Formador, Professor Pesquisador Conteudista, Tutor a dist\u00e2ncia, Tutor presencial e Equipe t\u00e9cnica para apoio \u00e0 secretaria acad\u00eamica, assist\u00eancia pedag\u00f3gica e pr\u00e1tica profissional. O processo seletivo ser\u00e1 realizado em duas etapas: an\u00e1lise de Curr\u00edculo Lattes e prova objetiva de m\u00faltipla escolha, prevista para acontecer no dia 27 de mar\u00e7o deste ano, no polo onde o candidato concorre a vaga. As bolsas&hellip;","og_url":"https:\/\/blogdofarnesio.com.br\/?p=77287","og_site_name":"Blog do Farn\u00e9sio","article_publisher":"https:\/\/www.facebook.com\/BlogQuerSaberPolitica\/","article_published_time":"2014-03-26T17:42:17+00:00","og_image":[{"url":"http:\/\/www.quersaberpolitica.com.br\/2016\/wp-content\/uploads\/2012\/12\/blogqspifsertaoa1.jpg","type":"","width":"","height":""}],"author":"teste","twitter_card":"summary_large_image","twitter_misc":{"Escrito por":"teste","Est. tempo de leitura":"1 minuto"},"schema":{"@context":"https:\/\/schema.org","@graph":[{"@type":"Article","@id":"https:\/\/blogdofarnesio.com.br\/?p=77287#article","isPartOf":{"@id":"https:\/\/blogdofarnesio.com.br\/?p=77287"},"author":{"name":"teste","@id":"https:\/\/blogdofarnesio.com.br\/#\/schema\/person\/dd1bf5eba40b687199ba45ca6b97dff9"},"headline":"COORDENA\u00c7\u00c3O DE EAD DO IF SERT\u00c3O-PE ABRE INSCRI\u00c7\u00d5ES PARA SELECIONAR TUTORES, PROFESSORES E EQUIPE T\u00c9CNICA","datePublished":"2014-03-26T17:42:17+00:00","mainEntityOfPage":{"@id":"https:\/\/blogdofarnesio.com.br\/?p=77287"},"wordCount":239,"commentCount":0,"publisher":{"@id":"https:\/\/blogdofarnesio.com.br\/#organization"},"image":{"@id":"https:\/\/blogdofarnesio.com.br\/?p=77287#primaryimage"},"thumbnailUrl":"http:\/\/www.quersaberpolitica.com.br\/2016\/wp-content\/uploads\/2012\/12\/blogqspifsertaoa1.jpg","articleSection":["Concursos"],"inLanguage":"pt-BR","potentialAction":[{"@type":"CommentAction","name":"Comment","target":["https:\/\/blogdofarnesio.com.br\/?p=77287#respond"]}]},{"@type":"WebPage","@id":"https:\/\/blogdofarnesio.com.br\/?p=77287","url":"https:\/\/blogdofarnesio.com.br\/?p=77287","name":"COORDENA\u00c7\u00c3O DE EAD DO IF SERT\u00c3O-PE ABRE INSCRI\u00c7\u00d5ES PARA SELECIONAR TUTORES, PROFESSORES E EQUIPE T\u00c9CNICA - Blog do Farn\u00e9sio","isPartOf":{"@id":"https:\/\/blogdofarnesio.com.br\/#website"},"primaryImageOfPage":{"@id":"https:\/\/blogdofarnesio.com.br\/?p=77287#primaryimage"},"image":{"@id":"https:\/\/blogdofarnesio.com.br\/?p=77287#primaryimage"},"thumbnailUrl":"http:\/\/www.quersaberpolitica.com.br\/2016\/wp-content\/uploads\/2012\/12\/blogqspifsertaoa1.jpg","datePublished":"2014-03-26T17:42:17+00:00","breadcrumb":{"@id":"https:\/\/blogdofarnesio.com.br\/?p=77287#breadcrumb"},"inLanguage":"pt-BR","potentialAction":[{"@type":"ReadAction","target":["https:\/\/blogdofarnesio.com.br\/?p=77287"]}]},{"@type":"ImageObject","inLanguage":"pt-BR","@id":"https:\/\/blogdofarnesio.com.br\/?p=77287#primaryimage","url":"http:\/\/www.quersaberpolitica.com.br\/2016\/wp-content\/uploads\/2012\/12\/blogqspifsertaoa1.jpg","contentUrl":"http:\/\/www.quersaberpolitica.com.br\/2016\/wp-content\/uploads\/2012\/12\/blogqspifsertaoa1.jpg"},{"@type":"BreadcrumbList","@id":"https:\/\/blogdofarnesio.com.br\/?p=77287#breadcrumb","itemListElement":[{"@type":"ListItem","position":1,"name":"In\u00edcio","item":"https:\/\/blogdofarnesio.com.br\/"},{"@type":"ListItem","position":2,"name":"COORDENA\u00c7\u00c3O DE EAD DO IF SERT\u00c3O-PE ABRE INSCRI\u00c7\u00d5ES PARA SELECIONAR TUTORES, PROFESSORES E EQUIPE T\u00c9CNICA"}]},{"@type":"WebSite","@id":"https:\/\/blogdofarnesio.com.br\/#website","url":"https:\/\/blogdofarnesio.com.br\/","name":"Blog do Farn\u00e9sio","description":"Quer Saber Pol\u00edtica?","publisher":{"@id":"https:\/\/blogdofarnesio.com.br\/#organization"},"potentialAction":[{"@type":"SearchAction","target":{"@type":"EntryPoint","urlTemplate":"https:\/\/blogdofarnesio.com.br\/?s={search_term_string}"},"query-input":{"@type":"PropertyValueSpecification","valueRequired":true,"valueName":"search_term_string"}}],"inLanguage":"pt-BR"},{"@type":"Organization","@id":"https:\/\/blogdofarnesio.com.br\/#organization","name":"Blog do Farn\u00e9sio","url":"https:\/\/blogdofarnesio.com.br\/","logo":{"@type":"ImageObject","inLanguage":"pt-BR","@id":"https:\/\/blogdofarnesio.com.br\/#\/schema\/logo\/image\/","url":"https:\/\/blogdofarnesio.com.br\/wp-content\/uploads\/2026\/03\/cropped-logo_new-1.png","contentUrl":"https:\/\/blogdofarnesio.com.br\/wp-content\/uploads\/2026\/03\/cropped-logo_new-1.png","width":881,"height":685,"caption":"Blog do Farn\u00e9sio"},"image":{"@id":"https:\/\/blogdofarnesio.com.br\/#\/schema\/logo\/image\/"},"sameAs":["https:\/\/www.facebook.com\/BlogQuerSaberPolitica\/"]},{"@type":"Person","@id":"https:\/\/blogdofarnesio.com.br\/#\/schema\/person\/dd1bf5eba40b687199ba45ca6b97dff9","name":"teste","image":{"@type":"ImageObject","inLanguage":"pt-BR","@id":"https:\/\/secure.gravatar.com\/avatar\/2172498d4914b51e1d89a0f97957b035ac4938723a5cac208135d389b6972a6d?s=96&d=mm&r=g","url":"https:\/\/secure.gravatar.com\/avatar\/2172498d4914b51e1d89a0f97957b035ac4938723a5cac208135d389b6972a6d?s=96&d=mm&r=g","contentUrl":"https:\/\/secure.gravatar.com\/avatar\/2172498d4914b51e1d89a0f97957b035ac4938723a5cac208135d389b6972a6d?s=96&d=mm&r=g","caption":"teste"},"url":"https:\/\/blogdofarnesio.com.br\/?author=3"}]}},"_links":{"self":[{"href":"https:\/\/blogdofarnesio.com.br\/index.php?rest_route=\/wp\/v2\/posts\/77287","targetHints":{"allow":["GET"]}}],"collection":[{"href":"https:\/\/blogdofarnesio.com.br\/index.php?rest_route=\/wp\/v2\/posts"}],"about":[{"href":"https:\/\/blogdofarnesio.com.br\/index.php?rest_route=\/wp\/v2\/types\/post"}],"author":[{"embeddable":true,"href":"https:\/\/blogdofarnesio.com.br\/index.php?rest_route=\/wp\/v2\/users\/3"}],"replies":[{"embeddable":true,"href":"https:\/\/blogdofarnesio.com.br\/index.php?rest_route=%2Fwp%2Fv2%2Fcomments&post=77287"}],"version-history":[{"count":0,"href":"https:\/\/blogdofarnesio.com.br\/index.php?rest_route=\/wp\/v2\/posts\/77287\/revisions"}],"wp:attachment":[{"href":"https:\/\/blogdofarnesio.com.br\/index.php?rest_route=%2Fwp%2Fv2%2Fmedia&parent=77287"}],"wp:term":[{"taxonomy":"category","embeddable":true,"href":"https:\/\/blogdofarnesio.com.br\/index.php?rest_route=%2Fwp%2Fv2%2Fcategories&post=77287"},{"taxonomy":"post_tag","embeddable":true,"href":"https:\/\/blogdofarnesio.com.br\/index.php?rest_route=%2Fwp%2Fv2%2Ftags&post=77287"}],"curies":[{"name":"wp","href":"https:\/\/api.w.org\/{rel}","templated":true}]}}