{"id":77124,"date":"2014-03-26T09:00:09","date_gmt":"2014-03-26T12:00:09","guid":{"rendered":"http:\/\/www.quersaberpolitica.com.br\/?p=77124"},"modified":"2014-03-25T22:00:33","modified_gmt":"2014-03-26T01:00:33","slug":"endemias-de-juazeiro-promove-orientacao-a-populacao-para-prevencao-da-dengue","status":"publish","type":"post","link":"https:\/\/blogdofarnesio.com.br\/?p=77124","title":{"rendered":"ENDEMIAS DE JUAZEIRO PROMOVE ORIENTA\u00c7\u00c3O \u00c0 POPULA\u00c7\u00c3O PARA PREVEN\u00c7\u00c3O DA DENGUE"},"content":{"rendered":"<p style=\"text-align: justify\"><a href=\"http:\/\/www.quersaberpolitica.com.br\/2016\/wp-content\/uploads\/2013\/02\/blogqspdengue6.jpg\"><img loading=\"lazy\" decoding=\"async\" class=\"alignleft size-full wp-image-26841\" alt=\"blogqspdengue6\" src=\"http:\/\/www.quersaberpolitica.com.br\/2016\/wp-content\/uploads\/2013\/02\/blogqspdengue6.jpg\" width=\"251\" height=\"201\" \/><\/a>Neste s\u00e1bado, 29, os agentes de endemias da Secretaria de Sa\u00fade de Juazeiro (Sesau) intensificar\u00e3o o plant\u00e3o da dengue no bairro Alto da Alian\u00e7a, uma das localidades com \u00edndice de infesta\u00e7\u00e3o de 4,7%, de acordo com dados do \u00faltimo Levantamento da Infesta\u00e7\u00e3o R\u00e1pida do Aedes (LIRA) no munic\u00edpio, considerado acima do preconizado pelo Minist\u00e9rio da Sa\u00fade, que \u00e9 de 1%.<\/p>\n<p style=\"text-align: justify\">\u201cO trabalho dos agentes \u00e9 rotineiro, por isso Juazeiro nunca mais viveu aquela epidemia hist\u00f3rica de 2008, em que foi registrado mais de tr\u00eas mil casos da doen\u00e7a. Desde outubro do ano passado que os profissionais refor\u00e7aram a a\u00e7\u00e3o, principalmente devido \u00e0s chuvas de ver\u00e3o, fase em que focos do aedes aegypti podem se proliferar.<\/p>\n<p style=\"text-align: justify\">urante as visitas as resid\u00eancias os agentes fazem o tratamento qu\u00edmico e orientam os moradores, j\u00e1 que o sucesso desta luta depende da parceria do governo com a comunidade\u201d, argumentou o Superintendente de Regula\u00e7\u00e3o, Humaniza\u00e7\u00e3o e Promo\u00e7\u00e3o \u00e0 Sa\u00fade, M\u00e1rio Machado.<!--more--><\/p>\n<p style=\"text-align: justify\">De janeiro a este m\u00eas de mar\u00e7o, os plant\u00f5es de combate \u00e0 dengue foram direcionados para v\u00e1rias localidades, dentre elas: Jardim Primavera, com \u00edndice de infesta\u00e7\u00e3o de 1,7%, Jardim Vit\u00f3ria (0,0%), Santo Ant\u00f4nio (1,8%), Sol Levante (0,0%), Parque Residencial (1,4%), Vila Nova F\u00e9 (3,9%), pela segunda vez o Tabuleiro, com \u00edndice de infesta\u00e7\u00e3o de 1,1%, Argemiro (8,1%), Mandacaru I (0,16%), Juremal (1%), e mais uma vez o bairro Alto da Alian\u00e7a.<\/p>\n<p style=\"text-align: justify\">Os plant\u00f5es ocorrem aos s\u00e1bados e domingos, das 7h30 \u00e0s 13h. Durante as visitas \u00e0s resid\u00eancias, os profissionais al\u00e9m de dar dicas importantes, distribuem panfletos para manuten\u00e7\u00e3o da preven\u00e7\u00e3o da doen\u00e7a no munic\u00edpio.<\/p>\n<p style=\"text-align: justify\">\u201c\u00c9 necess\u00e1rio ficar atentos aos reservat\u00f3rios com \u00e1gua parada, evitar jogar lixo em canais, enfim, cuidar para que o mosquito da dengue n\u00e3o se desenvolva na pr\u00f3pria resid\u00eancia\u201d, destacou o diretor de Vigil\u00e2ncia \u00e0 Sa\u00fade, Klynger Farias da Costa.<\/p>\n<p style=\"text-align: justify\">De janeiro a dezembro de 2013, foram notificados para a equipe de Vigil\u00e2ncia Epidemiol\u00f3gica 216 casos, destes 104 foram confirmados com 1 caso com complica\u00e7\u00f5es. At\u00e9 esta segunda-feira, 24 de mar\u00e7o, foram notificados 71 casos e 18 confirmados.<\/p>\n<p><strong>V\u00e2nia Castro\/Assessoria Sesau<\/strong><\/p>\n","protected":false},"excerpt":{"rendered":"<p>Neste s\u00e1bado, 29, os agentes de endemias da Secretaria de Sa\u00fade de Juazeiro (Sesau) intensificar\u00e3o o plant\u00e3o da dengue no bairro Alto da Alian\u00e7a, uma das localidades com \u00edndice de infesta\u00e7\u00e3o de 4,7%, de acordo com dados do \u00faltimo Levantamento da Infesta\u00e7\u00e3o R\u00e1pida do Aedes (LIRA) no munic\u00edpio, considerado acima do preconizado pelo Minist\u00e9rio da Sa\u00fade, que \u00e9 de 1%. \u201cO trabalho dos agentes \u00e9 rotineiro, por isso Juazeiro nunca mais viveu aquela epidemia hist\u00f3rica de 2008, em que foi registrado mais de tr\u00eas mil casos da doen\u00e7a. Desde outubro do ano passado que os profissionais refor\u00e7aram a a\u00e7\u00e3o, principalmente devido \u00e0s chuvas de ver\u00e3o, fase em que focos do aedes aegypti podem se proliferar. urante as visitas as resid\u00eancias&hellip; <\/p>\n","protected":false},"author":3,"featured_media":0,"comment_status":"open","ping_status":"open","sticky":false,"template":"","format":"standard","meta":{"_acf_changed":false,"footnotes":""},"categories":[4,5],"tags":[],"class_list":["post-77124","post","type-post","status-publish","format-standard","hentry","category-saude","category-seguranca"],"acf":[],"yoast_head":"<!-- This site is optimized with the Yoast SEO plugin v27.4 - https:\/\/yoast.com\/product\/yoast-seo-wordpress\/ -->\n<title>ENDEMIAS DE JUAZEIRO PROMOVE ORIENTA\u00c7\u00c3O \u00c0 POPULA\u00c7\u00c3O PARA PREVEN\u00c7\u00c3O DA DENGUE - Blog do Farn\u00e9sio<\/title>\n<meta name=\"robots\" content=\"index, follow, max-snippet:-1, max-image-preview:large, max-video-preview:-1\" \/>\n<link rel=\"canonical\" href=\"https:\/\/blogdofarnesio.com.br\/?p=77124\" \/>\n<meta property=\"og:locale\" content=\"pt_BR\" \/>\n<meta property=\"og:type\" content=\"article\" \/>\n<meta property=\"og:title\" content=\"ENDEMIAS DE JUAZEIRO PROMOVE ORIENTA\u00c7\u00c3O \u00c0 POPULA\u00c7\u00c3O PARA PREVEN\u00c7\u00c3O DA DENGUE - Blog do Farn\u00e9sio\" \/>\n<meta property=\"og:description\" content=\"Neste s\u00e1bado, 29, os agentes de endemias da Secretaria de Sa\u00fade de Juazeiro (Sesau) intensificar\u00e3o o plant\u00e3o da dengue no bairro Alto da Alian\u00e7a, uma das localidades com \u00edndice de infesta\u00e7\u00e3o de 4,7%, de acordo com dados do \u00faltimo Levantamento da Infesta\u00e7\u00e3o R\u00e1pida do Aedes (LIRA) no munic\u00edpio, considerado acima do preconizado pelo Minist\u00e9rio da Sa\u00fade, que \u00e9 de 1%. \u201cO trabalho dos agentes \u00e9 rotineiro, por isso Juazeiro nunca mais viveu aquela epidemia hist\u00f3rica de 2008, em que foi registrado mais de tr\u00eas mil casos da doen\u00e7a. Desde outubro do ano passado que os profissionais refor\u00e7aram a a\u00e7\u00e3o, principalmente devido \u00e0s chuvas de ver\u00e3o, fase em que focos do aedes aegypti podem se proliferar. urante as visitas as resid\u00eancias&hellip;\" \/>\n<meta property=\"og:url\" content=\"https:\/\/blogdofarnesio.com.br\/?p=77124\" \/>\n<meta property=\"og:site_name\" content=\"Blog do Farn\u00e9sio\" \/>\n<meta property=\"article:publisher\" content=\"https:\/\/www.facebook.com\/BlogQuerSaberPolitica\/\" \/>\n<meta property=\"article:published_time\" content=\"2014-03-26T12:00:09+00:00\" \/>\n<meta property=\"og:image\" content=\"http:\/\/www.quersaberpolitica.com.br\/2016\/wp-content\/uploads\/2013\/02\/blogqspdengue6.jpg\" \/>\n<meta name=\"author\" content=\"teste\" \/>\n<meta name=\"twitter:card\" content=\"summary_large_image\" \/>\n<meta name=\"twitter:label1\" content=\"Escrito por\" \/>\n\t<meta name=\"twitter:data1\" content=\"teste\" \/>\n\t<meta name=\"twitter:label2\" content=\"Est. tempo de leitura\" \/>\n\t<meta name=\"twitter:data2\" content=\"2 minutos\" \/>\n<script type=\"application\/ld+json\" class=\"yoast-schema-graph\">{\"@context\":\"https:\\\/\\\/schema.org\",\"@graph\":[{\"@type\":\"Article\",\"@id\":\"https:\\\/\\\/blogdofarnesio.com.br\\\/?p=77124#article\",\"isPartOf\":{\"@id\":\"https:\\\/\\\/blogdofarnesio.com.br\\\/?p=77124\"},\"author\":{\"name\":\"teste\",\"@id\":\"https:\\\/\\\/blogdofarnesio.com.br\\\/#\\\/schema\\\/person\\\/dd1bf5eba40b687199ba45ca6b97dff9\"},\"headline\":\"ENDEMIAS DE JUAZEIRO PROMOVE ORIENTA\u00c7\u00c3O \u00c0 POPULA\u00c7\u00c3O PARA PREVEN\u00c7\u00c3O DA DENGUE\",\"datePublished\":\"2014-03-26T12:00:09+00:00\",\"mainEntityOfPage\":{\"@id\":\"https:\\\/\\\/blogdofarnesio.com.br\\\/?p=77124\"},\"wordCount\":380,\"commentCount\":0,\"publisher\":{\"@id\":\"https:\\\/\\\/blogdofarnesio.com.br\\\/#organization\"},\"image\":{\"@id\":\"https:\\\/\\\/blogdofarnesio.com.br\\\/?p=77124#primaryimage\"},\"thumbnailUrl\":\"http:\\\/\\\/www.quersaberpolitica.com.br\\\/2016\\\/wp-content\\\/uploads\\\/2013\\\/02\\\/blogqspdengue6.jpg\",\"articleSection\":[\"Sa\u00fade\",\"Seguran\u00e7a\"],\"inLanguage\":\"pt-BR\",\"potentialAction\":[{\"@type\":\"CommentAction\",\"name\":\"Comment\",\"target\":[\"https:\\\/\\\/blogdofarnesio.com.br\\\/?p=77124#respond\"]}]},{\"@type\":\"WebPage\",\"@id\":\"https:\\\/\\\/blogdofarnesio.com.br\\\/?p=77124\",\"url\":\"https:\\\/\\\/blogdofarnesio.com.br\\\/?p=77124\",\"name\":\"ENDEMIAS DE JUAZEIRO PROMOVE ORIENTA\u00c7\u00c3O \u00c0 POPULA\u00c7\u00c3O PARA PREVEN\u00c7\u00c3O DA DENGUE - Blog do Farn\u00e9sio\",\"isPartOf\":{\"@id\":\"https:\\\/\\\/blogdofarnesio.com.br\\\/#website\"},\"primaryImageOfPage\":{\"@id\":\"https:\\\/\\\/blogdofarnesio.com.br\\\/?p=77124#primaryimage\"},\"image\":{\"@id\":\"https:\\\/\\\/blogdofarnesio.com.br\\\/?p=77124#primaryimage\"},\"thumbnailUrl\":\"http:\\\/\\\/www.quersaberpolitica.com.br\\\/2016\\\/wp-content\\\/uploads\\\/2013\\\/02\\\/blogqspdengue6.jpg\",\"datePublished\":\"2014-03-26T12:00:09+00:00\",\"breadcrumb\":{\"@id\":\"https:\\\/\\\/blogdofarnesio.com.br\\\/?p=77124#breadcrumb\"},\"inLanguage\":\"pt-BR\",\"potentialAction\":[{\"@type\":\"ReadAction\",\"target\":[\"https:\\\/\\\/blogdofarnesio.com.br\\\/?p=77124\"]}]},{\"@type\":\"ImageObject\",\"inLanguage\":\"pt-BR\",\"@id\":\"https:\\\/\\\/blogdofarnesio.com.br\\\/?p=77124#primaryimage\",\"url\":\"http:\\\/\\\/www.quersaberpolitica.com.br\\\/2016\\\/wp-content\\\/uploads\\\/2013\\\/02\\\/blogqspdengue6.jpg\",\"contentUrl\":\"http:\\\/\\\/www.quersaberpolitica.com.br\\\/2016\\\/wp-content\\\/uploads\\\/2013\\\/02\\\/blogqspdengue6.jpg\"},{\"@type\":\"BreadcrumbList\",\"@id\":\"https:\\\/\\\/blogdofarnesio.com.br\\\/?p=77124#breadcrumb\",\"itemListElement\":[{\"@type\":\"ListItem\",\"position\":1,\"name\":\"In\u00edcio\",\"item\":\"https:\\\/\\\/blogdofarnesio.com.br\\\/\"},{\"@type\":\"ListItem\",\"position\":2,\"name\":\"ENDEMIAS DE JUAZEIRO PROMOVE ORIENTA\u00c7\u00c3O \u00c0 POPULA\u00c7\u00c3O PARA PREVEN\u00c7\u00c3O DA DENGUE\"}]},{\"@type\":\"WebSite\",\"@id\":\"https:\\\/\\\/blogdofarnesio.com.br\\\/#website\",\"url\":\"https:\\\/\\\/blogdofarnesio.com.br\\\/\",\"name\":\"Blog do Farn\u00e9sio\",\"description\":\"Quer Saber Pol\u00edtica?\",\"publisher\":{\"@id\":\"https:\\\/\\\/blogdofarnesio.com.br\\\/#organization\"},\"potentialAction\":[{\"@type\":\"SearchAction\",\"target\":{\"@type\":\"EntryPoint\",\"urlTemplate\":\"https:\\\/\\\/blogdofarnesio.com.br\\\/?s={search_term_string}\"},\"query-input\":{\"@type\":\"PropertyValueSpecification\",\"valueRequired\":true,\"valueName\":\"search_term_string\"}}],\"inLanguage\":\"pt-BR\"},{\"@type\":\"Organization\",\"@id\":\"https:\\\/\\\/blogdofarnesio.com.br\\\/#organization\",\"name\":\"Blog do Farn\u00e9sio\",\"url\":\"https:\\\/\\\/blogdofarnesio.com.br\\\/\",\"logo\":{\"@type\":\"ImageObject\",\"inLanguage\":\"pt-BR\",\"@id\":\"https:\\\/\\\/blogdofarnesio.com.br\\\/#\\\/schema\\\/logo\\\/image\\\/\",\"url\":\"https:\\\/\\\/blogdofarnesio.com.br\\\/wp-content\\\/uploads\\\/2026\\\/03\\\/cropped-logo_new-1.png\",\"contentUrl\":\"https:\\\/\\\/blogdofarnesio.com.br\\\/wp-content\\\/uploads\\\/2026\\\/03\\\/cropped-logo_new-1.png\",\"width\":881,\"height\":685,\"caption\":\"Blog do Farn\u00e9sio\"},\"image\":{\"@id\":\"https:\\\/\\\/blogdofarnesio.com.br\\\/#\\\/schema\\\/logo\\\/image\\\/\"},\"sameAs\":[\"https:\\\/\\\/www.facebook.com\\\/BlogQuerSaberPolitica\\\/\"]},{\"@type\":\"Person\",\"@id\":\"https:\\\/\\\/blogdofarnesio.com.br\\\/#\\\/schema\\\/person\\\/dd1bf5eba40b687199ba45ca6b97dff9\",\"name\":\"teste\",\"image\":{\"@type\":\"ImageObject\",\"inLanguage\":\"pt-BR\",\"@id\":\"https:\\\/\\\/secure.gravatar.com\\\/avatar\\\/2172498d4914b51e1d89a0f97957b035ac4938723a5cac208135d389b6972a6d?s=96&d=mm&r=g\",\"url\":\"https:\\\/\\\/secure.gravatar.com\\\/avatar\\\/2172498d4914b51e1d89a0f97957b035ac4938723a5cac208135d389b6972a6d?s=96&d=mm&r=g\",\"contentUrl\":\"https:\\\/\\\/secure.gravatar.com\\\/avatar\\\/2172498d4914b51e1d89a0f97957b035ac4938723a5cac208135d389b6972a6d?s=96&d=mm&r=g\",\"caption\":\"teste\"},\"url\":\"https:\\\/\\\/blogdofarnesio.com.br\\\/?author=3\"}]}<\/script>\n<!-- \/ Yoast SEO plugin. -->","yoast_head_json":{"title":"ENDEMIAS DE JUAZEIRO PROMOVE ORIENTA\u00c7\u00c3O \u00c0 POPULA\u00c7\u00c3O PARA PREVEN\u00c7\u00c3O DA DENGUE - Blog do Farn\u00e9sio","robots":{"index":"index","follow":"follow","max-snippet":"max-snippet:-1","max-image-preview":"max-image-preview:large","max-video-preview":"max-video-preview:-1"},"canonical":"https:\/\/blogdofarnesio.com.br\/?p=77124","og_locale":"pt_BR","og_type":"article","og_title":"ENDEMIAS DE JUAZEIRO PROMOVE ORIENTA\u00c7\u00c3O \u00c0 POPULA\u00c7\u00c3O PARA PREVEN\u00c7\u00c3O DA DENGUE - Blog do Farn\u00e9sio","og_description":"Neste s\u00e1bado, 29, os agentes de endemias da Secretaria de Sa\u00fade de Juazeiro (Sesau) intensificar\u00e3o o plant\u00e3o da dengue no bairro Alto da Alian\u00e7a, uma das localidades com \u00edndice de infesta\u00e7\u00e3o de 4,7%, de acordo com dados do \u00faltimo Levantamento da Infesta\u00e7\u00e3o R\u00e1pida do Aedes (LIRA) no munic\u00edpio, considerado acima do preconizado pelo Minist\u00e9rio da Sa\u00fade, que \u00e9 de 1%. \u201cO trabalho dos agentes \u00e9 rotineiro, por isso Juazeiro nunca mais viveu aquela epidemia hist\u00f3rica de 2008, em que foi registrado mais de tr\u00eas mil casos da doen\u00e7a. Desde outubro do ano passado que os profissionais refor\u00e7aram a a\u00e7\u00e3o, principalmente devido \u00e0s chuvas de ver\u00e3o, fase em que focos do aedes aegypti podem se proliferar. urante as visitas as resid\u00eancias&hellip;","og_url":"https:\/\/blogdofarnesio.com.br\/?p=77124","og_site_name":"Blog do Farn\u00e9sio","article_publisher":"https:\/\/www.facebook.com\/BlogQuerSaberPolitica\/","article_published_time":"2014-03-26T12:00:09+00:00","og_image":[{"url":"http:\/\/www.quersaberpolitica.com.br\/2016\/wp-content\/uploads\/2013\/02\/blogqspdengue6.jpg","type":"","width":"","height":""}],"author":"teste","twitter_card":"summary_large_image","twitter_misc":{"Escrito por":"teste","Est. tempo de leitura":"2 minutos"},"schema":{"@context":"https:\/\/schema.org","@graph":[{"@type":"Article","@id":"https:\/\/blogdofarnesio.com.br\/?p=77124#article","isPartOf":{"@id":"https:\/\/blogdofarnesio.com.br\/?p=77124"},"author":{"name":"teste","@id":"https:\/\/blogdofarnesio.com.br\/#\/schema\/person\/dd1bf5eba40b687199ba45ca6b97dff9"},"headline":"ENDEMIAS DE JUAZEIRO PROMOVE ORIENTA\u00c7\u00c3O \u00c0 POPULA\u00c7\u00c3O PARA PREVEN\u00c7\u00c3O DA DENGUE","datePublished":"2014-03-26T12:00:09+00:00","mainEntityOfPage":{"@id":"https:\/\/blogdofarnesio.com.br\/?p=77124"},"wordCount":380,"commentCount":0,"publisher":{"@id":"https:\/\/blogdofarnesio.com.br\/#organization"},"image":{"@id":"https:\/\/blogdofarnesio.com.br\/?p=77124#primaryimage"},"thumbnailUrl":"http:\/\/www.quersaberpolitica.com.br\/2016\/wp-content\/uploads\/2013\/02\/blogqspdengue6.jpg","articleSection":["Sa\u00fade","Seguran\u00e7a"],"inLanguage":"pt-BR","potentialAction":[{"@type":"CommentAction","name":"Comment","target":["https:\/\/blogdofarnesio.com.br\/?p=77124#respond"]}]},{"@type":"WebPage","@id":"https:\/\/blogdofarnesio.com.br\/?p=77124","url":"https:\/\/blogdofarnesio.com.br\/?p=77124","name":"ENDEMIAS DE JUAZEIRO PROMOVE ORIENTA\u00c7\u00c3O \u00c0 POPULA\u00c7\u00c3O PARA PREVEN\u00c7\u00c3O DA DENGUE - Blog do Farn\u00e9sio","isPartOf":{"@id":"https:\/\/blogdofarnesio.com.br\/#website"},"primaryImageOfPage":{"@id":"https:\/\/blogdofarnesio.com.br\/?p=77124#primaryimage"},"image":{"@id":"https:\/\/blogdofarnesio.com.br\/?p=77124#primaryimage"},"thumbnailUrl":"http:\/\/www.quersaberpolitica.com.br\/2016\/wp-content\/uploads\/2013\/02\/blogqspdengue6.jpg","datePublished":"2014-03-26T12:00:09+00:00","breadcrumb":{"@id":"https:\/\/blogdofarnesio.com.br\/?p=77124#breadcrumb"},"inLanguage":"pt-BR","potentialAction":[{"@type":"ReadAction","target":["https:\/\/blogdofarnesio.com.br\/?p=77124"]}]},{"@type":"ImageObject","inLanguage":"pt-BR","@id":"https:\/\/blogdofarnesio.com.br\/?p=77124#primaryimage","url":"http:\/\/www.quersaberpolitica.com.br\/2016\/wp-content\/uploads\/2013\/02\/blogqspdengue6.jpg","contentUrl":"http:\/\/www.quersaberpolitica.com.br\/2016\/wp-content\/uploads\/2013\/02\/blogqspdengue6.jpg"},{"@type":"BreadcrumbList","@id":"https:\/\/blogdofarnesio.com.br\/?p=77124#breadcrumb","itemListElement":[{"@type":"ListItem","position":1,"name":"In\u00edcio","item":"https:\/\/blogdofarnesio.com.br\/"},{"@type":"ListItem","position":2,"name":"ENDEMIAS DE JUAZEIRO PROMOVE ORIENTA\u00c7\u00c3O \u00c0 POPULA\u00c7\u00c3O PARA PREVEN\u00c7\u00c3O DA DENGUE"}]},{"@type":"WebSite","@id":"https:\/\/blogdofarnesio.com.br\/#website","url":"https:\/\/blogdofarnesio.com.br\/","name":"Blog do Farn\u00e9sio","description":"Quer Saber Pol\u00edtica?","publisher":{"@id":"https:\/\/blogdofarnesio.com.br\/#organization"},"potentialAction":[{"@type":"SearchAction","target":{"@type":"EntryPoint","urlTemplate":"https:\/\/blogdofarnesio.com.br\/?s={search_term_string}"},"query-input":{"@type":"PropertyValueSpecification","valueRequired":true,"valueName":"search_term_string"}}],"inLanguage":"pt-BR"},{"@type":"Organization","@id":"https:\/\/blogdofarnesio.com.br\/#organization","name":"Blog do Farn\u00e9sio","url":"https:\/\/blogdofarnesio.com.br\/","logo":{"@type":"ImageObject","inLanguage":"pt-BR","@id":"https:\/\/blogdofarnesio.com.br\/#\/schema\/logo\/image\/","url":"https:\/\/blogdofarnesio.com.br\/wp-content\/uploads\/2026\/03\/cropped-logo_new-1.png","contentUrl":"https:\/\/blogdofarnesio.com.br\/wp-content\/uploads\/2026\/03\/cropped-logo_new-1.png","width":881,"height":685,"caption":"Blog do Farn\u00e9sio"},"image":{"@id":"https:\/\/blogdofarnesio.com.br\/#\/schema\/logo\/image\/"},"sameAs":["https:\/\/www.facebook.com\/BlogQuerSaberPolitica\/"]},{"@type":"Person","@id":"https:\/\/blogdofarnesio.com.br\/#\/schema\/person\/dd1bf5eba40b687199ba45ca6b97dff9","name":"teste","image":{"@type":"ImageObject","inLanguage":"pt-BR","@id":"https:\/\/secure.gravatar.com\/avatar\/2172498d4914b51e1d89a0f97957b035ac4938723a5cac208135d389b6972a6d?s=96&d=mm&r=g","url":"https:\/\/secure.gravatar.com\/avatar\/2172498d4914b51e1d89a0f97957b035ac4938723a5cac208135d389b6972a6d?s=96&d=mm&r=g","contentUrl":"https:\/\/secure.gravatar.com\/avatar\/2172498d4914b51e1d89a0f97957b035ac4938723a5cac208135d389b6972a6d?s=96&d=mm&r=g","caption":"teste"},"url":"https:\/\/blogdofarnesio.com.br\/?author=3"}]}},"_links":{"self":[{"href":"https:\/\/blogdofarnesio.com.br\/index.php?rest_route=\/wp\/v2\/posts\/77124","targetHints":{"allow":["GET"]}}],"collection":[{"href":"https:\/\/blogdofarnesio.com.br\/index.php?rest_route=\/wp\/v2\/posts"}],"about":[{"href":"https:\/\/blogdofarnesio.com.br\/index.php?rest_route=\/wp\/v2\/types\/post"}],"author":[{"embeddable":true,"href":"https:\/\/blogdofarnesio.com.br\/index.php?rest_route=\/wp\/v2\/users\/3"}],"replies":[{"embeddable":true,"href":"https:\/\/blogdofarnesio.com.br\/index.php?rest_route=%2Fwp%2Fv2%2Fcomments&post=77124"}],"version-history":[{"count":0,"href":"https:\/\/blogdofarnesio.com.br\/index.php?rest_route=\/wp\/v2\/posts\/77124\/revisions"}],"wp:attachment":[{"href":"https:\/\/blogdofarnesio.com.br\/index.php?rest_route=%2Fwp%2Fv2%2Fmedia&parent=77124"}],"wp:term":[{"taxonomy":"category","embeddable":true,"href":"https:\/\/blogdofarnesio.com.br\/index.php?rest_route=%2Fwp%2Fv2%2Fcategories&post=77124"},{"taxonomy":"post_tag","embeddable":true,"href":"https:\/\/blogdofarnesio.com.br\/index.php?rest_route=%2Fwp%2Fv2%2Ftags&post=77124"}],"curies":[{"name":"wp","href":"https:\/\/api.w.org\/{rel}","templated":true}]}}