{"id":76945,"date":"2014-03-22T09:35:35","date_gmt":"2014-03-22T12:35:35","guid":{"rendered":"http:\/\/www.quersaberpolitica.com.br\/?p=76945"},"modified":"2014-03-22T08:48:14","modified_gmt":"2014-03-22T11:48:14","slug":"superintendencia-de-esportes-realiza-circuito-esportivo-so-para-elas","status":"publish","type":"post","link":"https:\/\/blogdofarnesio.com.br\/?p=76945","title":{"rendered":"SUPERINTEND\u00caNCIA DE ESPORTES REALIZA CIRCUITO ESPORTIVO S\u00d3 PARA ELAS"},"content":{"rendered":"<p style=\"text-align: justify\"><a href=\"http:\/\/www.quersaberpolitica.com.br\/2016\/wp-content\/uploads\/2013\/12\/blogqsplagoadecalu1.jpg\"><img loading=\"lazy\" decoding=\"async\" class=\"alignleft size-medium wp-image-68329\" alt=\"blogqsplagoadecalu\" src=\"http:\/\/www.quersaberpolitica.com.br\/2016\/wp-content\/uploads\/2013\/12\/blogqsplagoadecalu1-300x224.jpg\" width=\"300\" height=\"224\" srcset=\"https:\/\/blogdofarnesio.com.br\/wp-content\/uploads\/2013\/12\/blogqsplagoadecalu1-300x224.jpg 300w, https:\/\/blogdofarnesio.com.br\/wp-content\/uploads\/2013\/12\/blogqsplagoadecalu1-400x300.jpg 400w, https:\/\/blogdofarnesio.com.br\/wp-content\/uploads\/2013\/12\/blogqsplagoadecalu1.jpg 448w\" sizes=\"auto, (max-width: 300px) 100vw, 300px\" \/><\/a>O dia internacional da mulher j\u00e1 passou, mas ainda h\u00e1 comemora\u00e7\u00f5es para elas. Ontem e hoje, 21 e 22 de mar\u00e7o, o \u201cCircuito Esportivo S\u00f3 Para Elas\u201d.<\/p>\n<p style=\"text-align: justify\">Um evento realizado pela Liga Desportiva Juazeirense e a Prefeitura de Juazeiro, em parceria com a Pastoral da Mulher.<\/p>\n<p style=\"text-align: justify\">Ontem\u00a0dia 21, a abertura foi no audit\u00f3rio do Col\u00e9gio Paulo VI, \u00e0s 19h30, com uma homenagem \u00e0s mulheres que se destacaram no esporte regional. Neste s\u00e1bado, a abertura, na Lagoa de Calu, uma caminhada para a 3\u00aa idade.<\/p>\n<p style=\"text-align: justify\">A ideia de realizar esse circuito esportivo surgiu por j\u00e1 haver acontecido, no ano passado, exatamente no dia 8 de mar\u00e7o, uma corrida de 5 km, s\u00f3 para mulheres. Pensou-se, ent\u00e3o, em dar \u00e0s mulheres um dia inteiro de atividades f\u00edsicas e recreativas.<!--more--><\/p>\n<p style=\"text-align: justify\">O Presidente da Liga Desportiva Juazeirense, Joacir Oliveira Junior, acredita que seja um marco no esporte Juazeirense. \u201cValorizamos as mulheres que s\u00e3o de fundamental import\u00e2ncia para nossas vidas. Al\u00e9m disso, fomenta-se a pr\u00e1tica esportiva, incentiva as mulheres a praticar o esporte e melhorar sua qualidade de vida\u201d, disse Joacir.<!--more--><\/p>\n<p style=\"text-align: justify\">Durante os dois dias haver\u00e1 atividades como futebol de areia, v\u00f4lei de dupla, capoeira, aula de zumba, gin\u00e1stica para a 3\u00aa idade, recrea\u00e7\u00e3o infantil, massagem. Tudo ministrado por profissionais competentes. E nos intervalos, um lanche saud\u00e1vel.<\/p>\n<p style=\"text-align: justify\">\u201cIsso \u00e9 uma novidade aqui, fazer um circuito esportivo onde s\u00f3 as mulheres participam. Tenho certeza de que vai ser um sucesso e, depois desse, nossa cidade ter\u00e1 obriga\u00e7\u00e3o de realizar eventos assim, que deem \u00e0s mulheres um dia inteiro de alegria, onde elas se divertem, praticam exerc\u00edcios e cuidam da sa\u00fade\u201d, finaliza o Superintendente de Esportes do Munic\u00edpio, Gilberto Pacheco.<\/p>\n<p style=\"text-align: justify\"><strong>Ram\u00e1iana Leal\/SEDUC<\/strong><\/p>\n<p style=\"text-align: justify\">\n","protected":false},"excerpt":{"rendered":"<p>O dia internacional da mulher j\u00e1 passou, mas ainda h\u00e1 comemora\u00e7\u00f5es para elas. Ontem e hoje, 21 e 22 de mar\u00e7o, o \u201cCircuito Esportivo S\u00f3 Para Elas\u201d. Um evento realizado pela Liga Desportiva Juazeirense e a Prefeitura de Juazeiro, em parceria com a Pastoral da Mulher. Ontem\u00a0dia 21, a abertura foi no audit\u00f3rio do Col\u00e9gio Paulo VI, \u00e0s 19h30, com uma homenagem \u00e0s mulheres que se destacaram no esporte regional. Neste s\u00e1bado, a abertura, na Lagoa de Calu, uma caminhada para a 3\u00aa idade. A ideia de realizar esse circuito esportivo surgiu por j\u00e1 haver acontecido, no ano passado, exatamente no dia 8 de mar\u00e7o, uma corrida de 5 km, s\u00f3 para mulheres. Pensou-se, ent\u00e3o, em dar \u00e0s mulheres um&hellip; <\/p>\n","protected":false},"author":3,"featured_media":0,"comment_status":"open","ping_status":"open","sticky":false,"template":"","format":"standard","meta":{"_acf_changed":false,"footnotes":""},"categories":[8],"tags":[],"class_list":["post-76945","post","type-post","status-publish","format-standard","hentry","category-esportes"],"acf":[],"yoast_head":"<!-- This site is optimized with the Yoast SEO plugin v27.4 - https:\/\/yoast.com\/product\/yoast-seo-wordpress\/ -->\n<title>SUPERINTEND\u00caNCIA DE ESPORTES REALIZA CIRCUITO ESPORTIVO S\u00d3 PARA ELAS - Blog do Farn\u00e9sio<\/title>\n<meta name=\"robots\" content=\"index, follow, max-snippet:-1, max-image-preview:large, max-video-preview:-1\" \/>\n<link rel=\"canonical\" href=\"https:\/\/blogdofarnesio.com.br\/?p=76945\" \/>\n<meta property=\"og:locale\" content=\"pt_BR\" \/>\n<meta property=\"og:type\" content=\"article\" \/>\n<meta property=\"og:title\" content=\"SUPERINTEND\u00caNCIA DE ESPORTES REALIZA CIRCUITO ESPORTIVO S\u00d3 PARA ELAS - Blog do Farn\u00e9sio\" \/>\n<meta property=\"og:description\" content=\"O dia internacional da mulher j\u00e1 passou, mas ainda h\u00e1 comemora\u00e7\u00f5es para elas. Ontem e hoje, 21 e 22 de mar\u00e7o, o \u201cCircuito Esportivo S\u00f3 Para Elas\u201d. Um evento realizado pela Liga Desportiva Juazeirense e a Prefeitura de Juazeiro, em parceria com a Pastoral da Mulher. Ontem\u00a0dia 21, a abertura foi no audit\u00f3rio do Col\u00e9gio Paulo VI, \u00e0s 19h30, com uma homenagem \u00e0s mulheres que se destacaram no esporte regional. Neste s\u00e1bado, a abertura, na Lagoa de Calu, uma caminhada para a 3\u00aa idade. A ideia de realizar esse circuito esportivo surgiu por j\u00e1 haver acontecido, no ano passado, exatamente no dia 8 de mar\u00e7o, uma corrida de 5 km, s\u00f3 para mulheres. Pensou-se, ent\u00e3o, em dar \u00e0s mulheres um&hellip;\" \/>\n<meta property=\"og:url\" content=\"https:\/\/blogdofarnesio.com.br\/?p=76945\" \/>\n<meta property=\"og:site_name\" content=\"Blog do Farn\u00e9sio\" \/>\n<meta property=\"article:publisher\" content=\"https:\/\/www.facebook.com\/BlogQuerSaberPolitica\/\" \/>\n<meta property=\"article:published_time\" content=\"2014-03-22T12:35:35+00:00\" \/>\n<meta property=\"og:image\" content=\"http:\/\/www.quersaberpolitica.com.br\/2016\/wp-content\/uploads\/2013\/12\/blogqsplagoadecalu1-300x224.jpg\" \/>\n<meta name=\"author\" content=\"teste\" \/>\n<meta name=\"twitter:card\" content=\"summary_large_image\" \/>\n<meta name=\"twitter:label1\" content=\"Escrito por\" \/>\n\t<meta name=\"twitter:data1\" content=\"teste\" \/>\n\t<meta name=\"twitter:label2\" content=\"Est. tempo de leitura\" \/>\n\t<meta name=\"twitter:data2\" content=\"1 minuto\" \/>\n<script type=\"application\/ld+json\" class=\"yoast-schema-graph\">{\"@context\":\"https:\\\/\\\/schema.org\",\"@graph\":[{\"@type\":\"Article\",\"@id\":\"https:\\\/\\\/blogdofarnesio.com.br\\\/?p=76945#article\",\"isPartOf\":{\"@id\":\"https:\\\/\\\/blogdofarnesio.com.br\\\/?p=76945\"},\"author\":{\"name\":\"teste\",\"@id\":\"https:\\\/\\\/blogdofarnesio.com.br\\\/#\\\/schema\\\/person\\\/dd1bf5eba40b687199ba45ca6b97dff9\"},\"headline\":\"SUPERINTEND\u00caNCIA DE ESPORTES REALIZA CIRCUITO ESPORTIVO S\u00d3 PARA ELAS\",\"datePublished\":\"2014-03-22T12:35:35+00:00\",\"mainEntityOfPage\":{\"@id\":\"https:\\\/\\\/blogdofarnesio.com.br\\\/?p=76945\"},\"wordCount\":300,\"commentCount\":0,\"publisher\":{\"@id\":\"https:\\\/\\\/blogdofarnesio.com.br\\\/#organization\"},\"image\":{\"@id\":\"https:\\\/\\\/blogdofarnesio.com.br\\\/?p=76945#primaryimage\"},\"thumbnailUrl\":\"http:\\\/\\\/www.quersaberpolitica.com.br\\\/2016\\\/wp-content\\\/uploads\\\/2013\\\/12\\\/blogqsplagoadecalu1-300x224.jpg\",\"articleSection\":[\"Esportes\"],\"inLanguage\":\"pt-BR\",\"potentialAction\":[{\"@type\":\"CommentAction\",\"name\":\"Comment\",\"target\":[\"https:\\\/\\\/blogdofarnesio.com.br\\\/?p=76945#respond\"]}]},{\"@type\":\"WebPage\",\"@id\":\"https:\\\/\\\/blogdofarnesio.com.br\\\/?p=76945\",\"url\":\"https:\\\/\\\/blogdofarnesio.com.br\\\/?p=76945\",\"name\":\"SUPERINTEND\u00caNCIA DE ESPORTES REALIZA CIRCUITO ESPORTIVO S\u00d3 PARA ELAS - Blog do Farn\u00e9sio\",\"isPartOf\":{\"@id\":\"https:\\\/\\\/blogdofarnesio.com.br\\\/#website\"},\"primaryImageOfPage\":{\"@id\":\"https:\\\/\\\/blogdofarnesio.com.br\\\/?p=76945#primaryimage\"},\"image\":{\"@id\":\"https:\\\/\\\/blogdofarnesio.com.br\\\/?p=76945#primaryimage\"},\"thumbnailUrl\":\"http:\\\/\\\/www.quersaberpolitica.com.br\\\/2016\\\/wp-content\\\/uploads\\\/2013\\\/12\\\/blogqsplagoadecalu1-300x224.jpg\",\"datePublished\":\"2014-03-22T12:35:35+00:00\",\"breadcrumb\":{\"@id\":\"https:\\\/\\\/blogdofarnesio.com.br\\\/?p=76945#breadcrumb\"},\"inLanguage\":\"pt-BR\",\"potentialAction\":[{\"@type\":\"ReadAction\",\"target\":[\"https:\\\/\\\/blogdofarnesio.com.br\\\/?p=76945\"]}]},{\"@type\":\"ImageObject\",\"inLanguage\":\"pt-BR\",\"@id\":\"https:\\\/\\\/blogdofarnesio.com.br\\\/?p=76945#primaryimage\",\"url\":\"http:\\\/\\\/www.quersaberpolitica.com.br\\\/2016\\\/wp-content\\\/uploads\\\/2013\\\/12\\\/blogqsplagoadecalu1-300x224.jpg\",\"contentUrl\":\"http:\\\/\\\/www.quersaberpolitica.com.br\\\/2016\\\/wp-content\\\/uploads\\\/2013\\\/12\\\/blogqsplagoadecalu1-300x224.jpg\"},{\"@type\":\"BreadcrumbList\",\"@id\":\"https:\\\/\\\/blogdofarnesio.com.br\\\/?p=76945#breadcrumb\",\"itemListElement\":[{\"@type\":\"ListItem\",\"position\":1,\"name\":\"In\u00edcio\",\"item\":\"https:\\\/\\\/blogdofarnesio.com.br\\\/\"},{\"@type\":\"ListItem\",\"position\":2,\"name\":\"SUPERINTEND\u00caNCIA DE ESPORTES REALIZA CIRCUITO ESPORTIVO S\u00d3 PARA ELAS\"}]},{\"@type\":\"WebSite\",\"@id\":\"https:\\\/\\\/blogdofarnesio.com.br\\\/#website\",\"url\":\"https:\\\/\\\/blogdofarnesio.com.br\\\/\",\"name\":\"Blog do Farn\u00e9sio\",\"description\":\"Quer Saber Pol\u00edtica?\",\"publisher\":{\"@id\":\"https:\\\/\\\/blogdofarnesio.com.br\\\/#organization\"},\"potentialAction\":[{\"@type\":\"SearchAction\",\"target\":{\"@type\":\"EntryPoint\",\"urlTemplate\":\"https:\\\/\\\/blogdofarnesio.com.br\\\/?s={search_term_string}\"},\"query-input\":{\"@type\":\"PropertyValueSpecification\",\"valueRequired\":true,\"valueName\":\"search_term_string\"}}],\"inLanguage\":\"pt-BR\"},{\"@type\":\"Organization\",\"@id\":\"https:\\\/\\\/blogdofarnesio.com.br\\\/#organization\",\"name\":\"Blog do Farn\u00e9sio\",\"url\":\"https:\\\/\\\/blogdofarnesio.com.br\\\/\",\"logo\":{\"@type\":\"ImageObject\",\"inLanguage\":\"pt-BR\",\"@id\":\"https:\\\/\\\/blogdofarnesio.com.br\\\/#\\\/schema\\\/logo\\\/image\\\/\",\"url\":\"https:\\\/\\\/blogdofarnesio.com.br\\\/wp-content\\\/uploads\\\/2026\\\/03\\\/cropped-logo_new-1.png\",\"contentUrl\":\"https:\\\/\\\/blogdofarnesio.com.br\\\/wp-content\\\/uploads\\\/2026\\\/03\\\/cropped-logo_new-1.png\",\"width\":881,\"height\":685,\"caption\":\"Blog do Farn\u00e9sio\"},\"image\":{\"@id\":\"https:\\\/\\\/blogdofarnesio.com.br\\\/#\\\/schema\\\/logo\\\/image\\\/\"},\"sameAs\":[\"https:\\\/\\\/www.facebook.com\\\/BlogQuerSaberPolitica\\\/\"]},{\"@type\":\"Person\",\"@id\":\"https:\\\/\\\/blogdofarnesio.com.br\\\/#\\\/schema\\\/person\\\/dd1bf5eba40b687199ba45ca6b97dff9\",\"name\":\"teste\",\"image\":{\"@type\":\"ImageObject\",\"inLanguage\":\"pt-BR\",\"@id\":\"https:\\\/\\\/secure.gravatar.com\\\/avatar\\\/2172498d4914b51e1d89a0f97957b035ac4938723a5cac208135d389b6972a6d?s=96&d=mm&r=g\",\"url\":\"https:\\\/\\\/secure.gravatar.com\\\/avatar\\\/2172498d4914b51e1d89a0f97957b035ac4938723a5cac208135d389b6972a6d?s=96&d=mm&r=g\",\"contentUrl\":\"https:\\\/\\\/secure.gravatar.com\\\/avatar\\\/2172498d4914b51e1d89a0f97957b035ac4938723a5cac208135d389b6972a6d?s=96&d=mm&r=g\",\"caption\":\"teste\"},\"url\":\"https:\\\/\\\/blogdofarnesio.com.br\\\/?author=3\"}]}<\/script>\n<!-- \/ Yoast SEO plugin. -->","yoast_head_json":{"title":"SUPERINTEND\u00caNCIA DE ESPORTES REALIZA CIRCUITO ESPORTIVO S\u00d3 PARA ELAS - Blog do Farn\u00e9sio","robots":{"index":"index","follow":"follow","max-snippet":"max-snippet:-1","max-image-preview":"max-image-preview:large","max-video-preview":"max-video-preview:-1"},"canonical":"https:\/\/blogdofarnesio.com.br\/?p=76945","og_locale":"pt_BR","og_type":"article","og_title":"SUPERINTEND\u00caNCIA DE ESPORTES REALIZA CIRCUITO ESPORTIVO S\u00d3 PARA ELAS - Blog do Farn\u00e9sio","og_description":"O dia internacional da mulher j\u00e1 passou, mas ainda h\u00e1 comemora\u00e7\u00f5es para elas. Ontem e hoje, 21 e 22 de mar\u00e7o, o \u201cCircuito Esportivo S\u00f3 Para Elas\u201d. Um evento realizado pela Liga Desportiva Juazeirense e a Prefeitura de Juazeiro, em parceria com a Pastoral da Mulher. Ontem\u00a0dia 21, a abertura foi no audit\u00f3rio do Col\u00e9gio Paulo VI, \u00e0s 19h30, com uma homenagem \u00e0s mulheres que se destacaram no esporte regional. Neste s\u00e1bado, a abertura, na Lagoa de Calu, uma caminhada para a 3\u00aa idade. A ideia de realizar esse circuito esportivo surgiu por j\u00e1 haver acontecido, no ano passado, exatamente no dia 8 de mar\u00e7o, uma corrida de 5 km, s\u00f3 para mulheres. Pensou-se, ent\u00e3o, em dar \u00e0s mulheres um&hellip;","og_url":"https:\/\/blogdofarnesio.com.br\/?p=76945","og_site_name":"Blog do Farn\u00e9sio","article_publisher":"https:\/\/www.facebook.com\/BlogQuerSaberPolitica\/","article_published_time":"2014-03-22T12:35:35+00:00","og_image":[{"url":"http:\/\/www.quersaberpolitica.com.br\/2016\/wp-content\/uploads\/2013\/12\/blogqsplagoadecalu1-300x224.jpg","type":"","width":"","height":""}],"author":"teste","twitter_card":"summary_large_image","twitter_misc":{"Escrito por":"teste","Est. tempo de leitura":"1 minuto"},"schema":{"@context":"https:\/\/schema.org","@graph":[{"@type":"Article","@id":"https:\/\/blogdofarnesio.com.br\/?p=76945#article","isPartOf":{"@id":"https:\/\/blogdofarnesio.com.br\/?p=76945"},"author":{"name":"teste","@id":"https:\/\/blogdofarnesio.com.br\/#\/schema\/person\/dd1bf5eba40b687199ba45ca6b97dff9"},"headline":"SUPERINTEND\u00caNCIA DE ESPORTES REALIZA CIRCUITO ESPORTIVO S\u00d3 PARA ELAS","datePublished":"2014-03-22T12:35:35+00:00","mainEntityOfPage":{"@id":"https:\/\/blogdofarnesio.com.br\/?p=76945"},"wordCount":300,"commentCount":0,"publisher":{"@id":"https:\/\/blogdofarnesio.com.br\/#organization"},"image":{"@id":"https:\/\/blogdofarnesio.com.br\/?p=76945#primaryimage"},"thumbnailUrl":"http:\/\/www.quersaberpolitica.com.br\/2016\/wp-content\/uploads\/2013\/12\/blogqsplagoadecalu1-300x224.jpg","articleSection":["Esportes"],"inLanguage":"pt-BR","potentialAction":[{"@type":"CommentAction","name":"Comment","target":["https:\/\/blogdofarnesio.com.br\/?p=76945#respond"]}]},{"@type":"WebPage","@id":"https:\/\/blogdofarnesio.com.br\/?p=76945","url":"https:\/\/blogdofarnesio.com.br\/?p=76945","name":"SUPERINTEND\u00caNCIA DE ESPORTES REALIZA CIRCUITO ESPORTIVO S\u00d3 PARA ELAS - Blog do Farn\u00e9sio","isPartOf":{"@id":"https:\/\/blogdofarnesio.com.br\/#website"},"primaryImageOfPage":{"@id":"https:\/\/blogdofarnesio.com.br\/?p=76945#primaryimage"},"image":{"@id":"https:\/\/blogdofarnesio.com.br\/?p=76945#primaryimage"},"thumbnailUrl":"http:\/\/www.quersaberpolitica.com.br\/2016\/wp-content\/uploads\/2013\/12\/blogqsplagoadecalu1-300x224.jpg","datePublished":"2014-03-22T12:35:35+00:00","breadcrumb":{"@id":"https:\/\/blogdofarnesio.com.br\/?p=76945#breadcrumb"},"inLanguage":"pt-BR","potentialAction":[{"@type":"ReadAction","target":["https:\/\/blogdofarnesio.com.br\/?p=76945"]}]},{"@type":"ImageObject","inLanguage":"pt-BR","@id":"https:\/\/blogdofarnesio.com.br\/?p=76945#primaryimage","url":"http:\/\/www.quersaberpolitica.com.br\/2016\/wp-content\/uploads\/2013\/12\/blogqsplagoadecalu1-300x224.jpg","contentUrl":"http:\/\/www.quersaberpolitica.com.br\/2016\/wp-content\/uploads\/2013\/12\/blogqsplagoadecalu1-300x224.jpg"},{"@type":"BreadcrumbList","@id":"https:\/\/blogdofarnesio.com.br\/?p=76945#breadcrumb","itemListElement":[{"@type":"ListItem","position":1,"name":"In\u00edcio","item":"https:\/\/blogdofarnesio.com.br\/"},{"@type":"ListItem","position":2,"name":"SUPERINTEND\u00caNCIA DE ESPORTES REALIZA CIRCUITO ESPORTIVO S\u00d3 PARA ELAS"}]},{"@type":"WebSite","@id":"https:\/\/blogdofarnesio.com.br\/#website","url":"https:\/\/blogdofarnesio.com.br\/","name":"Blog do Farn\u00e9sio","description":"Quer Saber Pol\u00edtica?","publisher":{"@id":"https:\/\/blogdofarnesio.com.br\/#organization"},"potentialAction":[{"@type":"SearchAction","target":{"@type":"EntryPoint","urlTemplate":"https:\/\/blogdofarnesio.com.br\/?s={search_term_string}"},"query-input":{"@type":"PropertyValueSpecification","valueRequired":true,"valueName":"search_term_string"}}],"inLanguage":"pt-BR"},{"@type":"Organization","@id":"https:\/\/blogdofarnesio.com.br\/#organization","name":"Blog do Farn\u00e9sio","url":"https:\/\/blogdofarnesio.com.br\/","logo":{"@type":"ImageObject","inLanguage":"pt-BR","@id":"https:\/\/blogdofarnesio.com.br\/#\/schema\/logo\/image\/","url":"https:\/\/blogdofarnesio.com.br\/wp-content\/uploads\/2026\/03\/cropped-logo_new-1.png","contentUrl":"https:\/\/blogdofarnesio.com.br\/wp-content\/uploads\/2026\/03\/cropped-logo_new-1.png","width":881,"height":685,"caption":"Blog do Farn\u00e9sio"},"image":{"@id":"https:\/\/blogdofarnesio.com.br\/#\/schema\/logo\/image\/"},"sameAs":["https:\/\/www.facebook.com\/BlogQuerSaberPolitica\/"]},{"@type":"Person","@id":"https:\/\/blogdofarnesio.com.br\/#\/schema\/person\/dd1bf5eba40b687199ba45ca6b97dff9","name":"teste","image":{"@type":"ImageObject","inLanguage":"pt-BR","@id":"https:\/\/secure.gravatar.com\/avatar\/2172498d4914b51e1d89a0f97957b035ac4938723a5cac208135d389b6972a6d?s=96&d=mm&r=g","url":"https:\/\/secure.gravatar.com\/avatar\/2172498d4914b51e1d89a0f97957b035ac4938723a5cac208135d389b6972a6d?s=96&d=mm&r=g","contentUrl":"https:\/\/secure.gravatar.com\/avatar\/2172498d4914b51e1d89a0f97957b035ac4938723a5cac208135d389b6972a6d?s=96&d=mm&r=g","caption":"teste"},"url":"https:\/\/blogdofarnesio.com.br\/?author=3"}]}},"_links":{"self":[{"href":"https:\/\/blogdofarnesio.com.br\/index.php?rest_route=\/wp\/v2\/posts\/76945","targetHints":{"allow":["GET"]}}],"collection":[{"href":"https:\/\/blogdofarnesio.com.br\/index.php?rest_route=\/wp\/v2\/posts"}],"about":[{"href":"https:\/\/blogdofarnesio.com.br\/index.php?rest_route=\/wp\/v2\/types\/post"}],"author":[{"embeddable":true,"href":"https:\/\/blogdofarnesio.com.br\/index.php?rest_route=\/wp\/v2\/users\/3"}],"replies":[{"embeddable":true,"href":"https:\/\/blogdofarnesio.com.br\/index.php?rest_route=%2Fwp%2Fv2%2Fcomments&post=76945"}],"version-history":[{"count":0,"href":"https:\/\/blogdofarnesio.com.br\/index.php?rest_route=\/wp\/v2\/posts\/76945\/revisions"}],"wp:attachment":[{"href":"https:\/\/blogdofarnesio.com.br\/index.php?rest_route=%2Fwp%2Fv2%2Fmedia&parent=76945"}],"wp:term":[{"taxonomy":"category","embeddable":true,"href":"https:\/\/blogdofarnesio.com.br\/index.php?rest_route=%2Fwp%2Fv2%2Fcategories&post=76945"},{"taxonomy":"post_tag","embeddable":true,"href":"https:\/\/blogdofarnesio.com.br\/index.php?rest_route=%2Fwp%2Fv2%2Ftags&post=76945"}],"curies":[{"name":"wp","href":"https:\/\/api.w.org\/{rel}","templated":true}]}}