{"id":76940,"date":"2014-03-22T08:00:25","date_gmt":"2014-03-22T11:00:25","guid":{"rendered":"http:\/\/www.quersaberpolitica.com.br\/?p=76940"},"modified":"2014-03-21T20:07:24","modified_gmt":"2014-03-21T23:07:24","slug":"municipio-e-tv-sao-francisco-mantem-parceria-para-realizacao-do-projeto-sao-joao-dos-bairros","status":"publish","type":"post","link":"https:\/\/blogdofarnesio.com.br\/?p=76940","title":{"rendered":"MUNIC\u00cdPIO E TV S\u00c3O FRANCISCO MANT\u00c9M PARCERIA PARA REALIZA\u00c7\u00c3O DO PROJETO \u201cS\u00c3O JO\u00c3O DOS BAIRROS\u201d"},"content":{"rendered":"<p style=\"text-align: justify\"><a href=\"http:\/\/www.quersaberpolitica.com.br\/2016\/wp-content\/uploads\/2014\/03\/Parceria-S\u00e3o-jo\u00e3o-dos-bairros.jpg\"><img loading=\"lazy\" decoding=\"async\" class=\"alignleft size-medium wp-image-76941\" alt=\"blogqspS\u00e3ojo\u00e3o\" src=\"http:\/\/www.quersaberpolitica.com.br\/2016\/wp-content\/uploads\/2014\/03\/Parceria-S\u00e3o-jo\u00e3o-dos-bairros-300x192.jpg\" width=\"300\" height=\"192\" srcset=\"https:\/\/blogdofarnesio.com.br\/wp-content\/uploads\/2014\/03\/Parceria-S\u00e3o-jo\u00e3o-dos-bairros-300x192.jpg 300w, https:\/\/blogdofarnesio.com.br\/wp-content\/uploads\/2014\/03\/Parceria-S\u00e3o-jo\u00e3o-dos-bairros.jpg 400w\" sizes=\"auto, (max-width: 300px) 100vw, 300px\" \/><\/a>O prefeito Isaac Carvalho, acompanhado do l\u00edder do governo na C\u00e2mara Municipal, vereador Cris\u00f3stomo Lima (Z\u00f3); e do diretor de Cultura do munic\u00edpio, M\u00e1rcio \u00c2ngelo, se reuniu quinta-feira (20), com o gerente executivo da TV S\u00e3o Francisco, Hilquias Barros, quando foi assinado o termo de parceria para a segunda edi\u00e7\u00e3o do projeto &#8220;S\u00e3o Jo\u00e3o dos Bairros&#8221;, iniciado em 2013 com grande sucesso.<\/p>\n<p style=\"text-align: justify\">Durante quatro fins de semana a anima\u00e7\u00e3o junina tomou conta dos bairros Castelo Branco, Piranga, Jo\u00e3o Paulo II e Lagoa de Calu, quando mais de 15 mil pessoas entraram no arrasta-p\u00e9 sob o comando de forrozeiros e sanfoneiros da regi\u00e3o.<\/p>\n<p style=\"text-align: justify\">Este ano tanto o formato quanto os locais permanecer\u00e3o os mesmos, \u00e0 exce\u00e7\u00e3o apenas do Castelo Branco, mudando da pra\u00e7a central para a pra\u00e7a da feira livre, nas proximidades do bairro Dom Tomaz.<!--more--><\/p>\n<p style=\"text-align: justify\">Ser\u00e3o quatro eventos durante os per\u00edodos de 22 e 29 de Maio, 05 e 13 de Junho. Para Hilquias Barros, o &#8220;S\u00e3o Jo\u00e3o dos Bairros&#8221; 2014 ser\u00e1 uma excelente oportunidade de proporcionar ao povo momentos de divers\u00e3o e entretenimento. \u201cEste \u00e9 um projeto pensado para a fam\u00edlia juazeirense, que valoriza uma importante tradi\u00e7\u00e3o nordestina, os artistas locais e se configura como mais uma grande op\u00e7\u00e3o de lazer e cultura para a cidade. Nossa expectativa \u00e9 de que nesta segunda edi\u00e7\u00e3o o sucesso seja ainda maior, especialmente porque acontecer\u00e1 em meio ao clima da Copa do Mundo\u201d, avaliou.<\/p>\n<p style=\"text-align: justify\">A comemora\u00e7\u00e3o dos festejos juninos em Juazeiro mais uma vez se estender\u00e1 ap\u00f3s o \u201cS\u00e3o Jo\u00e3o dos Bairros\u201d com o projeto da Prefeitura, atrav\u00e9s da Secretaria de Cultura e Juventude e em parceria com as associa\u00e7\u00f5es de moradores, levando mais alegria para as comunidades que tradicionalmente j\u00e1 realizam arraiais.<\/p>\n<p style=\"text-align: justify\">Isaac Carvalho ressaltou a import\u00e2ncia da parceria da Prefeitura com a TV S\u00e3o Francisco e falou sobre a descentraliza\u00e7\u00e3o do S\u00e3o Jo\u00e3o. \u201cO projeto deu certo e foi um sucesso no primeiro ano, por isso vamos manter a parceria para que mais uma vez a popula\u00e7\u00e3o dos bairros tenha a oportunidade de se divertir e vivenciar as nossas tradi\u00e7\u00f5es culturais na pr\u00f3pria comunidade ou bem perto de onde mora. E vamos dar continuidade aos festejos com o projeto da Prefeitura montando arraiais em outras regi\u00f5es da sede e do interior\u201d.<\/p>\n<p style=\"text-align: justify\"><strong>Por Luiz H\u00e9lio\/ASCOM-PMJ<\/strong><\/p>\n","protected":false},"excerpt":{"rendered":"<p>O prefeito Isaac Carvalho, acompanhado do l\u00edder do governo na C\u00e2mara Municipal, vereador Cris\u00f3stomo Lima (Z\u00f3); e do diretor de Cultura do munic\u00edpio, M\u00e1rcio \u00c2ngelo, se reuniu quinta-feira (20), com o gerente executivo da TV S\u00e3o Francisco, Hilquias Barros, quando foi assinado o termo de parceria para a segunda edi\u00e7\u00e3o do projeto &#8220;S\u00e3o Jo\u00e3o dos Bairros&#8221;, iniciado em 2013 com grande sucesso. Durante quatro fins de semana a anima\u00e7\u00e3o junina tomou conta dos bairros Castelo Branco, Piranga, Jo\u00e3o Paulo II e Lagoa de Calu, quando mais de 15 mil pessoas entraram no arrasta-p\u00e9 sob o comando de forrozeiros e sanfoneiros da regi\u00e3o. Este ano tanto o formato quanto os locais permanecer\u00e3o os mesmos, \u00e0 exce\u00e7\u00e3o apenas do Castelo Branco, mudando&hellip; <\/p>\n","protected":false},"author":3,"featured_media":0,"comment_status":"open","ping_status":"open","sticky":false,"template":"","format":"standard","meta":{"_acf_changed":false,"footnotes":""},"categories":[10,3],"tags":[],"class_list":["post-76940","post","type-post","status-publish","format-standard","hentry","category-cultura","category-entretenimento"],"acf":[],"yoast_head":"<!-- This site is optimized with the Yoast SEO plugin v27.4 - https:\/\/yoast.com\/product\/yoast-seo-wordpress\/ -->\n<title>MUNIC\u00cdPIO E TV S\u00c3O FRANCISCO MANT\u00c9M PARCERIA PARA REALIZA\u00c7\u00c3O DO PROJETO \u201cS\u00c3O JO\u00c3O DOS BAIRROS\u201d - Blog do Farn\u00e9sio<\/title>\n<meta name=\"robots\" content=\"index, follow, max-snippet:-1, max-image-preview:large, max-video-preview:-1\" \/>\n<link rel=\"canonical\" href=\"https:\/\/blogdofarnesio.com.br\/?p=76940\" \/>\n<meta property=\"og:locale\" content=\"pt_BR\" \/>\n<meta property=\"og:type\" content=\"article\" \/>\n<meta property=\"og:title\" content=\"MUNIC\u00cdPIO E TV S\u00c3O FRANCISCO MANT\u00c9M PARCERIA PARA REALIZA\u00c7\u00c3O DO PROJETO \u201cS\u00c3O JO\u00c3O DOS BAIRROS\u201d - Blog do Farn\u00e9sio\" \/>\n<meta property=\"og:description\" content=\"O prefeito Isaac Carvalho, acompanhado do l\u00edder do governo na C\u00e2mara Municipal, vereador Cris\u00f3stomo Lima (Z\u00f3); e do diretor de Cultura do munic\u00edpio, M\u00e1rcio \u00c2ngelo, se reuniu quinta-feira (20), com o gerente executivo da TV S\u00e3o Francisco, Hilquias Barros, quando foi assinado o termo de parceria para a segunda edi\u00e7\u00e3o do projeto &#8220;S\u00e3o Jo\u00e3o dos Bairros&#8221;, iniciado em 2013 com grande sucesso. Durante quatro fins de semana a anima\u00e7\u00e3o junina tomou conta dos bairros Castelo Branco, Piranga, Jo\u00e3o Paulo II e Lagoa de Calu, quando mais de 15 mil pessoas entraram no arrasta-p\u00e9 sob o comando de forrozeiros e sanfoneiros da regi\u00e3o. Este ano tanto o formato quanto os locais permanecer\u00e3o os mesmos, \u00e0 exce\u00e7\u00e3o apenas do Castelo Branco, mudando&hellip;\" \/>\n<meta property=\"og:url\" content=\"https:\/\/blogdofarnesio.com.br\/?p=76940\" \/>\n<meta property=\"og:site_name\" content=\"Blog do Farn\u00e9sio\" \/>\n<meta property=\"article:publisher\" content=\"https:\/\/www.facebook.com\/BlogQuerSaberPolitica\/\" \/>\n<meta property=\"article:published_time\" content=\"2014-03-22T11:00:25+00:00\" \/>\n<meta name=\"author\" content=\"teste\" \/>\n<meta name=\"twitter:card\" content=\"summary_large_image\" \/>\n<meta name=\"twitter:label1\" content=\"Escrito por\" \/>\n\t<meta name=\"twitter:data1\" content=\"teste\" \/>\n\t<meta name=\"twitter:label2\" content=\"Est. tempo de leitura\" \/>\n\t<meta name=\"twitter:data2\" content=\"2 minutos\" \/>\n<script type=\"application\/ld+json\" class=\"yoast-schema-graph\">{\"@context\":\"https:\\\/\\\/schema.org\",\"@graph\":[{\"@type\":\"Article\",\"@id\":\"https:\\\/\\\/blogdofarnesio.com.br\\\/?p=76940#article\",\"isPartOf\":{\"@id\":\"https:\\\/\\\/blogdofarnesio.com.br\\\/?p=76940\"},\"author\":{\"name\":\"teste\",\"@id\":\"https:\\\/\\\/blogdofarnesio.com.br\\\/#\\\/schema\\\/person\\\/dd1bf5eba40b687199ba45ca6b97dff9\"},\"headline\":\"MUNIC\u00cdPIO E TV S\u00c3O FRANCISCO MANT\u00c9M PARCERIA PARA REALIZA\u00c7\u00c3O DO PROJETO \u201cS\u00c3O JO\u00c3O DOS BAIRROS\u201d\",\"datePublished\":\"2014-03-22T11:00:25+00:00\",\"mainEntityOfPage\":{\"@id\":\"https:\\\/\\\/blogdofarnesio.com.br\\\/?p=76940\"},\"wordCount\":426,\"commentCount\":0,\"publisher\":{\"@id\":\"https:\\\/\\\/blogdofarnesio.com.br\\\/#organization\"},\"articleSection\":[\"Cultura\",\"Entretenimento\"],\"inLanguage\":\"pt-BR\",\"potentialAction\":[{\"@type\":\"CommentAction\",\"name\":\"Comment\",\"target\":[\"https:\\\/\\\/blogdofarnesio.com.br\\\/?p=76940#respond\"]}]},{\"@type\":\"WebPage\",\"@id\":\"https:\\\/\\\/blogdofarnesio.com.br\\\/?p=76940\",\"url\":\"https:\\\/\\\/blogdofarnesio.com.br\\\/?p=76940\",\"name\":\"MUNIC\u00cdPIO E TV S\u00c3O FRANCISCO MANT\u00c9M PARCERIA PARA REALIZA\u00c7\u00c3O DO PROJETO \u201cS\u00c3O JO\u00c3O DOS BAIRROS\u201d - Blog do Farn\u00e9sio\",\"isPartOf\":{\"@id\":\"https:\\\/\\\/blogdofarnesio.com.br\\\/#website\"},\"datePublished\":\"2014-03-22T11:00:25+00:00\",\"breadcrumb\":{\"@id\":\"https:\\\/\\\/blogdofarnesio.com.br\\\/?p=76940#breadcrumb\"},\"inLanguage\":\"pt-BR\",\"potentialAction\":[{\"@type\":\"ReadAction\",\"target\":[\"https:\\\/\\\/blogdofarnesio.com.br\\\/?p=76940\"]}]},{\"@type\":\"BreadcrumbList\",\"@id\":\"https:\\\/\\\/blogdofarnesio.com.br\\\/?p=76940#breadcrumb\",\"itemListElement\":[{\"@type\":\"ListItem\",\"position\":1,\"name\":\"In\u00edcio\",\"item\":\"https:\\\/\\\/blogdofarnesio.com.br\\\/\"},{\"@type\":\"ListItem\",\"position\":2,\"name\":\"MUNIC\u00cdPIO E TV S\u00c3O FRANCISCO MANT\u00c9M PARCERIA PARA REALIZA\u00c7\u00c3O DO PROJETO \u201cS\u00c3O JO\u00c3O DOS BAIRROS\u201d\"}]},{\"@type\":\"WebSite\",\"@id\":\"https:\\\/\\\/blogdofarnesio.com.br\\\/#website\",\"url\":\"https:\\\/\\\/blogdofarnesio.com.br\\\/\",\"name\":\"Blog do Farn\u00e9sio\",\"description\":\"Quer Saber Pol\u00edtica?\",\"publisher\":{\"@id\":\"https:\\\/\\\/blogdofarnesio.com.br\\\/#organization\"},\"potentialAction\":[{\"@type\":\"SearchAction\",\"target\":{\"@type\":\"EntryPoint\",\"urlTemplate\":\"https:\\\/\\\/blogdofarnesio.com.br\\\/?s={search_term_string}\"},\"query-input\":{\"@type\":\"PropertyValueSpecification\",\"valueRequired\":true,\"valueName\":\"search_term_string\"}}],\"inLanguage\":\"pt-BR\"},{\"@type\":\"Organization\",\"@id\":\"https:\\\/\\\/blogdofarnesio.com.br\\\/#organization\",\"name\":\"Blog do Farn\u00e9sio\",\"url\":\"https:\\\/\\\/blogdofarnesio.com.br\\\/\",\"logo\":{\"@type\":\"ImageObject\",\"inLanguage\":\"pt-BR\",\"@id\":\"https:\\\/\\\/blogdofarnesio.com.br\\\/#\\\/schema\\\/logo\\\/image\\\/\",\"url\":\"https:\\\/\\\/blogdofarnesio.com.br\\\/wp-content\\\/uploads\\\/2026\\\/03\\\/cropped-logo_new-1.png\",\"contentUrl\":\"https:\\\/\\\/blogdofarnesio.com.br\\\/wp-content\\\/uploads\\\/2026\\\/03\\\/cropped-logo_new-1.png\",\"width\":881,\"height\":685,\"caption\":\"Blog do Farn\u00e9sio\"},\"image\":{\"@id\":\"https:\\\/\\\/blogdofarnesio.com.br\\\/#\\\/schema\\\/logo\\\/image\\\/\"},\"sameAs\":[\"https:\\\/\\\/www.facebook.com\\\/BlogQuerSaberPolitica\\\/\"]},{\"@type\":\"Person\",\"@id\":\"https:\\\/\\\/blogdofarnesio.com.br\\\/#\\\/schema\\\/person\\\/dd1bf5eba40b687199ba45ca6b97dff9\",\"name\":\"teste\",\"image\":{\"@type\":\"ImageObject\",\"inLanguage\":\"pt-BR\",\"@id\":\"https:\\\/\\\/secure.gravatar.com\\\/avatar\\\/2172498d4914b51e1d89a0f97957b035ac4938723a5cac208135d389b6972a6d?s=96&d=mm&r=g\",\"url\":\"https:\\\/\\\/secure.gravatar.com\\\/avatar\\\/2172498d4914b51e1d89a0f97957b035ac4938723a5cac208135d389b6972a6d?s=96&d=mm&r=g\",\"contentUrl\":\"https:\\\/\\\/secure.gravatar.com\\\/avatar\\\/2172498d4914b51e1d89a0f97957b035ac4938723a5cac208135d389b6972a6d?s=96&d=mm&r=g\",\"caption\":\"teste\"},\"url\":\"https:\\\/\\\/blogdofarnesio.com.br\\\/?author=3\"}]}<\/script>\n<!-- \/ Yoast SEO plugin. -->","yoast_head_json":{"title":"MUNIC\u00cdPIO E TV S\u00c3O FRANCISCO MANT\u00c9M PARCERIA PARA REALIZA\u00c7\u00c3O DO PROJETO \u201cS\u00c3O JO\u00c3O DOS BAIRROS\u201d - Blog do Farn\u00e9sio","robots":{"index":"index","follow":"follow","max-snippet":"max-snippet:-1","max-image-preview":"max-image-preview:large","max-video-preview":"max-video-preview:-1"},"canonical":"https:\/\/blogdofarnesio.com.br\/?p=76940","og_locale":"pt_BR","og_type":"article","og_title":"MUNIC\u00cdPIO E TV S\u00c3O FRANCISCO MANT\u00c9M PARCERIA PARA REALIZA\u00c7\u00c3O DO PROJETO \u201cS\u00c3O JO\u00c3O DOS BAIRROS\u201d - Blog do Farn\u00e9sio","og_description":"O prefeito Isaac Carvalho, acompanhado do l\u00edder do governo na C\u00e2mara Municipal, vereador Cris\u00f3stomo Lima (Z\u00f3); e do diretor de Cultura do munic\u00edpio, M\u00e1rcio \u00c2ngelo, se reuniu quinta-feira (20), com o gerente executivo da TV S\u00e3o Francisco, Hilquias Barros, quando foi assinado o termo de parceria para a segunda edi\u00e7\u00e3o do projeto &#8220;S\u00e3o Jo\u00e3o dos Bairros&#8221;, iniciado em 2013 com grande sucesso. Durante quatro fins de semana a anima\u00e7\u00e3o junina tomou conta dos bairros Castelo Branco, Piranga, Jo\u00e3o Paulo II e Lagoa de Calu, quando mais de 15 mil pessoas entraram no arrasta-p\u00e9 sob o comando de forrozeiros e sanfoneiros da regi\u00e3o. Este ano tanto o formato quanto os locais permanecer\u00e3o os mesmos, \u00e0 exce\u00e7\u00e3o apenas do Castelo Branco, mudando&hellip;","og_url":"https:\/\/blogdofarnesio.com.br\/?p=76940","og_site_name":"Blog do Farn\u00e9sio","article_publisher":"https:\/\/www.facebook.com\/BlogQuerSaberPolitica\/","article_published_time":"2014-03-22T11:00:25+00:00","author":"teste","twitter_card":"summary_large_image","twitter_misc":{"Escrito por":"teste","Est. tempo de leitura":"2 minutos"},"schema":{"@context":"https:\/\/schema.org","@graph":[{"@type":"Article","@id":"https:\/\/blogdofarnesio.com.br\/?p=76940#article","isPartOf":{"@id":"https:\/\/blogdofarnesio.com.br\/?p=76940"},"author":{"name":"teste","@id":"https:\/\/blogdofarnesio.com.br\/#\/schema\/person\/dd1bf5eba40b687199ba45ca6b97dff9"},"headline":"MUNIC\u00cdPIO E TV S\u00c3O FRANCISCO MANT\u00c9M PARCERIA PARA REALIZA\u00c7\u00c3O DO PROJETO \u201cS\u00c3O JO\u00c3O DOS BAIRROS\u201d","datePublished":"2014-03-22T11:00:25+00:00","mainEntityOfPage":{"@id":"https:\/\/blogdofarnesio.com.br\/?p=76940"},"wordCount":426,"commentCount":0,"publisher":{"@id":"https:\/\/blogdofarnesio.com.br\/#organization"},"articleSection":["Cultura","Entretenimento"],"inLanguage":"pt-BR","potentialAction":[{"@type":"CommentAction","name":"Comment","target":["https:\/\/blogdofarnesio.com.br\/?p=76940#respond"]}]},{"@type":"WebPage","@id":"https:\/\/blogdofarnesio.com.br\/?p=76940","url":"https:\/\/blogdofarnesio.com.br\/?p=76940","name":"MUNIC\u00cdPIO E TV S\u00c3O FRANCISCO MANT\u00c9M PARCERIA PARA REALIZA\u00c7\u00c3O DO PROJETO \u201cS\u00c3O JO\u00c3O DOS BAIRROS\u201d - Blog do Farn\u00e9sio","isPartOf":{"@id":"https:\/\/blogdofarnesio.com.br\/#website"},"datePublished":"2014-03-22T11:00:25+00:00","breadcrumb":{"@id":"https:\/\/blogdofarnesio.com.br\/?p=76940#breadcrumb"},"inLanguage":"pt-BR","potentialAction":[{"@type":"ReadAction","target":["https:\/\/blogdofarnesio.com.br\/?p=76940"]}]},{"@type":"BreadcrumbList","@id":"https:\/\/blogdofarnesio.com.br\/?p=76940#breadcrumb","itemListElement":[{"@type":"ListItem","position":1,"name":"In\u00edcio","item":"https:\/\/blogdofarnesio.com.br\/"},{"@type":"ListItem","position":2,"name":"MUNIC\u00cdPIO E TV S\u00c3O FRANCISCO MANT\u00c9M PARCERIA PARA REALIZA\u00c7\u00c3O DO PROJETO \u201cS\u00c3O JO\u00c3O DOS BAIRROS\u201d"}]},{"@type":"WebSite","@id":"https:\/\/blogdofarnesio.com.br\/#website","url":"https:\/\/blogdofarnesio.com.br\/","name":"Blog do Farn\u00e9sio","description":"Quer Saber Pol\u00edtica?","publisher":{"@id":"https:\/\/blogdofarnesio.com.br\/#organization"},"potentialAction":[{"@type":"SearchAction","target":{"@type":"EntryPoint","urlTemplate":"https:\/\/blogdofarnesio.com.br\/?s={search_term_string}"},"query-input":{"@type":"PropertyValueSpecification","valueRequired":true,"valueName":"search_term_string"}}],"inLanguage":"pt-BR"},{"@type":"Organization","@id":"https:\/\/blogdofarnesio.com.br\/#organization","name":"Blog do Farn\u00e9sio","url":"https:\/\/blogdofarnesio.com.br\/","logo":{"@type":"ImageObject","inLanguage":"pt-BR","@id":"https:\/\/blogdofarnesio.com.br\/#\/schema\/logo\/image\/","url":"https:\/\/blogdofarnesio.com.br\/wp-content\/uploads\/2026\/03\/cropped-logo_new-1.png","contentUrl":"https:\/\/blogdofarnesio.com.br\/wp-content\/uploads\/2026\/03\/cropped-logo_new-1.png","width":881,"height":685,"caption":"Blog do Farn\u00e9sio"},"image":{"@id":"https:\/\/blogdofarnesio.com.br\/#\/schema\/logo\/image\/"},"sameAs":["https:\/\/www.facebook.com\/BlogQuerSaberPolitica\/"]},{"@type":"Person","@id":"https:\/\/blogdofarnesio.com.br\/#\/schema\/person\/dd1bf5eba40b687199ba45ca6b97dff9","name":"teste","image":{"@type":"ImageObject","inLanguage":"pt-BR","@id":"https:\/\/secure.gravatar.com\/avatar\/2172498d4914b51e1d89a0f97957b035ac4938723a5cac208135d389b6972a6d?s=96&d=mm&r=g","url":"https:\/\/secure.gravatar.com\/avatar\/2172498d4914b51e1d89a0f97957b035ac4938723a5cac208135d389b6972a6d?s=96&d=mm&r=g","contentUrl":"https:\/\/secure.gravatar.com\/avatar\/2172498d4914b51e1d89a0f97957b035ac4938723a5cac208135d389b6972a6d?s=96&d=mm&r=g","caption":"teste"},"url":"https:\/\/blogdofarnesio.com.br\/?author=3"}]}},"_links":{"self":[{"href":"https:\/\/blogdofarnesio.com.br\/index.php?rest_route=\/wp\/v2\/posts\/76940","targetHints":{"allow":["GET"]}}],"collection":[{"href":"https:\/\/blogdofarnesio.com.br\/index.php?rest_route=\/wp\/v2\/posts"}],"about":[{"href":"https:\/\/blogdofarnesio.com.br\/index.php?rest_route=\/wp\/v2\/types\/post"}],"author":[{"embeddable":true,"href":"https:\/\/blogdofarnesio.com.br\/index.php?rest_route=\/wp\/v2\/users\/3"}],"replies":[{"embeddable":true,"href":"https:\/\/blogdofarnesio.com.br\/index.php?rest_route=%2Fwp%2Fv2%2Fcomments&post=76940"}],"version-history":[{"count":0,"href":"https:\/\/blogdofarnesio.com.br\/index.php?rest_route=\/wp\/v2\/posts\/76940\/revisions"}],"wp:attachment":[{"href":"https:\/\/blogdofarnesio.com.br\/index.php?rest_route=%2Fwp%2Fv2%2Fmedia&parent=76940"}],"wp:term":[{"taxonomy":"category","embeddable":true,"href":"https:\/\/blogdofarnesio.com.br\/index.php?rest_route=%2Fwp%2Fv2%2Fcategories&post=76940"},{"taxonomy":"post_tag","embeddable":true,"href":"https:\/\/blogdofarnesio.com.br\/index.php?rest_route=%2Fwp%2Fv2%2Ftags&post=76940"}],"curies":[{"name":"wp","href":"https:\/\/api.w.org\/{rel}","templated":true}]}}