{"id":76907,"date":"2014-03-22T10:30:43","date_gmt":"2014-03-22T13:30:43","guid":{"rendered":"http:\/\/www.quersaberpolitica.com.br\/?p=76907"},"modified":"2014-03-22T08:58:04","modified_gmt":"2014-03-22T11:58:04","slug":"prefeitura-e-cmdca-assinam-convenio-com-entidades-sociais-para-projetos-financiados-pela-fundacao-itau","status":"publish","type":"post","link":"https:\/\/blogdofarnesio.com.br\/?p=76907","title":{"rendered":"PREFEITURA E CMDCA ASSINAM CONV\u00caNIO COM ENTIDADES SOCIAIS PARA PROJETOS FINANCIADOS PELA FUNDA\u00c7\u00c3O ITA\u00da"},"content":{"rendered":"<p style=\"text-align: justify\"><a href=\"http:\/\/www.quersaberpolitica.com.br\/2016\/wp-content\/uploads\/2014\/03\/Assinatura-Conv\u00eanio-5.jpg\"><img loading=\"lazy\" decoding=\"async\" class=\"alignleft size-medium wp-image-76908\" alt=\"blogqspAssinaturaConv\u00eanio\" src=\"http:\/\/www.quersaberpolitica.com.br\/2016\/wp-content\/uploads\/2014\/03\/Assinatura-Conv\u00eanio-5-300x199.jpg\" width=\"300\" height=\"199\" srcset=\"https:\/\/blogdofarnesio.com.br\/wp-content\/uploads\/2014\/03\/Assinatura-Conv\u00eanio-5-300x199.jpg 300w, https:\/\/blogdofarnesio.com.br\/wp-content\/uploads\/2014\/03\/Assinatura-Conv\u00eanio-5.jpg 400w\" sizes=\"auto, (max-width: 300px) 100vw, 300px\" \/><\/a>O Prefeito Isaac Carvalho recebeu no Pa\u00e7o Municipal, lideran\u00e7as pol\u00edticas e comunit\u00e1rias para a assinatura de um conv\u00eanio firmado entre a Prefeitura de Juazeiro, o Conselho Municipal dos Direitos da Crian\u00e7a e do Adolescente (CMDCA) e entidades que atuam na Rede de Prote\u00e7\u00e3o \u00e0 Crian\u00e7a e ao Adolescente que tiveram projetos aprovados em edital da Funda\u00e7\u00e3o Ita\u00fa.<\/p>\n<p style=\"text-align: justify\">No total foram aprovados cinco projetos cujo recurso no valor de R$ 273 mil ser\u00e1 repassado atrav\u00e9s do Fundo Municipal da Crian\u00e7a e do Adolescente. Na Bahia apenas os munic\u00edpios de Juazeiro e de Cama\u00e7ari foram contemplados.\u00a0<!--more--><\/p>\n<p style=\"text-align: justify\">A presidente da Institui\u00e7\u00e3o Professora Cristina Braga, Maria do Socorro, elogiou o apoio recebido da Casa dos Conselhos, CMDCA e tamb\u00e9m agradeceu ao prefeito Isaac pelo trabalho realizado em prol das crian\u00e7as e adolescentes do munic\u00edpio. \u201cAgradecemos o conv\u00eanio ao Conselho e \u00e0 Casa dos Conselhos, pela grande parceria com as entidades. Gostaria ainda de, com muita honra, transmitir a todos que nestes 20 anos de luta contra as mazelas sociais n\u00f3s s\u00f3 fomos reconhecidos e tivemos visibilidade de fato durante a gest\u00e3o do prefeito Isaac Carvalho\u201d, ressaltou.<\/p>\n<p style=\"text-align: justify\">A entidade dirigida por Maria do Socorro teve aprovado um projeto de musicaliza\u00e7\u00e3o para 70 crian\u00e7as do bairro Alto do Alencar, cujo objetivo \u00e9 formar uma orquestra infantil. A Associa\u00e7\u00e3o Beneficente Vale da Vida (ABEVV) foi contemplada com o projeto na \u00e1rea esportiva que beneficiar\u00e1 150 crian\u00e7as e adolescentes com escolinhas de futebol no contra turno escolar em tr\u00eas n\u00facleos: Alto do Alencar; Jo\u00e3o Paulo II e Mani\u00e7oba.<\/p>\n<p style=\"text-align: justify\">O Movimento de Apoio Comunit\u00e1rio (MAC) a partir do recurso que receber\u00e1 do conv\u00eanio realizar\u00e1 o projeto \u201cLuz, C\u00e2mara, Teatro, A\u00e7\u00e3o\u201d para 300 crian\u00e7as e adolescentes do entorno do bairro Jo\u00e3o Paulo II. A presidente do CMDCA, Rozin\u00e9ia Oliveira, comemorou o conv\u00eanio. \u201cConseguimos a aprova\u00e7\u00e3o dos projetos em tempo h\u00e1bil e esse recurso fortalecer\u00e1 ainda mais o trabalho das entidades. Agora o Conselho acompanhar\u00e1 todo o processo de execu\u00e7\u00e3o para que as a\u00e7\u00f5es possam de fato contribuir para a garantia dos direitos das nossas crian\u00e7as e adolescentes\u201d, frisou.<\/p>\n<p style=\"text-align: justify\">Nos \u00faltimos cinco anos Juazeiro n\u00e3o s\u00f3 avan\u00e7ou como se tornou refer\u00eancia na aplica\u00e7\u00e3o de pol\u00edticas p\u00fablicas voltadas para a melhoria da qualidade de vida das crian\u00e7as e adolescentes. A\u00e7\u00f5es como redu\u00e7\u00e3o da mortalidade infantil, a Maternidade, o Hospital da Crian\u00e7a, as creches, as escolas climatizadas, entre muitas outras, receberam o reconhecimento de institui\u00e7\u00f5es como a Funda\u00e7\u00e3o Abrinq e o Unicef atrav\u00e9s dos pr\u00eamios Prefeito Amigo da Crian\u00e7a e Selo Unicef Munic\u00edpio Aprovado.<\/p>\n<p style=\"text-align: justify\">Ap\u00f3s a assinatura do conv\u00eanio o prefeito Isaac parabenizou as entidades e destacou os avan\u00e7os na \u00e1rea social, especialmente nas pol\u00edticas voltadas para o p\u00fablico infanto-juvenil. \u201cAntes desta gest\u00e3o as institui\u00e7\u00f5es viviam apelando por apoio do poder p\u00fablico e n\u00e3o encontravam eco em a\u00e7\u00f5es efetivas. Mas no nosso governo abra\u00e7amos todas e vamos continuar dando toda a visibilidade que elas merecem.<\/p>\n<p style=\"text-align: justify\">Para Isaac, a solenidade tamb\u00e9m teve o objetivo mostrar \u00e0 sociedade a import\u00e2ncia de todas essas entidades que formam a rede de prote\u00e7\u00e3o. \u201cPara que possamos continuar avan\u00e7ando cada vez mais \u00e9 preciso que o poder p\u00fablico, as entidades e toda a sociedade atuem em conjunto em prol da melhoria de vida das nossas crian\u00e7as e adolescentes\u201d, concluiu.<\/p>\n<p><strong>Por Luiz H\u00e9lio\/ASCOM-PMJ<\/strong><\/p>\n","protected":false},"excerpt":{"rendered":"<p>O Prefeito Isaac Carvalho recebeu no Pa\u00e7o Municipal, lideran\u00e7as pol\u00edticas e comunit\u00e1rias para a assinatura de um conv\u00eanio firmado entre a Prefeitura de Juazeiro, o Conselho Municipal dos Direitos da Crian\u00e7a e do Adolescente (CMDCA) e entidades que atuam na Rede de Prote\u00e7\u00e3o \u00e0 Crian\u00e7a e ao Adolescente que tiveram projetos aprovados em edital da Funda\u00e7\u00e3o Ita\u00fa. No total foram aprovados cinco projetos cujo recurso no valor de R$ 273 mil ser\u00e1 repassado atrav\u00e9s do Fundo Municipal da Crian\u00e7a e do Adolescente. Na Bahia apenas os munic\u00edpios de Juazeiro e de Cama\u00e7ari foram contemplados.\u00a0<\/p>\n","protected":false},"author":3,"featured_media":0,"comment_status":"open","ping_status":"open","sticky":false,"template":"","format":"standard","meta":{"_acf_changed":false,"footnotes":""},"categories":[1],"tags":[],"class_list":["post-76907","post","type-post","status-publish","format-standard","hentry","category-politica"],"acf":[],"yoast_head":"<!-- This site is optimized with the Yoast SEO plugin v27.4 - https:\/\/yoast.com\/product\/yoast-seo-wordpress\/ -->\n<title>PREFEITURA E CMDCA ASSINAM CONV\u00caNIO COM ENTIDADES SOCIAIS PARA PROJETOS FINANCIADOS PELA FUNDA\u00c7\u00c3O ITA\u00da - Blog do Farn\u00e9sio<\/title>\n<meta name=\"robots\" content=\"index, follow, max-snippet:-1, max-image-preview:large, max-video-preview:-1\" \/>\n<link rel=\"canonical\" href=\"https:\/\/blogdofarnesio.com.br\/?p=76907\" \/>\n<meta property=\"og:locale\" content=\"pt_BR\" \/>\n<meta property=\"og:type\" content=\"article\" \/>\n<meta property=\"og:title\" content=\"PREFEITURA E CMDCA ASSINAM CONV\u00caNIO COM ENTIDADES SOCIAIS PARA PROJETOS FINANCIADOS PELA FUNDA\u00c7\u00c3O ITA\u00da - Blog do Farn\u00e9sio\" \/>\n<meta property=\"og:description\" content=\"O Prefeito Isaac Carvalho recebeu no Pa\u00e7o Municipal, lideran\u00e7as pol\u00edticas e comunit\u00e1rias para a assinatura de um conv\u00eanio firmado entre a Prefeitura de Juazeiro, o Conselho Municipal dos Direitos da Crian\u00e7a e do Adolescente (CMDCA) e entidades que atuam na Rede de Prote\u00e7\u00e3o \u00e0 Crian\u00e7a e ao Adolescente que tiveram projetos aprovados em edital da Funda\u00e7\u00e3o Ita\u00fa. No total foram aprovados cinco projetos cujo recurso no valor de R$ 273 mil ser\u00e1 repassado atrav\u00e9s do Fundo Municipal da Crian\u00e7a e do Adolescente. Na Bahia apenas os munic\u00edpios de Juazeiro e de Cama\u00e7ari foram contemplados.\u00a0\" \/>\n<meta property=\"og:url\" content=\"https:\/\/blogdofarnesio.com.br\/?p=76907\" \/>\n<meta property=\"og:site_name\" content=\"Blog do Farn\u00e9sio\" \/>\n<meta property=\"article:publisher\" content=\"https:\/\/www.facebook.com\/BlogQuerSaberPolitica\/\" \/>\n<meta property=\"article:published_time\" content=\"2014-03-22T13:30:43+00:00\" \/>\n<meta name=\"author\" content=\"teste\" \/>\n<meta name=\"twitter:card\" content=\"summary_large_image\" \/>\n<meta name=\"twitter:label1\" content=\"Escrito por\" \/>\n\t<meta name=\"twitter:data1\" content=\"teste\" \/>\n\t<meta name=\"twitter:label2\" content=\"Est. tempo de leitura\" \/>\n\t<meta name=\"twitter:data2\" content=\"3 minutos\" \/>\n<script type=\"application\/ld+json\" class=\"yoast-schema-graph\">{\"@context\":\"https:\\\/\\\/schema.org\",\"@graph\":[{\"@type\":\"Article\",\"@id\":\"https:\\\/\\\/blogdofarnesio.com.br\\\/?p=76907#article\",\"isPartOf\":{\"@id\":\"https:\\\/\\\/blogdofarnesio.com.br\\\/?p=76907\"},\"author\":{\"name\":\"teste\",\"@id\":\"https:\\\/\\\/blogdofarnesio.com.br\\\/#\\\/schema\\\/person\\\/dd1bf5eba40b687199ba45ca6b97dff9\"},\"headline\":\"PREFEITURA E CMDCA ASSINAM CONV\u00caNIO COM ENTIDADES SOCIAIS PARA PROJETOS FINANCIADOS PELA FUNDA\u00c7\u00c3O ITA\u00da\",\"datePublished\":\"2014-03-22T13:30:43+00:00\",\"mainEntityOfPage\":{\"@id\":\"https:\\\/\\\/blogdofarnesio.com.br\\\/?p=76907\"},\"wordCount\":615,\"commentCount\":0,\"publisher\":{\"@id\":\"https:\\\/\\\/blogdofarnesio.com.br\\\/#organization\"},\"articleSection\":[\"Pol\u00edtica\"],\"inLanguage\":\"pt-BR\",\"potentialAction\":[{\"@type\":\"CommentAction\",\"name\":\"Comment\",\"target\":[\"https:\\\/\\\/blogdofarnesio.com.br\\\/?p=76907#respond\"]}]},{\"@type\":\"WebPage\",\"@id\":\"https:\\\/\\\/blogdofarnesio.com.br\\\/?p=76907\",\"url\":\"https:\\\/\\\/blogdofarnesio.com.br\\\/?p=76907\",\"name\":\"PREFEITURA E CMDCA ASSINAM CONV\u00caNIO COM ENTIDADES SOCIAIS PARA PROJETOS FINANCIADOS PELA FUNDA\u00c7\u00c3O ITA\u00da - Blog do Farn\u00e9sio\",\"isPartOf\":{\"@id\":\"https:\\\/\\\/blogdofarnesio.com.br\\\/#website\"},\"datePublished\":\"2014-03-22T13:30:43+00:00\",\"breadcrumb\":{\"@id\":\"https:\\\/\\\/blogdofarnesio.com.br\\\/?p=76907#breadcrumb\"},\"inLanguage\":\"pt-BR\",\"potentialAction\":[{\"@type\":\"ReadAction\",\"target\":[\"https:\\\/\\\/blogdofarnesio.com.br\\\/?p=76907\"]}]},{\"@type\":\"BreadcrumbList\",\"@id\":\"https:\\\/\\\/blogdofarnesio.com.br\\\/?p=76907#breadcrumb\",\"itemListElement\":[{\"@type\":\"ListItem\",\"position\":1,\"name\":\"In\u00edcio\",\"item\":\"https:\\\/\\\/blogdofarnesio.com.br\\\/\"},{\"@type\":\"ListItem\",\"position\":2,\"name\":\"PREFEITURA E CMDCA ASSINAM CONV\u00caNIO COM ENTIDADES SOCIAIS PARA PROJETOS FINANCIADOS PELA FUNDA\u00c7\u00c3O ITA\u00da\"}]},{\"@type\":\"WebSite\",\"@id\":\"https:\\\/\\\/blogdofarnesio.com.br\\\/#website\",\"url\":\"https:\\\/\\\/blogdofarnesio.com.br\\\/\",\"name\":\"Blog do Farn\u00e9sio\",\"description\":\"Quer Saber Pol\u00edtica?\",\"publisher\":{\"@id\":\"https:\\\/\\\/blogdofarnesio.com.br\\\/#organization\"},\"potentialAction\":[{\"@type\":\"SearchAction\",\"target\":{\"@type\":\"EntryPoint\",\"urlTemplate\":\"https:\\\/\\\/blogdofarnesio.com.br\\\/?s={search_term_string}\"},\"query-input\":{\"@type\":\"PropertyValueSpecification\",\"valueRequired\":true,\"valueName\":\"search_term_string\"}}],\"inLanguage\":\"pt-BR\"},{\"@type\":\"Organization\",\"@id\":\"https:\\\/\\\/blogdofarnesio.com.br\\\/#organization\",\"name\":\"Blog do Farn\u00e9sio\",\"url\":\"https:\\\/\\\/blogdofarnesio.com.br\\\/\",\"logo\":{\"@type\":\"ImageObject\",\"inLanguage\":\"pt-BR\",\"@id\":\"https:\\\/\\\/blogdofarnesio.com.br\\\/#\\\/schema\\\/logo\\\/image\\\/\",\"url\":\"https:\\\/\\\/blogdofarnesio.com.br\\\/wp-content\\\/uploads\\\/2026\\\/03\\\/cropped-logo_new-1.png\",\"contentUrl\":\"https:\\\/\\\/blogdofarnesio.com.br\\\/wp-content\\\/uploads\\\/2026\\\/03\\\/cropped-logo_new-1.png\",\"width\":881,\"height\":685,\"caption\":\"Blog do Farn\u00e9sio\"},\"image\":{\"@id\":\"https:\\\/\\\/blogdofarnesio.com.br\\\/#\\\/schema\\\/logo\\\/image\\\/\"},\"sameAs\":[\"https:\\\/\\\/www.facebook.com\\\/BlogQuerSaberPolitica\\\/\"]},{\"@type\":\"Person\",\"@id\":\"https:\\\/\\\/blogdofarnesio.com.br\\\/#\\\/schema\\\/person\\\/dd1bf5eba40b687199ba45ca6b97dff9\",\"name\":\"teste\",\"image\":{\"@type\":\"ImageObject\",\"inLanguage\":\"pt-BR\",\"@id\":\"https:\\\/\\\/secure.gravatar.com\\\/avatar\\\/2172498d4914b51e1d89a0f97957b035ac4938723a5cac208135d389b6972a6d?s=96&d=mm&r=g\",\"url\":\"https:\\\/\\\/secure.gravatar.com\\\/avatar\\\/2172498d4914b51e1d89a0f97957b035ac4938723a5cac208135d389b6972a6d?s=96&d=mm&r=g\",\"contentUrl\":\"https:\\\/\\\/secure.gravatar.com\\\/avatar\\\/2172498d4914b51e1d89a0f97957b035ac4938723a5cac208135d389b6972a6d?s=96&d=mm&r=g\",\"caption\":\"teste\"},\"url\":\"https:\\\/\\\/blogdofarnesio.com.br\\\/?author=3\"}]}<\/script>\n<!-- \/ Yoast SEO plugin. -->","yoast_head_json":{"title":"PREFEITURA E CMDCA ASSINAM CONV\u00caNIO COM ENTIDADES SOCIAIS PARA PROJETOS FINANCIADOS PELA FUNDA\u00c7\u00c3O ITA\u00da - Blog do Farn\u00e9sio","robots":{"index":"index","follow":"follow","max-snippet":"max-snippet:-1","max-image-preview":"max-image-preview:large","max-video-preview":"max-video-preview:-1"},"canonical":"https:\/\/blogdofarnesio.com.br\/?p=76907","og_locale":"pt_BR","og_type":"article","og_title":"PREFEITURA E CMDCA ASSINAM CONV\u00caNIO COM ENTIDADES SOCIAIS PARA PROJETOS FINANCIADOS PELA FUNDA\u00c7\u00c3O ITA\u00da - Blog do Farn\u00e9sio","og_description":"O Prefeito Isaac Carvalho recebeu no Pa\u00e7o Municipal, lideran\u00e7as pol\u00edticas e comunit\u00e1rias para a assinatura de um conv\u00eanio firmado entre a Prefeitura de Juazeiro, o Conselho Municipal dos Direitos da Crian\u00e7a e do Adolescente (CMDCA) e entidades que atuam na Rede de Prote\u00e7\u00e3o \u00e0 Crian\u00e7a e ao Adolescente que tiveram projetos aprovados em edital da Funda\u00e7\u00e3o Ita\u00fa. No total foram aprovados cinco projetos cujo recurso no valor de R$ 273 mil ser\u00e1 repassado atrav\u00e9s do Fundo Municipal da Crian\u00e7a e do Adolescente. Na Bahia apenas os munic\u00edpios de Juazeiro e de Cama\u00e7ari foram contemplados.\u00a0","og_url":"https:\/\/blogdofarnesio.com.br\/?p=76907","og_site_name":"Blog do Farn\u00e9sio","article_publisher":"https:\/\/www.facebook.com\/BlogQuerSaberPolitica\/","article_published_time":"2014-03-22T13:30:43+00:00","author":"teste","twitter_card":"summary_large_image","twitter_misc":{"Escrito por":"teste","Est. tempo de leitura":"3 minutos"},"schema":{"@context":"https:\/\/schema.org","@graph":[{"@type":"Article","@id":"https:\/\/blogdofarnesio.com.br\/?p=76907#article","isPartOf":{"@id":"https:\/\/blogdofarnesio.com.br\/?p=76907"},"author":{"name":"teste","@id":"https:\/\/blogdofarnesio.com.br\/#\/schema\/person\/dd1bf5eba40b687199ba45ca6b97dff9"},"headline":"PREFEITURA E CMDCA ASSINAM CONV\u00caNIO COM ENTIDADES SOCIAIS PARA PROJETOS FINANCIADOS PELA FUNDA\u00c7\u00c3O ITA\u00da","datePublished":"2014-03-22T13:30:43+00:00","mainEntityOfPage":{"@id":"https:\/\/blogdofarnesio.com.br\/?p=76907"},"wordCount":615,"commentCount":0,"publisher":{"@id":"https:\/\/blogdofarnesio.com.br\/#organization"},"articleSection":["Pol\u00edtica"],"inLanguage":"pt-BR","potentialAction":[{"@type":"CommentAction","name":"Comment","target":["https:\/\/blogdofarnesio.com.br\/?p=76907#respond"]}]},{"@type":"WebPage","@id":"https:\/\/blogdofarnesio.com.br\/?p=76907","url":"https:\/\/blogdofarnesio.com.br\/?p=76907","name":"PREFEITURA E CMDCA ASSINAM CONV\u00caNIO COM ENTIDADES SOCIAIS PARA PROJETOS FINANCIADOS PELA FUNDA\u00c7\u00c3O ITA\u00da - Blog do Farn\u00e9sio","isPartOf":{"@id":"https:\/\/blogdofarnesio.com.br\/#website"},"datePublished":"2014-03-22T13:30:43+00:00","breadcrumb":{"@id":"https:\/\/blogdofarnesio.com.br\/?p=76907#breadcrumb"},"inLanguage":"pt-BR","potentialAction":[{"@type":"ReadAction","target":["https:\/\/blogdofarnesio.com.br\/?p=76907"]}]},{"@type":"BreadcrumbList","@id":"https:\/\/blogdofarnesio.com.br\/?p=76907#breadcrumb","itemListElement":[{"@type":"ListItem","position":1,"name":"In\u00edcio","item":"https:\/\/blogdofarnesio.com.br\/"},{"@type":"ListItem","position":2,"name":"PREFEITURA E CMDCA ASSINAM CONV\u00caNIO COM ENTIDADES SOCIAIS PARA PROJETOS FINANCIADOS PELA FUNDA\u00c7\u00c3O ITA\u00da"}]},{"@type":"WebSite","@id":"https:\/\/blogdofarnesio.com.br\/#website","url":"https:\/\/blogdofarnesio.com.br\/","name":"Blog do Farn\u00e9sio","description":"Quer Saber Pol\u00edtica?","publisher":{"@id":"https:\/\/blogdofarnesio.com.br\/#organization"},"potentialAction":[{"@type":"SearchAction","target":{"@type":"EntryPoint","urlTemplate":"https:\/\/blogdofarnesio.com.br\/?s={search_term_string}"},"query-input":{"@type":"PropertyValueSpecification","valueRequired":true,"valueName":"search_term_string"}}],"inLanguage":"pt-BR"},{"@type":"Organization","@id":"https:\/\/blogdofarnesio.com.br\/#organization","name":"Blog do Farn\u00e9sio","url":"https:\/\/blogdofarnesio.com.br\/","logo":{"@type":"ImageObject","inLanguage":"pt-BR","@id":"https:\/\/blogdofarnesio.com.br\/#\/schema\/logo\/image\/","url":"https:\/\/blogdofarnesio.com.br\/wp-content\/uploads\/2026\/03\/cropped-logo_new-1.png","contentUrl":"https:\/\/blogdofarnesio.com.br\/wp-content\/uploads\/2026\/03\/cropped-logo_new-1.png","width":881,"height":685,"caption":"Blog do Farn\u00e9sio"},"image":{"@id":"https:\/\/blogdofarnesio.com.br\/#\/schema\/logo\/image\/"},"sameAs":["https:\/\/www.facebook.com\/BlogQuerSaberPolitica\/"]},{"@type":"Person","@id":"https:\/\/blogdofarnesio.com.br\/#\/schema\/person\/dd1bf5eba40b687199ba45ca6b97dff9","name":"teste","image":{"@type":"ImageObject","inLanguage":"pt-BR","@id":"https:\/\/secure.gravatar.com\/avatar\/2172498d4914b51e1d89a0f97957b035ac4938723a5cac208135d389b6972a6d?s=96&d=mm&r=g","url":"https:\/\/secure.gravatar.com\/avatar\/2172498d4914b51e1d89a0f97957b035ac4938723a5cac208135d389b6972a6d?s=96&d=mm&r=g","contentUrl":"https:\/\/secure.gravatar.com\/avatar\/2172498d4914b51e1d89a0f97957b035ac4938723a5cac208135d389b6972a6d?s=96&d=mm&r=g","caption":"teste"},"url":"https:\/\/blogdofarnesio.com.br\/?author=3"}]}},"_links":{"self":[{"href":"https:\/\/blogdofarnesio.com.br\/index.php?rest_route=\/wp\/v2\/posts\/76907","targetHints":{"allow":["GET"]}}],"collection":[{"href":"https:\/\/blogdofarnesio.com.br\/index.php?rest_route=\/wp\/v2\/posts"}],"about":[{"href":"https:\/\/blogdofarnesio.com.br\/index.php?rest_route=\/wp\/v2\/types\/post"}],"author":[{"embeddable":true,"href":"https:\/\/blogdofarnesio.com.br\/index.php?rest_route=\/wp\/v2\/users\/3"}],"replies":[{"embeddable":true,"href":"https:\/\/blogdofarnesio.com.br\/index.php?rest_route=%2Fwp%2Fv2%2Fcomments&post=76907"}],"version-history":[{"count":0,"href":"https:\/\/blogdofarnesio.com.br\/index.php?rest_route=\/wp\/v2\/posts\/76907\/revisions"}],"wp:attachment":[{"href":"https:\/\/blogdofarnesio.com.br\/index.php?rest_route=%2Fwp%2Fv2%2Fmedia&parent=76907"}],"wp:term":[{"taxonomy":"category","embeddable":true,"href":"https:\/\/blogdofarnesio.com.br\/index.php?rest_route=%2Fwp%2Fv2%2Fcategories&post=76907"},{"taxonomy":"post_tag","embeddable":true,"href":"https:\/\/blogdofarnesio.com.br\/index.php?rest_route=%2Fwp%2Fv2%2Ftags&post=76907"}],"curies":[{"name":"wp","href":"https:\/\/api.w.org\/{rel}","templated":true}]}}