{"id":76733,"date":"2014-03-22T07:03:05","date_gmt":"2014-03-22T10:03:05","guid":{"rendered":"http:\/\/www.quersaberpolitica.com.br\/?p=76733"},"modified":"2014-03-20T09:13:33","modified_gmt":"2014-03-20T12:13:33","slug":"secretaria-de-saude-de-petrolina-realiza-mutirao-do-cartao-sus-em-rajada","status":"publish","type":"post","link":"https:\/\/blogdofarnesio.com.br\/?p=76733","title":{"rendered":"SECRETARIA DE SA\u00daDE DE PETROLINA REALIZA MUTIR\u00c3O DO CART\u00c3O SUS EM RAJADA"},"content":{"rendered":"<p style=\"text-align: justify\"><a href=\"http:\/\/www.quersaberpolitica.com.br\/2016\/wp-content\/uploads\/2014\/03\/DSC08511.jpg\"><img loading=\"lazy\" decoding=\"async\" class=\"alignleft size-medium wp-image-76734\" alt=\"BLOGQSPSAUDE\" src=\"http:\/\/www.quersaberpolitica.com.br\/2016\/wp-content\/uploads\/2014\/03\/DSC08511-300x225.jpg\" width=\"300\" height=\"225\" srcset=\"https:\/\/blogdofarnesio.com.br\/wp-content\/uploads\/2014\/03\/DSC08511-300x225.jpg 300w, https:\/\/blogdofarnesio.com.br\/wp-content\/uploads\/2014\/03\/DSC08511.jpg 400w\" sizes=\"auto, (max-width: 300px) 100vw, 300px\" \/><\/a>Acontecer\u00e1 na manh\u00e3 deste s\u00e1bado, 22, no Distrito de Rajada, o primeiro grande mutir\u00e3o para confec\u00e7\u00e3o do Cart\u00e3o SUS em Petrolina. A a\u00e7\u00e3o, que visa levar mais comodidade, agilidade e conforto para aquela comunidade, \u00e9 desenvolvida pela Secretaria Municipal de Sa\u00fade de Petrolina (SMS) e atender\u00e1 a todos os comunit\u00e1rios do distrito.<\/p>\n<p style=\"text-align: justify\">A partir das 8h e seguindo ate \u00e0s 13h, dez profissionais e t\u00e9cnicos da Secretaria de Sa\u00fade estar\u00e3o em um stand de confec\u00e7\u00e3o dos cart\u00f5es na sede do Sedest, ao lado das novas instala\u00e7\u00f5es da AME-Sa\u00fade da Fam\u00edlia em Rajada. A meta da SMS \u00e9 atender a todos de modo que cada usu\u00e1rio SUS possa sair com seu Cart\u00e3o SUS em m\u00e3os.<!--more--><\/p>\n<p style=\"text-align: justify\">O cart\u00e3o SUS \u00e9 de uso obrigat\u00f3rio nos agendamentos de consultas e outros procedimentos que atendem a rede p\u00fablica de sa\u00fade, aqueles usu\u00e1rios que buscam os servi\u00e7os de sa\u00fade devem estar atentos na hora de realizar suas marca\u00e7\u00f5es ou outras solicita\u00e7\u00f5es de servi\u00e7os.<\/p>\n<p style=\"text-align: justify\">Para confec\u00e7\u00e3o do cart\u00e3o basta que o usu\u00e1rio leve Carteira de Identidade (CI), Cadastro de Pessoa F\u00edsica (CPF) e comprovante de resid\u00eancia, para os menores de 18 anos o pai ou respons\u00e1vel deve apresentar a original da Certid\u00e3o de nascimento do menor, todos os documentos devem ser originais. \u00a0A confec\u00e7\u00e3o \u00e9 r\u00e1pida e o usu\u00e1rio j\u00e1 sai com o seu cart\u00e3o em 5 minutos.<\/p>\n<p style=\"text-align: justify\"><strong>\u00a0Aurilio Marcos- ASCOM<\/strong><\/p>\n","protected":false},"excerpt":{"rendered":"<p>Acontecer\u00e1 na manh\u00e3 deste s\u00e1bado, 22, no Distrito de Rajada, o primeiro grande mutir\u00e3o para confec\u00e7\u00e3o do Cart\u00e3o SUS em Petrolina. A a\u00e7\u00e3o, que visa levar mais comodidade, agilidade e conforto para aquela comunidade, \u00e9 desenvolvida pela Secretaria Municipal de Sa\u00fade de Petrolina (SMS) e atender\u00e1 a todos os comunit\u00e1rios do distrito. A partir das 8h e seguindo ate \u00e0s 13h, dez profissionais e t\u00e9cnicos da Secretaria de Sa\u00fade estar\u00e3o em um stand de confec\u00e7\u00e3o dos cart\u00f5es na sede do Sedest, ao lado das novas instala\u00e7\u00f5es da AME-Sa\u00fade da Fam\u00edlia em Rajada. A meta da SMS \u00e9 atender a todos de modo que cada usu\u00e1rio SUS possa sair com seu Cart\u00e3o SUS em m\u00e3os.<\/p>\n","protected":false},"author":3,"featured_media":0,"comment_status":"open","ping_status":"open","sticky":false,"template":"","format":"standard","meta":{"_acf_changed":false,"footnotes":""},"categories":[4],"tags":[],"class_list":["post-76733","post","type-post","status-publish","format-standard","hentry","category-saude"],"acf":[],"yoast_head":"<!-- This site is optimized with the Yoast SEO plugin v27.4 - https:\/\/yoast.com\/product\/yoast-seo-wordpress\/ -->\n<title>SECRETARIA DE SA\u00daDE DE PETROLINA REALIZA MUTIR\u00c3O DO CART\u00c3O SUS EM RAJADA - Blog do Farn\u00e9sio<\/title>\n<meta name=\"robots\" content=\"index, follow, max-snippet:-1, max-image-preview:large, max-video-preview:-1\" \/>\n<link rel=\"canonical\" href=\"https:\/\/blogdofarnesio.com.br\/?p=76733\" \/>\n<meta property=\"og:locale\" content=\"pt_BR\" \/>\n<meta property=\"og:type\" content=\"article\" \/>\n<meta property=\"og:title\" content=\"SECRETARIA DE SA\u00daDE DE PETROLINA REALIZA MUTIR\u00c3O DO CART\u00c3O SUS EM RAJADA - Blog do Farn\u00e9sio\" \/>\n<meta property=\"og:description\" content=\"Acontecer\u00e1 na manh\u00e3 deste s\u00e1bado, 22, no Distrito de Rajada, o primeiro grande mutir\u00e3o para confec\u00e7\u00e3o do Cart\u00e3o SUS em Petrolina. A a\u00e7\u00e3o, que visa levar mais comodidade, agilidade e conforto para aquela comunidade, \u00e9 desenvolvida pela Secretaria Municipal de Sa\u00fade de Petrolina (SMS) e atender\u00e1 a todos os comunit\u00e1rios do distrito. A partir das 8h e seguindo ate \u00e0s 13h, dez profissionais e t\u00e9cnicos da Secretaria de Sa\u00fade estar\u00e3o em um stand de confec\u00e7\u00e3o dos cart\u00f5es na sede do Sedest, ao lado das novas instala\u00e7\u00f5es da AME-Sa\u00fade da Fam\u00edlia em Rajada. A meta da SMS \u00e9 atender a todos de modo que cada usu\u00e1rio SUS possa sair com seu Cart\u00e3o SUS em m\u00e3os.\" \/>\n<meta property=\"og:url\" content=\"https:\/\/blogdofarnesio.com.br\/?p=76733\" \/>\n<meta property=\"og:site_name\" content=\"Blog do Farn\u00e9sio\" \/>\n<meta property=\"article:publisher\" content=\"https:\/\/www.facebook.com\/BlogQuerSaberPolitica\/\" \/>\n<meta property=\"article:published_time\" content=\"2014-03-22T10:03:05+00:00\" \/>\n<meta property=\"og:image\" content=\"http:\/\/www.quersaberpolitica.com.br\/2016\/wp-content\/uploads\/2014\/03\/DSC08511-300x225.jpg\" \/>\n<meta name=\"author\" content=\"teste\" \/>\n<meta name=\"twitter:card\" content=\"summary_large_image\" \/>\n<meta name=\"twitter:label1\" content=\"Escrito por\" \/>\n\t<meta name=\"twitter:data1\" content=\"teste\" \/>\n\t<meta name=\"twitter:label2\" content=\"Est. tempo de leitura\" \/>\n\t<meta name=\"twitter:data2\" content=\"1 minuto\" \/>\n<script type=\"application\/ld+json\" class=\"yoast-schema-graph\">{\"@context\":\"https:\\\/\\\/schema.org\",\"@graph\":[{\"@type\":\"Article\",\"@id\":\"https:\\\/\\\/blogdofarnesio.com.br\\\/?p=76733#article\",\"isPartOf\":{\"@id\":\"https:\\\/\\\/blogdofarnesio.com.br\\\/?p=76733\"},\"author\":{\"name\":\"teste\",\"@id\":\"https:\\\/\\\/blogdofarnesio.com.br\\\/#\\\/schema\\\/person\\\/dd1bf5eba40b687199ba45ca6b97dff9\"},\"headline\":\"SECRETARIA DE SA\u00daDE DE PETROLINA REALIZA MUTIR\u00c3O DO CART\u00c3O SUS EM RAJADA\",\"datePublished\":\"2014-03-22T10:03:05+00:00\",\"mainEntityOfPage\":{\"@id\":\"https:\\\/\\\/blogdofarnesio.com.br\\\/?p=76733\"},\"wordCount\":271,\"commentCount\":0,\"publisher\":{\"@id\":\"https:\\\/\\\/blogdofarnesio.com.br\\\/#organization\"},\"image\":{\"@id\":\"https:\\\/\\\/blogdofarnesio.com.br\\\/?p=76733#primaryimage\"},\"thumbnailUrl\":\"http:\\\/\\\/www.quersaberpolitica.com.br\\\/2016\\\/wp-content\\\/uploads\\\/2014\\\/03\\\/DSC08511-300x225.jpg\",\"articleSection\":[\"Sa\u00fade\"],\"inLanguage\":\"pt-BR\",\"potentialAction\":[{\"@type\":\"CommentAction\",\"name\":\"Comment\",\"target\":[\"https:\\\/\\\/blogdofarnesio.com.br\\\/?p=76733#respond\"]}]},{\"@type\":\"WebPage\",\"@id\":\"https:\\\/\\\/blogdofarnesio.com.br\\\/?p=76733\",\"url\":\"https:\\\/\\\/blogdofarnesio.com.br\\\/?p=76733\",\"name\":\"SECRETARIA DE SA\u00daDE DE PETROLINA REALIZA MUTIR\u00c3O DO CART\u00c3O SUS EM RAJADA - Blog do Farn\u00e9sio\",\"isPartOf\":{\"@id\":\"https:\\\/\\\/blogdofarnesio.com.br\\\/#website\"},\"primaryImageOfPage\":{\"@id\":\"https:\\\/\\\/blogdofarnesio.com.br\\\/?p=76733#primaryimage\"},\"image\":{\"@id\":\"https:\\\/\\\/blogdofarnesio.com.br\\\/?p=76733#primaryimage\"},\"thumbnailUrl\":\"http:\\\/\\\/www.quersaberpolitica.com.br\\\/2016\\\/wp-content\\\/uploads\\\/2014\\\/03\\\/DSC08511-300x225.jpg\",\"datePublished\":\"2014-03-22T10:03:05+00:00\",\"breadcrumb\":{\"@id\":\"https:\\\/\\\/blogdofarnesio.com.br\\\/?p=76733#breadcrumb\"},\"inLanguage\":\"pt-BR\",\"potentialAction\":[{\"@type\":\"ReadAction\",\"target\":[\"https:\\\/\\\/blogdofarnesio.com.br\\\/?p=76733\"]}]},{\"@type\":\"ImageObject\",\"inLanguage\":\"pt-BR\",\"@id\":\"https:\\\/\\\/blogdofarnesio.com.br\\\/?p=76733#primaryimage\",\"url\":\"http:\\\/\\\/www.quersaberpolitica.com.br\\\/2016\\\/wp-content\\\/uploads\\\/2014\\\/03\\\/DSC08511-300x225.jpg\",\"contentUrl\":\"http:\\\/\\\/www.quersaberpolitica.com.br\\\/2016\\\/wp-content\\\/uploads\\\/2014\\\/03\\\/DSC08511-300x225.jpg\"},{\"@type\":\"BreadcrumbList\",\"@id\":\"https:\\\/\\\/blogdofarnesio.com.br\\\/?p=76733#breadcrumb\",\"itemListElement\":[{\"@type\":\"ListItem\",\"position\":1,\"name\":\"In\u00edcio\",\"item\":\"https:\\\/\\\/blogdofarnesio.com.br\\\/\"},{\"@type\":\"ListItem\",\"position\":2,\"name\":\"SECRETARIA DE SA\u00daDE DE PETROLINA REALIZA MUTIR\u00c3O DO CART\u00c3O SUS EM RAJADA\"}]},{\"@type\":\"WebSite\",\"@id\":\"https:\\\/\\\/blogdofarnesio.com.br\\\/#website\",\"url\":\"https:\\\/\\\/blogdofarnesio.com.br\\\/\",\"name\":\"Blog do Farn\u00e9sio\",\"description\":\"Quer Saber Pol\u00edtica?\",\"publisher\":{\"@id\":\"https:\\\/\\\/blogdofarnesio.com.br\\\/#organization\"},\"potentialAction\":[{\"@type\":\"SearchAction\",\"target\":{\"@type\":\"EntryPoint\",\"urlTemplate\":\"https:\\\/\\\/blogdofarnesio.com.br\\\/?s={search_term_string}\"},\"query-input\":{\"@type\":\"PropertyValueSpecification\",\"valueRequired\":true,\"valueName\":\"search_term_string\"}}],\"inLanguage\":\"pt-BR\"},{\"@type\":\"Organization\",\"@id\":\"https:\\\/\\\/blogdofarnesio.com.br\\\/#organization\",\"name\":\"Blog do Farn\u00e9sio\",\"url\":\"https:\\\/\\\/blogdofarnesio.com.br\\\/\",\"logo\":{\"@type\":\"ImageObject\",\"inLanguage\":\"pt-BR\",\"@id\":\"https:\\\/\\\/blogdofarnesio.com.br\\\/#\\\/schema\\\/logo\\\/image\\\/\",\"url\":\"https:\\\/\\\/blogdofarnesio.com.br\\\/wp-content\\\/uploads\\\/2026\\\/03\\\/cropped-logo_new-1.png\",\"contentUrl\":\"https:\\\/\\\/blogdofarnesio.com.br\\\/wp-content\\\/uploads\\\/2026\\\/03\\\/cropped-logo_new-1.png\",\"width\":881,\"height\":685,\"caption\":\"Blog do Farn\u00e9sio\"},\"image\":{\"@id\":\"https:\\\/\\\/blogdofarnesio.com.br\\\/#\\\/schema\\\/logo\\\/image\\\/\"},\"sameAs\":[\"https:\\\/\\\/www.facebook.com\\\/BlogQuerSaberPolitica\\\/\"]},{\"@type\":\"Person\",\"@id\":\"https:\\\/\\\/blogdofarnesio.com.br\\\/#\\\/schema\\\/person\\\/dd1bf5eba40b687199ba45ca6b97dff9\",\"name\":\"teste\",\"image\":{\"@type\":\"ImageObject\",\"inLanguage\":\"pt-BR\",\"@id\":\"https:\\\/\\\/secure.gravatar.com\\\/avatar\\\/2172498d4914b51e1d89a0f97957b035ac4938723a5cac208135d389b6972a6d?s=96&d=mm&r=g\",\"url\":\"https:\\\/\\\/secure.gravatar.com\\\/avatar\\\/2172498d4914b51e1d89a0f97957b035ac4938723a5cac208135d389b6972a6d?s=96&d=mm&r=g\",\"contentUrl\":\"https:\\\/\\\/secure.gravatar.com\\\/avatar\\\/2172498d4914b51e1d89a0f97957b035ac4938723a5cac208135d389b6972a6d?s=96&d=mm&r=g\",\"caption\":\"teste\"},\"url\":\"https:\\\/\\\/blogdofarnesio.com.br\\\/?author=3\"}]}<\/script>\n<!-- \/ Yoast SEO plugin. -->","yoast_head_json":{"title":"SECRETARIA DE SA\u00daDE DE PETROLINA REALIZA MUTIR\u00c3O DO CART\u00c3O SUS EM RAJADA - Blog do Farn\u00e9sio","robots":{"index":"index","follow":"follow","max-snippet":"max-snippet:-1","max-image-preview":"max-image-preview:large","max-video-preview":"max-video-preview:-1"},"canonical":"https:\/\/blogdofarnesio.com.br\/?p=76733","og_locale":"pt_BR","og_type":"article","og_title":"SECRETARIA DE SA\u00daDE DE PETROLINA REALIZA MUTIR\u00c3O DO CART\u00c3O SUS EM RAJADA - Blog do Farn\u00e9sio","og_description":"Acontecer\u00e1 na manh\u00e3 deste s\u00e1bado, 22, no Distrito de Rajada, o primeiro grande mutir\u00e3o para confec\u00e7\u00e3o do Cart\u00e3o SUS em Petrolina. A a\u00e7\u00e3o, que visa levar mais comodidade, agilidade e conforto para aquela comunidade, \u00e9 desenvolvida pela Secretaria Municipal de Sa\u00fade de Petrolina (SMS) e atender\u00e1 a todos os comunit\u00e1rios do distrito. A partir das 8h e seguindo ate \u00e0s 13h, dez profissionais e t\u00e9cnicos da Secretaria de Sa\u00fade estar\u00e3o em um stand de confec\u00e7\u00e3o dos cart\u00f5es na sede do Sedest, ao lado das novas instala\u00e7\u00f5es da AME-Sa\u00fade da Fam\u00edlia em Rajada. A meta da SMS \u00e9 atender a todos de modo que cada usu\u00e1rio SUS possa sair com seu Cart\u00e3o SUS em m\u00e3os.","og_url":"https:\/\/blogdofarnesio.com.br\/?p=76733","og_site_name":"Blog do Farn\u00e9sio","article_publisher":"https:\/\/www.facebook.com\/BlogQuerSaberPolitica\/","article_published_time":"2014-03-22T10:03:05+00:00","og_image":[{"url":"http:\/\/www.quersaberpolitica.com.br\/2016\/wp-content\/uploads\/2014\/03\/DSC08511-300x225.jpg","type":"","width":"","height":""}],"author":"teste","twitter_card":"summary_large_image","twitter_misc":{"Escrito por":"teste","Est. tempo de leitura":"1 minuto"},"schema":{"@context":"https:\/\/schema.org","@graph":[{"@type":"Article","@id":"https:\/\/blogdofarnesio.com.br\/?p=76733#article","isPartOf":{"@id":"https:\/\/blogdofarnesio.com.br\/?p=76733"},"author":{"name":"teste","@id":"https:\/\/blogdofarnesio.com.br\/#\/schema\/person\/dd1bf5eba40b687199ba45ca6b97dff9"},"headline":"SECRETARIA DE SA\u00daDE DE PETROLINA REALIZA MUTIR\u00c3O DO CART\u00c3O SUS EM RAJADA","datePublished":"2014-03-22T10:03:05+00:00","mainEntityOfPage":{"@id":"https:\/\/blogdofarnesio.com.br\/?p=76733"},"wordCount":271,"commentCount":0,"publisher":{"@id":"https:\/\/blogdofarnesio.com.br\/#organization"},"image":{"@id":"https:\/\/blogdofarnesio.com.br\/?p=76733#primaryimage"},"thumbnailUrl":"http:\/\/www.quersaberpolitica.com.br\/2016\/wp-content\/uploads\/2014\/03\/DSC08511-300x225.jpg","articleSection":["Sa\u00fade"],"inLanguage":"pt-BR","potentialAction":[{"@type":"CommentAction","name":"Comment","target":["https:\/\/blogdofarnesio.com.br\/?p=76733#respond"]}]},{"@type":"WebPage","@id":"https:\/\/blogdofarnesio.com.br\/?p=76733","url":"https:\/\/blogdofarnesio.com.br\/?p=76733","name":"SECRETARIA DE SA\u00daDE DE PETROLINA REALIZA MUTIR\u00c3O DO CART\u00c3O SUS EM RAJADA - Blog do Farn\u00e9sio","isPartOf":{"@id":"https:\/\/blogdofarnesio.com.br\/#website"},"primaryImageOfPage":{"@id":"https:\/\/blogdofarnesio.com.br\/?p=76733#primaryimage"},"image":{"@id":"https:\/\/blogdofarnesio.com.br\/?p=76733#primaryimage"},"thumbnailUrl":"http:\/\/www.quersaberpolitica.com.br\/2016\/wp-content\/uploads\/2014\/03\/DSC08511-300x225.jpg","datePublished":"2014-03-22T10:03:05+00:00","breadcrumb":{"@id":"https:\/\/blogdofarnesio.com.br\/?p=76733#breadcrumb"},"inLanguage":"pt-BR","potentialAction":[{"@type":"ReadAction","target":["https:\/\/blogdofarnesio.com.br\/?p=76733"]}]},{"@type":"ImageObject","inLanguage":"pt-BR","@id":"https:\/\/blogdofarnesio.com.br\/?p=76733#primaryimage","url":"http:\/\/www.quersaberpolitica.com.br\/2016\/wp-content\/uploads\/2014\/03\/DSC08511-300x225.jpg","contentUrl":"http:\/\/www.quersaberpolitica.com.br\/2016\/wp-content\/uploads\/2014\/03\/DSC08511-300x225.jpg"},{"@type":"BreadcrumbList","@id":"https:\/\/blogdofarnesio.com.br\/?p=76733#breadcrumb","itemListElement":[{"@type":"ListItem","position":1,"name":"In\u00edcio","item":"https:\/\/blogdofarnesio.com.br\/"},{"@type":"ListItem","position":2,"name":"SECRETARIA DE SA\u00daDE DE PETROLINA REALIZA MUTIR\u00c3O DO CART\u00c3O SUS EM RAJADA"}]},{"@type":"WebSite","@id":"https:\/\/blogdofarnesio.com.br\/#website","url":"https:\/\/blogdofarnesio.com.br\/","name":"Blog do Farn\u00e9sio","description":"Quer Saber Pol\u00edtica?","publisher":{"@id":"https:\/\/blogdofarnesio.com.br\/#organization"},"potentialAction":[{"@type":"SearchAction","target":{"@type":"EntryPoint","urlTemplate":"https:\/\/blogdofarnesio.com.br\/?s={search_term_string}"},"query-input":{"@type":"PropertyValueSpecification","valueRequired":true,"valueName":"search_term_string"}}],"inLanguage":"pt-BR"},{"@type":"Organization","@id":"https:\/\/blogdofarnesio.com.br\/#organization","name":"Blog do Farn\u00e9sio","url":"https:\/\/blogdofarnesio.com.br\/","logo":{"@type":"ImageObject","inLanguage":"pt-BR","@id":"https:\/\/blogdofarnesio.com.br\/#\/schema\/logo\/image\/","url":"https:\/\/blogdofarnesio.com.br\/wp-content\/uploads\/2026\/03\/cropped-logo_new-1.png","contentUrl":"https:\/\/blogdofarnesio.com.br\/wp-content\/uploads\/2026\/03\/cropped-logo_new-1.png","width":881,"height":685,"caption":"Blog do Farn\u00e9sio"},"image":{"@id":"https:\/\/blogdofarnesio.com.br\/#\/schema\/logo\/image\/"},"sameAs":["https:\/\/www.facebook.com\/BlogQuerSaberPolitica\/"]},{"@type":"Person","@id":"https:\/\/blogdofarnesio.com.br\/#\/schema\/person\/dd1bf5eba40b687199ba45ca6b97dff9","name":"teste","image":{"@type":"ImageObject","inLanguage":"pt-BR","@id":"https:\/\/secure.gravatar.com\/avatar\/2172498d4914b51e1d89a0f97957b035ac4938723a5cac208135d389b6972a6d?s=96&d=mm&r=g","url":"https:\/\/secure.gravatar.com\/avatar\/2172498d4914b51e1d89a0f97957b035ac4938723a5cac208135d389b6972a6d?s=96&d=mm&r=g","contentUrl":"https:\/\/secure.gravatar.com\/avatar\/2172498d4914b51e1d89a0f97957b035ac4938723a5cac208135d389b6972a6d?s=96&d=mm&r=g","caption":"teste"},"url":"https:\/\/blogdofarnesio.com.br\/?author=3"}]}},"_links":{"self":[{"href":"https:\/\/blogdofarnesio.com.br\/index.php?rest_route=\/wp\/v2\/posts\/76733","targetHints":{"allow":["GET"]}}],"collection":[{"href":"https:\/\/blogdofarnesio.com.br\/index.php?rest_route=\/wp\/v2\/posts"}],"about":[{"href":"https:\/\/blogdofarnesio.com.br\/index.php?rest_route=\/wp\/v2\/types\/post"}],"author":[{"embeddable":true,"href":"https:\/\/blogdofarnesio.com.br\/index.php?rest_route=\/wp\/v2\/users\/3"}],"replies":[{"embeddable":true,"href":"https:\/\/blogdofarnesio.com.br\/index.php?rest_route=%2Fwp%2Fv2%2Fcomments&post=76733"}],"version-history":[{"count":0,"href":"https:\/\/blogdofarnesio.com.br\/index.php?rest_route=\/wp\/v2\/posts\/76733\/revisions"}],"wp:attachment":[{"href":"https:\/\/blogdofarnesio.com.br\/index.php?rest_route=%2Fwp%2Fv2%2Fmedia&parent=76733"}],"wp:term":[{"taxonomy":"category","embeddable":true,"href":"https:\/\/blogdofarnesio.com.br\/index.php?rest_route=%2Fwp%2Fv2%2Fcategories&post=76733"},{"taxonomy":"post_tag","embeddable":true,"href":"https:\/\/blogdofarnesio.com.br\/index.php?rest_route=%2Fwp%2Fv2%2Ftags&post=76733"}],"curies":[{"name":"wp","href":"https:\/\/api.w.org\/{rel}","templated":true}]}}