{"id":7673,"date":"2011-10-21T17:09:02","date_gmt":"2011-10-21T17:09:02","guid":{"rendered":"http:\/\/www.quersaberpolitica.com.br?p=7673"},"modified":"2011-10-21T16:45:41","modified_gmt":"2011-10-21T16:45:41","slug":"recuperacao-de-vias-publicas-melhora-o-transito-em-petrolina","status":"publish","type":"post","link":"https:\/\/blogdofarnesio.com.br\/?p=7673","title":{"rendered":"Recupera\u00e7\u00e3o de Vias p\u00fablicas melhora o tr\u00e2nsito em Petrolina"},"content":{"rendered":"<p><span><a rel=\"lightbox\" href=\"http:\/\/www.quersaberpolitica.com.br\/2016\/wp-content\/uploads\/2012\/12\/blogqspviaspublicaspte45.jpg\"><img loading=\"lazy\" decoding=\"async\" style=\"float: left; margin-top: 5px; margin-bottom: 5px; margin-left: 10px; margin-right: 10px;\" title=\"Imagem Divulga&ccedil;&atilde;o\" src=\"http:\/\/www.quersaberpolitica.com.br\/2016\/wp-content\/uploads\/2012\/12\/blogqspviaspublicaspte45.jpg\" alt=\"\" width=\"200\" height=\"150\" \/><\/a><\/span><\/p>\n<p style=\"text-align: justify;\"><span style=\"font-size: small;\">A semana em Petrolina foi de muito trabalho para as equipes de recupera&ccedil;&atilde;o das vias p&uacute;blicas. O trabalho aconteceu nos bairros Ouro Preto, Jardim Maravilha, Palhinhas e Gercino Coelho. A a&ccedil;&atilde;o que segue avan&ccedil;ando por todo o munic&iacute;pio pretende melhorar os acessos &agrave; cidade e seus bairros, oferecendo ainda seguran&ccedil;a para quem circula com ve&iacute;culos.<\/span><\/p>\n<p style=\"text-align: justify;\"><span style=\"font-size: small;\">As interven&ccedil;&otilde;es, que t&ecirc;m um prazo de 15 dias aproximadamente at&eacute; libera&ccedil;&atilde;o total das vias ap&oacute;s o servi&ccedil;o, j&aacute; beneficiaram cerca de 30 localidades desde o Centro aos bairros de Petrolina. Com uma programa&ccedil;&atilde;o continuada, a inten&ccedil;&atilde;o &eacute; recuperar todos os trechos danificados e melhorar o tr&acirc;nsito na cidade. O trabalho &eacute; feito tanto em paralelep&iacute;pedo quanto em asfalto.<\/span><\/p>\n<p style=\"text-align: justify;\"><span style=\"font-size: small;\">&#8220;Todos os dias trabalhamos em novos pontos e com isso muitos locais danificados pelo tempo ou m&aacute; qualidade da obra est&atilde;o recebendo as interven&ccedil;&otilde;es. Garantindo servi&ccedil;os de durabilidade, a inten&ccedil;&atilde;o do prefeito Julio Lossio que vem sempre buscando recursos para pavimentar as demais ruas de Petrolina, tamb&eacute;m oferece assist&ecirc;ncia aos locais onde o desgaste causa problemas no tr&acirc;nsito&#8221;, explicou o Secret&aacute;rio de Infraestrutura, Ricardo Rocha.<\/span><\/p>\n<p style=\"text-align: justify;\"><span style=\"font-size: small;\">(Juciana Cavalcante &#8211; Ascom Petrolina)<\/span><\/p>\n","protected":false},"excerpt":{"rendered":"<p>A semana em Petrolina foi de muito trabalho para as equipes de recupera&ccedil;&atilde;o das vias p&uacute;blicas. O trabalho aconteceu nos bairros Ouro Preto, Jardim Maravilha, Palhinhas e Gercino Coelho. A a&ccedil;&atilde;o que segue avan&ccedil;ando por todo o munic&iacute;pio pretende melhorar os acessos &agrave; cidade e seus bairros, oferecendo ainda seguran&ccedil;a para quem circula com ve&iacute;culos. As interven&ccedil;&otilde;es, que t&ecirc;m um prazo de 15 dias aproximadamente at&eacute; libera&ccedil;&atilde;o total das vias ap&oacute;s o servi&ccedil;o, j&aacute; beneficiaram cerca de 30 localidades desde o Centro aos bairros de Petrolina. Com uma programa&ccedil;&atilde;o continuada, a inten&ccedil;&atilde;o &eacute; recuperar todos os trechos danificados e melhorar o tr&acirc;nsito na cidade. O trabalho &eacute; feito tanto em paralelep&iacute;pedo quanto em asfalto. &#8220;Todos os dias trabalhamos em novos&hellip; <\/p>\n","protected":false},"author":0,"featured_media":0,"comment_status":"open","ping_status":"open","sticky":false,"template":"","format":"standard","meta":{"_acf_changed":false,"footnotes":""},"categories":[21],"tags":[],"class_list":["post-7673","post","type-post","status-publish","format-standard","hentry","category-transito"],"acf":[],"yoast_head":"<!-- This site is optimized with the Yoast SEO plugin v27.4 - https:\/\/yoast.com\/product\/yoast-seo-wordpress\/ -->\n<title>Recupera\u00e7\u00e3o de Vias p\u00fablicas melhora o tr\u00e2nsito em Petrolina - Blog do Farn\u00e9sio<\/title>\n<meta name=\"robots\" content=\"index, follow, max-snippet:-1, max-image-preview:large, max-video-preview:-1\" \/>\n<link rel=\"canonical\" href=\"https:\/\/blogdofarnesio.com.br\/?p=7673\" \/>\n<meta property=\"og:locale\" content=\"pt_BR\" \/>\n<meta property=\"og:type\" content=\"article\" \/>\n<meta property=\"og:title\" content=\"Recupera\u00e7\u00e3o de Vias p\u00fablicas melhora o tr\u00e2nsito em Petrolina - Blog do Farn\u00e9sio\" \/>\n<meta property=\"og:description\" content=\"A semana em Petrolina foi de muito trabalho para as equipes de recupera&ccedil;&atilde;o das vias p&uacute;blicas. O trabalho aconteceu nos bairros Ouro Preto, Jardim Maravilha, Palhinhas e Gercino Coelho. A a&ccedil;&atilde;o que segue avan&ccedil;ando por todo o munic&iacute;pio pretende melhorar os acessos &agrave; cidade e seus bairros, oferecendo ainda seguran&ccedil;a para quem circula com ve&iacute;culos. As interven&ccedil;&otilde;es, que t&ecirc;m um prazo de 15 dias aproximadamente at&eacute; libera&ccedil;&atilde;o total das vias ap&oacute;s o servi&ccedil;o, j&aacute; beneficiaram cerca de 30 localidades desde o Centro aos bairros de Petrolina. Com uma programa&ccedil;&atilde;o continuada, a inten&ccedil;&atilde;o &eacute; recuperar todos os trechos danificados e melhorar o tr&acirc;nsito na cidade. O trabalho &eacute; feito tanto em paralelep&iacute;pedo quanto em asfalto. &#8220;Todos os dias trabalhamos em novos&hellip;\" \/>\n<meta property=\"og:url\" content=\"https:\/\/blogdofarnesio.com.br\/?p=7673\" \/>\n<meta property=\"og:site_name\" content=\"Blog do Farn\u00e9sio\" \/>\n<meta property=\"article:publisher\" content=\"https:\/\/www.facebook.com\/BlogQuerSaberPolitica\/\" \/>\n<meta property=\"article:published_time\" content=\"2011-10-21T17:09:02+00:00\" \/>\n<meta property=\"og:image\" content=\"http:\/\/www.quersaberpolitica.com.br\/2016\/wp-content\/uploads\/2012\/12\/blogqspviaspublicaspte45.jpg\" \/>\n<meta name=\"twitter:card\" content=\"summary_large_image\" \/>\n<meta name=\"twitter:label1\" content=\"Est. tempo de leitura\" \/>\n\t<meta name=\"twitter:data1\" content=\"1 minuto\" \/>\n<script type=\"application\/ld+json\" class=\"yoast-schema-graph\">{\"@context\":\"https:\\\/\\\/schema.org\",\"@graph\":[{\"@type\":\"Article\",\"@id\":\"https:\\\/\\\/blogdofarnesio.com.br\\\/?p=7673#article\",\"isPartOf\":{\"@id\":\"https:\\\/\\\/blogdofarnesio.com.br\\\/?p=7673\"},\"author\":{\"name\":\"\",\"@id\":\"\"},\"headline\":\"Recupera\u00e7\u00e3o de Vias p\u00fablicas melhora o tr\u00e2nsito em Petrolina\",\"datePublished\":\"2011-10-21T17:09:02+00:00\",\"mainEntityOfPage\":{\"@id\":\"https:\\\/\\\/blogdofarnesio.com.br\\\/?p=7673\"},\"wordCount\":253,\"commentCount\":0,\"publisher\":{\"@id\":\"https:\\\/\\\/blogdofarnesio.com.br\\\/#organization\"},\"image\":{\"@id\":\"https:\\\/\\\/blogdofarnesio.com.br\\\/?p=7673#primaryimage\"},\"thumbnailUrl\":\"http:\\\/\\\/www.quersaberpolitica.com.br\\\/2016\\\/wp-content\\\/uploads\\\/2012\\\/12\\\/blogqspviaspublicaspte45.jpg\",\"articleSection\":[\"Tr\u00e2nsito\"],\"inLanguage\":\"pt-BR\",\"potentialAction\":[{\"@type\":\"CommentAction\",\"name\":\"Comment\",\"target\":[\"https:\\\/\\\/blogdofarnesio.com.br\\\/?p=7673#respond\"]}]},{\"@type\":\"WebPage\",\"@id\":\"https:\\\/\\\/blogdofarnesio.com.br\\\/?p=7673\",\"url\":\"https:\\\/\\\/blogdofarnesio.com.br\\\/?p=7673\",\"name\":\"Recupera\u00e7\u00e3o de Vias p\u00fablicas melhora o tr\u00e2nsito em Petrolina - Blog do Farn\u00e9sio\",\"isPartOf\":{\"@id\":\"https:\\\/\\\/blogdofarnesio.com.br\\\/#website\"},\"primaryImageOfPage\":{\"@id\":\"https:\\\/\\\/blogdofarnesio.com.br\\\/?p=7673#primaryimage\"},\"image\":{\"@id\":\"https:\\\/\\\/blogdofarnesio.com.br\\\/?p=7673#primaryimage\"},\"thumbnailUrl\":\"http:\\\/\\\/www.quersaberpolitica.com.br\\\/2016\\\/wp-content\\\/uploads\\\/2012\\\/12\\\/blogqspviaspublicaspte45.jpg\",\"datePublished\":\"2011-10-21T17:09:02+00:00\",\"breadcrumb\":{\"@id\":\"https:\\\/\\\/blogdofarnesio.com.br\\\/?p=7673#breadcrumb\"},\"inLanguage\":\"pt-BR\",\"potentialAction\":[{\"@type\":\"ReadAction\",\"target\":[\"https:\\\/\\\/blogdofarnesio.com.br\\\/?p=7673\"]}]},{\"@type\":\"ImageObject\",\"inLanguage\":\"pt-BR\",\"@id\":\"https:\\\/\\\/blogdofarnesio.com.br\\\/?p=7673#primaryimage\",\"url\":\"http:\\\/\\\/www.quersaberpolitica.com.br\\\/2016\\\/wp-content\\\/uploads\\\/2012\\\/12\\\/blogqspviaspublicaspte45.jpg\",\"contentUrl\":\"http:\\\/\\\/www.quersaberpolitica.com.br\\\/2016\\\/wp-content\\\/uploads\\\/2012\\\/12\\\/blogqspviaspublicaspte45.jpg\"},{\"@type\":\"BreadcrumbList\",\"@id\":\"https:\\\/\\\/blogdofarnesio.com.br\\\/?p=7673#breadcrumb\",\"itemListElement\":[{\"@type\":\"ListItem\",\"position\":1,\"name\":\"In\u00edcio\",\"item\":\"https:\\\/\\\/blogdofarnesio.com.br\\\/\"},{\"@type\":\"ListItem\",\"position\":2,\"name\":\"Recupera\u00e7\u00e3o de Vias p\u00fablicas melhora o tr\u00e2nsito em Petrolina\"}]},{\"@type\":\"WebSite\",\"@id\":\"https:\\\/\\\/blogdofarnesio.com.br\\\/#website\",\"url\":\"https:\\\/\\\/blogdofarnesio.com.br\\\/\",\"name\":\"Blog do Farn\u00e9sio\",\"description\":\"Quer Saber Pol\u00edtica?\",\"publisher\":{\"@id\":\"https:\\\/\\\/blogdofarnesio.com.br\\\/#organization\"},\"potentialAction\":[{\"@type\":\"SearchAction\",\"target\":{\"@type\":\"EntryPoint\",\"urlTemplate\":\"https:\\\/\\\/blogdofarnesio.com.br\\\/?s={search_term_string}\"},\"query-input\":{\"@type\":\"PropertyValueSpecification\",\"valueRequired\":true,\"valueName\":\"search_term_string\"}}],\"inLanguage\":\"pt-BR\"},{\"@type\":\"Organization\",\"@id\":\"https:\\\/\\\/blogdofarnesio.com.br\\\/#organization\",\"name\":\"Blog do Farn\u00e9sio\",\"url\":\"https:\\\/\\\/blogdofarnesio.com.br\\\/\",\"logo\":{\"@type\":\"ImageObject\",\"inLanguage\":\"pt-BR\",\"@id\":\"https:\\\/\\\/blogdofarnesio.com.br\\\/#\\\/schema\\\/logo\\\/image\\\/\",\"url\":\"https:\\\/\\\/blogdofarnesio.com.br\\\/wp-content\\\/uploads\\\/2026\\\/03\\\/cropped-logo_new-1.png\",\"contentUrl\":\"https:\\\/\\\/blogdofarnesio.com.br\\\/wp-content\\\/uploads\\\/2026\\\/03\\\/cropped-logo_new-1.png\",\"width\":881,\"height\":685,\"caption\":\"Blog do Farn\u00e9sio\"},\"image\":{\"@id\":\"https:\\\/\\\/blogdofarnesio.com.br\\\/#\\\/schema\\\/logo\\\/image\\\/\"},\"sameAs\":[\"https:\\\/\\\/www.facebook.com\\\/BlogQuerSaberPolitica\\\/\"]}]}<\/script>\n<!-- \/ Yoast SEO plugin. -->","yoast_head_json":{"title":"Recupera\u00e7\u00e3o de Vias p\u00fablicas melhora o tr\u00e2nsito em Petrolina - Blog do Farn\u00e9sio","robots":{"index":"index","follow":"follow","max-snippet":"max-snippet:-1","max-image-preview":"max-image-preview:large","max-video-preview":"max-video-preview:-1"},"canonical":"https:\/\/blogdofarnesio.com.br\/?p=7673","og_locale":"pt_BR","og_type":"article","og_title":"Recupera\u00e7\u00e3o de Vias p\u00fablicas melhora o tr\u00e2nsito em Petrolina - Blog do Farn\u00e9sio","og_description":"A semana em Petrolina foi de muito trabalho para as equipes de recupera&ccedil;&atilde;o das vias p&uacute;blicas. O trabalho aconteceu nos bairros Ouro Preto, Jardim Maravilha, Palhinhas e Gercino Coelho. A a&ccedil;&atilde;o que segue avan&ccedil;ando por todo o munic&iacute;pio pretende melhorar os acessos &agrave; cidade e seus bairros, oferecendo ainda seguran&ccedil;a para quem circula com ve&iacute;culos. As interven&ccedil;&otilde;es, que t&ecirc;m um prazo de 15 dias aproximadamente at&eacute; libera&ccedil;&atilde;o total das vias ap&oacute;s o servi&ccedil;o, j&aacute; beneficiaram cerca de 30 localidades desde o Centro aos bairros de Petrolina. Com uma programa&ccedil;&atilde;o continuada, a inten&ccedil;&atilde;o &eacute; recuperar todos os trechos danificados e melhorar o tr&acirc;nsito na cidade. O trabalho &eacute; feito tanto em paralelep&iacute;pedo quanto em asfalto. &#8220;Todos os dias trabalhamos em novos&hellip;","og_url":"https:\/\/blogdofarnesio.com.br\/?p=7673","og_site_name":"Blog do Farn\u00e9sio","article_publisher":"https:\/\/www.facebook.com\/BlogQuerSaberPolitica\/","article_published_time":"2011-10-21T17:09:02+00:00","og_image":[{"url":"http:\/\/www.quersaberpolitica.com.br\/2016\/wp-content\/uploads\/2012\/12\/blogqspviaspublicaspte45.jpg","type":"","width":"","height":""}],"twitter_card":"summary_large_image","twitter_misc":{"Est. tempo de leitura":"1 minuto"},"schema":{"@context":"https:\/\/schema.org","@graph":[{"@type":"Article","@id":"https:\/\/blogdofarnesio.com.br\/?p=7673#article","isPartOf":{"@id":"https:\/\/blogdofarnesio.com.br\/?p=7673"},"author":{"name":"","@id":""},"headline":"Recupera\u00e7\u00e3o de Vias p\u00fablicas melhora o tr\u00e2nsito em Petrolina","datePublished":"2011-10-21T17:09:02+00:00","mainEntityOfPage":{"@id":"https:\/\/blogdofarnesio.com.br\/?p=7673"},"wordCount":253,"commentCount":0,"publisher":{"@id":"https:\/\/blogdofarnesio.com.br\/#organization"},"image":{"@id":"https:\/\/blogdofarnesio.com.br\/?p=7673#primaryimage"},"thumbnailUrl":"http:\/\/www.quersaberpolitica.com.br\/2016\/wp-content\/uploads\/2012\/12\/blogqspviaspublicaspte45.jpg","articleSection":["Tr\u00e2nsito"],"inLanguage":"pt-BR","potentialAction":[{"@type":"CommentAction","name":"Comment","target":["https:\/\/blogdofarnesio.com.br\/?p=7673#respond"]}]},{"@type":"WebPage","@id":"https:\/\/blogdofarnesio.com.br\/?p=7673","url":"https:\/\/blogdofarnesio.com.br\/?p=7673","name":"Recupera\u00e7\u00e3o de Vias p\u00fablicas melhora o tr\u00e2nsito em Petrolina - Blog do Farn\u00e9sio","isPartOf":{"@id":"https:\/\/blogdofarnesio.com.br\/#website"},"primaryImageOfPage":{"@id":"https:\/\/blogdofarnesio.com.br\/?p=7673#primaryimage"},"image":{"@id":"https:\/\/blogdofarnesio.com.br\/?p=7673#primaryimage"},"thumbnailUrl":"http:\/\/www.quersaberpolitica.com.br\/2016\/wp-content\/uploads\/2012\/12\/blogqspviaspublicaspte45.jpg","datePublished":"2011-10-21T17:09:02+00:00","breadcrumb":{"@id":"https:\/\/blogdofarnesio.com.br\/?p=7673#breadcrumb"},"inLanguage":"pt-BR","potentialAction":[{"@type":"ReadAction","target":["https:\/\/blogdofarnesio.com.br\/?p=7673"]}]},{"@type":"ImageObject","inLanguage":"pt-BR","@id":"https:\/\/blogdofarnesio.com.br\/?p=7673#primaryimage","url":"http:\/\/www.quersaberpolitica.com.br\/2016\/wp-content\/uploads\/2012\/12\/blogqspviaspublicaspte45.jpg","contentUrl":"http:\/\/www.quersaberpolitica.com.br\/2016\/wp-content\/uploads\/2012\/12\/blogqspviaspublicaspte45.jpg"},{"@type":"BreadcrumbList","@id":"https:\/\/blogdofarnesio.com.br\/?p=7673#breadcrumb","itemListElement":[{"@type":"ListItem","position":1,"name":"In\u00edcio","item":"https:\/\/blogdofarnesio.com.br\/"},{"@type":"ListItem","position":2,"name":"Recupera\u00e7\u00e3o de Vias p\u00fablicas melhora o tr\u00e2nsito em Petrolina"}]},{"@type":"WebSite","@id":"https:\/\/blogdofarnesio.com.br\/#website","url":"https:\/\/blogdofarnesio.com.br\/","name":"Blog do Farn\u00e9sio","description":"Quer Saber Pol\u00edtica?","publisher":{"@id":"https:\/\/blogdofarnesio.com.br\/#organization"},"potentialAction":[{"@type":"SearchAction","target":{"@type":"EntryPoint","urlTemplate":"https:\/\/blogdofarnesio.com.br\/?s={search_term_string}"},"query-input":{"@type":"PropertyValueSpecification","valueRequired":true,"valueName":"search_term_string"}}],"inLanguage":"pt-BR"},{"@type":"Organization","@id":"https:\/\/blogdofarnesio.com.br\/#organization","name":"Blog do Farn\u00e9sio","url":"https:\/\/blogdofarnesio.com.br\/","logo":{"@type":"ImageObject","inLanguage":"pt-BR","@id":"https:\/\/blogdofarnesio.com.br\/#\/schema\/logo\/image\/","url":"https:\/\/blogdofarnesio.com.br\/wp-content\/uploads\/2026\/03\/cropped-logo_new-1.png","contentUrl":"https:\/\/blogdofarnesio.com.br\/wp-content\/uploads\/2026\/03\/cropped-logo_new-1.png","width":881,"height":685,"caption":"Blog do Farn\u00e9sio"},"image":{"@id":"https:\/\/blogdofarnesio.com.br\/#\/schema\/logo\/image\/"},"sameAs":["https:\/\/www.facebook.com\/BlogQuerSaberPolitica\/"]}]}},"_links":{"self":[{"href":"https:\/\/blogdofarnesio.com.br\/index.php?rest_route=\/wp\/v2\/posts\/7673","targetHints":{"allow":["GET"]}}],"collection":[{"href":"https:\/\/blogdofarnesio.com.br\/index.php?rest_route=\/wp\/v2\/posts"}],"about":[{"href":"https:\/\/blogdofarnesio.com.br\/index.php?rest_route=\/wp\/v2\/types\/post"}],"replies":[{"embeddable":true,"href":"https:\/\/blogdofarnesio.com.br\/index.php?rest_route=%2Fwp%2Fv2%2Fcomments&post=7673"}],"version-history":[{"count":0,"href":"https:\/\/blogdofarnesio.com.br\/index.php?rest_route=\/wp\/v2\/posts\/7673\/revisions"}],"wp:attachment":[{"href":"https:\/\/blogdofarnesio.com.br\/index.php?rest_route=%2Fwp%2Fv2%2Fmedia&parent=7673"}],"wp:term":[{"taxonomy":"category","embeddable":true,"href":"https:\/\/blogdofarnesio.com.br\/index.php?rest_route=%2Fwp%2Fv2%2Fcategories&post=7673"},{"taxonomy":"post_tag","embeddable":true,"href":"https:\/\/blogdofarnesio.com.br\/index.php?rest_route=%2Fwp%2Fv2%2Ftags&post=7673"}],"curies":[{"name":"wp","href":"https:\/\/api.w.org\/{rel}","templated":true}]}}