{"id":76712,"date":"2014-03-20T16:23:46","date_gmt":"2014-03-20T19:23:46","guid":{"rendered":"http:\/\/www.quersaberpolitica.com.br\/?p=76712"},"modified":"2014-03-20T15:04:29","modified_gmt":"2014-03-20T18:04:29","slug":"mutirao-de-limpeza-atua-no-parque-lagoa-do-calu","status":"publish","type":"post","link":"https:\/\/blogdofarnesio.com.br\/2014\/03\/mutirao-de-limpeza-atua-no-parque-lagoa-do-calu\/","title":{"rendered":"MUTIR\u00c3O DE LIMPEZA ATUA NO PARQUE LAGOA DO CALU"},"content":{"rendered":"<p style=\"text-align: justify\"><a href=\"http:\/\/www.quersaberpolitica.com.br\/2016\/wp-content\/uploads\/2014\/03\/SAM_8449.jpg\"><img loading=\"lazy\" decoding=\"async\" class=\"alignleft size-medium wp-image-76713\" alt=\"BLOGQSPCALU\" src=\"http:\/\/www.quersaberpolitica.com.br\/2016\/wp-content\/uploads\/2014\/03\/SAM_8449-300x225.jpg\" width=\"300\" height=\"225\" srcset=\"https:\/\/blogdofarnesio.com.br\/wp-content\/uploads\/2014\/03\/SAM_8449-300x225.jpg 300w, https:\/\/blogdofarnesio.com.br\/wp-content\/uploads\/2014\/03\/SAM_8449.jpg 400w\" sizes=\"auto, (max-width: 300px) 100vw, 300px\" \/><\/a>Com o intuito de manter a cidade sempre limpa e bem cuidada, a Secretaria de Servi\u00e7os P\u00fablicos realiza constantemente mutir\u00f5es de limpeza em diversas localidades do munic\u00edpio.<\/p>\n<p style=\"text-align: justify\">Agentes de limpeza deram inicio aos trabalhos de varri\u00e7\u00e3o, capina, ro\u00e7o, poda, e pintura de meio fio do Parque Lagoa de Calu, localizado no bairro Alto da Maravilha. A iniciativa garante a conserva\u00e7\u00e3o dos espa\u00e7os p\u00fablicos e o bem-estar da comunidade.<\/p>\n<p style=\"text-align: justify\">De acordo com o gerente de Limpeza, Jorge Medrado, as a\u00e7\u00f5es de limpeza urbana s\u00e3o consecutivas. \u201cDiariamente agentes da Sesp est\u00e3o trabalhando em diferentes pontos da cidade a fim de manter a conserva\u00e7\u00e3o e limpeza das ruas, pra\u00e7as e avenidas\u201d, ressaltou Jorge, acrescentando que para a execu\u00e7\u00e3o dos servi\u00e7os, a Ger\u00eancia de Limpeza monta um planejamento de acordo com a necessidade de cada bairro. &#8220;Antes de iniciar as atividades, uma an\u00e1lise in loco \u00e9 feita para saber como ser\u00e1 a atua\u00e7\u00e3o dos agentes&#8221;, detalhou Jorge.<!--more--><\/p>\n<p style=\"text-align: justify\">Ainda segundo o gerente, o munic\u00edpio preza pela qualidade dos servi\u00e7os prestados. \u201cQueremos que a popula\u00e7\u00e3o sinta-se bem ao percorrer as ruas e perceber o carinho e o trabalho da Prefeitura. Nosso trabalho visa \u00e0 preserva\u00e7\u00e3o e limpeza da cidade e consequentemente o bem-estar da popula\u00e7\u00e3o. E para isso \u00e9 preciso que os pr\u00f3prios cidad\u00e3os contribuam com gestos simples, como n\u00e3o jogar lixo na rua ou em canais, dispor os res\u00edduos na frente de casa no dia da coleta domiciliar. O ato de n\u00e3o jogar o lixo em local impr\u00f3prio j\u00e1 ajuda bastante, pois o ac\u00famulo de entulho favorece o aparecimento de doen\u00e7as, principalmente no per\u00edodo chuvoso\u201d, explicou Jorge.<\/p>\n<p style=\"text-align: justify\">De acordo com a moradora do bairro Alto da Maravilha, Francisca da Silva, 49 anos, um bairro limpo pode trazer muitos benef\u00edcios para a comunidade, como a valoriza\u00e7\u00e3o do local, a garantia de sa\u00fade para a fam\u00edlia e tamb\u00e9m a eleva\u00e7\u00e3o da autoestima de todos. &#8220;Mas, al\u00e9m da atua\u00e7\u00e3o da Prefeitura, precisamos da coopera\u00e7\u00e3o da comunidade para manter o bairro e o parque da Lagoa do Calu sempre limpos e organizados ap\u00f3s a passagem dos agentes de limpeza&#8221;, acrescentou Francisca.<\/p>\n<p style=\"text-align: justify\">Os servi\u00e7os de limpeza podem ser requisitados pelo telefone da Secretaria de Servi\u00e7os P\u00fablicos no 3612-3555.<\/p>\n<p><strong>Por Elaine Barbosa\/Sesp<\/strong><\/p>\n","protected":false},"excerpt":{"rendered":"<p>Com o intuito de manter a cidade sempre limpa e bem cuidada, a Secretaria de Servi\u00e7os P\u00fablicos realiza constantemente mutir\u00f5es de limpeza em diversas localidades do munic\u00edpio. Agentes de limpeza deram inicio aos trabalhos de varri\u00e7\u00e3o, capina, ro\u00e7o, poda, e pintura de meio fio do Parque Lagoa de Calu, localizado no bairro Alto da Maravilha. A iniciativa garante a conserva\u00e7\u00e3o dos espa\u00e7os p\u00fablicos e o bem-estar da comunidade. De acordo com o gerente de Limpeza, Jorge Medrado, as a\u00e7\u00f5es de limpeza urbana s\u00e3o consecutivas. \u201cDiariamente agentes da Sesp est\u00e3o trabalhando em diferentes pontos da cidade a fim de manter a conserva\u00e7\u00e3o e limpeza das ruas, pra\u00e7as e avenidas\u201d, ressaltou Jorge, acrescentando que para a execu\u00e7\u00e3o dos servi\u00e7os, a Ger\u00eancia de&hellip; <\/p>\n","protected":false},"author":3,"featured_media":0,"comment_status":"open","ping_status":"open","sticky":false,"template":"","format":"standard","meta":{"_acf_changed":false,"footnotes":""},"categories":[29],"tags":[],"class_list":["post-76712","post","type-post","status-publish","format-standard","hentry","category-meio-ambiente"],"acf":[],"yoast_head":"<!-- This site is optimized with the Yoast SEO plugin v27.5 - https:\/\/yoast.com\/product\/yoast-seo-wordpress\/ -->\n<title>MUTIR\u00c3O DE LIMPEZA ATUA NO PARQUE LAGOA DO CALU - Blog do Farn\u00e9sio<\/title>\n<meta name=\"robots\" content=\"index, follow, max-snippet:-1, max-image-preview:large, max-video-preview:-1\" \/>\n<link rel=\"canonical\" href=\"https:\/\/blogdofarnesio.com.br\/2014\/03\/mutirao-de-limpeza-atua-no-parque-lagoa-do-calu\/\" \/>\n<meta property=\"og:locale\" content=\"pt_BR\" \/>\n<meta property=\"og:type\" content=\"article\" \/>\n<meta property=\"og:title\" content=\"MUTIR\u00c3O DE LIMPEZA ATUA NO PARQUE LAGOA DO CALU - Blog do Farn\u00e9sio\" \/>\n<meta property=\"og:description\" content=\"Com o intuito de manter a cidade sempre limpa e bem cuidada, a Secretaria de Servi\u00e7os P\u00fablicos realiza constantemente mutir\u00f5es de limpeza em diversas localidades do munic\u00edpio. Agentes de limpeza deram inicio aos trabalhos de varri\u00e7\u00e3o, capina, ro\u00e7o, poda, e pintura de meio fio do Parque Lagoa de Calu, localizado no bairro Alto da Maravilha. A iniciativa garante a conserva\u00e7\u00e3o dos espa\u00e7os p\u00fablicos e o bem-estar da comunidade. De acordo com o gerente de Limpeza, Jorge Medrado, as a\u00e7\u00f5es de limpeza urbana s\u00e3o consecutivas. \u201cDiariamente agentes da Sesp est\u00e3o trabalhando em diferentes pontos da cidade a fim de manter a conserva\u00e7\u00e3o e limpeza das ruas, pra\u00e7as e avenidas\u201d, ressaltou Jorge, acrescentando que para a execu\u00e7\u00e3o dos servi\u00e7os, a Ger\u00eancia de&hellip;\" \/>\n<meta property=\"og:url\" content=\"https:\/\/blogdofarnesio.com.br\/2014\/03\/mutirao-de-limpeza-atua-no-parque-lagoa-do-calu\/\" \/>\n<meta property=\"og:site_name\" content=\"Blog do Farn\u00e9sio\" \/>\n<meta property=\"article:publisher\" content=\"https:\/\/www.facebook.com\/BlogQuerSaberPolitica\/\" \/>\n<meta property=\"article:published_time\" content=\"2014-03-20T19:23:46+00:00\" \/>\n<meta property=\"og:image\" content=\"http:\/\/www.quersaberpolitica.com.br\/2016\/wp-content\/uploads\/2014\/03\/SAM_8449-300x225.jpg\" \/>\n<meta name=\"author\" content=\"teste\" \/>\n<meta name=\"twitter:card\" content=\"summary_large_image\" \/>\n<meta name=\"twitter:label1\" content=\"Escrito por\" \/>\n\t<meta name=\"twitter:data1\" content=\"teste\" \/>\n\t<meta name=\"twitter:label2\" content=\"Est. tempo de leitura\" \/>\n\t<meta name=\"twitter:data2\" content=\"2 minutos\" \/>\n<script type=\"application\/ld+json\" class=\"yoast-schema-graph\">{\"@context\":\"https:\\\/\\\/schema.org\",\"@graph\":[{\"@type\":\"Article\",\"@id\":\"https:\\\/\\\/blogdofarnesio.com.br\\\/2014\\\/03\\\/mutirao-de-limpeza-atua-no-parque-lagoa-do-calu\\\/#article\",\"isPartOf\":{\"@id\":\"https:\\\/\\\/blogdofarnesio.com.br\\\/2014\\\/03\\\/mutirao-de-limpeza-atua-no-parque-lagoa-do-calu\\\/\"},\"author\":{\"name\":\"teste\",\"@id\":\"https:\\\/\\\/blogdofarnesio.com.br\\\/#\\\/schema\\\/person\\\/dd1bf5eba40b687199ba45ca6b97dff9\"},\"headline\":\"MUTIR\u00c3O DE LIMPEZA ATUA NO PARQUE LAGOA DO CALU\",\"datePublished\":\"2014-03-20T19:23:46+00:00\",\"mainEntityOfPage\":{\"@id\":\"https:\\\/\\\/blogdofarnesio.com.br\\\/2014\\\/03\\\/mutirao-de-limpeza-atua-no-parque-lagoa-do-calu\\\/\"},\"wordCount\":414,\"commentCount\":0,\"publisher\":{\"@id\":\"https:\\\/\\\/blogdofarnesio.com.br\\\/#organization\"},\"image\":{\"@id\":\"https:\\\/\\\/blogdofarnesio.com.br\\\/2014\\\/03\\\/mutirao-de-limpeza-atua-no-parque-lagoa-do-calu\\\/#primaryimage\"},\"thumbnailUrl\":\"http:\\\/\\\/www.quersaberpolitica.com.br\\\/2016\\\/wp-content\\\/uploads\\\/2014\\\/03\\\/SAM_8449-300x225.jpg\",\"articleSection\":[\"Meio Ambiente\"],\"inLanguage\":\"pt-BR\",\"potentialAction\":[{\"@type\":\"CommentAction\",\"name\":\"Comment\",\"target\":[\"https:\\\/\\\/blogdofarnesio.com.br\\\/2014\\\/03\\\/mutirao-de-limpeza-atua-no-parque-lagoa-do-calu\\\/#respond\"]}]},{\"@type\":\"WebPage\",\"@id\":\"https:\\\/\\\/blogdofarnesio.com.br\\\/2014\\\/03\\\/mutirao-de-limpeza-atua-no-parque-lagoa-do-calu\\\/\",\"url\":\"https:\\\/\\\/blogdofarnesio.com.br\\\/2014\\\/03\\\/mutirao-de-limpeza-atua-no-parque-lagoa-do-calu\\\/\",\"name\":\"MUTIR\u00c3O DE LIMPEZA ATUA NO PARQUE LAGOA DO CALU - Blog do Farn\u00e9sio\",\"isPartOf\":{\"@id\":\"https:\\\/\\\/blogdofarnesio.com.br\\\/#website\"},\"primaryImageOfPage\":{\"@id\":\"https:\\\/\\\/blogdofarnesio.com.br\\\/2014\\\/03\\\/mutirao-de-limpeza-atua-no-parque-lagoa-do-calu\\\/#primaryimage\"},\"image\":{\"@id\":\"https:\\\/\\\/blogdofarnesio.com.br\\\/2014\\\/03\\\/mutirao-de-limpeza-atua-no-parque-lagoa-do-calu\\\/#primaryimage\"},\"thumbnailUrl\":\"http:\\\/\\\/www.quersaberpolitica.com.br\\\/2016\\\/wp-content\\\/uploads\\\/2014\\\/03\\\/SAM_8449-300x225.jpg\",\"datePublished\":\"2014-03-20T19:23:46+00:00\",\"breadcrumb\":{\"@id\":\"https:\\\/\\\/blogdofarnesio.com.br\\\/2014\\\/03\\\/mutirao-de-limpeza-atua-no-parque-lagoa-do-calu\\\/#breadcrumb\"},\"inLanguage\":\"pt-BR\",\"potentialAction\":[{\"@type\":\"ReadAction\",\"target\":[\"https:\\\/\\\/blogdofarnesio.com.br\\\/2014\\\/03\\\/mutirao-de-limpeza-atua-no-parque-lagoa-do-calu\\\/\"]}]},{\"@type\":\"ImageObject\",\"inLanguage\":\"pt-BR\",\"@id\":\"https:\\\/\\\/blogdofarnesio.com.br\\\/2014\\\/03\\\/mutirao-de-limpeza-atua-no-parque-lagoa-do-calu\\\/#primaryimage\",\"url\":\"http:\\\/\\\/www.quersaberpolitica.com.br\\\/2016\\\/wp-content\\\/uploads\\\/2014\\\/03\\\/SAM_8449-300x225.jpg\",\"contentUrl\":\"http:\\\/\\\/www.quersaberpolitica.com.br\\\/2016\\\/wp-content\\\/uploads\\\/2014\\\/03\\\/SAM_8449-300x225.jpg\"},{\"@type\":\"BreadcrumbList\",\"@id\":\"https:\\\/\\\/blogdofarnesio.com.br\\\/2014\\\/03\\\/mutirao-de-limpeza-atua-no-parque-lagoa-do-calu\\\/#breadcrumb\",\"itemListElement\":[{\"@type\":\"ListItem\",\"position\":1,\"name\":\"In\u00edcio\",\"item\":\"https:\\\/\\\/blogdofarnesio.com.br\\\/\"},{\"@type\":\"ListItem\",\"position\":2,\"name\":\"MUTIR\u00c3O DE LIMPEZA ATUA NO PARQUE LAGOA DO CALU\"}]},{\"@type\":\"WebSite\",\"@id\":\"https:\\\/\\\/blogdofarnesio.com.br\\\/#website\",\"url\":\"https:\\\/\\\/blogdofarnesio.com.br\\\/\",\"name\":\"Blog do Farn\u00e9sio\",\"description\":\"Quer Saber Pol\u00edtica?\",\"publisher\":{\"@id\":\"https:\\\/\\\/blogdofarnesio.com.br\\\/#organization\"},\"potentialAction\":[{\"@type\":\"SearchAction\",\"target\":{\"@type\":\"EntryPoint\",\"urlTemplate\":\"https:\\\/\\\/blogdofarnesio.com.br\\\/?s={search_term_string}\"},\"query-input\":{\"@type\":\"PropertyValueSpecification\",\"valueRequired\":true,\"valueName\":\"search_term_string\"}}],\"inLanguage\":\"pt-BR\"},{\"@type\":\"Organization\",\"@id\":\"https:\\\/\\\/blogdofarnesio.com.br\\\/#organization\",\"name\":\"Blog do Farn\u00e9sio\",\"url\":\"https:\\\/\\\/blogdofarnesio.com.br\\\/\",\"logo\":{\"@type\":\"ImageObject\",\"inLanguage\":\"pt-BR\",\"@id\":\"https:\\\/\\\/blogdofarnesio.com.br\\\/#\\\/schema\\\/logo\\\/image\\\/\",\"url\":\"https:\\\/\\\/blogdofarnesio.com.br\\\/wp-content\\\/uploads\\\/2026\\\/03\\\/cropped-logo_new-1.png\",\"contentUrl\":\"https:\\\/\\\/blogdofarnesio.com.br\\\/wp-content\\\/uploads\\\/2026\\\/03\\\/cropped-logo_new-1.png\",\"width\":881,\"height\":685,\"caption\":\"Blog do Farn\u00e9sio\"},\"image\":{\"@id\":\"https:\\\/\\\/blogdofarnesio.com.br\\\/#\\\/schema\\\/logo\\\/image\\\/\"},\"sameAs\":[\"https:\\\/\\\/www.facebook.com\\\/BlogQuerSaberPolitica\\\/\"]},{\"@type\":\"Person\",\"@id\":\"https:\\\/\\\/blogdofarnesio.com.br\\\/#\\\/schema\\\/person\\\/dd1bf5eba40b687199ba45ca6b97dff9\",\"name\":\"teste\",\"image\":{\"@type\":\"ImageObject\",\"inLanguage\":\"pt-BR\",\"@id\":\"https:\\\/\\\/secure.gravatar.com\\\/avatar\\\/2172498d4914b51e1d89a0f97957b035ac4938723a5cac208135d389b6972a6d?s=96&d=mm&r=g\",\"url\":\"https:\\\/\\\/secure.gravatar.com\\\/avatar\\\/2172498d4914b51e1d89a0f97957b035ac4938723a5cac208135d389b6972a6d?s=96&d=mm&r=g\",\"contentUrl\":\"https:\\\/\\\/secure.gravatar.com\\\/avatar\\\/2172498d4914b51e1d89a0f97957b035ac4938723a5cac208135d389b6972a6d?s=96&d=mm&r=g\",\"caption\":\"teste\"},\"url\":\"https:\\\/\\\/blogdofarnesio.com.br\\\/author\\\/teste\\\/\"}]}<\/script>\n<!-- \/ Yoast SEO plugin. -->","yoast_head_json":{"title":"MUTIR\u00c3O DE LIMPEZA ATUA NO PARQUE LAGOA DO CALU - Blog do Farn\u00e9sio","robots":{"index":"index","follow":"follow","max-snippet":"max-snippet:-1","max-image-preview":"max-image-preview:large","max-video-preview":"max-video-preview:-1"},"canonical":"https:\/\/blogdofarnesio.com.br\/2014\/03\/mutirao-de-limpeza-atua-no-parque-lagoa-do-calu\/","og_locale":"pt_BR","og_type":"article","og_title":"MUTIR\u00c3O DE LIMPEZA ATUA NO PARQUE LAGOA DO CALU - Blog do Farn\u00e9sio","og_description":"Com o intuito de manter a cidade sempre limpa e bem cuidada, a Secretaria de Servi\u00e7os P\u00fablicos realiza constantemente mutir\u00f5es de limpeza em diversas localidades do munic\u00edpio. Agentes de limpeza deram inicio aos trabalhos de varri\u00e7\u00e3o, capina, ro\u00e7o, poda, e pintura de meio fio do Parque Lagoa de Calu, localizado no bairro Alto da Maravilha. A iniciativa garante a conserva\u00e7\u00e3o dos espa\u00e7os p\u00fablicos e o bem-estar da comunidade. De acordo com o gerente de Limpeza, Jorge Medrado, as a\u00e7\u00f5es de limpeza urbana s\u00e3o consecutivas. \u201cDiariamente agentes da Sesp est\u00e3o trabalhando em diferentes pontos da cidade a fim de manter a conserva\u00e7\u00e3o e limpeza das ruas, pra\u00e7as e avenidas\u201d, ressaltou Jorge, acrescentando que para a execu\u00e7\u00e3o dos servi\u00e7os, a Ger\u00eancia de&hellip;","og_url":"https:\/\/blogdofarnesio.com.br\/2014\/03\/mutirao-de-limpeza-atua-no-parque-lagoa-do-calu\/","og_site_name":"Blog do Farn\u00e9sio","article_publisher":"https:\/\/www.facebook.com\/BlogQuerSaberPolitica\/","article_published_time":"2014-03-20T19:23:46+00:00","og_image":[{"url":"http:\/\/www.quersaberpolitica.com.br\/2016\/wp-content\/uploads\/2014\/03\/SAM_8449-300x225.jpg","type":"","width":"","height":""}],"author":"teste","twitter_card":"summary_large_image","twitter_misc":{"Escrito por":"teste","Est. tempo de leitura":"2 minutos"},"schema":{"@context":"https:\/\/schema.org","@graph":[{"@type":"Article","@id":"https:\/\/blogdofarnesio.com.br\/2014\/03\/mutirao-de-limpeza-atua-no-parque-lagoa-do-calu\/#article","isPartOf":{"@id":"https:\/\/blogdofarnesio.com.br\/2014\/03\/mutirao-de-limpeza-atua-no-parque-lagoa-do-calu\/"},"author":{"name":"teste","@id":"https:\/\/blogdofarnesio.com.br\/#\/schema\/person\/dd1bf5eba40b687199ba45ca6b97dff9"},"headline":"MUTIR\u00c3O DE LIMPEZA ATUA NO PARQUE LAGOA DO CALU","datePublished":"2014-03-20T19:23:46+00:00","mainEntityOfPage":{"@id":"https:\/\/blogdofarnesio.com.br\/2014\/03\/mutirao-de-limpeza-atua-no-parque-lagoa-do-calu\/"},"wordCount":414,"commentCount":0,"publisher":{"@id":"https:\/\/blogdofarnesio.com.br\/#organization"},"image":{"@id":"https:\/\/blogdofarnesio.com.br\/2014\/03\/mutirao-de-limpeza-atua-no-parque-lagoa-do-calu\/#primaryimage"},"thumbnailUrl":"http:\/\/www.quersaberpolitica.com.br\/2016\/wp-content\/uploads\/2014\/03\/SAM_8449-300x225.jpg","articleSection":["Meio Ambiente"],"inLanguage":"pt-BR","potentialAction":[{"@type":"CommentAction","name":"Comment","target":["https:\/\/blogdofarnesio.com.br\/2014\/03\/mutirao-de-limpeza-atua-no-parque-lagoa-do-calu\/#respond"]}]},{"@type":"WebPage","@id":"https:\/\/blogdofarnesio.com.br\/2014\/03\/mutirao-de-limpeza-atua-no-parque-lagoa-do-calu\/","url":"https:\/\/blogdofarnesio.com.br\/2014\/03\/mutirao-de-limpeza-atua-no-parque-lagoa-do-calu\/","name":"MUTIR\u00c3O DE LIMPEZA ATUA NO PARQUE LAGOA DO CALU - Blog do Farn\u00e9sio","isPartOf":{"@id":"https:\/\/blogdofarnesio.com.br\/#website"},"primaryImageOfPage":{"@id":"https:\/\/blogdofarnesio.com.br\/2014\/03\/mutirao-de-limpeza-atua-no-parque-lagoa-do-calu\/#primaryimage"},"image":{"@id":"https:\/\/blogdofarnesio.com.br\/2014\/03\/mutirao-de-limpeza-atua-no-parque-lagoa-do-calu\/#primaryimage"},"thumbnailUrl":"http:\/\/www.quersaberpolitica.com.br\/2016\/wp-content\/uploads\/2014\/03\/SAM_8449-300x225.jpg","datePublished":"2014-03-20T19:23:46+00:00","breadcrumb":{"@id":"https:\/\/blogdofarnesio.com.br\/2014\/03\/mutirao-de-limpeza-atua-no-parque-lagoa-do-calu\/#breadcrumb"},"inLanguage":"pt-BR","potentialAction":[{"@type":"ReadAction","target":["https:\/\/blogdofarnesio.com.br\/2014\/03\/mutirao-de-limpeza-atua-no-parque-lagoa-do-calu\/"]}]},{"@type":"ImageObject","inLanguage":"pt-BR","@id":"https:\/\/blogdofarnesio.com.br\/2014\/03\/mutirao-de-limpeza-atua-no-parque-lagoa-do-calu\/#primaryimage","url":"http:\/\/www.quersaberpolitica.com.br\/2016\/wp-content\/uploads\/2014\/03\/SAM_8449-300x225.jpg","contentUrl":"http:\/\/www.quersaberpolitica.com.br\/2016\/wp-content\/uploads\/2014\/03\/SAM_8449-300x225.jpg"},{"@type":"BreadcrumbList","@id":"https:\/\/blogdofarnesio.com.br\/2014\/03\/mutirao-de-limpeza-atua-no-parque-lagoa-do-calu\/#breadcrumb","itemListElement":[{"@type":"ListItem","position":1,"name":"In\u00edcio","item":"https:\/\/blogdofarnesio.com.br\/"},{"@type":"ListItem","position":2,"name":"MUTIR\u00c3O DE LIMPEZA ATUA NO PARQUE LAGOA DO CALU"}]},{"@type":"WebSite","@id":"https:\/\/blogdofarnesio.com.br\/#website","url":"https:\/\/blogdofarnesio.com.br\/","name":"Blog do Farn\u00e9sio","description":"Quer Saber Pol\u00edtica?","publisher":{"@id":"https:\/\/blogdofarnesio.com.br\/#organization"},"potentialAction":[{"@type":"SearchAction","target":{"@type":"EntryPoint","urlTemplate":"https:\/\/blogdofarnesio.com.br\/?s={search_term_string}"},"query-input":{"@type":"PropertyValueSpecification","valueRequired":true,"valueName":"search_term_string"}}],"inLanguage":"pt-BR"},{"@type":"Organization","@id":"https:\/\/blogdofarnesio.com.br\/#organization","name":"Blog do Farn\u00e9sio","url":"https:\/\/blogdofarnesio.com.br\/","logo":{"@type":"ImageObject","inLanguage":"pt-BR","@id":"https:\/\/blogdofarnesio.com.br\/#\/schema\/logo\/image\/","url":"https:\/\/blogdofarnesio.com.br\/wp-content\/uploads\/2026\/03\/cropped-logo_new-1.png","contentUrl":"https:\/\/blogdofarnesio.com.br\/wp-content\/uploads\/2026\/03\/cropped-logo_new-1.png","width":881,"height":685,"caption":"Blog do Farn\u00e9sio"},"image":{"@id":"https:\/\/blogdofarnesio.com.br\/#\/schema\/logo\/image\/"},"sameAs":["https:\/\/www.facebook.com\/BlogQuerSaberPolitica\/"]},{"@type":"Person","@id":"https:\/\/blogdofarnesio.com.br\/#\/schema\/person\/dd1bf5eba40b687199ba45ca6b97dff9","name":"teste","image":{"@type":"ImageObject","inLanguage":"pt-BR","@id":"https:\/\/secure.gravatar.com\/avatar\/2172498d4914b51e1d89a0f97957b035ac4938723a5cac208135d389b6972a6d?s=96&d=mm&r=g","url":"https:\/\/secure.gravatar.com\/avatar\/2172498d4914b51e1d89a0f97957b035ac4938723a5cac208135d389b6972a6d?s=96&d=mm&r=g","contentUrl":"https:\/\/secure.gravatar.com\/avatar\/2172498d4914b51e1d89a0f97957b035ac4938723a5cac208135d389b6972a6d?s=96&d=mm&r=g","caption":"teste"},"url":"https:\/\/blogdofarnesio.com.br\/author\/teste\/"}]}},"_links":{"self":[{"href":"https:\/\/blogdofarnesio.com.br\/wp-json\/wp\/v2\/posts\/76712","targetHints":{"allow":["GET"]}}],"collection":[{"href":"https:\/\/blogdofarnesio.com.br\/wp-json\/wp\/v2\/posts"}],"about":[{"href":"https:\/\/blogdofarnesio.com.br\/wp-json\/wp\/v2\/types\/post"}],"author":[{"embeddable":true,"href":"https:\/\/blogdofarnesio.com.br\/wp-json\/wp\/v2\/users\/3"}],"replies":[{"embeddable":true,"href":"https:\/\/blogdofarnesio.com.br\/wp-json\/wp\/v2\/comments?post=76712"}],"version-history":[{"count":0,"href":"https:\/\/blogdofarnesio.com.br\/wp-json\/wp\/v2\/posts\/76712\/revisions"}],"wp:attachment":[{"href":"https:\/\/blogdofarnesio.com.br\/wp-json\/wp\/v2\/media?parent=76712"}],"wp:term":[{"taxonomy":"category","embeddable":true,"href":"https:\/\/blogdofarnesio.com.br\/wp-json\/wp\/v2\/categories?post=76712"},{"taxonomy":"post_tag","embeddable":true,"href":"https:\/\/blogdofarnesio.com.br\/wp-json\/wp\/v2\/tags?post=76712"}],"curies":[{"name":"wp","href":"https:\/\/api.w.org\/{rel}","templated":true}]}}