{"id":7643,"date":"2011-10-24T09:31:01","date_gmt":"2011-10-24T09:31:01","guid":{"rendered":"http:\/\/www.quersaberpolitica.com.br?p=7643"},"modified":"2011-10-24T10:05:37","modified_gmt":"2011-10-24T10:05:37","slug":"estao-prorrogadas-as-inscricoes-para-o-festival-vale-curtas-ate-o-dia-28-de-outubro","status":"publish","type":"post","link":"https:\/\/blogdofarnesio.com.br\/?p=7643","title":{"rendered":"Est\u00e3o prorrogadas as inscri\u00e7\u00f5es para o Festival Vale Curtas at\u00e9 o dia 28 de outubro"},"content":{"rendered":"<p><span><a rel=\"lightbox\" href=\"http:\/\/www.quersaberpolitica.com.br\/2016\/wp-content\/uploads\/2012\/12\/blogqspvalecurtaseadiado.jpg\"><img loading=\"lazy\" decoding=\"async\" style=\"float: right; margin-top: 5px; margin-bottom: 5px; margin-left: 10px; margin-right: 10px;\" title=\"Imagem Divulga&ccedil;&atilde;o\" src=\"http:\/\/www.quersaberpolitica.com.br\/2016\/wp-content\/uploads\/2012\/12\/blogqspvalecurtaseadiado.jpg\" alt=\"\" width=\"200\" height=\"133\" \/><\/a><\/span><\/p>\n<p style=\"text-align: justify;\"><span style=\"font-size: small;\">A coordena&ccedil;&atilde;o da 5&ordf; edi&ccedil;&atilde;o do Vale Curtas &#8211; Festival Nacional de Curtas Metragens do Vale do S&atilde;o Francisco, que vai acontecer em Petrolina-PE e Juazeiro-BA entre os dias 25 de novembro e 03 de dezembro pr&oacute;ximos,est&aacute; prorrogando o prazo para as inscri&ccedil;&otilde;es at&eacute; o pr&oacute;ximo dia 28 de outubro. A medida, que foi tomada principalmente devido a grave dos correios, que durou 28 dias e foi encerrada no &uacute;ltimo dia 13 de outubro, visa atender aos concorrentes, que ap&oacute;s preencher o formul&aacute;rio atrav&eacute;s do site <a href=\"http:\/\/www.valecurtas.com.br\/\">www.valecurtas.com.br<\/a>, devem enviar os documentos para: Associa&ccedil;&atilde;o Ra&iacute;zes, Rua Jos&eacute; Fernandes Teixeira,247-Bairro S&atilde;o Jos&eacute; &#8211; Petrolina-PE-CEP: 56.302-510.<\/span><\/p>\n<p style=\"text-align: justify;\"><span style=\"font-size: small;\">Segundo o coordenador da 5&ordf; edi&ccedil;&atilde;o do Vale Curtas, Chico Eg&iacute;dio o festival vai premiar os realizadores com R$ 15 mil em duas seletivas: mostra competitiva nacional e a &nbsp;mostra competitiva regional. Os interessados dever&atilde;o apresentar, ficha de inscri&ccedil;&atilde;o devidamente preenchida, inclusive com classifica&ccedil;&atilde;o et&aacute;ria do filme (dispon&iacute;vel no site) e assinada;1 (uma) c&oacute;pia do v&iacute;deo\/filme em DVD (NTSC) com dura&ccedil;&atilde;o de at&eacute; 15 minutos em perfeitas condi&ccedil;&otilde;es t&eacute;cnicas de exibi&ccedil;&atilde;o; sinopse; material de divulga&ccedil;&atilde;o (opcional): release, fotos de cena e\/ou do autor, em CD-R devidamente identificados; curr&iacute;culo resumido do realizador; rela&ccedil;&atilde;o dos festivais ou mostras em que o filme concorreu ou foi premiado (opcional). S&oacute; ser&atilde;o aceitos curtas metragens produzidos a partir de 2009, e que n&atilde;o tenham sido selecionados em edi&ccedil;&otilde;es anteriores do festival. O remetente de cada filme ser&aacute; respons&aacute;vel pelas despesas de envio do material de inscri&ccedil;&atilde;o.<\/span><\/p>\n<p style=\"text-align: justify;\"><span style=\"font-size: small;\">O Vale Curtas, que foi criado em 2008 e j&aacute; &eacute; considerado um dos mais importantes acontecimentos cinematogr&aacute;ficos do interior do Nordeste, conta esse ano com o apoio da Fundarpe, Secretaria de Cultura do Governo de Pernambuco, selecionado no edital do Audiovisual\/FUNCULTURA. A divulga&ccedil;&atilde;o dos selecionados ser&aacute; feita at&eacute; o dia 21 de Novembro de 2011 pelos realizadores do evento- Associa&ccedil;&atilde;o Cultural Art&iacute;stica e Social Ra&iacute;zes &nbsp;e Alegria Alegria Produ&ccedil;&otilde;es.<\/span><\/p>\n<p style=\"text-align: justify;\"><span style=\"font-size: small;\">(Clas Marketing)<\/span><\/p>\n","protected":false},"excerpt":{"rendered":"<p>A coordena&ccedil;&atilde;o da 5&ordf; edi&ccedil;&atilde;o do Vale Curtas &#8211; Festival Nacional de Curtas Metragens do Vale do S&atilde;o Francisco, que vai acontecer em Petrolina-PE e Juazeiro-BA entre os dias 25 de novembro e 03 de dezembro pr&oacute;ximos,est&aacute; prorrogando o prazo para as inscri&ccedil;&otilde;es at&eacute; o pr&oacute;ximo dia 28 de outubro. A medida, que foi tomada principalmente devido a grave dos correios, que durou 28 dias e foi encerrada no &uacute;ltimo dia 13 de outubro, visa atender aos concorrentes, que ap&oacute;s preencher o formul&aacute;rio atrav&eacute;s do site www.valecurtas.com.br, devem enviar os documentos para: Associa&ccedil;&atilde;o Ra&iacute;zes, Rua Jos&eacute; Fernandes Teixeira,247-Bairro S&atilde;o Jos&eacute; &#8211; Petrolina-PE-CEP: 56.302-510. Segundo o coordenador da 5&ordf; edi&ccedil;&atilde;o do Vale Curtas, Chico Eg&iacute;dio o festival vai premiar os realizadores&hellip; <\/p>\n","protected":false},"author":0,"featured_media":0,"comment_status":"open","ping_status":"open","sticky":false,"template":"","format":"standard","meta":{"_acf_changed":false,"footnotes":""},"categories":[],"tags":[],"class_list":["post-7643","post","type-post","status-publish","format-standard","hentry"],"acf":[],"yoast_head":"<!-- This site is optimized with the Yoast SEO plugin v27.4 - https:\/\/yoast.com\/product\/yoast-seo-wordpress\/ -->\n<title>Est\u00e3o prorrogadas as inscri\u00e7\u00f5es para o Festival Vale Curtas at\u00e9 o dia 28 de outubro - Blog do Farn\u00e9sio<\/title>\n<meta name=\"robots\" content=\"index, follow, max-snippet:-1, max-image-preview:large, max-video-preview:-1\" \/>\n<link rel=\"canonical\" href=\"http:\/\/blogdofarnesio.com.br\/?p=7643\" \/>\n<meta property=\"og:locale\" content=\"pt_BR\" \/>\n<meta property=\"og:type\" content=\"article\" \/>\n<meta property=\"og:title\" content=\"Est\u00e3o prorrogadas as inscri\u00e7\u00f5es para o Festival Vale Curtas at\u00e9 o dia 28 de outubro - Blog do Farn\u00e9sio\" \/>\n<meta property=\"og:description\" content=\"A coordena&ccedil;&atilde;o da 5&ordf; edi&ccedil;&atilde;o do Vale Curtas &#8211; Festival Nacional de Curtas Metragens do Vale do S&atilde;o Francisco, que vai acontecer em Petrolina-PE e Juazeiro-BA entre os dias 25 de novembro e 03 de dezembro pr&oacute;ximos,est&aacute; prorrogando o prazo para as inscri&ccedil;&otilde;es at&eacute; o pr&oacute;ximo dia 28 de outubro. A medida, que foi tomada principalmente devido a grave dos correios, que durou 28 dias e foi encerrada no &uacute;ltimo dia 13 de outubro, visa atender aos concorrentes, que ap&oacute;s preencher o formul&aacute;rio atrav&eacute;s do site www.valecurtas.com.br, devem enviar os documentos para: Associa&ccedil;&atilde;o Ra&iacute;zes, Rua Jos&eacute; Fernandes Teixeira,247-Bairro S&atilde;o Jos&eacute; &#8211; Petrolina-PE-CEP: 56.302-510. Segundo o coordenador da 5&ordf; edi&ccedil;&atilde;o do Vale Curtas, Chico Eg&iacute;dio o festival vai premiar os realizadores&hellip;\" \/>\n<meta property=\"og:url\" content=\"http:\/\/blogdofarnesio.com.br\/?p=7643\" \/>\n<meta property=\"og:site_name\" content=\"Blog do Farn\u00e9sio\" \/>\n<meta property=\"article:publisher\" content=\"https:\/\/www.facebook.com\/BlogQuerSaberPolitica\/\" \/>\n<meta property=\"article:published_time\" content=\"2011-10-24T09:31:01+00:00\" \/>\n<meta property=\"article:modified_time\" content=\"2011-10-24T10:05:37+00:00\" \/>\n<meta property=\"og:image\" content=\"http:\/\/www.quersaberpolitica.com.br\/2016\/wp-content\/uploads\/2012\/12\/blogqspvalecurtaseadiado.jpg\" \/>\n<meta name=\"twitter:card\" content=\"summary_large_image\" \/>\n<meta name=\"twitter:label1\" content=\"Est. tempo de leitura\" \/>\n\t<meta name=\"twitter:data1\" content=\"2 minutos\" \/>\n<script type=\"application\/ld+json\" class=\"yoast-schema-graph\">{\"@context\":\"https:\\\/\\\/schema.org\",\"@graph\":[{\"@type\":\"Article\",\"@id\":\"http:\\\/\\\/blogdofarnesio.com.br\\\/?p=7643#article\",\"isPartOf\":{\"@id\":\"http:\\\/\\\/blogdofarnesio.com.br\\\/?p=7643\"},\"author\":{\"name\":\"\",\"@id\":\"\"},\"headline\":\"Est\u00e3o prorrogadas as inscri\u00e7\u00f5es para o Festival Vale Curtas at\u00e9 o dia 28 de outubro\",\"datePublished\":\"2011-10-24T09:31:01+00:00\",\"dateModified\":\"2011-10-24T10:05:37+00:00\",\"mainEntityOfPage\":{\"@id\":\"http:\\\/\\\/blogdofarnesio.com.br\\\/?p=7643\"},\"wordCount\":437,\"commentCount\":0,\"publisher\":{\"@id\":\"https:\\\/\\\/blogdofarnesio.com.br\\\/#organization\"},\"image\":{\"@id\":\"http:\\\/\\\/blogdofarnesio.com.br\\\/?p=7643#primaryimage\"},\"thumbnailUrl\":\"http:\\\/\\\/www.quersaberpolitica.com.br\\\/2016\\\/wp-content\\\/uploads\\\/2012\\\/12\\\/blogqspvalecurtaseadiado.jpg\",\"inLanguage\":\"pt-BR\",\"potentialAction\":[{\"@type\":\"CommentAction\",\"name\":\"Comment\",\"target\":[\"http:\\\/\\\/blogdofarnesio.com.br\\\/?p=7643#respond\"]}]},{\"@type\":\"WebPage\",\"@id\":\"http:\\\/\\\/blogdofarnesio.com.br\\\/?p=7643\",\"url\":\"http:\\\/\\\/blogdofarnesio.com.br\\\/?p=7643\",\"name\":\"Est\u00e3o prorrogadas as inscri\u00e7\u00f5es para o Festival Vale Curtas at\u00e9 o dia 28 de outubro - Blog do Farn\u00e9sio\",\"isPartOf\":{\"@id\":\"https:\\\/\\\/blogdofarnesio.com.br\\\/#website\"},\"primaryImageOfPage\":{\"@id\":\"http:\\\/\\\/blogdofarnesio.com.br\\\/?p=7643#primaryimage\"},\"image\":{\"@id\":\"http:\\\/\\\/blogdofarnesio.com.br\\\/?p=7643#primaryimage\"},\"thumbnailUrl\":\"http:\\\/\\\/www.quersaberpolitica.com.br\\\/2016\\\/wp-content\\\/uploads\\\/2012\\\/12\\\/blogqspvalecurtaseadiado.jpg\",\"datePublished\":\"2011-10-24T09:31:01+00:00\",\"dateModified\":\"2011-10-24T10:05:37+00:00\",\"breadcrumb\":{\"@id\":\"http:\\\/\\\/blogdofarnesio.com.br\\\/?p=7643#breadcrumb\"},\"inLanguage\":\"pt-BR\",\"potentialAction\":[{\"@type\":\"ReadAction\",\"target\":[\"http:\\\/\\\/blogdofarnesio.com.br\\\/?p=7643\"]}]},{\"@type\":\"ImageObject\",\"inLanguage\":\"pt-BR\",\"@id\":\"http:\\\/\\\/blogdofarnesio.com.br\\\/?p=7643#primaryimage\",\"url\":\"http:\\\/\\\/www.quersaberpolitica.com.br\\\/2016\\\/wp-content\\\/uploads\\\/2012\\\/12\\\/blogqspvalecurtaseadiado.jpg\",\"contentUrl\":\"http:\\\/\\\/www.quersaberpolitica.com.br\\\/2016\\\/wp-content\\\/uploads\\\/2012\\\/12\\\/blogqspvalecurtaseadiado.jpg\"},{\"@type\":\"BreadcrumbList\",\"@id\":\"http:\\\/\\\/blogdofarnesio.com.br\\\/?p=7643#breadcrumb\",\"itemListElement\":[{\"@type\":\"ListItem\",\"position\":1,\"name\":\"In\u00edcio\",\"item\":\"https:\\\/\\\/blogdofarnesio.com.br\\\/\"},{\"@type\":\"ListItem\",\"position\":2,\"name\":\"Est\u00e3o prorrogadas as inscri\u00e7\u00f5es para o Festival Vale Curtas at\u00e9 o dia 28 de outubro\"}]},{\"@type\":\"WebSite\",\"@id\":\"https:\\\/\\\/blogdofarnesio.com.br\\\/#website\",\"url\":\"https:\\\/\\\/blogdofarnesio.com.br\\\/\",\"name\":\"Blog do Farn\u00e9sio\",\"description\":\"Quer Saber Pol\u00edtica?\",\"publisher\":{\"@id\":\"https:\\\/\\\/blogdofarnesio.com.br\\\/#organization\"},\"potentialAction\":[{\"@type\":\"SearchAction\",\"target\":{\"@type\":\"EntryPoint\",\"urlTemplate\":\"https:\\\/\\\/blogdofarnesio.com.br\\\/?s={search_term_string}\"},\"query-input\":{\"@type\":\"PropertyValueSpecification\",\"valueRequired\":true,\"valueName\":\"search_term_string\"}}],\"inLanguage\":\"pt-BR\"},{\"@type\":\"Organization\",\"@id\":\"https:\\\/\\\/blogdofarnesio.com.br\\\/#organization\",\"name\":\"Blog do Farn\u00e9sio\",\"url\":\"https:\\\/\\\/blogdofarnesio.com.br\\\/\",\"logo\":{\"@type\":\"ImageObject\",\"inLanguage\":\"pt-BR\",\"@id\":\"https:\\\/\\\/blogdofarnesio.com.br\\\/#\\\/schema\\\/logo\\\/image\\\/\",\"url\":\"https:\\\/\\\/blogdofarnesio.com.br\\\/wp-content\\\/uploads\\\/2026\\\/03\\\/cropped-logo_new-1.png\",\"contentUrl\":\"https:\\\/\\\/blogdofarnesio.com.br\\\/wp-content\\\/uploads\\\/2026\\\/03\\\/cropped-logo_new-1.png\",\"width\":881,\"height\":685,\"caption\":\"Blog do Farn\u00e9sio\"},\"image\":{\"@id\":\"https:\\\/\\\/blogdofarnesio.com.br\\\/#\\\/schema\\\/logo\\\/image\\\/\"},\"sameAs\":[\"https:\\\/\\\/www.facebook.com\\\/BlogQuerSaberPolitica\\\/\"]}]}<\/script>\n<!-- \/ Yoast SEO plugin. -->","yoast_head_json":{"title":"Est\u00e3o prorrogadas as inscri\u00e7\u00f5es para o Festival Vale Curtas at\u00e9 o dia 28 de outubro - Blog do Farn\u00e9sio","robots":{"index":"index","follow":"follow","max-snippet":"max-snippet:-1","max-image-preview":"max-image-preview:large","max-video-preview":"max-video-preview:-1"},"canonical":"http:\/\/blogdofarnesio.com.br\/?p=7643","og_locale":"pt_BR","og_type":"article","og_title":"Est\u00e3o prorrogadas as inscri\u00e7\u00f5es para o Festival Vale Curtas at\u00e9 o dia 28 de outubro - Blog do Farn\u00e9sio","og_description":"A coordena&ccedil;&atilde;o da 5&ordf; edi&ccedil;&atilde;o do Vale Curtas &#8211; Festival Nacional de Curtas Metragens do Vale do S&atilde;o Francisco, que vai acontecer em Petrolina-PE e Juazeiro-BA entre os dias 25 de novembro e 03 de dezembro pr&oacute;ximos,est&aacute; prorrogando o prazo para as inscri&ccedil;&otilde;es at&eacute; o pr&oacute;ximo dia 28 de outubro. A medida, que foi tomada principalmente devido a grave dos correios, que durou 28 dias e foi encerrada no &uacute;ltimo dia 13 de outubro, visa atender aos concorrentes, que ap&oacute;s preencher o formul&aacute;rio atrav&eacute;s do site www.valecurtas.com.br, devem enviar os documentos para: Associa&ccedil;&atilde;o Ra&iacute;zes, Rua Jos&eacute; Fernandes Teixeira,247-Bairro S&atilde;o Jos&eacute; &#8211; Petrolina-PE-CEP: 56.302-510. Segundo o coordenador da 5&ordf; edi&ccedil;&atilde;o do Vale Curtas, Chico Eg&iacute;dio o festival vai premiar os realizadores&hellip;","og_url":"http:\/\/blogdofarnesio.com.br\/?p=7643","og_site_name":"Blog do Farn\u00e9sio","article_publisher":"https:\/\/www.facebook.com\/BlogQuerSaberPolitica\/","article_published_time":"2011-10-24T09:31:01+00:00","article_modified_time":"2011-10-24T10:05:37+00:00","og_image":[{"url":"http:\/\/www.quersaberpolitica.com.br\/2016\/wp-content\/uploads\/2012\/12\/blogqspvalecurtaseadiado.jpg","type":"","width":"","height":""}],"twitter_card":"summary_large_image","twitter_misc":{"Est. tempo de leitura":"2 minutos"},"schema":{"@context":"https:\/\/schema.org","@graph":[{"@type":"Article","@id":"http:\/\/blogdofarnesio.com.br\/?p=7643#article","isPartOf":{"@id":"http:\/\/blogdofarnesio.com.br\/?p=7643"},"author":{"name":"","@id":""},"headline":"Est\u00e3o prorrogadas as inscri\u00e7\u00f5es para o Festival Vale Curtas at\u00e9 o dia 28 de outubro","datePublished":"2011-10-24T09:31:01+00:00","dateModified":"2011-10-24T10:05:37+00:00","mainEntityOfPage":{"@id":"http:\/\/blogdofarnesio.com.br\/?p=7643"},"wordCount":437,"commentCount":0,"publisher":{"@id":"https:\/\/blogdofarnesio.com.br\/#organization"},"image":{"@id":"http:\/\/blogdofarnesio.com.br\/?p=7643#primaryimage"},"thumbnailUrl":"http:\/\/www.quersaberpolitica.com.br\/2016\/wp-content\/uploads\/2012\/12\/blogqspvalecurtaseadiado.jpg","inLanguage":"pt-BR","potentialAction":[{"@type":"CommentAction","name":"Comment","target":["http:\/\/blogdofarnesio.com.br\/?p=7643#respond"]}]},{"@type":"WebPage","@id":"http:\/\/blogdofarnesio.com.br\/?p=7643","url":"http:\/\/blogdofarnesio.com.br\/?p=7643","name":"Est\u00e3o prorrogadas as inscri\u00e7\u00f5es para o Festival Vale Curtas at\u00e9 o dia 28 de outubro - Blog do Farn\u00e9sio","isPartOf":{"@id":"https:\/\/blogdofarnesio.com.br\/#website"},"primaryImageOfPage":{"@id":"http:\/\/blogdofarnesio.com.br\/?p=7643#primaryimage"},"image":{"@id":"http:\/\/blogdofarnesio.com.br\/?p=7643#primaryimage"},"thumbnailUrl":"http:\/\/www.quersaberpolitica.com.br\/2016\/wp-content\/uploads\/2012\/12\/blogqspvalecurtaseadiado.jpg","datePublished":"2011-10-24T09:31:01+00:00","dateModified":"2011-10-24T10:05:37+00:00","breadcrumb":{"@id":"http:\/\/blogdofarnesio.com.br\/?p=7643#breadcrumb"},"inLanguage":"pt-BR","potentialAction":[{"@type":"ReadAction","target":["http:\/\/blogdofarnesio.com.br\/?p=7643"]}]},{"@type":"ImageObject","inLanguage":"pt-BR","@id":"http:\/\/blogdofarnesio.com.br\/?p=7643#primaryimage","url":"http:\/\/www.quersaberpolitica.com.br\/2016\/wp-content\/uploads\/2012\/12\/blogqspvalecurtaseadiado.jpg","contentUrl":"http:\/\/www.quersaberpolitica.com.br\/2016\/wp-content\/uploads\/2012\/12\/blogqspvalecurtaseadiado.jpg"},{"@type":"BreadcrumbList","@id":"http:\/\/blogdofarnesio.com.br\/?p=7643#breadcrumb","itemListElement":[{"@type":"ListItem","position":1,"name":"In\u00edcio","item":"https:\/\/blogdofarnesio.com.br\/"},{"@type":"ListItem","position":2,"name":"Est\u00e3o prorrogadas as inscri\u00e7\u00f5es para o Festival Vale Curtas at\u00e9 o dia 28 de outubro"}]},{"@type":"WebSite","@id":"https:\/\/blogdofarnesio.com.br\/#website","url":"https:\/\/blogdofarnesio.com.br\/","name":"Blog do Farn\u00e9sio","description":"Quer Saber Pol\u00edtica?","publisher":{"@id":"https:\/\/blogdofarnesio.com.br\/#organization"},"potentialAction":[{"@type":"SearchAction","target":{"@type":"EntryPoint","urlTemplate":"https:\/\/blogdofarnesio.com.br\/?s={search_term_string}"},"query-input":{"@type":"PropertyValueSpecification","valueRequired":true,"valueName":"search_term_string"}}],"inLanguage":"pt-BR"},{"@type":"Organization","@id":"https:\/\/blogdofarnesio.com.br\/#organization","name":"Blog do Farn\u00e9sio","url":"https:\/\/blogdofarnesio.com.br\/","logo":{"@type":"ImageObject","inLanguage":"pt-BR","@id":"https:\/\/blogdofarnesio.com.br\/#\/schema\/logo\/image\/","url":"https:\/\/blogdofarnesio.com.br\/wp-content\/uploads\/2026\/03\/cropped-logo_new-1.png","contentUrl":"https:\/\/blogdofarnesio.com.br\/wp-content\/uploads\/2026\/03\/cropped-logo_new-1.png","width":881,"height":685,"caption":"Blog do Farn\u00e9sio"},"image":{"@id":"https:\/\/blogdofarnesio.com.br\/#\/schema\/logo\/image\/"},"sameAs":["https:\/\/www.facebook.com\/BlogQuerSaberPolitica\/"]}]}},"_links":{"self":[{"href":"https:\/\/blogdofarnesio.com.br\/index.php?rest_route=\/wp\/v2\/posts\/7643","targetHints":{"allow":["GET"]}}],"collection":[{"href":"https:\/\/blogdofarnesio.com.br\/index.php?rest_route=\/wp\/v2\/posts"}],"about":[{"href":"https:\/\/blogdofarnesio.com.br\/index.php?rest_route=\/wp\/v2\/types\/post"}],"replies":[{"embeddable":true,"href":"https:\/\/blogdofarnesio.com.br\/index.php?rest_route=%2Fwp%2Fv2%2Fcomments&post=7643"}],"version-history":[{"count":0,"href":"https:\/\/blogdofarnesio.com.br\/index.php?rest_route=\/wp\/v2\/posts\/7643\/revisions"}],"wp:attachment":[{"href":"https:\/\/blogdofarnesio.com.br\/index.php?rest_route=%2Fwp%2Fv2%2Fmedia&parent=7643"}],"wp:term":[{"taxonomy":"category","embeddable":true,"href":"https:\/\/blogdofarnesio.com.br\/index.php?rest_route=%2Fwp%2Fv2%2Fcategories&post=7643"},{"taxonomy":"post_tag","embeddable":true,"href":"https:\/\/blogdofarnesio.com.br\/index.php?rest_route=%2Fwp%2Fv2%2Ftags&post=7643"}],"curies":[{"name":"wp","href":"https:\/\/api.w.org\/{rel}","templated":true}]}}