{"id":76328,"date":"2014-03-17T13:02:24","date_gmt":"2014-03-17T16:02:24","guid":{"rendered":"http:\/\/www.quersaberpolitica.com.br\/?p=76328"},"modified":"2014-03-17T09:04:29","modified_gmt":"2014-03-17T12:04:29","slug":"congresso-decide-esta-semana-se-mantem-veto-ao-projeto-que-pode-criar-400-cidades","status":"publish","type":"post","link":"https:\/\/blogdofarnesio.com.br\/?p=76328","title":{"rendered":"CONGRESSO DECIDE ESTA SEMANA SE MANT\u00c9M VETO AO PROJETO QUE PODE CRIAR 400 CIDADES"},"content":{"rendered":"<div>\n<h2><a href=\"http:\/\/www.quersaberpolitica.com.br\/2016\/wp-content\/uploads\/2013\/04\/blogqspbrasilia.jpg\"><img loading=\"lazy\" decoding=\"async\" class=\"alignleft size-medium wp-image-37001\" alt=\"blogqspbrasilia\" src=\"http:\/\/www.quersaberpolitica.com.br\/2016\/wp-content\/uploads\/2013\/04\/blogqspbrasilia-300x221.jpg\" width=\"300\" height=\"221\" srcset=\"https:\/\/blogdofarnesio.com.br\/wp-content\/uploads\/2013\/04\/blogqspbrasilia-300x221.jpg 300w, https:\/\/blogdofarnesio.com.br\/wp-content\/uploads\/2013\/04\/blogqspbrasilia.jpg 380w\" sizes=\"auto, (max-width: 300px) 100vw, 300px\" \/><\/a><\/h2>\n<\/div>\n<div>\n<p style=\"text-align: justify\">Ag\u00eancia Brasil \u2013 O Congresso Nacional decide, em sess\u00e3o conjunta da C\u00e2mara e do Senado, na pr\u00f3xima ter\u00e7a-feira (18), se mant\u00e9m 12 vetos da presidenta Dilma Rousseff a projetos de lei aprovados pelo Parlamento no ano de 2013.<\/p>\n<p style=\"text-align: justify\">O ponto mais pol\u00eamico \u00e9 sobre o texto que facilita a cria\u00e7\u00e3o de novos munic\u00edpios, vetado integralmente sob o argumento de que a nova lei aumentaria as despesas p\u00fablicas. O governo teme que quase 400 munic\u00edpios sejam criados a partir das novas regras.<\/p>\n<p style=\"text-align: justify\">Em fevereiro, na primeira sess\u00e3o conjunta do Congresso, os parlamentares n\u00e3o conseguiram chegar a uma acordo sobre os vetos.\u00a0 Pouco antes da abertura da sess\u00e3o, houve tumulto quando manifestantes municipalistas que queriam acompanhar a sess\u00e3o das galerias do plen\u00e1rio foram barrados pela Pol\u00edcia Legislativa. Com receio de que o veto fosse mantido, devido ao pequeno n\u00famero de senadores presentes na sess\u00e3o,\u00a0<a href=\"http:\/\/agenciabrasil.ebc.com.br\/politica\/noticia\/2014-02\/sessao-do-congresso-e-adiada-e-vetos-nao-sao-apreciados\" target=\"_blank\">os parlamentares decidiram adiar a vota\u00e7\u00e3o<\/a>.<!--more--><\/p>\n<p>J\u00e1 o governo, ante a possibilidade de ter o veto presidencial derrubado, acenou com a possibilidade de apresentar uma proposta alternativa ao projeto de cria\u00e7\u00e3o de munic\u00edpios. A ministra das Rela\u00e7\u00f5es Institucionais, Ideli Salvatti, e o l\u00edder do PT no Senado, Humberto Costa (PT-PE), entraram em campo para acalmar o \u00e2nimo dos parlamentares.<\/p>\n<p>A proposta em negocia\u00e7\u00e3o, segundo Costa, \u00e9 manter o veto da presidenta Dilma Rousseff sobre o projeto que j\u00e1 foi aprovado e que facilitava a cria\u00e7\u00e3o de munic\u00edpios,\u00a0<a href=\"http:\/\/agenciabrasil.ebc.com.br\/politica\/noticia\/2014-02\/lider-do-pt-defende-manutencao-de-veto-e-novo-projeto-sobre-criacao-de\" target=\"_blank\">para discutir o assunto em outro texto<\/a>\u00a0a ser apresentado ao Legislativo. O texto vetado tramitou mais de dez anos no Congresso.<\/p>\n<p>O autor da proposta, senador Mozarildo Cavalcante (PTB-RR), garante que, pelos estudos feitos, o n\u00famero de munic\u00edpios criados n\u00e3o passar\u00e1 de 180 e as despesas n\u00e3o ser\u00e3o elevadas. Segundo ele, boa parte das despesas ser\u00e1 coberta pelo Fundo de Participa\u00e7\u00e3o dos Munic\u00edpios (FPM), que ter\u00e1 que ser apenas redistribu\u00eddo.<\/p>\n<p>Al\u00e9m do veto integral ao projeto de cria\u00e7\u00e3o de munic\u00edpios, o Planalto tamb\u00e9m est\u00e1 negociando a manuten\u00e7\u00e3o de mais dois vetos totais e um parcial. A inten\u00e7\u00e3o do governo \u00e9 confirmar o veto ao Projeto de Lei da C\u00e2mara (PLC) 105\/2012 que regula o exerc\u00edcio da atividade de condu\u00e7\u00e3o de ve\u00edculos de emerg\u00eancia, como ambul\u00e2ncias, e o PLC 31\/2012, que obriga a implanta\u00e7\u00e3o de faixas, passarelas ou passagens subterr\u00e2neas para a travessia de pedestres nas proximidades de estabelecimentos de ensino. A justificativa para o veto total foi a possibilidade de a medida aumentar as despesas dos governos locais e n\u00e3o considerar o interesse da popula\u00e7\u00e3o.<\/p>\n<p>O veto parcial foi feito ao PLC 01\/2013, que define e qualifica as institui\u00e7\u00f5es comunit\u00e1rias de educa\u00e7\u00e3o superior. O governo diz que, em partes do texto, os parlamentares definiram crit\u00e9rios que desestimulam a cria\u00e7\u00e3o de outras institui\u00e7\u00f5es e podem prejudicar a rede p\u00fablica federal de educa\u00e7\u00e3o superior.<\/p>\n<\/div>\n","protected":false},"excerpt":{"rendered":"<p>Ag\u00eancia Brasil \u2013 O Congresso Nacional decide, em sess\u00e3o conjunta da C\u00e2mara e do Senado, na pr\u00f3xima ter\u00e7a-feira (18), se mant\u00e9m 12 vetos da presidenta Dilma Rousseff a projetos de lei aprovados pelo Parlamento no ano de 2013. O ponto mais pol\u00eamico \u00e9 sobre o texto que facilita a cria\u00e7\u00e3o de novos munic\u00edpios, vetado integralmente sob o argumento de que a nova lei aumentaria as despesas p\u00fablicas. O governo teme que quase 400 munic\u00edpios sejam criados a partir das novas regras. Em fevereiro, na primeira sess\u00e3o conjunta do Congresso, os parlamentares n\u00e3o conseguiram chegar a uma acordo sobre os vetos.\u00a0 Pouco antes da abertura da sess\u00e3o, houve tumulto quando manifestantes municipalistas que queriam acompanhar a sess\u00e3o das galerias do plen\u00e1rio&hellip; <\/p>\n","protected":false},"author":3,"featured_media":0,"comment_status":"open","ping_status":"open","sticky":false,"template":"","format":"standard","meta":{"_acf_changed":false,"footnotes":""},"categories":[1],"tags":[],"class_list":["post-76328","post","type-post","status-publish","format-standard","hentry","category-politica"],"acf":[],"yoast_head":"<!-- This site is optimized with the Yoast SEO plugin v27.4 - https:\/\/yoast.com\/product\/yoast-seo-wordpress\/ -->\n<title>CONGRESSO DECIDE ESTA SEMANA SE MANT\u00c9M VETO AO PROJETO QUE PODE CRIAR 400 CIDADES - Blog do Farn\u00e9sio<\/title>\n<meta name=\"robots\" content=\"index, follow, max-snippet:-1, max-image-preview:large, max-video-preview:-1\" \/>\n<link rel=\"canonical\" href=\"https:\/\/blogdofarnesio.com.br\/?p=76328\" \/>\n<meta property=\"og:locale\" content=\"pt_BR\" \/>\n<meta property=\"og:type\" content=\"article\" \/>\n<meta property=\"og:title\" content=\"CONGRESSO DECIDE ESTA SEMANA SE MANT\u00c9M VETO AO PROJETO QUE PODE CRIAR 400 CIDADES - Blog do Farn\u00e9sio\" \/>\n<meta property=\"og:description\" content=\"Ag\u00eancia Brasil \u2013 O Congresso Nacional decide, em sess\u00e3o conjunta da C\u00e2mara e do Senado, na pr\u00f3xima ter\u00e7a-feira (18), se mant\u00e9m 12 vetos da presidenta Dilma Rousseff a projetos de lei aprovados pelo Parlamento no ano de 2013. O ponto mais pol\u00eamico \u00e9 sobre o texto que facilita a cria\u00e7\u00e3o de novos munic\u00edpios, vetado integralmente sob o argumento de que a nova lei aumentaria as despesas p\u00fablicas. O governo teme que quase 400 munic\u00edpios sejam criados a partir das novas regras. Em fevereiro, na primeira sess\u00e3o conjunta do Congresso, os parlamentares n\u00e3o conseguiram chegar a uma acordo sobre os vetos.\u00a0 Pouco antes da abertura da sess\u00e3o, houve tumulto quando manifestantes municipalistas que queriam acompanhar a sess\u00e3o das galerias do plen\u00e1rio&hellip;\" \/>\n<meta property=\"og:url\" content=\"https:\/\/blogdofarnesio.com.br\/?p=76328\" \/>\n<meta property=\"og:site_name\" content=\"Blog do Farn\u00e9sio\" \/>\n<meta property=\"article:publisher\" content=\"https:\/\/www.facebook.com\/BlogQuerSaberPolitica\/\" \/>\n<meta property=\"article:published_time\" content=\"2014-03-17T16:02:24+00:00\" \/>\n<meta property=\"og:image\" content=\"http:\/\/www.quersaberpolitica.com.br\/2016\/wp-content\/uploads\/2013\/04\/blogqspbrasilia-300x221.jpg\" \/>\n<meta name=\"author\" content=\"teste\" \/>\n<meta name=\"twitter:card\" content=\"summary_large_image\" \/>\n<meta name=\"twitter:label1\" content=\"Escrito por\" \/>\n\t<meta name=\"twitter:data1\" content=\"teste\" \/>\n\t<meta name=\"twitter:label2\" content=\"Est. tempo de leitura\" \/>\n\t<meta name=\"twitter:data2\" content=\"2 minutos\" \/>\n<script type=\"application\/ld+json\" class=\"yoast-schema-graph\">{\"@context\":\"https:\\\/\\\/schema.org\",\"@graph\":[{\"@type\":\"Article\",\"@id\":\"https:\\\/\\\/blogdofarnesio.com.br\\\/?p=76328#article\",\"isPartOf\":{\"@id\":\"https:\\\/\\\/blogdofarnesio.com.br\\\/?p=76328\"},\"author\":{\"name\":\"teste\",\"@id\":\"https:\\\/\\\/blogdofarnesio.com.br\\\/#\\\/schema\\\/person\\\/dd1bf5eba40b687199ba45ca6b97dff9\"},\"headline\":\"CONGRESSO DECIDE ESTA SEMANA SE MANT\u00c9M VETO AO PROJETO QUE PODE CRIAR 400 CIDADES\",\"datePublished\":\"2014-03-17T16:02:24+00:00\",\"mainEntityOfPage\":{\"@id\":\"https:\\\/\\\/blogdofarnesio.com.br\\\/?p=76328\"},\"wordCount\":513,\"commentCount\":0,\"publisher\":{\"@id\":\"https:\\\/\\\/blogdofarnesio.com.br\\\/#organization\"},\"image\":{\"@id\":\"https:\\\/\\\/blogdofarnesio.com.br\\\/?p=76328#primaryimage\"},\"thumbnailUrl\":\"http:\\\/\\\/www.quersaberpolitica.com.br\\\/2016\\\/wp-content\\\/uploads\\\/2013\\\/04\\\/blogqspbrasilia-300x221.jpg\",\"articleSection\":[\"Pol\u00edtica\"],\"inLanguage\":\"pt-BR\",\"potentialAction\":[{\"@type\":\"CommentAction\",\"name\":\"Comment\",\"target\":[\"https:\\\/\\\/blogdofarnesio.com.br\\\/?p=76328#respond\"]}]},{\"@type\":\"WebPage\",\"@id\":\"https:\\\/\\\/blogdofarnesio.com.br\\\/?p=76328\",\"url\":\"https:\\\/\\\/blogdofarnesio.com.br\\\/?p=76328\",\"name\":\"CONGRESSO DECIDE ESTA SEMANA SE MANT\u00c9M VETO AO PROJETO QUE PODE CRIAR 400 CIDADES - Blog do Farn\u00e9sio\",\"isPartOf\":{\"@id\":\"https:\\\/\\\/blogdofarnesio.com.br\\\/#website\"},\"primaryImageOfPage\":{\"@id\":\"https:\\\/\\\/blogdofarnesio.com.br\\\/?p=76328#primaryimage\"},\"image\":{\"@id\":\"https:\\\/\\\/blogdofarnesio.com.br\\\/?p=76328#primaryimage\"},\"thumbnailUrl\":\"http:\\\/\\\/www.quersaberpolitica.com.br\\\/2016\\\/wp-content\\\/uploads\\\/2013\\\/04\\\/blogqspbrasilia-300x221.jpg\",\"datePublished\":\"2014-03-17T16:02:24+00:00\",\"breadcrumb\":{\"@id\":\"https:\\\/\\\/blogdofarnesio.com.br\\\/?p=76328#breadcrumb\"},\"inLanguage\":\"pt-BR\",\"potentialAction\":[{\"@type\":\"ReadAction\",\"target\":[\"https:\\\/\\\/blogdofarnesio.com.br\\\/?p=76328\"]}]},{\"@type\":\"ImageObject\",\"inLanguage\":\"pt-BR\",\"@id\":\"https:\\\/\\\/blogdofarnesio.com.br\\\/?p=76328#primaryimage\",\"url\":\"http:\\\/\\\/www.quersaberpolitica.com.br\\\/2016\\\/wp-content\\\/uploads\\\/2013\\\/04\\\/blogqspbrasilia-300x221.jpg\",\"contentUrl\":\"http:\\\/\\\/www.quersaberpolitica.com.br\\\/2016\\\/wp-content\\\/uploads\\\/2013\\\/04\\\/blogqspbrasilia-300x221.jpg\"},{\"@type\":\"BreadcrumbList\",\"@id\":\"https:\\\/\\\/blogdofarnesio.com.br\\\/?p=76328#breadcrumb\",\"itemListElement\":[{\"@type\":\"ListItem\",\"position\":1,\"name\":\"In\u00edcio\",\"item\":\"https:\\\/\\\/blogdofarnesio.com.br\\\/\"},{\"@type\":\"ListItem\",\"position\":2,\"name\":\"CONGRESSO DECIDE ESTA SEMANA SE MANT\u00c9M VETO AO PROJETO QUE PODE CRIAR 400 CIDADES\"}]},{\"@type\":\"WebSite\",\"@id\":\"https:\\\/\\\/blogdofarnesio.com.br\\\/#website\",\"url\":\"https:\\\/\\\/blogdofarnesio.com.br\\\/\",\"name\":\"Blog do Farn\u00e9sio\",\"description\":\"Quer Saber Pol\u00edtica?\",\"publisher\":{\"@id\":\"https:\\\/\\\/blogdofarnesio.com.br\\\/#organization\"},\"potentialAction\":[{\"@type\":\"SearchAction\",\"target\":{\"@type\":\"EntryPoint\",\"urlTemplate\":\"https:\\\/\\\/blogdofarnesio.com.br\\\/?s={search_term_string}\"},\"query-input\":{\"@type\":\"PropertyValueSpecification\",\"valueRequired\":true,\"valueName\":\"search_term_string\"}}],\"inLanguage\":\"pt-BR\"},{\"@type\":\"Organization\",\"@id\":\"https:\\\/\\\/blogdofarnesio.com.br\\\/#organization\",\"name\":\"Blog do Farn\u00e9sio\",\"url\":\"https:\\\/\\\/blogdofarnesio.com.br\\\/\",\"logo\":{\"@type\":\"ImageObject\",\"inLanguage\":\"pt-BR\",\"@id\":\"https:\\\/\\\/blogdofarnesio.com.br\\\/#\\\/schema\\\/logo\\\/image\\\/\",\"url\":\"https:\\\/\\\/blogdofarnesio.com.br\\\/wp-content\\\/uploads\\\/2026\\\/03\\\/cropped-logo_new-1.png\",\"contentUrl\":\"https:\\\/\\\/blogdofarnesio.com.br\\\/wp-content\\\/uploads\\\/2026\\\/03\\\/cropped-logo_new-1.png\",\"width\":881,\"height\":685,\"caption\":\"Blog do Farn\u00e9sio\"},\"image\":{\"@id\":\"https:\\\/\\\/blogdofarnesio.com.br\\\/#\\\/schema\\\/logo\\\/image\\\/\"},\"sameAs\":[\"https:\\\/\\\/www.facebook.com\\\/BlogQuerSaberPolitica\\\/\"]},{\"@type\":\"Person\",\"@id\":\"https:\\\/\\\/blogdofarnesio.com.br\\\/#\\\/schema\\\/person\\\/dd1bf5eba40b687199ba45ca6b97dff9\",\"name\":\"teste\",\"image\":{\"@type\":\"ImageObject\",\"inLanguage\":\"pt-BR\",\"@id\":\"https:\\\/\\\/secure.gravatar.com\\\/avatar\\\/2172498d4914b51e1d89a0f97957b035ac4938723a5cac208135d389b6972a6d?s=96&d=mm&r=g\",\"url\":\"https:\\\/\\\/secure.gravatar.com\\\/avatar\\\/2172498d4914b51e1d89a0f97957b035ac4938723a5cac208135d389b6972a6d?s=96&d=mm&r=g\",\"contentUrl\":\"https:\\\/\\\/secure.gravatar.com\\\/avatar\\\/2172498d4914b51e1d89a0f97957b035ac4938723a5cac208135d389b6972a6d?s=96&d=mm&r=g\",\"caption\":\"teste\"},\"url\":\"https:\\\/\\\/blogdofarnesio.com.br\\\/?author=3\"}]}<\/script>\n<!-- \/ Yoast SEO plugin. -->","yoast_head_json":{"title":"CONGRESSO DECIDE ESTA SEMANA SE MANT\u00c9M VETO AO PROJETO QUE PODE CRIAR 400 CIDADES - Blog do Farn\u00e9sio","robots":{"index":"index","follow":"follow","max-snippet":"max-snippet:-1","max-image-preview":"max-image-preview:large","max-video-preview":"max-video-preview:-1"},"canonical":"https:\/\/blogdofarnesio.com.br\/?p=76328","og_locale":"pt_BR","og_type":"article","og_title":"CONGRESSO DECIDE ESTA SEMANA SE MANT\u00c9M VETO AO PROJETO QUE PODE CRIAR 400 CIDADES - Blog do Farn\u00e9sio","og_description":"Ag\u00eancia Brasil \u2013 O Congresso Nacional decide, em sess\u00e3o conjunta da C\u00e2mara e do Senado, na pr\u00f3xima ter\u00e7a-feira (18), se mant\u00e9m 12 vetos da presidenta Dilma Rousseff a projetos de lei aprovados pelo Parlamento no ano de 2013. O ponto mais pol\u00eamico \u00e9 sobre o texto que facilita a cria\u00e7\u00e3o de novos munic\u00edpios, vetado integralmente sob o argumento de que a nova lei aumentaria as despesas p\u00fablicas. O governo teme que quase 400 munic\u00edpios sejam criados a partir das novas regras. Em fevereiro, na primeira sess\u00e3o conjunta do Congresso, os parlamentares n\u00e3o conseguiram chegar a uma acordo sobre os vetos.\u00a0 Pouco antes da abertura da sess\u00e3o, houve tumulto quando manifestantes municipalistas que queriam acompanhar a sess\u00e3o das galerias do plen\u00e1rio&hellip;","og_url":"https:\/\/blogdofarnesio.com.br\/?p=76328","og_site_name":"Blog do Farn\u00e9sio","article_publisher":"https:\/\/www.facebook.com\/BlogQuerSaberPolitica\/","article_published_time":"2014-03-17T16:02:24+00:00","og_image":[{"url":"http:\/\/www.quersaberpolitica.com.br\/2016\/wp-content\/uploads\/2013\/04\/blogqspbrasilia-300x221.jpg","type":"","width":"","height":""}],"author":"teste","twitter_card":"summary_large_image","twitter_misc":{"Escrito por":"teste","Est. tempo de leitura":"2 minutos"},"schema":{"@context":"https:\/\/schema.org","@graph":[{"@type":"Article","@id":"https:\/\/blogdofarnesio.com.br\/?p=76328#article","isPartOf":{"@id":"https:\/\/blogdofarnesio.com.br\/?p=76328"},"author":{"name":"teste","@id":"https:\/\/blogdofarnesio.com.br\/#\/schema\/person\/dd1bf5eba40b687199ba45ca6b97dff9"},"headline":"CONGRESSO DECIDE ESTA SEMANA SE MANT\u00c9M VETO AO PROJETO QUE PODE CRIAR 400 CIDADES","datePublished":"2014-03-17T16:02:24+00:00","mainEntityOfPage":{"@id":"https:\/\/blogdofarnesio.com.br\/?p=76328"},"wordCount":513,"commentCount":0,"publisher":{"@id":"https:\/\/blogdofarnesio.com.br\/#organization"},"image":{"@id":"https:\/\/blogdofarnesio.com.br\/?p=76328#primaryimage"},"thumbnailUrl":"http:\/\/www.quersaberpolitica.com.br\/2016\/wp-content\/uploads\/2013\/04\/blogqspbrasilia-300x221.jpg","articleSection":["Pol\u00edtica"],"inLanguage":"pt-BR","potentialAction":[{"@type":"CommentAction","name":"Comment","target":["https:\/\/blogdofarnesio.com.br\/?p=76328#respond"]}]},{"@type":"WebPage","@id":"https:\/\/blogdofarnesio.com.br\/?p=76328","url":"https:\/\/blogdofarnesio.com.br\/?p=76328","name":"CONGRESSO DECIDE ESTA SEMANA SE MANT\u00c9M VETO AO PROJETO QUE PODE CRIAR 400 CIDADES - Blog do Farn\u00e9sio","isPartOf":{"@id":"https:\/\/blogdofarnesio.com.br\/#website"},"primaryImageOfPage":{"@id":"https:\/\/blogdofarnesio.com.br\/?p=76328#primaryimage"},"image":{"@id":"https:\/\/blogdofarnesio.com.br\/?p=76328#primaryimage"},"thumbnailUrl":"http:\/\/www.quersaberpolitica.com.br\/2016\/wp-content\/uploads\/2013\/04\/blogqspbrasilia-300x221.jpg","datePublished":"2014-03-17T16:02:24+00:00","breadcrumb":{"@id":"https:\/\/blogdofarnesio.com.br\/?p=76328#breadcrumb"},"inLanguage":"pt-BR","potentialAction":[{"@type":"ReadAction","target":["https:\/\/blogdofarnesio.com.br\/?p=76328"]}]},{"@type":"ImageObject","inLanguage":"pt-BR","@id":"https:\/\/blogdofarnesio.com.br\/?p=76328#primaryimage","url":"http:\/\/www.quersaberpolitica.com.br\/2016\/wp-content\/uploads\/2013\/04\/blogqspbrasilia-300x221.jpg","contentUrl":"http:\/\/www.quersaberpolitica.com.br\/2016\/wp-content\/uploads\/2013\/04\/blogqspbrasilia-300x221.jpg"},{"@type":"BreadcrumbList","@id":"https:\/\/blogdofarnesio.com.br\/?p=76328#breadcrumb","itemListElement":[{"@type":"ListItem","position":1,"name":"In\u00edcio","item":"https:\/\/blogdofarnesio.com.br\/"},{"@type":"ListItem","position":2,"name":"CONGRESSO DECIDE ESTA SEMANA SE MANT\u00c9M VETO AO PROJETO QUE PODE CRIAR 400 CIDADES"}]},{"@type":"WebSite","@id":"https:\/\/blogdofarnesio.com.br\/#website","url":"https:\/\/blogdofarnesio.com.br\/","name":"Blog do Farn\u00e9sio","description":"Quer Saber Pol\u00edtica?","publisher":{"@id":"https:\/\/blogdofarnesio.com.br\/#organization"},"potentialAction":[{"@type":"SearchAction","target":{"@type":"EntryPoint","urlTemplate":"https:\/\/blogdofarnesio.com.br\/?s={search_term_string}"},"query-input":{"@type":"PropertyValueSpecification","valueRequired":true,"valueName":"search_term_string"}}],"inLanguage":"pt-BR"},{"@type":"Organization","@id":"https:\/\/blogdofarnesio.com.br\/#organization","name":"Blog do Farn\u00e9sio","url":"https:\/\/blogdofarnesio.com.br\/","logo":{"@type":"ImageObject","inLanguage":"pt-BR","@id":"https:\/\/blogdofarnesio.com.br\/#\/schema\/logo\/image\/","url":"https:\/\/blogdofarnesio.com.br\/wp-content\/uploads\/2026\/03\/cropped-logo_new-1.png","contentUrl":"https:\/\/blogdofarnesio.com.br\/wp-content\/uploads\/2026\/03\/cropped-logo_new-1.png","width":881,"height":685,"caption":"Blog do Farn\u00e9sio"},"image":{"@id":"https:\/\/blogdofarnesio.com.br\/#\/schema\/logo\/image\/"},"sameAs":["https:\/\/www.facebook.com\/BlogQuerSaberPolitica\/"]},{"@type":"Person","@id":"https:\/\/blogdofarnesio.com.br\/#\/schema\/person\/dd1bf5eba40b687199ba45ca6b97dff9","name":"teste","image":{"@type":"ImageObject","inLanguage":"pt-BR","@id":"https:\/\/secure.gravatar.com\/avatar\/2172498d4914b51e1d89a0f97957b035ac4938723a5cac208135d389b6972a6d?s=96&d=mm&r=g","url":"https:\/\/secure.gravatar.com\/avatar\/2172498d4914b51e1d89a0f97957b035ac4938723a5cac208135d389b6972a6d?s=96&d=mm&r=g","contentUrl":"https:\/\/secure.gravatar.com\/avatar\/2172498d4914b51e1d89a0f97957b035ac4938723a5cac208135d389b6972a6d?s=96&d=mm&r=g","caption":"teste"},"url":"https:\/\/blogdofarnesio.com.br\/?author=3"}]}},"_links":{"self":[{"href":"https:\/\/blogdofarnesio.com.br\/index.php?rest_route=\/wp\/v2\/posts\/76328","targetHints":{"allow":["GET"]}}],"collection":[{"href":"https:\/\/blogdofarnesio.com.br\/index.php?rest_route=\/wp\/v2\/posts"}],"about":[{"href":"https:\/\/blogdofarnesio.com.br\/index.php?rest_route=\/wp\/v2\/types\/post"}],"author":[{"embeddable":true,"href":"https:\/\/blogdofarnesio.com.br\/index.php?rest_route=\/wp\/v2\/users\/3"}],"replies":[{"embeddable":true,"href":"https:\/\/blogdofarnesio.com.br\/index.php?rest_route=%2Fwp%2Fv2%2Fcomments&post=76328"}],"version-history":[{"count":0,"href":"https:\/\/blogdofarnesio.com.br\/index.php?rest_route=\/wp\/v2\/posts\/76328\/revisions"}],"wp:attachment":[{"href":"https:\/\/blogdofarnesio.com.br\/index.php?rest_route=%2Fwp%2Fv2%2Fmedia&parent=76328"}],"wp:term":[{"taxonomy":"category","embeddable":true,"href":"https:\/\/blogdofarnesio.com.br\/index.php?rest_route=%2Fwp%2Fv2%2Fcategories&post=76328"},{"taxonomy":"post_tag","embeddable":true,"href":"https:\/\/blogdofarnesio.com.br\/index.php?rest_route=%2Fwp%2Fv2%2Ftags&post=76328"}],"curies":[{"name":"wp","href":"https:\/\/api.w.org\/{rel}","templated":true}]}}