{"id":76310,"date":"2014-03-16T18:37:01","date_gmt":"2014-03-16T21:37:01","guid":{"rendered":"http:\/\/www.quersaberpolitica.com.br\/?p=76310"},"modified":"2014-03-16T18:37:01","modified_gmt":"2014-03-16T21:37:01","slug":"medicas-do-programa-mais-medicos-foram-encaminhadas-as-unidades-de-saude-de-petrolina","status":"publish","type":"post","link":"https:\/\/blogdofarnesio.com.br\/?p=76310","title":{"rendered":"M\u00c9DICAS DO PROGRAMA MAIS M\u00c9DICOS FORAM ENCAMINHADAS \u00c0S UNIDADES DE SA\u00daDE DE PETROLINA"},"content":{"rendered":"<p style=\"text-align: justify\"><a href=\"http:\/\/www.quersaberpolitica.com.br\/2016\/wp-content\/uploads\/2014\/03\/DSC08949.jpg\"><img loading=\"lazy\" decoding=\"async\" class=\"alignleft size-medium wp-image-76311\" alt=\"blogqspsaudepetrolina\" src=\"http:\/\/www.quersaberpolitica.com.br\/2016\/wp-content\/uploads\/2014\/03\/DSC08949-300x162.jpg\" width=\"300\" height=\"162\" srcset=\"https:\/\/blogdofarnesio.com.br\/wp-content\/uploads\/2014\/03\/DSC08949-300x162.jpg 300w, https:\/\/blogdofarnesio.com.br\/wp-content\/uploads\/2014\/03\/DSC08949.jpg 400w\" sizes=\"auto, (max-width: 300px) 100vw, 300px\" \/><\/a>Na sexta-feira (14), a secret\u00e1ria de Sa\u00fade de Petrolina, Lucia Giesta e a diretora de Aten\u00e7\u00e3o B\u00e1sica, S\u00e1tira Cavalcanti, se reuniram com as tr\u00eas profissionais m\u00e9dicas do programa Mais M\u00e9dicos para finaliza\u00e7\u00e3o do curso de capacita\u00e7\u00e3o sobre a Rede de Aten\u00e7\u00e3o \u00e0 Sa\u00fade de Petrolina. As profissionais foram encaminhadas \u00e0s unidades de Sa\u00fade que ir\u00e3o atuar a partir da pr\u00f3xima semana.<\/p>\n<p style=\"text-align: justify\">\u201cEstou muito feliz em estar em Petrolina e espero contribuir para a melhoria da sa\u00fade do munic\u00edpio no que se refere \u00e0 rede de Aten\u00e7\u00e3o B\u00e1sica\u201d, destacou a m\u00e9dica brasileira Rosilene Rodrigues, que ir\u00e1 atender a comunidade do bairro Loteamento Recife.<!--more--><\/p>\n<p style=\"text-align: justify\">\u201c\u00c9 muito bom saber que as m\u00e9dicas que chegam no munic\u00edpio est\u00e3o com muita disponibilidade de trabalhar e atender nossos usu\u00e1rios com aten\u00e7\u00e3o e dignidade. Os profissionais das unidades de sa\u00fade e nossa popula\u00e7\u00e3o t\u00eam recebido os m\u00e9dicos do Programa Mais M\u00e9dicos para o Brasil de forma acolhedora\u201d, frisou a secret\u00e1ria de Sa\u00fade de Petrolina, Lucia Giesta.<\/p>\n<p style=\"text-align: justify\">Petrolina recebeu, na \u00faltima quarta-feira, duas m\u00e9dica cubanas que ir\u00e3o trabalhar nas comunidades rurais do N7 e Izacol\u00e2ndia; j\u00e1 a m\u00e9dica brasileira chegou ao munic\u00edpio na tarde da quinta-feira. Hoje, o munic\u00edpio \u00e9 assistido por 81 profissionais m\u00e9dicos nas unidades de Sa\u00fade.<\/p>\n<p style=\"text-align: justify\"><strong>Texto: Gabriella Moura<\/strong><\/p>\n","protected":false},"excerpt":{"rendered":"<p>Na sexta-feira (14), a secret\u00e1ria de Sa\u00fade de Petrolina, Lucia Giesta e a diretora de Aten\u00e7\u00e3o B\u00e1sica, S\u00e1tira Cavalcanti, se reuniram com as tr\u00eas profissionais m\u00e9dicas do programa Mais M\u00e9dicos para finaliza\u00e7\u00e3o do curso de capacita\u00e7\u00e3o sobre a Rede de Aten\u00e7\u00e3o \u00e0 Sa\u00fade de Petrolina. As profissionais foram encaminhadas \u00e0s unidades de Sa\u00fade que ir\u00e3o atuar a partir da pr\u00f3xima semana. \u201cEstou muito feliz em estar em Petrolina e espero contribuir para a melhoria da sa\u00fade do munic\u00edpio no que se refere \u00e0 rede de Aten\u00e7\u00e3o B\u00e1sica\u201d, destacou a m\u00e9dica brasileira Rosilene Rodrigues, que ir\u00e1 atender a comunidade do bairro Loteamento Recife.<\/p>\n","protected":false},"author":3,"featured_media":0,"comment_status":"open","ping_status":"open","sticky":false,"template":"","format":"standard","meta":{"_acf_changed":false,"footnotes":""},"categories":[4],"tags":[],"class_list":["post-76310","post","type-post","status-publish","format-standard","hentry","category-saude"],"acf":[],"yoast_head":"<!-- This site is optimized with the Yoast SEO plugin v27.4 - https:\/\/yoast.com\/product\/yoast-seo-wordpress\/ -->\n<title>M\u00c9DICAS DO PROGRAMA MAIS M\u00c9DICOS FORAM ENCAMINHADAS \u00c0S UNIDADES DE SA\u00daDE DE PETROLINA - Blog do Farn\u00e9sio<\/title>\n<meta name=\"robots\" content=\"index, follow, max-snippet:-1, max-image-preview:large, max-video-preview:-1\" \/>\n<link rel=\"canonical\" href=\"https:\/\/blogdofarnesio.com.br\/?p=76310\" \/>\n<meta property=\"og:locale\" content=\"pt_BR\" \/>\n<meta property=\"og:type\" content=\"article\" \/>\n<meta property=\"og:title\" content=\"M\u00c9DICAS DO PROGRAMA MAIS M\u00c9DICOS FORAM ENCAMINHADAS \u00c0S UNIDADES DE SA\u00daDE DE PETROLINA - Blog do Farn\u00e9sio\" \/>\n<meta property=\"og:description\" content=\"Na sexta-feira (14), a secret\u00e1ria de Sa\u00fade de Petrolina, Lucia Giesta e a diretora de Aten\u00e7\u00e3o B\u00e1sica, S\u00e1tira Cavalcanti, se reuniram com as tr\u00eas profissionais m\u00e9dicas do programa Mais M\u00e9dicos para finaliza\u00e7\u00e3o do curso de capacita\u00e7\u00e3o sobre a Rede de Aten\u00e7\u00e3o \u00e0 Sa\u00fade de Petrolina. As profissionais foram encaminhadas \u00e0s unidades de Sa\u00fade que ir\u00e3o atuar a partir da pr\u00f3xima semana. \u201cEstou muito feliz em estar em Petrolina e espero contribuir para a melhoria da sa\u00fade do munic\u00edpio no que se refere \u00e0 rede de Aten\u00e7\u00e3o B\u00e1sica\u201d, destacou a m\u00e9dica brasileira Rosilene Rodrigues, que ir\u00e1 atender a comunidade do bairro Loteamento Recife.\" \/>\n<meta property=\"og:url\" content=\"https:\/\/blogdofarnesio.com.br\/?p=76310\" \/>\n<meta property=\"og:site_name\" content=\"Blog do Farn\u00e9sio\" \/>\n<meta property=\"article:publisher\" content=\"https:\/\/www.facebook.com\/BlogQuerSaberPolitica\/\" \/>\n<meta property=\"article:published_time\" content=\"2014-03-16T21:37:01+00:00\" \/>\n<meta property=\"og:image\" content=\"http:\/\/www.quersaberpolitica.com.br\/2016\/wp-content\/uploads\/2014\/03\/DSC08949-300x162.jpg\" \/>\n<meta name=\"author\" content=\"teste\" \/>\n<meta name=\"twitter:card\" content=\"summary_large_image\" \/>\n<meta name=\"twitter:label1\" content=\"Escrito por\" \/>\n\t<meta name=\"twitter:data1\" content=\"teste\" \/>\n\t<meta name=\"twitter:label2\" content=\"Est. tempo de leitura\" \/>\n\t<meta name=\"twitter:data2\" content=\"1 minuto\" \/>\n<script type=\"application\/ld+json\" class=\"yoast-schema-graph\">{\"@context\":\"https:\\\/\\\/schema.org\",\"@graph\":[{\"@type\":\"Article\",\"@id\":\"https:\\\/\\\/blogdofarnesio.com.br\\\/?p=76310#article\",\"isPartOf\":{\"@id\":\"https:\\\/\\\/blogdofarnesio.com.br\\\/?p=76310\"},\"author\":{\"name\":\"teste\",\"@id\":\"https:\\\/\\\/blogdofarnesio.com.br\\\/#\\\/schema\\\/person\\\/dd1bf5eba40b687199ba45ca6b97dff9\"},\"headline\":\"M\u00c9DICAS DO PROGRAMA MAIS M\u00c9DICOS FORAM ENCAMINHADAS \u00c0S UNIDADES DE SA\u00daDE DE PETROLINA\",\"datePublished\":\"2014-03-16T21:37:01+00:00\",\"mainEntityOfPage\":{\"@id\":\"https:\\\/\\\/blogdofarnesio.com.br\\\/?p=76310\"},\"wordCount\":254,\"commentCount\":0,\"publisher\":{\"@id\":\"https:\\\/\\\/blogdofarnesio.com.br\\\/#organization\"},\"image\":{\"@id\":\"https:\\\/\\\/blogdofarnesio.com.br\\\/?p=76310#primaryimage\"},\"thumbnailUrl\":\"http:\\\/\\\/www.quersaberpolitica.com.br\\\/2016\\\/wp-content\\\/uploads\\\/2014\\\/03\\\/DSC08949-300x162.jpg\",\"articleSection\":[\"Sa\u00fade\"],\"inLanguage\":\"pt-BR\",\"potentialAction\":[{\"@type\":\"CommentAction\",\"name\":\"Comment\",\"target\":[\"https:\\\/\\\/blogdofarnesio.com.br\\\/?p=76310#respond\"]}]},{\"@type\":\"WebPage\",\"@id\":\"https:\\\/\\\/blogdofarnesio.com.br\\\/?p=76310\",\"url\":\"https:\\\/\\\/blogdofarnesio.com.br\\\/?p=76310\",\"name\":\"M\u00c9DICAS DO PROGRAMA MAIS M\u00c9DICOS FORAM ENCAMINHADAS \u00c0S UNIDADES DE SA\u00daDE DE PETROLINA - Blog do Farn\u00e9sio\",\"isPartOf\":{\"@id\":\"https:\\\/\\\/blogdofarnesio.com.br\\\/#website\"},\"primaryImageOfPage\":{\"@id\":\"https:\\\/\\\/blogdofarnesio.com.br\\\/?p=76310#primaryimage\"},\"image\":{\"@id\":\"https:\\\/\\\/blogdofarnesio.com.br\\\/?p=76310#primaryimage\"},\"thumbnailUrl\":\"http:\\\/\\\/www.quersaberpolitica.com.br\\\/2016\\\/wp-content\\\/uploads\\\/2014\\\/03\\\/DSC08949-300x162.jpg\",\"datePublished\":\"2014-03-16T21:37:01+00:00\",\"breadcrumb\":{\"@id\":\"https:\\\/\\\/blogdofarnesio.com.br\\\/?p=76310#breadcrumb\"},\"inLanguage\":\"pt-BR\",\"potentialAction\":[{\"@type\":\"ReadAction\",\"target\":[\"https:\\\/\\\/blogdofarnesio.com.br\\\/?p=76310\"]}]},{\"@type\":\"ImageObject\",\"inLanguage\":\"pt-BR\",\"@id\":\"https:\\\/\\\/blogdofarnesio.com.br\\\/?p=76310#primaryimage\",\"url\":\"http:\\\/\\\/www.quersaberpolitica.com.br\\\/2016\\\/wp-content\\\/uploads\\\/2014\\\/03\\\/DSC08949-300x162.jpg\",\"contentUrl\":\"http:\\\/\\\/www.quersaberpolitica.com.br\\\/2016\\\/wp-content\\\/uploads\\\/2014\\\/03\\\/DSC08949-300x162.jpg\"},{\"@type\":\"BreadcrumbList\",\"@id\":\"https:\\\/\\\/blogdofarnesio.com.br\\\/?p=76310#breadcrumb\",\"itemListElement\":[{\"@type\":\"ListItem\",\"position\":1,\"name\":\"In\u00edcio\",\"item\":\"https:\\\/\\\/blogdofarnesio.com.br\\\/\"},{\"@type\":\"ListItem\",\"position\":2,\"name\":\"M\u00c9DICAS DO PROGRAMA MAIS M\u00c9DICOS FORAM ENCAMINHADAS \u00c0S UNIDADES DE SA\u00daDE DE PETROLINA\"}]},{\"@type\":\"WebSite\",\"@id\":\"https:\\\/\\\/blogdofarnesio.com.br\\\/#website\",\"url\":\"https:\\\/\\\/blogdofarnesio.com.br\\\/\",\"name\":\"Blog do Farn\u00e9sio\",\"description\":\"Quer Saber Pol\u00edtica?\",\"publisher\":{\"@id\":\"https:\\\/\\\/blogdofarnesio.com.br\\\/#organization\"},\"potentialAction\":[{\"@type\":\"SearchAction\",\"target\":{\"@type\":\"EntryPoint\",\"urlTemplate\":\"https:\\\/\\\/blogdofarnesio.com.br\\\/?s={search_term_string}\"},\"query-input\":{\"@type\":\"PropertyValueSpecification\",\"valueRequired\":true,\"valueName\":\"search_term_string\"}}],\"inLanguage\":\"pt-BR\"},{\"@type\":\"Organization\",\"@id\":\"https:\\\/\\\/blogdofarnesio.com.br\\\/#organization\",\"name\":\"Blog do Farn\u00e9sio\",\"url\":\"https:\\\/\\\/blogdofarnesio.com.br\\\/\",\"logo\":{\"@type\":\"ImageObject\",\"inLanguage\":\"pt-BR\",\"@id\":\"https:\\\/\\\/blogdofarnesio.com.br\\\/#\\\/schema\\\/logo\\\/image\\\/\",\"url\":\"https:\\\/\\\/blogdofarnesio.com.br\\\/wp-content\\\/uploads\\\/2026\\\/03\\\/cropped-logo_new-1.png\",\"contentUrl\":\"https:\\\/\\\/blogdofarnesio.com.br\\\/wp-content\\\/uploads\\\/2026\\\/03\\\/cropped-logo_new-1.png\",\"width\":881,\"height\":685,\"caption\":\"Blog do Farn\u00e9sio\"},\"image\":{\"@id\":\"https:\\\/\\\/blogdofarnesio.com.br\\\/#\\\/schema\\\/logo\\\/image\\\/\"},\"sameAs\":[\"https:\\\/\\\/www.facebook.com\\\/BlogQuerSaberPolitica\\\/\"]},{\"@type\":\"Person\",\"@id\":\"https:\\\/\\\/blogdofarnesio.com.br\\\/#\\\/schema\\\/person\\\/dd1bf5eba40b687199ba45ca6b97dff9\",\"name\":\"teste\",\"image\":{\"@type\":\"ImageObject\",\"inLanguage\":\"pt-BR\",\"@id\":\"https:\\\/\\\/secure.gravatar.com\\\/avatar\\\/2172498d4914b51e1d89a0f97957b035ac4938723a5cac208135d389b6972a6d?s=96&d=mm&r=g\",\"url\":\"https:\\\/\\\/secure.gravatar.com\\\/avatar\\\/2172498d4914b51e1d89a0f97957b035ac4938723a5cac208135d389b6972a6d?s=96&d=mm&r=g\",\"contentUrl\":\"https:\\\/\\\/secure.gravatar.com\\\/avatar\\\/2172498d4914b51e1d89a0f97957b035ac4938723a5cac208135d389b6972a6d?s=96&d=mm&r=g\",\"caption\":\"teste\"},\"url\":\"https:\\\/\\\/blogdofarnesio.com.br\\\/?author=3\"}]}<\/script>\n<!-- \/ Yoast SEO plugin. -->","yoast_head_json":{"title":"M\u00c9DICAS DO PROGRAMA MAIS M\u00c9DICOS FORAM ENCAMINHADAS \u00c0S UNIDADES DE SA\u00daDE DE PETROLINA - Blog do Farn\u00e9sio","robots":{"index":"index","follow":"follow","max-snippet":"max-snippet:-1","max-image-preview":"max-image-preview:large","max-video-preview":"max-video-preview:-1"},"canonical":"https:\/\/blogdofarnesio.com.br\/?p=76310","og_locale":"pt_BR","og_type":"article","og_title":"M\u00c9DICAS DO PROGRAMA MAIS M\u00c9DICOS FORAM ENCAMINHADAS \u00c0S UNIDADES DE SA\u00daDE DE PETROLINA - Blog do Farn\u00e9sio","og_description":"Na sexta-feira (14), a secret\u00e1ria de Sa\u00fade de Petrolina, Lucia Giesta e a diretora de Aten\u00e7\u00e3o B\u00e1sica, S\u00e1tira Cavalcanti, se reuniram com as tr\u00eas profissionais m\u00e9dicas do programa Mais M\u00e9dicos para finaliza\u00e7\u00e3o do curso de capacita\u00e7\u00e3o sobre a Rede de Aten\u00e7\u00e3o \u00e0 Sa\u00fade de Petrolina. As profissionais foram encaminhadas \u00e0s unidades de Sa\u00fade que ir\u00e3o atuar a partir da pr\u00f3xima semana. \u201cEstou muito feliz em estar em Petrolina e espero contribuir para a melhoria da sa\u00fade do munic\u00edpio no que se refere \u00e0 rede de Aten\u00e7\u00e3o B\u00e1sica\u201d, destacou a m\u00e9dica brasileira Rosilene Rodrigues, que ir\u00e1 atender a comunidade do bairro Loteamento Recife.","og_url":"https:\/\/blogdofarnesio.com.br\/?p=76310","og_site_name":"Blog do Farn\u00e9sio","article_publisher":"https:\/\/www.facebook.com\/BlogQuerSaberPolitica\/","article_published_time":"2014-03-16T21:37:01+00:00","og_image":[{"url":"http:\/\/www.quersaberpolitica.com.br\/2016\/wp-content\/uploads\/2014\/03\/DSC08949-300x162.jpg","type":"","width":"","height":""}],"author":"teste","twitter_card":"summary_large_image","twitter_misc":{"Escrito por":"teste","Est. tempo de leitura":"1 minuto"},"schema":{"@context":"https:\/\/schema.org","@graph":[{"@type":"Article","@id":"https:\/\/blogdofarnesio.com.br\/?p=76310#article","isPartOf":{"@id":"https:\/\/blogdofarnesio.com.br\/?p=76310"},"author":{"name":"teste","@id":"https:\/\/blogdofarnesio.com.br\/#\/schema\/person\/dd1bf5eba40b687199ba45ca6b97dff9"},"headline":"M\u00c9DICAS DO PROGRAMA MAIS M\u00c9DICOS FORAM ENCAMINHADAS \u00c0S UNIDADES DE SA\u00daDE DE PETROLINA","datePublished":"2014-03-16T21:37:01+00:00","mainEntityOfPage":{"@id":"https:\/\/blogdofarnesio.com.br\/?p=76310"},"wordCount":254,"commentCount":0,"publisher":{"@id":"https:\/\/blogdofarnesio.com.br\/#organization"},"image":{"@id":"https:\/\/blogdofarnesio.com.br\/?p=76310#primaryimage"},"thumbnailUrl":"http:\/\/www.quersaberpolitica.com.br\/2016\/wp-content\/uploads\/2014\/03\/DSC08949-300x162.jpg","articleSection":["Sa\u00fade"],"inLanguage":"pt-BR","potentialAction":[{"@type":"CommentAction","name":"Comment","target":["https:\/\/blogdofarnesio.com.br\/?p=76310#respond"]}]},{"@type":"WebPage","@id":"https:\/\/blogdofarnesio.com.br\/?p=76310","url":"https:\/\/blogdofarnesio.com.br\/?p=76310","name":"M\u00c9DICAS DO PROGRAMA MAIS M\u00c9DICOS FORAM ENCAMINHADAS \u00c0S UNIDADES DE SA\u00daDE DE PETROLINA - Blog do Farn\u00e9sio","isPartOf":{"@id":"https:\/\/blogdofarnesio.com.br\/#website"},"primaryImageOfPage":{"@id":"https:\/\/blogdofarnesio.com.br\/?p=76310#primaryimage"},"image":{"@id":"https:\/\/blogdofarnesio.com.br\/?p=76310#primaryimage"},"thumbnailUrl":"http:\/\/www.quersaberpolitica.com.br\/2016\/wp-content\/uploads\/2014\/03\/DSC08949-300x162.jpg","datePublished":"2014-03-16T21:37:01+00:00","breadcrumb":{"@id":"https:\/\/blogdofarnesio.com.br\/?p=76310#breadcrumb"},"inLanguage":"pt-BR","potentialAction":[{"@type":"ReadAction","target":["https:\/\/blogdofarnesio.com.br\/?p=76310"]}]},{"@type":"ImageObject","inLanguage":"pt-BR","@id":"https:\/\/blogdofarnesio.com.br\/?p=76310#primaryimage","url":"http:\/\/www.quersaberpolitica.com.br\/2016\/wp-content\/uploads\/2014\/03\/DSC08949-300x162.jpg","contentUrl":"http:\/\/www.quersaberpolitica.com.br\/2016\/wp-content\/uploads\/2014\/03\/DSC08949-300x162.jpg"},{"@type":"BreadcrumbList","@id":"https:\/\/blogdofarnesio.com.br\/?p=76310#breadcrumb","itemListElement":[{"@type":"ListItem","position":1,"name":"In\u00edcio","item":"https:\/\/blogdofarnesio.com.br\/"},{"@type":"ListItem","position":2,"name":"M\u00c9DICAS DO PROGRAMA MAIS M\u00c9DICOS FORAM ENCAMINHADAS \u00c0S UNIDADES DE SA\u00daDE DE PETROLINA"}]},{"@type":"WebSite","@id":"https:\/\/blogdofarnesio.com.br\/#website","url":"https:\/\/blogdofarnesio.com.br\/","name":"Blog do Farn\u00e9sio","description":"Quer Saber Pol\u00edtica?","publisher":{"@id":"https:\/\/blogdofarnesio.com.br\/#organization"},"potentialAction":[{"@type":"SearchAction","target":{"@type":"EntryPoint","urlTemplate":"https:\/\/blogdofarnesio.com.br\/?s={search_term_string}"},"query-input":{"@type":"PropertyValueSpecification","valueRequired":true,"valueName":"search_term_string"}}],"inLanguage":"pt-BR"},{"@type":"Organization","@id":"https:\/\/blogdofarnesio.com.br\/#organization","name":"Blog do Farn\u00e9sio","url":"https:\/\/blogdofarnesio.com.br\/","logo":{"@type":"ImageObject","inLanguage":"pt-BR","@id":"https:\/\/blogdofarnesio.com.br\/#\/schema\/logo\/image\/","url":"https:\/\/blogdofarnesio.com.br\/wp-content\/uploads\/2026\/03\/cropped-logo_new-1.png","contentUrl":"https:\/\/blogdofarnesio.com.br\/wp-content\/uploads\/2026\/03\/cropped-logo_new-1.png","width":881,"height":685,"caption":"Blog do Farn\u00e9sio"},"image":{"@id":"https:\/\/blogdofarnesio.com.br\/#\/schema\/logo\/image\/"},"sameAs":["https:\/\/www.facebook.com\/BlogQuerSaberPolitica\/"]},{"@type":"Person","@id":"https:\/\/blogdofarnesio.com.br\/#\/schema\/person\/dd1bf5eba40b687199ba45ca6b97dff9","name":"teste","image":{"@type":"ImageObject","inLanguage":"pt-BR","@id":"https:\/\/secure.gravatar.com\/avatar\/2172498d4914b51e1d89a0f97957b035ac4938723a5cac208135d389b6972a6d?s=96&d=mm&r=g","url":"https:\/\/secure.gravatar.com\/avatar\/2172498d4914b51e1d89a0f97957b035ac4938723a5cac208135d389b6972a6d?s=96&d=mm&r=g","contentUrl":"https:\/\/secure.gravatar.com\/avatar\/2172498d4914b51e1d89a0f97957b035ac4938723a5cac208135d389b6972a6d?s=96&d=mm&r=g","caption":"teste"},"url":"https:\/\/blogdofarnesio.com.br\/?author=3"}]}},"_links":{"self":[{"href":"https:\/\/blogdofarnesio.com.br\/index.php?rest_route=\/wp\/v2\/posts\/76310","targetHints":{"allow":["GET"]}}],"collection":[{"href":"https:\/\/blogdofarnesio.com.br\/index.php?rest_route=\/wp\/v2\/posts"}],"about":[{"href":"https:\/\/blogdofarnesio.com.br\/index.php?rest_route=\/wp\/v2\/types\/post"}],"author":[{"embeddable":true,"href":"https:\/\/blogdofarnesio.com.br\/index.php?rest_route=\/wp\/v2\/users\/3"}],"replies":[{"embeddable":true,"href":"https:\/\/blogdofarnesio.com.br\/index.php?rest_route=%2Fwp%2Fv2%2Fcomments&post=76310"}],"version-history":[{"count":0,"href":"https:\/\/blogdofarnesio.com.br\/index.php?rest_route=\/wp\/v2\/posts\/76310\/revisions"}],"wp:attachment":[{"href":"https:\/\/blogdofarnesio.com.br\/index.php?rest_route=%2Fwp%2Fv2%2Fmedia&parent=76310"}],"wp:term":[{"taxonomy":"category","embeddable":true,"href":"https:\/\/blogdofarnesio.com.br\/index.php?rest_route=%2Fwp%2Fv2%2Fcategories&post=76310"},{"taxonomy":"post_tag","embeddable":true,"href":"https:\/\/blogdofarnesio.com.br\/index.php?rest_route=%2Fwp%2Fv2%2Ftags&post=76310"}],"curies":[{"name":"wp","href":"https:\/\/api.w.org\/{rel}","templated":true}]}}