{"id":76288,"date":"2014-03-17T07:00:11","date_gmt":"2014-03-17T10:00:11","guid":{"rendered":"http:\/\/www.quersaberpolitica.com.br\/?p=76288"},"modified":"2014-03-16T13:32:20","modified_gmt":"2014-03-16T16:32:20","slug":"com-apoio-de-dilma-e-joao-lyra-neto-prefeito-lossio-luta-para-tirar-vlt-do-papel","status":"publish","type":"post","link":"https:\/\/blogdofarnesio.com.br\/?p=76288","title":{"rendered":"COM APOIO DE DILMA E JO\u00c3O LYRA NETO, PREFEITO LOSSIO LUTA PARA TIRAR VLT DO PAPEL"},"content":{"rendered":"<p style=\"text-align: justify\"><img loading=\"lazy\" decoding=\"async\" class=\"aligncenter\" alt=\"\" src=\"https:\/\/fbcdn-sphotos-g-a.akamaihd.net\/hphotos-ak-prn2\/t1.0-9\/1656103_663879637003665_1696152337_n.jpg\" width=\"369\" height=\"277\" \/><\/p>\n<p style=\"text-align: justify\">Encerrando sua viagem pela Europa, onde foi conhecer f\u00e1bricas de VLT (Ve\u00edculos Leves sobre Trilhos), o prefeito de Petrolina, Julio Lossio (PMDB), demonstrou muita confian\u00e7a em tirar do papel uma de suas promessas de campanha. Ele percorreu tamb\u00e9m algumas cidades europeias que disp\u00f5em do servi\u00e7o no sistema de transporte p\u00fablico.<\/p>\n<p style=\"text-align: justify\">No\u00a0<strong><a href=\"https:\/\/www.facebook.com\/photo.php?v=668565606535068&amp;set=vb.234116719979961&amp;type=2&amp;theater\">v\u00eddeo<\/a><\/strong>\u00a0postado em sua p\u00e1gina do Facebook, Lossio se mostrou animado com a viabilidade da obra. \u201cHoje eu tenho a convic\u00e7\u00e3o e a certeza de que esse modelo de transporte pode ser muito bom para Petrolina. Pode trazer muita dignidade para o cidad\u00e3o da nossa cidade\u201d, disse o prefeito.<\/p>\n<p style=\"text-align: justify\"><!--more--><\/p>\n<p style=\"text-align: justify\">Lossio espera ainda contar com recursos da Uni\u00e3o na parceria. Quanto ao apoio estadual, o peemedebista fez quest\u00e3o de depositar sua confian\u00e7a no vice-governador Jo\u00e3o Lyra (PSB), que assumir\u00e1 o governo a partir de abril, com a desincompatibiliza\u00e7\u00e3o do governador Eduardo Campos (PSB).<\/p>\n<p style=\"text-align: justify\">\u201cN\u00f3s vamos trabalhar com muita for\u00e7a, ao lado da presidente Dilma [Rousseff], ao lado do vice-presidente da Rep\u00fablica, para que possamos, juntos, trazer esse novo sistema para Petrolina. Quero tamb\u00e9m poder contar com o governador de Pernambuco, que, a partir de abril, ser\u00e1 o doutor Jo\u00e3o Lyra\u201d, concluiu.<\/p>\n<p style=\"text-align: justify\"><strong>\u00daltima Not\u00edcia<\/strong><\/p>\n","protected":false},"excerpt":{"rendered":"<p>Encerrando sua viagem pela Europa, onde foi conhecer f\u00e1bricas de VLT (Ve\u00edculos Leves sobre Trilhos), o prefeito de Petrolina, Julio Lossio (PMDB), demonstrou muita confian\u00e7a em tirar do papel uma de suas promessas de campanha. Ele percorreu tamb\u00e9m algumas cidades europeias que disp\u00f5em do servi\u00e7o no sistema de transporte p\u00fablico. No\u00a0v\u00eddeo\u00a0postado em sua p\u00e1gina do Facebook, Lossio se mostrou animado com a viabilidade da obra. \u201cHoje eu tenho a convic\u00e7\u00e3o e a certeza de que esse modelo de transporte pode ser muito bom para Petrolina. Pode trazer muita dignidade para o cidad\u00e3o da nossa cidade\u201d, disse o prefeito.<\/p>\n","protected":false},"author":3,"featured_media":0,"comment_status":"open","ping_status":"open","sticky":false,"template":"","format":"standard","meta":{"_acf_changed":false,"footnotes":""},"categories":[44],"tags":[],"class_list":["post-76288","post","type-post","status-publish","format-standard","hentry","category-administracao"],"acf":[],"yoast_head":"<!-- This site is optimized with the Yoast SEO plugin v27.4 - https:\/\/yoast.com\/product\/yoast-seo-wordpress\/ -->\n<title>COM APOIO DE DILMA E JO\u00c3O LYRA NETO, PREFEITO LOSSIO LUTA PARA TIRAR VLT DO PAPEL - Blog do Farn\u00e9sio<\/title>\n<meta name=\"robots\" content=\"index, follow, max-snippet:-1, max-image-preview:large, max-video-preview:-1\" \/>\n<link rel=\"canonical\" href=\"https:\/\/blogdofarnesio.com.br\/?p=76288\" \/>\n<meta property=\"og:locale\" content=\"pt_BR\" \/>\n<meta property=\"og:type\" content=\"article\" \/>\n<meta property=\"og:title\" content=\"COM APOIO DE DILMA E JO\u00c3O LYRA NETO, PREFEITO LOSSIO LUTA PARA TIRAR VLT DO PAPEL - Blog do Farn\u00e9sio\" \/>\n<meta property=\"og:description\" content=\"Encerrando sua viagem pela Europa, onde foi conhecer f\u00e1bricas de VLT (Ve\u00edculos Leves sobre Trilhos), o prefeito de Petrolina, Julio Lossio (PMDB), demonstrou muita confian\u00e7a em tirar do papel uma de suas promessas de campanha. Ele percorreu tamb\u00e9m algumas cidades europeias que disp\u00f5em do servi\u00e7o no sistema de transporte p\u00fablico. No\u00a0v\u00eddeo\u00a0postado em sua p\u00e1gina do Facebook, Lossio se mostrou animado com a viabilidade da obra. \u201cHoje eu tenho a convic\u00e7\u00e3o e a certeza de que esse modelo de transporte pode ser muito bom para Petrolina. Pode trazer muita dignidade para o cidad\u00e3o da nossa cidade\u201d, disse o prefeito.\" \/>\n<meta property=\"og:url\" content=\"https:\/\/blogdofarnesio.com.br\/?p=76288\" \/>\n<meta property=\"og:site_name\" content=\"Blog do Farn\u00e9sio\" \/>\n<meta property=\"article:publisher\" content=\"https:\/\/www.facebook.com\/BlogQuerSaberPolitica\/\" \/>\n<meta property=\"article:published_time\" content=\"2014-03-17T10:00:11+00:00\" \/>\n<meta property=\"og:image\" content=\"https:\/\/fbcdn-sphotos-g-a.akamaihd.net\/hphotos-ak-prn2\/t1.0-9\/1656103_663879637003665_1696152337_n.jpg\" \/>\n<meta name=\"author\" content=\"teste\" \/>\n<meta name=\"twitter:card\" content=\"summary_large_image\" \/>\n<meta name=\"twitter:label1\" content=\"Escrito por\" \/>\n\t<meta name=\"twitter:data1\" content=\"teste\" \/>\n\t<meta name=\"twitter:label2\" content=\"Est. tempo de leitura\" \/>\n\t<meta name=\"twitter:data2\" content=\"1 minuto\" \/>\n<script type=\"application\/ld+json\" class=\"yoast-schema-graph\">{\"@context\":\"https:\\\/\\\/schema.org\",\"@graph\":[{\"@type\":\"Article\",\"@id\":\"https:\\\/\\\/blogdofarnesio.com.br\\\/?p=76288#article\",\"isPartOf\":{\"@id\":\"https:\\\/\\\/blogdofarnesio.com.br\\\/?p=76288\"},\"author\":{\"name\":\"teste\",\"@id\":\"https:\\\/\\\/blogdofarnesio.com.br\\\/#\\\/schema\\\/person\\\/dd1bf5eba40b687199ba45ca6b97dff9\"},\"headline\":\"COM APOIO DE DILMA E JO\u00c3O LYRA NETO, PREFEITO LOSSIO LUTA PARA TIRAR VLT DO PAPEL\",\"datePublished\":\"2014-03-17T10:00:11+00:00\",\"mainEntityOfPage\":{\"@id\":\"https:\\\/\\\/blogdofarnesio.com.br\\\/?p=76288\"},\"wordCount\":232,\"commentCount\":0,\"publisher\":{\"@id\":\"https:\\\/\\\/blogdofarnesio.com.br\\\/#organization\"},\"image\":{\"@id\":\"https:\\\/\\\/blogdofarnesio.com.br\\\/?p=76288#primaryimage\"},\"thumbnailUrl\":\"https:\\\/\\\/fbcdn-sphotos-g-a.akamaihd.net\\\/hphotos-ak-prn2\\\/t1.0-9\\\/1656103_663879637003665_1696152337_n.jpg\",\"articleSection\":[\"Administra\u00e7\u00e3o\"],\"inLanguage\":\"pt-BR\",\"potentialAction\":[{\"@type\":\"CommentAction\",\"name\":\"Comment\",\"target\":[\"https:\\\/\\\/blogdofarnesio.com.br\\\/?p=76288#respond\"]}]},{\"@type\":\"WebPage\",\"@id\":\"https:\\\/\\\/blogdofarnesio.com.br\\\/?p=76288\",\"url\":\"https:\\\/\\\/blogdofarnesio.com.br\\\/?p=76288\",\"name\":\"COM APOIO DE DILMA E JO\u00c3O LYRA NETO, PREFEITO LOSSIO LUTA PARA TIRAR VLT DO PAPEL - Blog do Farn\u00e9sio\",\"isPartOf\":{\"@id\":\"https:\\\/\\\/blogdofarnesio.com.br\\\/#website\"},\"primaryImageOfPage\":{\"@id\":\"https:\\\/\\\/blogdofarnesio.com.br\\\/?p=76288#primaryimage\"},\"image\":{\"@id\":\"https:\\\/\\\/blogdofarnesio.com.br\\\/?p=76288#primaryimage\"},\"thumbnailUrl\":\"https:\\\/\\\/fbcdn-sphotos-g-a.akamaihd.net\\\/hphotos-ak-prn2\\\/t1.0-9\\\/1656103_663879637003665_1696152337_n.jpg\",\"datePublished\":\"2014-03-17T10:00:11+00:00\",\"breadcrumb\":{\"@id\":\"https:\\\/\\\/blogdofarnesio.com.br\\\/?p=76288#breadcrumb\"},\"inLanguage\":\"pt-BR\",\"potentialAction\":[{\"@type\":\"ReadAction\",\"target\":[\"https:\\\/\\\/blogdofarnesio.com.br\\\/?p=76288\"]}]},{\"@type\":\"ImageObject\",\"inLanguage\":\"pt-BR\",\"@id\":\"https:\\\/\\\/blogdofarnesio.com.br\\\/?p=76288#primaryimage\",\"url\":\"https:\\\/\\\/fbcdn-sphotos-g-a.akamaihd.net\\\/hphotos-ak-prn2\\\/t1.0-9\\\/1656103_663879637003665_1696152337_n.jpg\",\"contentUrl\":\"https:\\\/\\\/fbcdn-sphotos-g-a.akamaihd.net\\\/hphotos-ak-prn2\\\/t1.0-9\\\/1656103_663879637003665_1696152337_n.jpg\"},{\"@type\":\"BreadcrumbList\",\"@id\":\"https:\\\/\\\/blogdofarnesio.com.br\\\/?p=76288#breadcrumb\",\"itemListElement\":[{\"@type\":\"ListItem\",\"position\":1,\"name\":\"In\u00edcio\",\"item\":\"https:\\\/\\\/blogdofarnesio.com.br\\\/\"},{\"@type\":\"ListItem\",\"position\":2,\"name\":\"COM APOIO DE DILMA E JO\u00c3O LYRA NETO, PREFEITO LOSSIO LUTA PARA TIRAR VLT DO PAPEL\"}]},{\"@type\":\"WebSite\",\"@id\":\"https:\\\/\\\/blogdofarnesio.com.br\\\/#website\",\"url\":\"https:\\\/\\\/blogdofarnesio.com.br\\\/\",\"name\":\"Blog do Farn\u00e9sio\",\"description\":\"Quer Saber Pol\u00edtica?\",\"publisher\":{\"@id\":\"https:\\\/\\\/blogdofarnesio.com.br\\\/#organization\"},\"potentialAction\":[{\"@type\":\"SearchAction\",\"target\":{\"@type\":\"EntryPoint\",\"urlTemplate\":\"https:\\\/\\\/blogdofarnesio.com.br\\\/?s={search_term_string}\"},\"query-input\":{\"@type\":\"PropertyValueSpecification\",\"valueRequired\":true,\"valueName\":\"search_term_string\"}}],\"inLanguage\":\"pt-BR\"},{\"@type\":\"Organization\",\"@id\":\"https:\\\/\\\/blogdofarnesio.com.br\\\/#organization\",\"name\":\"Blog do Farn\u00e9sio\",\"url\":\"https:\\\/\\\/blogdofarnesio.com.br\\\/\",\"logo\":{\"@type\":\"ImageObject\",\"inLanguage\":\"pt-BR\",\"@id\":\"https:\\\/\\\/blogdofarnesio.com.br\\\/#\\\/schema\\\/logo\\\/image\\\/\",\"url\":\"https:\\\/\\\/blogdofarnesio.com.br\\\/wp-content\\\/uploads\\\/2026\\\/03\\\/cropped-logo_new-1.png\",\"contentUrl\":\"https:\\\/\\\/blogdofarnesio.com.br\\\/wp-content\\\/uploads\\\/2026\\\/03\\\/cropped-logo_new-1.png\",\"width\":881,\"height\":685,\"caption\":\"Blog do Farn\u00e9sio\"},\"image\":{\"@id\":\"https:\\\/\\\/blogdofarnesio.com.br\\\/#\\\/schema\\\/logo\\\/image\\\/\"},\"sameAs\":[\"https:\\\/\\\/www.facebook.com\\\/BlogQuerSaberPolitica\\\/\"]},{\"@type\":\"Person\",\"@id\":\"https:\\\/\\\/blogdofarnesio.com.br\\\/#\\\/schema\\\/person\\\/dd1bf5eba40b687199ba45ca6b97dff9\",\"name\":\"teste\",\"image\":{\"@type\":\"ImageObject\",\"inLanguage\":\"pt-BR\",\"@id\":\"https:\\\/\\\/secure.gravatar.com\\\/avatar\\\/2172498d4914b51e1d89a0f97957b035ac4938723a5cac208135d389b6972a6d?s=96&d=mm&r=g\",\"url\":\"https:\\\/\\\/secure.gravatar.com\\\/avatar\\\/2172498d4914b51e1d89a0f97957b035ac4938723a5cac208135d389b6972a6d?s=96&d=mm&r=g\",\"contentUrl\":\"https:\\\/\\\/secure.gravatar.com\\\/avatar\\\/2172498d4914b51e1d89a0f97957b035ac4938723a5cac208135d389b6972a6d?s=96&d=mm&r=g\",\"caption\":\"teste\"},\"url\":\"https:\\\/\\\/blogdofarnesio.com.br\\\/?author=3\"}]}<\/script>\n<!-- \/ Yoast SEO plugin. -->","yoast_head_json":{"title":"COM APOIO DE DILMA E JO\u00c3O LYRA NETO, PREFEITO LOSSIO LUTA PARA TIRAR VLT DO PAPEL - Blog do Farn\u00e9sio","robots":{"index":"index","follow":"follow","max-snippet":"max-snippet:-1","max-image-preview":"max-image-preview:large","max-video-preview":"max-video-preview:-1"},"canonical":"https:\/\/blogdofarnesio.com.br\/?p=76288","og_locale":"pt_BR","og_type":"article","og_title":"COM APOIO DE DILMA E JO\u00c3O LYRA NETO, PREFEITO LOSSIO LUTA PARA TIRAR VLT DO PAPEL - Blog do Farn\u00e9sio","og_description":"Encerrando sua viagem pela Europa, onde foi conhecer f\u00e1bricas de VLT (Ve\u00edculos Leves sobre Trilhos), o prefeito de Petrolina, Julio Lossio (PMDB), demonstrou muita confian\u00e7a em tirar do papel uma de suas promessas de campanha. Ele percorreu tamb\u00e9m algumas cidades europeias que disp\u00f5em do servi\u00e7o no sistema de transporte p\u00fablico. No\u00a0v\u00eddeo\u00a0postado em sua p\u00e1gina do Facebook, Lossio se mostrou animado com a viabilidade da obra. \u201cHoje eu tenho a convic\u00e7\u00e3o e a certeza de que esse modelo de transporte pode ser muito bom para Petrolina. Pode trazer muita dignidade para o cidad\u00e3o da nossa cidade\u201d, disse o prefeito.","og_url":"https:\/\/blogdofarnesio.com.br\/?p=76288","og_site_name":"Blog do Farn\u00e9sio","article_publisher":"https:\/\/www.facebook.com\/BlogQuerSaberPolitica\/","article_published_time":"2014-03-17T10:00:11+00:00","og_image":[{"url":"https:\/\/fbcdn-sphotos-g-a.akamaihd.net\/hphotos-ak-prn2\/t1.0-9\/1656103_663879637003665_1696152337_n.jpg","type":"","width":"","height":""}],"author":"teste","twitter_card":"summary_large_image","twitter_misc":{"Escrito por":"teste","Est. tempo de leitura":"1 minuto"},"schema":{"@context":"https:\/\/schema.org","@graph":[{"@type":"Article","@id":"https:\/\/blogdofarnesio.com.br\/?p=76288#article","isPartOf":{"@id":"https:\/\/blogdofarnesio.com.br\/?p=76288"},"author":{"name":"teste","@id":"https:\/\/blogdofarnesio.com.br\/#\/schema\/person\/dd1bf5eba40b687199ba45ca6b97dff9"},"headline":"COM APOIO DE DILMA E JO\u00c3O LYRA NETO, PREFEITO LOSSIO LUTA PARA TIRAR VLT DO PAPEL","datePublished":"2014-03-17T10:00:11+00:00","mainEntityOfPage":{"@id":"https:\/\/blogdofarnesio.com.br\/?p=76288"},"wordCount":232,"commentCount":0,"publisher":{"@id":"https:\/\/blogdofarnesio.com.br\/#organization"},"image":{"@id":"https:\/\/blogdofarnesio.com.br\/?p=76288#primaryimage"},"thumbnailUrl":"https:\/\/fbcdn-sphotos-g-a.akamaihd.net\/hphotos-ak-prn2\/t1.0-9\/1656103_663879637003665_1696152337_n.jpg","articleSection":["Administra\u00e7\u00e3o"],"inLanguage":"pt-BR","potentialAction":[{"@type":"CommentAction","name":"Comment","target":["https:\/\/blogdofarnesio.com.br\/?p=76288#respond"]}]},{"@type":"WebPage","@id":"https:\/\/blogdofarnesio.com.br\/?p=76288","url":"https:\/\/blogdofarnesio.com.br\/?p=76288","name":"COM APOIO DE DILMA E JO\u00c3O LYRA NETO, PREFEITO LOSSIO LUTA PARA TIRAR VLT DO PAPEL - Blog do Farn\u00e9sio","isPartOf":{"@id":"https:\/\/blogdofarnesio.com.br\/#website"},"primaryImageOfPage":{"@id":"https:\/\/blogdofarnesio.com.br\/?p=76288#primaryimage"},"image":{"@id":"https:\/\/blogdofarnesio.com.br\/?p=76288#primaryimage"},"thumbnailUrl":"https:\/\/fbcdn-sphotos-g-a.akamaihd.net\/hphotos-ak-prn2\/t1.0-9\/1656103_663879637003665_1696152337_n.jpg","datePublished":"2014-03-17T10:00:11+00:00","breadcrumb":{"@id":"https:\/\/blogdofarnesio.com.br\/?p=76288#breadcrumb"},"inLanguage":"pt-BR","potentialAction":[{"@type":"ReadAction","target":["https:\/\/blogdofarnesio.com.br\/?p=76288"]}]},{"@type":"ImageObject","inLanguage":"pt-BR","@id":"https:\/\/blogdofarnesio.com.br\/?p=76288#primaryimage","url":"https:\/\/fbcdn-sphotos-g-a.akamaihd.net\/hphotos-ak-prn2\/t1.0-9\/1656103_663879637003665_1696152337_n.jpg","contentUrl":"https:\/\/fbcdn-sphotos-g-a.akamaihd.net\/hphotos-ak-prn2\/t1.0-9\/1656103_663879637003665_1696152337_n.jpg"},{"@type":"BreadcrumbList","@id":"https:\/\/blogdofarnesio.com.br\/?p=76288#breadcrumb","itemListElement":[{"@type":"ListItem","position":1,"name":"In\u00edcio","item":"https:\/\/blogdofarnesio.com.br\/"},{"@type":"ListItem","position":2,"name":"COM APOIO DE DILMA E JO\u00c3O LYRA NETO, PREFEITO LOSSIO LUTA PARA TIRAR VLT DO PAPEL"}]},{"@type":"WebSite","@id":"https:\/\/blogdofarnesio.com.br\/#website","url":"https:\/\/blogdofarnesio.com.br\/","name":"Blog do Farn\u00e9sio","description":"Quer Saber Pol\u00edtica?","publisher":{"@id":"https:\/\/blogdofarnesio.com.br\/#organization"},"potentialAction":[{"@type":"SearchAction","target":{"@type":"EntryPoint","urlTemplate":"https:\/\/blogdofarnesio.com.br\/?s={search_term_string}"},"query-input":{"@type":"PropertyValueSpecification","valueRequired":true,"valueName":"search_term_string"}}],"inLanguage":"pt-BR"},{"@type":"Organization","@id":"https:\/\/blogdofarnesio.com.br\/#organization","name":"Blog do Farn\u00e9sio","url":"https:\/\/blogdofarnesio.com.br\/","logo":{"@type":"ImageObject","inLanguage":"pt-BR","@id":"https:\/\/blogdofarnesio.com.br\/#\/schema\/logo\/image\/","url":"https:\/\/blogdofarnesio.com.br\/wp-content\/uploads\/2026\/03\/cropped-logo_new-1.png","contentUrl":"https:\/\/blogdofarnesio.com.br\/wp-content\/uploads\/2026\/03\/cropped-logo_new-1.png","width":881,"height":685,"caption":"Blog do Farn\u00e9sio"},"image":{"@id":"https:\/\/blogdofarnesio.com.br\/#\/schema\/logo\/image\/"},"sameAs":["https:\/\/www.facebook.com\/BlogQuerSaberPolitica\/"]},{"@type":"Person","@id":"https:\/\/blogdofarnesio.com.br\/#\/schema\/person\/dd1bf5eba40b687199ba45ca6b97dff9","name":"teste","image":{"@type":"ImageObject","inLanguage":"pt-BR","@id":"https:\/\/secure.gravatar.com\/avatar\/2172498d4914b51e1d89a0f97957b035ac4938723a5cac208135d389b6972a6d?s=96&d=mm&r=g","url":"https:\/\/secure.gravatar.com\/avatar\/2172498d4914b51e1d89a0f97957b035ac4938723a5cac208135d389b6972a6d?s=96&d=mm&r=g","contentUrl":"https:\/\/secure.gravatar.com\/avatar\/2172498d4914b51e1d89a0f97957b035ac4938723a5cac208135d389b6972a6d?s=96&d=mm&r=g","caption":"teste"},"url":"https:\/\/blogdofarnesio.com.br\/?author=3"}]}},"_links":{"self":[{"href":"https:\/\/blogdofarnesio.com.br\/index.php?rest_route=\/wp\/v2\/posts\/76288","targetHints":{"allow":["GET"]}}],"collection":[{"href":"https:\/\/blogdofarnesio.com.br\/index.php?rest_route=\/wp\/v2\/posts"}],"about":[{"href":"https:\/\/blogdofarnesio.com.br\/index.php?rest_route=\/wp\/v2\/types\/post"}],"author":[{"embeddable":true,"href":"https:\/\/blogdofarnesio.com.br\/index.php?rest_route=\/wp\/v2\/users\/3"}],"replies":[{"embeddable":true,"href":"https:\/\/blogdofarnesio.com.br\/index.php?rest_route=%2Fwp%2Fv2%2Fcomments&post=76288"}],"version-history":[{"count":0,"href":"https:\/\/blogdofarnesio.com.br\/index.php?rest_route=\/wp\/v2\/posts\/76288\/revisions"}],"wp:attachment":[{"href":"https:\/\/blogdofarnesio.com.br\/index.php?rest_route=%2Fwp%2Fv2%2Fmedia&parent=76288"}],"wp:term":[{"taxonomy":"category","embeddable":true,"href":"https:\/\/blogdofarnesio.com.br\/index.php?rest_route=%2Fwp%2Fv2%2Fcategories&post=76288"},{"taxonomy":"post_tag","embeddable":true,"href":"https:\/\/blogdofarnesio.com.br\/index.php?rest_route=%2Fwp%2Fv2%2Ftags&post=76288"}],"curies":[{"name":"wp","href":"https:\/\/api.w.org\/{rel}","templated":true}]}}