{"id":76250,"date":"2014-03-16T09:00:25","date_gmt":"2014-03-16T12:00:25","guid":{"rendered":"http:\/\/www.quersaberpolitica.com.br\/?p=76250"},"modified":"2014-03-16T09:00:25","modified_gmt":"2014-03-16T12:00:25","slug":"em-menos-de-um-mes-tres-acidentes-deixam-mortos-em-trecho-da-br-235","status":"publish","type":"post","link":"https:\/\/blogdofarnesio.com.br\/?p=76250","title":{"rendered":"EM MENOS DE UM M\u00caS TR\u00caS ACIDENTES DEIXAM MORTOS EM TRECHO DA BR 235"},"content":{"rendered":"<figure id=\"attachment_76251\" aria-describedby=\"caption-attachment-76251\" style=\"width: 320px\" class=\"wp-caption alignleft\"><a href=\"http:\/\/www.quersaberpolitica.com.br\/2016\/wp-content\/uploads\/2014\/03\/moto.jpg\"><img loading=\"lazy\" decoding=\"async\" class=\" wp-image-76251 \" alt=\"Foto: TV-GR- \u00faltimo acidente citado \" src=\"http:\/\/www.quersaberpolitica.com.br\/2016\/wp-content\/uploads\/2014\/03\/moto.jpg\" width=\"320\" height=\"240\" srcset=\"https:\/\/blogdofarnesio.com.br\/wp-content\/uploads\/2014\/03\/moto.jpg 400w, https:\/\/blogdofarnesio.com.br\/wp-content\/uploads\/2014\/03\/moto-300x225.jpg 300w\" sizes=\"auto, (max-width: 320px) 100vw, 320px\" \/><\/a><figcaption id=\"caption-attachment-76251\" class=\"wp-caption-text\">Foto: TV-GR- \u00faltimo acidente citado<\/figcaption><\/figure>\n<p style=\"text-align: justify\">Falta de acostamento, placas cobertas por mato, \u00a0um grande n\u00famero de jumentos e a imprud\u00eancia dos motoristas, vem causando diversos acidentes na BR 235. Em menos de um m\u00eas, tr\u00eas pessoas morreram no percursos entre os projetos N-5 e N-4, zona rural de Petrolina.<\/p>\n<p style=\"text-align: justify\">Na noite desta sexta-feira (14), um grave acidente envolvendo uma moto e um carro Gol matou um jovem, morador do projeto N-4. De acordo com informa\u00e7\u00f5es, ele estava voltando de uma festa quando sofreu o acidente, bateu no carro na entrada do Projeto N-5.<\/p>\n<p style=\"text-align: justify\">\u00a0No dia 15 do m\u00eas passado, o senhor Jo\u00e3o Brito, que trafegava em uma moto, morreu na hora ao bater em um jumento nas proximidades do IF sert\u00e3o, Jo\u00e3o era morador do assentamento \u00e1gua viva.<\/p>\n<p style=\"text-align: justify\">Ainda no m\u00eas passado, um agricultor de 41 anos seguia para o trabalho, quando foi atropelado por um caminh\u00e3o que estava na contram\u00e3o, ele tamb\u00e9m era morador do projeto N-4 e morreu no local.<\/p>\n<p>\u00a0<strong>Da reda\u00e7\u00e3oQSP<\/strong><\/p>\n","protected":false},"excerpt":{"rendered":"<p>Falta de acostamento, placas cobertas por mato, \u00a0um grande n\u00famero de jumentos e a imprud\u00eancia dos motoristas, vem causando diversos acidentes na BR 235. Em menos de um m\u00eas, tr\u00eas pessoas morreram no percursos entre os projetos N-5 e N-4, zona rural de Petrolina. Na noite desta sexta-feira (14), um grave acidente envolvendo uma moto e um carro Gol matou um jovem, morador do projeto N-4. De acordo com informa\u00e7\u00f5es, ele estava voltando de uma festa quando sofreu o acidente, bateu no carro na entrada do Projeto N-5. \u00a0No dia 15 do m\u00eas passado, o senhor Jo\u00e3o Brito, que trafegava em uma moto, morreu na hora ao bater em um jumento nas proximidades do IF sert\u00e3o, Jo\u00e3o era morador do&hellip; <\/p>\n","protected":false},"author":3,"featured_media":0,"comment_status":"open","ping_status":"open","sticky":false,"template":"","format":"standard","meta":{"_acf_changed":false,"footnotes":""},"categories":[17],"tags":[],"class_list":["post-76250","post","type-post","status-publish","format-standard","hentry","category-estradas"],"acf":[],"yoast_head":"<!-- This site is optimized with the Yoast SEO plugin v27.4 - https:\/\/yoast.com\/product\/yoast-seo-wordpress\/ -->\n<title>EM MENOS DE UM M\u00caS TR\u00caS ACIDENTES DEIXAM MORTOS EM TRECHO DA BR 235 - Blog do Farn\u00e9sio<\/title>\n<meta name=\"robots\" content=\"index, follow, max-snippet:-1, max-image-preview:large, max-video-preview:-1\" \/>\n<link rel=\"canonical\" href=\"https:\/\/blogdofarnesio.com.br\/?p=76250\" \/>\n<meta property=\"og:locale\" content=\"pt_BR\" \/>\n<meta property=\"og:type\" content=\"article\" \/>\n<meta property=\"og:title\" content=\"EM MENOS DE UM M\u00caS TR\u00caS ACIDENTES DEIXAM MORTOS EM TRECHO DA BR 235 - Blog do Farn\u00e9sio\" \/>\n<meta property=\"og:description\" content=\"Falta de acostamento, placas cobertas por mato, \u00a0um grande n\u00famero de jumentos e a imprud\u00eancia dos motoristas, vem causando diversos acidentes na BR 235. Em menos de um m\u00eas, tr\u00eas pessoas morreram no percursos entre os projetos N-5 e N-4, zona rural de Petrolina. Na noite desta sexta-feira (14), um grave acidente envolvendo uma moto e um carro Gol matou um jovem, morador do projeto N-4. De acordo com informa\u00e7\u00f5es, ele estava voltando de uma festa quando sofreu o acidente, bateu no carro na entrada do Projeto N-5. \u00a0No dia 15 do m\u00eas passado, o senhor Jo\u00e3o Brito, que trafegava em uma moto, morreu na hora ao bater em um jumento nas proximidades do IF sert\u00e3o, Jo\u00e3o era morador do&hellip;\" \/>\n<meta property=\"og:url\" content=\"https:\/\/blogdofarnesio.com.br\/?p=76250\" \/>\n<meta property=\"og:site_name\" content=\"Blog do Farn\u00e9sio\" \/>\n<meta property=\"article:publisher\" content=\"https:\/\/www.facebook.com\/BlogQuerSaberPolitica\/\" \/>\n<meta property=\"article:published_time\" content=\"2014-03-16T12:00:25+00:00\" \/>\n<meta property=\"og:image\" content=\"http:\/\/www.quersaberpolitica.com.br\/2016\/wp-content\/uploads\/2014\/03\/moto.jpg\" \/>\n<meta name=\"author\" content=\"teste\" \/>\n<meta name=\"twitter:card\" content=\"summary_large_image\" \/>\n<meta name=\"twitter:label1\" content=\"Escrito por\" \/>\n\t<meta name=\"twitter:data1\" content=\"teste\" \/>\n\t<meta name=\"twitter:label2\" content=\"Est. tempo de leitura\" \/>\n\t<meta name=\"twitter:data2\" content=\"1 minuto\" \/>\n<script type=\"application\/ld+json\" class=\"yoast-schema-graph\">{\"@context\":\"https:\\\/\\\/schema.org\",\"@graph\":[{\"@type\":\"Article\",\"@id\":\"https:\\\/\\\/blogdofarnesio.com.br\\\/?p=76250#article\",\"isPartOf\":{\"@id\":\"https:\\\/\\\/blogdofarnesio.com.br\\\/?p=76250\"},\"author\":{\"name\":\"teste\",\"@id\":\"https:\\\/\\\/blogdofarnesio.com.br\\\/#\\\/schema\\\/person\\\/dd1bf5eba40b687199ba45ca6b97dff9\"},\"headline\":\"EM MENOS DE UM M\u00caS TR\u00caS ACIDENTES DEIXAM MORTOS EM TRECHO DA BR 235\",\"datePublished\":\"2014-03-16T12:00:25+00:00\",\"mainEntityOfPage\":{\"@id\":\"https:\\\/\\\/blogdofarnesio.com.br\\\/?p=76250\"},\"wordCount\":196,\"commentCount\":0,\"publisher\":{\"@id\":\"https:\\\/\\\/blogdofarnesio.com.br\\\/#organization\"},\"image\":{\"@id\":\"https:\\\/\\\/blogdofarnesio.com.br\\\/?p=76250#primaryimage\"},\"thumbnailUrl\":\"http:\\\/\\\/www.quersaberpolitica.com.br\\\/2016\\\/wp-content\\\/uploads\\\/2014\\\/03\\\/moto.jpg\",\"articleSection\":[\"Estradas\"],\"inLanguage\":\"pt-BR\",\"potentialAction\":[{\"@type\":\"CommentAction\",\"name\":\"Comment\",\"target\":[\"https:\\\/\\\/blogdofarnesio.com.br\\\/?p=76250#respond\"]}]},{\"@type\":\"WebPage\",\"@id\":\"https:\\\/\\\/blogdofarnesio.com.br\\\/?p=76250\",\"url\":\"https:\\\/\\\/blogdofarnesio.com.br\\\/?p=76250\",\"name\":\"EM MENOS DE UM M\u00caS TR\u00caS ACIDENTES DEIXAM MORTOS EM TRECHO DA BR 235 - Blog do Farn\u00e9sio\",\"isPartOf\":{\"@id\":\"https:\\\/\\\/blogdofarnesio.com.br\\\/#website\"},\"primaryImageOfPage\":{\"@id\":\"https:\\\/\\\/blogdofarnesio.com.br\\\/?p=76250#primaryimage\"},\"image\":{\"@id\":\"https:\\\/\\\/blogdofarnesio.com.br\\\/?p=76250#primaryimage\"},\"thumbnailUrl\":\"http:\\\/\\\/www.quersaberpolitica.com.br\\\/2016\\\/wp-content\\\/uploads\\\/2014\\\/03\\\/moto.jpg\",\"datePublished\":\"2014-03-16T12:00:25+00:00\",\"breadcrumb\":{\"@id\":\"https:\\\/\\\/blogdofarnesio.com.br\\\/?p=76250#breadcrumb\"},\"inLanguage\":\"pt-BR\",\"potentialAction\":[{\"@type\":\"ReadAction\",\"target\":[\"https:\\\/\\\/blogdofarnesio.com.br\\\/?p=76250\"]}]},{\"@type\":\"ImageObject\",\"inLanguage\":\"pt-BR\",\"@id\":\"https:\\\/\\\/blogdofarnesio.com.br\\\/?p=76250#primaryimage\",\"url\":\"http:\\\/\\\/www.quersaberpolitica.com.br\\\/2016\\\/wp-content\\\/uploads\\\/2014\\\/03\\\/moto.jpg\",\"contentUrl\":\"http:\\\/\\\/www.quersaberpolitica.com.br\\\/2016\\\/wp-content\\\/uploads\\\/2014\\\/03\\\/moto.jpg\"},{\"@type\":\"BreadcrumbList\",\"@id\":\"https:\\\/\\\/blogdofarnesio.com.br\\\/?p=76250#breadcrumb\",\"itemListElement\":[{\"@type\":\"ListItem\",\"position\":1,\"name\":\"In\u00edcio\",\"item\":\"https:\\\/\\\/blogdofarnesio.com.br\\\/\"},{\"@type\":\"ListItem\",\"position\":2,\"name\":\"EM MENOS DE UM M\u00caS TR\u00caS ACIDENTES DEIXAM MORTOS EM TRECHO DA BR 235\"}]},{\"@type\":\"WebSite\",\"@id\":\"https:\\\/\\\/blogdofarnesio.com.br\\\/#website\",\"url\":\"https:\\\/\\\/blogdofarnesio.com.br\\\/\",\"name\":\"Blog do Farn\u00e9sio\",\"description\":\"Quer Saber Pol\u00edtica?\",\"publisher\":{\"@id\":\"https:\\\/\\\/blogdofarnesio.com.br\\\/#organization\"},\"potentialAction\":[{\"@type\":\"SearchAction\",\"target\":{\"@type\":\"EntryPoint\",\"urlTemplate\":\"https:\\\/\\\/blogdofarnesio.com.br\\\/?s={search_term_string}\"},\"query-input\":{\"@type\":\"PropertyValueSpecification\",\"valueRequired\":true,\"valueName\":\"search_term_string\"}}],\"inLanguage\":\"pt-BR\"},{\"@type\":\"Organization\",\"@id\":\"https:\\\/\\\/blogdofarnesio.com.br\\\/#organization\",\"name\":\"Blog do Farn\u00e9sio\",\"url\":\"https:\\\/\\\/blogdofarnesio.com.br\\\/\",\"logo\":{\"@type\":\"ImageObject\",\"inLanguage\":\"pt-BR\",\"@id\":\"https:\\\/\\\/blogdofarnesio.com.br\\\/#\\\/schema\\\/logo\\\/image\\\/\",\"url\":\"https:\\\/\\\/blogdofarnesio.com.br\\\/wp-content\\\/uploads\\\/2026\\\/03\\\/cropped-logo_new-1.png\",\"contentUrl\":\"https:\\\/\\\/blogdofarnesio.com.br\\\/wp-content\\\/uploads\\\/2026\\\/03\\\/cropped-logo_new-1.png\",\"width\":881,\"height\":685,\"caption\":\"Blog do Farn\u00e9sio\"},\"image\":{\"@id\":\"https:\\\/\\\/blogdofarnesio.com.br\\\/#\\\/schema\\\/logo\\\/image\\\/\"},\"sameAs\":[\"https:\\\/\\\/www.facebook.com\\\/BlogQuerSaberPolitica\\\/\"]},{\"@type\":\"Person\",\"@id\":\"https:\\\/\\\/blogdofarnesio.com.br\\\/#\\\/schema\\\/person\\\/dd1bf5eba40b687199ba45ca6b97dff9\",\"name\":\"teste\",\"image\":{\"@type\":\"ImageObject\",\"inLanguage\":\"pt-BR\",\"@id\":\"https:\\\/\\\/secure.gravatar.com\\\/avatar\\\/2172498d4914b51e1d89a0f97957b035ac4938723a5cac208135d389b6972a6d?s=96&d=mm&r=g\",\"url\":\"https:\\\/\\\/secure.gravatar.com\\\/avatar\\\/2172498d4914b51e1d89a0f97957b035ac4938723a5cac208135d389b6972a6d?s=96&d=mm&r=g\",\"contentUrl\":\"https:\\\/\\\/secure.gravatar.com\\\/avatar\\\/2172498d4914b51e1d89a0f97957b035ac4938723a5cac208135d389b6972a6d?s=96&d=mm&r=g\",\"caption\":\"teste\"},\"url\":\"https:\\\/\\\/blogdofarnesio.com.br\\\/?author=3\"}]}<\/script>\n<!-- \/ Yoast SEO plugin. -->","yoast_head_json":{"title":"EM MENOS DE UM M\u00caS TR\u00caS ACIDENTES DEIXAM MORTOS EM TRECHO DA BR 235 - Blog do Farn\u00e9sio","robots":{"index":"index","follow":"follow","max-snippet":"max-snippet:-1","max-image-preview":"max-image-preview:large","max-video-preview":"max-video-preview:-1"},"canonical":"https:\/\/blogdofarnesio.com.br\/?p=76250","og_locale":"pt_BR","og_type":"article","og_title":"EM MENOS DE UM M\u00caS TR\u00caS ACIDENTES DEIXAM MORTOS EM TRECHO DA BR 235 - Blog do Farn\u00e9sio","og_description":"Falta de acostamento, placas cobertas por mato, \u00a0um grande n\u00famero de jumentos e a imprud\u00eancia dos motoristas, vem causando diversos acidentes na BR 235. Em menos de um m\u00eas, tr\u00eas pessoas morreram no percursos entre os projetos N-5 e N-4, zona rural de Petrolina. Na noite desta sexta-feira (14), um grave acidente envolvendo uma moto e um carro Gol matou um jovem, morador do projeto N-4. De acordo com informa\u00e7\u00f5es, ele estava voltando de uma festa quando sofreu o acidente, bateu no carro na entrada do Projeto N-5. \u00a0No dia 15 do m\u00eas passado, o senhor Jo\u00e3o Brito, que trafegava em uma moto, morreu na hora ao bater em um jumento nas proximidades do IF sert\u00e3o, Jo\u00e3o era morador do&hellip;","og_url":"https:\/\/blogdofarnesio.com.br\/?p=76250","og_site_name":"Blog do Farn\u00e9sio","article_publisher":"https:\/\/www.facebook.com\/BlogQuerSaberPolitica\/","article_published_time":"2014-03-16T12:00:25+00:00","og_image":[{"url":"http:\/\/www.quersaberpolitica.com.br\/2016\/wp-content\/uploads\/2014\/03\/moto.jpg","type":"","width":"","height":""}],"author":"teste","twitter_card":"summary_large_image","twitter_misc":{"Escrito por":"teste","Est. tempo de leitura":"1 minuto"},"schema":{"@context":"https:\/\/schema.org","@graph":[{"@type":"Article","@id":"https:\/\/blogdofarnesio.com.br\/?p=76250#article","isPartOf":{"@id":"https:\/\/blogdofarnesio.com.br\/?p=76250"},"author":{"name":"teste","@id":"https:\/\/blogdofarnesio.com.br\/#\/schema\/person\/dd1bf5eba40b687199ba45ca6b97dff9"},"headline":"EM MENOS DE UM M\u00caS TR\u00caS ACIDENTES DEIXAM MORTOS EM TRECHO DA BR 235","datePublished":"2014-03-16T12:00:25+00:00","mainEntityOfPage":{"@id":"https:\/\/blogdofarnesio.com.br\/?p=76250"},"wordCount":196,"commentCount":0,"publisher":{"@id":"https:\/\/blogdofarnesio.com.br\/#organization"},"image":{"@id":"https:\/\/blogdofarnesio.com.br\/?p=76250#primaryimage"},"thumbnailUrl":"http:\/\/www.quersaberpolitica.com.br\/2016\/wp-content\/uploads\/2014\/03\/moto.jpg","articleSection":["Estradas"],"inLanguage":"pt-BR","potentialAction":[{"@type":"CommentAction","name":"Comment","target":["https:\/\/blogdofarnesio.com.br\/?p=76250#respond"]}]},{"@type":"WebPage","@id":"https:\/\/blogdofarnesio.com.br\/?p=76250","url":"https:\/\/blogdofarnesio.com.br\/?p=76250","name":"EM MENOS DE UM M\u00caS TR\u00caS ACIDENTES DEIXAM MORTOS EM TRECHO DA BR 235 - Blog do Farn\u00e9sio","isPartOf":{"@id":"https:\/\/blogdofarnesio.com.br\/#website"},"primaryImageOfPage":{"@id":"https:\/\/blogdofarnesio.com.br\/?p=76250#primaryimage"},"image":{"@id":"https:\/\/blogdofarnesio.com.br\/?p=76250#primaryimage"},"thumbnailUrl":"http:\/\/www.quersaberpolitica.com.br\/2016\/wp-content\/uploads\/2014\/03\/moto.jpg","datePublished":"2014-03-16T12:00:25+00:00","breadcrumb":{"@id":"https:\/\/blogdofarnesio.com.br\/?p=76250#breadcrumb"},"inLanguage":"pt-BR","potentialAction":[{"@type":"ReadAction","target":["https:\/\/blogdofarnesio.com.br\/?p=76250"]}]},{"@type":"ImageObject","inLanguage":"pt-BR","@id":"https:\/\/blogdofarnesio.com.br\/?p=76250#primaryimage","url":"http:\/\/www.quersaberpolitica.com.br\/2016\/wp-content\/uploads\/2014\/03\/moto.jpg","contentUrl":"http:\/\/www.quersaberpolitica.com.br\/2016\/wp-content\/uploads\/2014\/03\/moto.jpg"},{"@type":"BreadcrumbList","@id":"https:\/\/blogdofarnesio.com.br\/?p=76250#breadcrumb","itemListElement":[{"@type":"ListItem","position":1,"name":"In\u00edcio","item":"https:\/\/blogdofarnesio.com.br\/"},{"@type":"ListItem","position":2,"name":"EM MENOS DE UM M\u00caS TR\u00caS ACIDENTES DEIXAM MORTOS EM TRECHO DA BR 235"}]},{"@type":"WebSite","@id":"https:\/\/blogdofarnesio.com.br\/#website","url":"https:\/\/blogdofarnesio.com.br\/","name":"Blog do Farn\u00e9sio","description":"Quer Saber Pol\u00edtica?","publisher":{"@id":"https:\/\/blogdofarnesio.com.br\/#organization"},"potentialAction":[{"@type":"SearchAction","target":{"@type":"EntryPoint","urlTemplate":"https:\/\/blogdofarnesio.com.br\/?s={search_term_string}"},"query-input":{"@type":"PropertyValueSpecification","valueRequired":true,"valueName":"search_term_string"}}],"inLanguage":"pt-BR"},{"@type":"Organization","@id":"https:\/\/blogdofarnesio.com.br\/#organization","name":"Blog do Farn\u00e9sio","url":"https:\/\/blogdofarnesio.com.br\/","logo":{"@type":"ImageObject","inLanguage":"pt-BR","@id":"https:\/\/blogdofarnesio.com.br\/#\/schema\/logo\/image\/","url":"https:\/\/blogdofarnesio.com.br\/wp-content\/uploads\/2026\/03\/cropped-logo_new-1.png","contentUrl":"https:\/\/blogdofarnesio.com.br\/wp-content\/uploads\/2026\/03\/cropped-logo_new-1.png","width":881,"height":685,"caption":"Blog do Farn\u00e9sio"},"image":{"@id":"https:\/\/blogdofarnesio.com.br\/#\/schema\/logo\/image\/"},"sameAs":["https:\/\/www.facebook.com\/BlogQuerSaberPolitica\/"]},{"@type":"Person","@id":"https:\/\/blogdofarnesio.com.br\/#\/schema\/person\/dd1bf5eba40b687199ba45ca6b97dff9","name":"teste","image":{"@type":"ImageObject","inLanguage":"pt-BR","@id":"https:\/\/secure.gravatar.com\/avatar\/2172498d4914b51e1d89a0f97957b035ac4938723a5cac208135d389b6972a6d?s=96&d=mm&r=g","url":"https:\/\/secure.gravatar.com\/avatar\/2172498d4914b51e1d89a0f97957b035ac4938723a5cac208135d389b6972a6d?s=96&d=mm&r=g","contentUrl":"https:\/\/secure.gravatar.com\/avatar\/2172498d4914b51e1d89a0f97957b035ac4938723a5cac208135d389b6972a6d?s=96&d=mm&r=g","caption":"teste"},"url":"https:\/\/blogdofarnesio.com.br\/?author=3"}]}},"_links":{"self":[{"href":"https:\/\/blogdofarnesio.com.br\/index.php?rest_route=\/wp\/v2\/posts\/76250","targetHints":{"allow":["GET"]}}],"collection":[{"href":"https:\/\/blogdofarnesio.com.br\/index.php?rest_route=\/wp\/v2\/posts"}],"about":[{"href":"https:\/\/blogdofarnesio.com.br\/index.php?rest_route=\/wp\/v2\/types\/post"}],"author":[{"embeddable":true,"href":"https:\/\/blogdofarnesio.com.br\/index.php?rest_route=\/wp\/v2\/users\/3"}],"replies":[{"embeddable":true,"href":"https:\/\/blogdofarnesio.com.br\/index.php?rest_route=%2Fwp%2Fv2%2Fcomments&post=76250"}],"version-history":[{"count":0,"href":"https:\/\/blogdofarnesio.com.br\/index.php?rest_route=\/wp\/v2\/posts\/76250\/revisions"}],"wp:attachment":[{"href":"https:\/\/blogdofarnesio.com.br\/index.php?rest_route=%2Fwp%2Fv2%2Fmedia&parent=76250"}],"wp:term":[{"taxonomy":"category","embeddable":true,"href":"https:\/\/blogdofarnesio.com.br\/index.php?rest_route=%2Fwp%2Fv2%2Fcategories&post=76250"},{"taxonomy":"post_tag","embeddable":true,"href":"https:\/\/blogdofarnesio.com.br\/index.php?rest_route=%2Fwp%2Fv2%2Ftags&post=76250"}],"curies":[{"name":"wp","href":"https:\/\/api.w.org\/{rel}","templated":true}]}}