{"id":76209,"date":"2014-03-15T09:00:24","date_gmt":"2014-03-15T12:00:24","guid":{"rendered":"http:\/\/www.quersaberpolitica.com.br\/?p=76209"},"modified":"2014-03-14T22:48:16","modified_gmt":"2014-03-15T01:48:16","slug":"prefeito-de-juazeiro-recebe-reitor-da-univasf-para-avaliar-parceria","status":"publish","type":"post","link":"https:\/\/blogdofarnesio.com.br\/?p=76209","title":{"rendered":"PREFEITO DE JUAZEIRO RECEBE REITOR DA UNIVASF PARA AVALIAR PARCERIA"},"content":{"rendered":"<p style=\"text-align: justify\"><a href=\"http:\/\/www.quersaberpolitica.com.br\/2016\/wp-content\/uploads\/2014\/03\/DSC0474.jpg\"><img loading=\"lazy\" decoding=\"async\" class=\"alignleft size-medium wp-image-76210\" alt=\"BLOGQSPJUAZEIRO\" src=\"http:\/\/www.quersaberpolitica.com.br\/2016\/wp-content\/uploads\/2014\/03\/DSC0474-300x199.jpg\" width=\"300\" height=\"199\" srcset=\"https:\/\/blogdofarnesio.com.br\/wp-content\/uploads\/2014\/03\/DSC0474-300x199.jpg 300w, https:\/\/blogdofarnesio.com.br\/wp-content\/uploads\/2014\/03\/DSC0474.jpg 400w\" sizes=\"auto, (max-width: 300px) 100vw, 300px\" \/><\/a>O prefeito Isaac Carvalho recebeu em seu gabinete na tarde desta sexta-feira, o reitor da Universidade Federal Vale do S\u00e3o Francisco &#8211; Univasf, Julianeli Tolentino para dialogar sobre a parceria t\u00e9cnico-administrativa existente entre governo e universidade.<\/p>\n<p style=\"text-align: justify\">Uma dessas parcerias \u00e9 a participa\u00e7\u00e3o dos professores\u00a0Jo\u00e3o Pedro da Silva Neto, na Secretaria de Planejamento e Acelera\u00e7\u00e3o do Crescimento\u00a0e Ma\u00e9ve Melo na Administra\u00e7\u00e3o, cujo trabalho tem sido de fundamental import\u00e2ncia para a gest\u00e3o, principalmente num momento em que se inicia a constru\u00e7\u00e3o do Plano de Cargos, Carreiras e Recebimentos (PCCR), o Plano Municipal de Saneamento e o Plano Diretor do munic\u00edpio. \u201cEssa tem sido uma rela\u00e7\u00e3o muito positiva para a gest\u00e3o e com certeza quem est\u00e1 ganhando com isso \u00e9 o munic\u00edpio\u201d, expressou o prefeito Isaac Carvalho.<\/p>\n<p style=\"text-align: justify\">O reitor reiterou a import\u00e2ncia desse envolvimento e destacou que muitos outros caminhos poder\u00e3o ser abertos, envolvendo alunos e professores de forma a contribuir ainda mais para o desenvolvimento da cidade e da regi\u00e3o.<!--more--><\/p>\n<p style=\"text-align: justify\">Juliane Tolentino aproveitou o momento para informar e tamb\u00e9m pedir o apoio pol\u00edtico do chefe do executivo para que outros cursos de gradua\u00e7\u00e3o possam chegar \u00e0 regi\u00e3o como o de arquitetura e urbanismo, de licenciatura em ci\u00eancias exatas. \u201cA universidade sempre estar\u00e1 aberta para contribuir com o desenvolvimento local, do aluno, assim como tamb\u00e9m precisamos do apoio da administra\u00e7\u00e3o para que possamos avan\u00e7ar no sentido de tornar nossa institui\u00e7\u00e3o ainda mais pr\u00f3xima e presente na regi\u00e3o\u201d, colocou o reitor.<\/p>\n<p style=\"text-align: justify\">Tolentino informou ainda que j\u00e1 existe um projeto para instalar uma extens\u00e3o da universidade no pres\u00eddio de Juazeiro oferecendo curso a distancia na \u00e1rea de educa\u00e7\u00e3o f\u00edsica para os agentes e presos. O prefeito Isaac considerou de suma import\u00e2ncia a iniciativa e se colocou a disposi\u00e7\u00e3o da universidade em colaborar no que for preciso.<\/p>\n<p style=\"text-align: justify\">Outros pontos como a cria\u00e7\u00e3o da Escola do Servidor, o curso de medicina, a concep\u00e7\u00e3o de um f\u00f3rum permanente de debate sobre o desenvolvimento do semi-\u00e1rido foram levantados durante a reuni\u00e3o.<\/p>\n<p style=\"text-align: justify\">Participaram do encontro os secret\u00e1rios\u00a0Jo\u00e3o Pedro da Silva Neto, da Secretaria de Planejamento e Acelera\u00e7\u00e3o do Crescimento, Ma\u00e9ve Melo da Administra\u00e7\u00e3o, os assessores Pl\u00ednio Amorim, Carlos Neiva, Fernando Dantas, Gustavo Miranda, Jorge Lobo, al\u00e9m da equipe da Univasf.<\/p>\n","protected":false},"excerpt":{"rendered":"<p>O prefeito Isaac Carvalho recebeu em seu gabinete na tarde desta sexta-feira, o reitor da Universidade Federal Vale do S\u00e3o Francisco &#8211; Univasf, Julianeli Tolentino para dialogar sobre a parceria t\u00e9cnico-administrativa existente entre governo e universidade. Uma dessas parcerias \u00e9 a participa\u00e7\u00e3o dos professores\u00a0Jo\u00e3o Pedro da Silva Neto, na Secretaria de Planejamento e Acelera\u00e7\u00e3o do Crescimento\u00a0e Ma\u00e9ve Melo na Administra\u00e7\u00e3o, cujo trabalho tem sido de fundamental import\u00e2ncia para a gest\u00e3o, principalmente num momento em que se inicia a constru\u00e7\u00e3o do Plano de Cargos, Carreiras e Recebimentos (PCCR), o Plano Municipal de Saneamento e o Plano Diretor do munic\u00edpio. \u201cEssa tem sido uma rela\u00e7\u00e3o muito positiva para a gest\u00e3o e com certeza quem est\u00e1 ganhando com isso \u00e9 o munic\u00edpio\u201d, expressou&hellip; <\/p>\n","protected":false},"author":3,"featured_media":0,"comment_status":"open","ping_status":"open","sticky":false,"template":"","format":"standard","meta":{"_acf_changed":false,"footnotes":""},"categories":[44],"tags":[],"class_list":["post-76209","post","type-post","status-publish","format-standard","hentry","category-administracao"],"acf":[],"yoast_head":"<!-- This site is optimized with the Yoast SEO plugin v27.4 - https:\/\/yoast.com\/product\/yoast-seo-wordpress\/ -->\n<title>PREFEITO DE JUAZEIRO RECEBE REITOR DA UNIVASF PARA AVALIAR PARCERIA  - Blog do Farn\u00e9sio<\/title>\n<meta name=\"robots\" content=\"index, follow, max-snippet:-1, max-image-preview:large, max-video-preview:-1\" \/>\n<link rel=\"canonical\" href=\"https:\/\/blogdofarnesio.com.br\/?p=76209\" \/>\n<meta property=\"og:locale\" content=\"pt_BR\" \/>\n<meta property=\"og:type\" content=\"article\" \/>\n<meta property=\"og:title\" content=\"PREFEITO DE JUAZEIRO RECEBE REITOR DA UNIVASF PARA AVALIAR PARCERIA  - Blog do Farn\u00e9sio\" \/>\n<meta property=\"og:description\" content=\"O prefeito Isaac Carvalho recebeu em seu gabinete na tarde desta sexta-feira, o reitor da Universidade Federal Vale do S\u00e3o Francisco &#8211; Univasf, Julianeli Tolentino para dialogar sobre a parceria t\u00e9cnico-administrativa existente entre governo e universidade. Uma dessas parcerias \u00e9 a participa\u00e7\u00e3o dos professores\u00a0Jo\u00e3o Pedro da Silva Neto, na Secretaria de Planejamento e Acelera\u00e7\u00e3o do Crescimento\u00a0e Ma\u00e9ve Melo na Administra\u00e7\u00e3o, cujo trabalho tem sido de fundamental import\u00e2ncia para a gest\u00e3o, principalmente num momento em que se inicia a constru\u00e7\u00e3o do Plano de Cargos, Carreiras e Recebimentos (PCCR), o Plano Municipal de Saneamento e o Plano Diretor do munic\u00edpio. \u201cEssa tem sido uma rela\u00e7\u00e3o muito positiva para a gest\u00e3o e com certeza quem est\u00e1 ganhando com isso \u00e9 o munic\u00edpio\u201d, expressou&hellip;\" \/>\n<meta property=\"og:url\" content=\"https:\/\/blogdofarnesio.com.br\/?p=76209\" \/>\n<meta property=\"og:site_name\" content=\"Blog do Farn\u00e9sio\" \/>\n<meta property=\"article:publisher\" content=\"https:\/\/www.facebook.com\/BlogQuerSaberPolitica\/\" \/>\n<meta property=\"article:published_time\" content=\"2014-03-15T12:00:24+00:00\" \/>\n<meta property=\"og:image\" content=\"http:\/\/www.quersaberpolitica.com.br\/2016\/wp-content\/uploads\/2014\/03\/DSC0474-300x199.jpg\" \/>\n<meta name=\"author\" content=\"teste\" \/>\n<meta name=\"twitter:card\" content=\"summary_large_image\" \/>\n<meta name=\"twitter:label1\" content=\"Escrito por\" \/>\n\t<meta name=\"twitter:data1\" content=\"teste\" \/>\n\t<meta name=\"twitter:label2\" content=\"Est. tempo de leitura\" \/>\n\t<meta name=\"twitter:data2\" content=\"2 minutos\" \/>\n<script type=\"application\/ld+json\" class=\"yoast-schema-graph\">{\"@context\":\"https:\\\/\\\/schema.org\",\"@graph\":[{\"@type\":\"Article\",\"@id\":\"https:\\\/\\\/blogdofarnesio.com.br\\\/?p=76209#article\",\"isPartOf\":{\"@id\":\"https:\\\/\\\/blogdofarnesio.com.br\\\/?p=76209\"},\"author\":{\"name\":\"teste\",\"@id\":\"https:\\\/\\\/blogdofarnesio.com.br\\\/#\\\/schema\\\/person\\\/dd1bf5eba40b687199ba45ca6b97dff9\"},\"headline\":\"PREFEITO DE JUAZEIRO RECEBE REITOR DA UNIVASF PARA AVALIAR PARCERIA\",\"datePublished\":\"2014-03-15T12:00:24+00:00\",\"mainEntityOfPage\":{\"@id\":\"https:\\\/\\\/blogdofarnesio.com.br\\\/?p=76209\"},\"wordCount\":416,\"commentCount\":0,\"publisher\":{\"@id\":\"https:\\\/\\\/blogdofarnesio.com.br\\\/#organization\"},\"image\":{\"@id\":\"https:\\\/\\\/blogdofarnesio.com.br\\\/?p=76209#primaryimage\"},\"thumbnailUrl\":\"http:\\\/\\\/www.quersaberpolitica.com.br\\\/2016\\\/wp-content\\\/uploads\\\/2014\\\/03\\\/DSC0474-300x199.jpg\",\"articleSection\":[\"Administra\u00e7\u00e3o\"],\"inLanguage\":\"pt-BR\",\"potentialAction\":[{\"@type\":\"CommentAction\",\"name\":\"Comment\",\"target\":[\"https:\\\/\\\/blogdofarnesio.com.br\\\/?p=76209#respond\"]}]},{\"@type\":\"WebPage\",\"@id\":\"https:\\\/\\\/blogdofarnesio.com.br\\\/?p=76209\",\"url\":\"https:\\\/\\\/blogdofarnesio.com.br\\\/?p=76209\",\"name\":\"PREFEITO DE JUAZEIRO RECEBE REITOR DA UNIVASF PARA AVALIAR PARCERIA - Blog do Farn\u00e9sio\",\"isPartOf\":{\"@id\":\"https:\\\/\\\/blogdofarnesio.com.br\\\/#website\"},\"primaryImageOfPage\":{\"@id\":\"https:\\\/\\\/blogdofarnesio.com.br\\\/?p=76209#primaryimage\"},\"image\":{\"@id\":\"https:\\\/\\\/blogdofarnesio.com.br\\\/?p=76209#primaryimage\"},\"thumbnailUrl\":\"http:\\\/\\\/www.quersaberpolitica.com.br\\\/2016\\\/wp-content\\\/uploads\\\/2014\\\/03\\\/DSC0474-300x199.jpg\",\"datePublished\":\"2014-03-15T12:00:24+00:00\",\"breadcrumb\":{\"@id\":\"https:\\\/\\\/blogdofarnesio.com.br\\\/?p=76209#breadcrumb\"},\"inLanguage\":\"pt-BR\",\"potentialAction\":[{\"@type\":\"ReadAction\",\"target\":[\"https:\\\/\\\/blogdofarnesio.com.br\\\/?p=76209\"]}]},{\"@type\":\"ImageObject\",\"inLanguage\":\"pt-BR\",\"@id\":\"https:\\\/\\\/blogdofarnesio.com.br\\\/?p=76209#primaryimage\",\"url\":\"http:\\\/\\\/www.quersaberpolitica.com.br\\\/2016\\\/wp-content\\\/uploads\\\/2014\\\/03\\\/DSC0474-300x199.jpg\",\"contentUrl\":\"http:\\\/\\\/www.quersaberpolitica.com.br\\\/2016\\\/wp-content\\\/uploads\\\/2014\\\/03\\\/DSC0474-300x199.jpg\"},{\"@type\":\"BreadcrumbList\",\"@id\":\"https:\\\/\\\/blogdofarnesio.com.br\\\/?p=76209#breadcrumb\",\"itemListElement\":[{\"@type\":\"ListItem\",\"position\":1,\"name\":\"In\u00edcio\",\"item\":\"https:\\\/\\\/blogdofarnesio.com.br\\\/\"},{\"@type\":\"ListItem\",\"position\":2,\"name\":\"PREFEITO DE JUAZEIRO RECEBE REITOR DA UNIVASF PARA AVALIAR PARCERIA\"}]},{\"@type\":\"WebSite\",\"@id\":\"https:\\\/\\\/blogdofarnesio.com.br\\\/#website\",\"url\":\"https:\\\/\\\/blogdofarnesio.com.br\\\/\",\"name\":\"Blog do Farn\u00e9sio\",\"description\":\"Quer Saber Pol\u00edtica?\",\"publisher\":{\"@id\":\"https:\\\/\\\/blogdofarnesio.com.br\\\/#organization\"},\"potentialAction\":[{\"@type\":\"SearchAction\",\"target\":{\"@type\":\"EntryPoint\",\"urlTemplate\":\"https:\\\/\\\/blogdofarnesio.com.br\\\/?s={search_term_string}\"},\"query-input\":{\"@type\":\"PropertyValueSpecification\",\"valueRequired\":true,\"valueName\":\"search_term_string\"}}],\"inLanguage\":\"pt-BR\"},{\"@type\":\"Organization\",\"@id\":\"https:\\\/\\\/blogdofarnesio.com.br\\\/#organization\",\"name\":\"Blog do Farn\u00e9sio\",\"url\":\"https:\\\/\\\/blogdofarnesio.com.br\\\/\",\"logo\":{\"@type\":\"ImageObject\",\"inLanguage\":\"pt-BR\",\"@id\":\"https:\\\/\\\/blogdofarnesio.com.br\\\/#\\\/schema\\\/logo\\\/image\\\/\",\"url\":\"https:\\\/\\\/blogdofarnesio.com.br\\\/wp-content\\\/uploads\\\/2026\\\/03\\\/cropped-logo_new-1.png\",\"contentUrl\":\"https:\\\/\\\/blogdofarnesio.com.br\\\/wp-content\\\/uploads\\\/2026\\\/03\\\/cropped-logo_new-1.png\",\"width\":881,\"height\":685,\"caption\":\"Blog do Farn\u00e9sio\"},\"image\":{\"@id\":\"https:\\\/\\\/blogdofarnesio.com.br\\\/#\\\/schema\\\/logo\\\/image\\\/\"},\"sameAs\":[\"https:\\\/\\\/www.facebook.com\\\/BlogQuerSaberPolitica\\\/\"]},{\"@type\":\"Person\",\"@id\":\"https:\\\/\\\/blogdofarnesio.com.br\\\/#\\\/schema\\\/person\\\/dd1bf5eba40b687199ba45ca6b97dff9\",\"name\":\"teste\",\"image\":{\"@type\":\"ImageObject\",\"inLanguage\":\"pt-BR\",\"@id\":\"https:\\\/\\\/secure.gravatar.com\\\/avatar\\\/2172498d4914b51e1d89a0f97957b035ac4938723a5cac208135d389b6972a6d?s=96&d=mm&r=g\",\"url\":\"https:\\\/\\\/secure.gravatar.com\\\/avatar\\\/2172498d4914b51e1d89a0f97957b035ac4938723a5cac208135d389b6972a6d?s=96&d=mm&r=g\",\"contentUrl\":\"https:\\\/\\\/secure.gravatar.com\\\/avatar\\\/2172498d4914b51e1d89a0f97957b035ac4938723a5cac208135d389b6972a6d?s=96&d=mm&r=g\",\"caption\":\"teste\"},\"url\":\"https:\\\/\\\/blogdofarnesio.com.br\\\/?author=3\"}]}<\/script>\n<!-- \/ Yoast SEO plugin. -->","yoast_head_json":{"title":"PREFEITO DE JUAZEIRO RECEBE REITOR DA UNIVASF PARA AVALIAR PARCERIA  - Blog do Farn\u00e9sio","robots":{"index":"index","follow":"follow","max-snippet":"max-snippet:-1","max-image-preview":"max-image-preview:large","max-video-preview":"max-video-preview:-1"},"canonical":"https:\/\/blogdofarnesio.com.br\/?p=76209","og_locale":"pt_BR","og_type":"article","og_title":"PREFEITO DE JUAZEIRO RECEBE REITOR DA UNIVASF PARA AVALIAR PARCERIA  - Blog do Farn\u00e9sio","og_description":"O prefeito Isaac Carvalho recebeu em seu gabinete na tarde desta sexta-feira, o reitor da Universidade Federal Vale do S\u00e3o Francisco &#8211; Univasf, Julianeli Tolentino para dialogar sobre a parceria t\u00e9cnico-administrativa existente entre governo e universidade. Uma dessas parcerias \u00e9 a participa\u00e7\u00e3o dos professores\u00a0Jo\u00e3o Pedro da Silva Neto, na Secretaria de Planejamento e Acelera\u00e7\u00e3o do Crescimento\u00a0e Ma\u00e9ve Melo na Administra\u00e7\u00e3o, cujo trabalho tem sido de fundamental import\u00e2ncia para a gest\u00e3o, principalmente num momento em que se inicia a constru\u00e7\u00e3o do Plano de Cargos, Carreiras e Recebimentos (PCCR), o Plano Municipal de Saneamento e o Plano Diretor do munic\u00edpio. \u201cEssa tem sido uma rela\u00e7\u00e3o muito positiva para a gest\u00e3o e com certeza quem est\u00e1 ganhando com isso \u00e9 o munic\u00edpio\u201d, expressou&hellip;","og_url":"https:\/\/blogdofarnesio.com.br\/?p=76209","og_site_name":"Blog do Farn\u00e9sio","article_publisher":"https:\/\/www.facebook.com\/BlogQuerSaberPolitica\/","article_published_time":"2014-03-15T12:00:24+00:00","og_image":[{"url":"http:\/\/www.quersaberpolitica.com.br\/2016\/wp-content\/uploads\/2014\/03\/DSC0474-300x199.jpg","type":"","width":"","height":""}],"author":"teste","twitter_card":"summary_large_image","twitter_misc":{"Escrito por":"teste","Est. tempo de leitura":"2 minutos"},"schema":{"@context":"https:\/\/schema.org","@graph":[{"@type":"Article","@id":"https:\/\/blogdofarnesio.com.br\/?p=76209#article","isPartOf":{"@id":"https:\/\/blogdofarnesio.com.br\/?p=76209"},"author":{"name":"teste","@id":"https:\/\/blogdofarnesio.com.br\/#\/schema\/person\/dd1bf5eba40b687199ba45ca6b97dff9"},"headline":"PREFEITO DE JUAZEIRO RECEBE REITOR DA UNIVASF PARA AVALIAR PARCERIA","datePublished":"2014-03-15T12:00:24+00:00","mainEntityOfPage":{"@id":"https:\/\/blogdofarnesio.com.br\/?p=76209"},"wordCount":416,"commentCount":0,"publisher":{"@id":"https:\/\/blogdofarnesio.com.br\/#organization"},"image":{"@id":"https:\/\/blogdofarnesio.com.br\/?p=76209#primaryimage"},"thumbnailUrl":"http:\/\/www.quersaberpolitica.com.br\/2016\/wp-content\/uploads\/2014\/03\/DSC0474-300x199.jpg","articleSection":["Administra\u00e7\u00e3o"],"inLanguage":"pt-BR","potentialAction":[{"@type":"CommentAction","name":"Comment","target":["https:\/\/blogdofarnesio.com.br\/?p=76209#respond"]}]},{"@type":"WebPage","@id":"https:\/\/blogdofarnesio.com.br\/?p=76209","url":"https:\/\/blogdofarnesio.com.br\/?p=76209","name":"PREFEITO DE JUAZEIRO RECEBE REITOR DA UNIVASF PARA AVALIAR PARCERIA - Blog do Farn\u00e9sio","isPartOf":{"@id":"https:\/\/blogdofarnesio.com.br\/#website"},"primaryImageOfPage":{"@id":"https:\/\/blogdofarnesio.com.br\/?p=76209#primaryimage"},"image":{"@id":"https:\/\/blogdofarnesio.com.br\/?p=76209#primaryimage"},"thumbnailUrl":"http:\/\/www.quersaberpolitica.com.br\/2016\/wp-content\/uploads\/2014\/03\/DSC0474-300x199.jpg","datePublished":"2014-03-15T12:00:24+00:00","breadcrumb":{"@id":"https:\/\/blogdofarnesio.com.br\/?p=76209#breadcrumb"},"inLanguage":"pt-BR","potentialAction":[{"@type":"ReadAction","target":["https:\/\/blogdofarnesio.com.br\/?p=76209"]}]},{"@type":"ImageObject","inLanguage":"pt-BR","@id":"https:\/\/blogdofarnesio.com.br\/?p=76209#primaryimage","url":"http:\/\/www.quersaberpolitica.com.br\/2016\/wp-content\/uploads\/2014\/03\/DSC0474-300x199.jpg","contentUrl":"http:\/\/www.quersaberpolitica.com.br\/2016\/wp-content\/uploads\/2014\/03\/DSC0474-300x199.jpg"},{"@type":"BreadcrumbList","@id":"https:\/\/blogdofarnesio.com.br\/?p=76209#breadcrumb","itemListElement":[{"@type":"ListItem","position":1,"name":"In\u00edcio","item":"https:\/\/blogdofarnesio.com.br\/"},{"@type":"ListItem","position":2,"name":"PREFEITO DE JUAZEIRO RECEBE REITOR DA UNIVASF PARA AVALIAR PARCERIA"}]},{"@type":"WebSite","@id":"https:\/\/blogdofarnesio.com.br\/#website","url":"https:\/\/blogdofarnesio.com.br\/","name":"Blog do Farn\u00e9sio","description":"Quer Saber Pol\u00edtica?","publisher":{"@id":"https:\/\/blogdofarnesio.com.br\/#organization"},"potentialAction":[{"@type":"SearchAction","target":{"@type":"EntryPoint","urlTemplate":"https:\/\/blogdofarnesio.com.br\/?s={search_term_string}"},"query-input":{"@type":"PropertyValueSpecification","valueRequired":true,"valueName":"search_term_string"}}],"inLanguage":"pt-BR"},{"@type":"Organization","@id":"https:\/\/blogdofarnesio.com.br\/#organization","name":"Blog do Farn\u00e9sio","url":"https:\/\/blogdofarnesio.com.br\/","logo":{"@type":"ImageObject","inLanguage":"pt-BR","@id":"https:\/\/blogdofarnesio.com.br\/#\/schema\/logo\/image\/","url":"https:\/\/blogdofarnesio.com.br\/wp-content\/uploads\/2026\/03\/cropped-logo_new-1.png","contentUrl":"https:\/\/blogdofarnesio.com.br\/wp-content\/uploads\/2026\/03\/cropped-logo_new-1.png","width":881,"height":685,"caption":"Blog do Farn\u00e9sio"},"image":{"@id":"https:\/\/blogdofarnesio.com.br\/#\/schema\/logo\/image\/"},"sameAs":["https:\/\/www.facebook.com\/BlogQuerSaberPolitica\/"]},{"@type":"Person","@id":"https:\/\/blogdofarnesio.com.br\/#\/schema\/person\/dd1bf5eba40b687199ba45ca6b97dff9","name":"teste","image":{"@type":"ImageObject","inLanguage":"pt-BR","@id":"https:\/\/secure.gravatar.com\/avatar\/2172498d4914b51e1d89a0f97957b035ac4938723a5cac208135d389b6972a6d?s=96&d=mm&r=g","url":"https:\/\/secure.gravatar.com\/avatar\/2172498d4914b51e1d89a0f97957b035ac4938723a5cac208135d389b6972a6d?s=96&d=mm&r=g","contentUrl":"https:\/\/secure.gravatar.com\/avatar\/2172498d4914b51e1d89a0f97957b035ac4938723a5cac208135d389b6972a6d?s=96&d=mm&r=g","caption":"teste"},"url":"https:\/\/blogdofarnesio.com.br\/?author=3"}]}},"_links":{"self":[{"href":"https:\/\/blogdofarnesio.com.br\/index.php?rest_route=\/wp\/v2\/posts\/76209","targetHints":{"allow":["GET"]}}],"collection":[{"href":"https:\/\/blogdofarnesio.com.br\/index.php?rest_route=\/wp\/v2\/posts"}],"about":[{"href":"https:\/\/blogdofarnesio.com.br\/index.php?rest_route=\/wp\/v2\/types\/post"}],"author":[{"embeddable":true,"href":"https:\/\/blogdofarnesio.com.br\/index.php?rest_route=\/wp\/v2\/users\/3"}],"replies":[{"embeddable":true,"href":"https:\/\/blogdofarnesio.com.br\/index.php?rest_route=%2Fwp%2Fv2%2Fcomments&post=76209"}],"version-history":[{"count":0,"href":"https:\/\/blogdofarnesio.com.br\/index.php?rest_route=\/wp\/v2\/posts\/76209\/revisions"}],"wp:attachment":[{"href":"https:\/\/blogdofarnesio.com.br\/index.php?rest_route=%2Fwp%2Fv2%2Fmedia&parent=76209"}],"wp:term":[{"taxonomy":"category","embeddable":true,"href":"https:\/\/blogdofarnesio.com.br\/index.php?rest_route=%2Fwp%2Fv2%2Fcategories&post=76209"},{"taxonomy":"post_tag","embeddable":true,"href":"https:\/\/blogdofarnesio.com.br\/index.php?rest_route=%2Fwp%2Fv2%2Ftags&post=76209"}],"curies":[{"name":"wp","href":"https:\/\/api.w.org\/{rel}","templated":true}]}}