{"id":76135,"date":"2014-03-15T07:00:38","date_gmt":"2014-03-15T10:00:38","guid":{"rendered":"http:\/\/www.quersaberpolitica.com.br\/?p=76135"},"modified":"2014-03-14T13:01:38","modified_gmt":"2014-03-14T16:01:38","slug":"comunidade-de-rajada-sera-contemplada-com-acao-de-cidadania-neste-sabado-15","status":"publish","type":"post","link":"https:\/\/blogdofarnesio.com.br\/2014\/03\/comunidade-de-rajada-sera-contemplada-com-acao-de-cidadania-neste-sabado-15\/","title":{"rendered":"RAJADA SER\u00c1 CONTEMPLADA COM A\u00c7\u00c3O DE CIDADANIA NESTE S\u00c1BADO (15)"},"content":{"rendered":"<p style=\"text-align: justify\" align=\"JUSTIFY\"><span style=\"font-family: Arial, sans-serif\"><a href=\"http:\/\/www.quersaberpolitica.com.br\/2016\/wp-content\/uploads\/2014\/01\/DSC0062.jpg\"><img loading=\"lazy\" decoding=\"async\" class=\"alignleft  wp-image-70637\" alt=\"blogqspsaude\" src=\"http:\/\/www.quersaberpolitica.com.br\/2016\/wp-content\/uploads\/2014\/01\/DSC0062.jpg\" width=\"320\" height=\"213\" srcset=\"https:\/\/blogdofarnesio.com.br\/wp-content\/uploads\/2014\/01\/DSC0062.jpg 400w, https:\/\/blogdofarnesio.com.br\/wp-content\/uploads\/2014\/01\/DSC0062-300x199.jpg 300w\" sizes=\"auto, (max-width: 320px) 100vw, 320px\" \/><\/a>Na manh\u00e3 deste s\u00e1bado (15), a partir das 8h, uma s\u00e9rie de servi\u00e7os ser\u00e3o ofertados pela Secretaria de Cidadania na comunidade de Rajada, na Escola Municipal Jos\u00e9 C\u00edcero de Amorim. <\/span><\/p>\n<p style=\"text-align: justify\" align=\"JUSTIFY\"><span style=\"font-family: Arial, sans-serif\">O evento abranger\u00e1 tamb\u00e9m os moradores de Uru\u00e1s, Atalho, Caititu e outras localidades circunvizinhas. <\/span><\/p>\n<p style=\"text-align: justify\" align=\"JUSTIFY\"><span style=\"font-family: Arial, sans-serif\">A a\u00e7\u00e3o acontecer\u00e1 em conjunto com as secretarias de Habita\u00e7\u00e3o, Sa\u00fade e o apoio da Universidade Federal do Vale do S\u00e3o Francisco (Univasf).<\/span><\/p>\n<p style=\"text-align: justify\" align=\"JUSTIFY\"><span style=\"font-family: Arial, sans-serif\">Os moradores ter\u00e3o acesso a consultas, exames, preservativos e teste r\u00e1pido para verifica\u00e7\u00e3o de Doen\u00e7as Sexualmente Transmiss\u00edveis (DSTs) feitos pelo Centro de Orienta\u00e7\u00e3o e Apoio Sorol\u00f3gico (COAS), din\u00e2micas de grupo e palestras do N\u00facleo de Sa\u00fade da Fam\u00edlia (NASF), servi\u00e7os t\u00e9cnicos dos centros de refer\u00eancia de Atendimento a Mulher (CRAM), Especializado em Assist\u00eancia Social (CREAS) e de Assist\u00eancia Social (CRAS).<!--more--><\/span><\/p>\n<p style=\"text-align: justify\" align=\"JUSTIFY\"><span style=\"font-family: Arial, sans-serif\">Ser\u00e3o oferecidos ainda a emiss\u00e3o de carteira de trabalho pelo Banco Municipal de Emprego (BAMEM), servi\u00e7os das secretarias de Habita\u00e7\u00e3o e Acessibilidade, que disponibilizar\u00e1 formul\u00e1rios de emiss\u00e3o para cart\u00f5es interestaduais de transporte, Cadastramento no BAMEM, para recrutar pessoas com defici\u00eancia interessadas em vagas de emprego, al\u00e9m de informa\u00e7\u00f5es sobre a carteira municipal de transporte. Haver\u00e1 ainda uma palestra sobre viol\u00eancia dom\u00e9stica e direito da mulher, ministrada pela docente Margaret Olinda, do curso de Enfermagem da Univasf.<\/span><\/p>\n<p style=\"text-align: justify\" align=\"JUSTIFY\"><span style=\"font-family: Arial, sans-serif\">Os interessados em participar da a\u00e7\u00e3o social devem levar documenta\u00e7\u00e3o original completa. Todos os servi\u00e7os s\u00e3o gratuitos. Mais informa\u00e7\u00f5es atrav\u00e9s do telefone da Secretaria de Cidadania: 3862-9224.<\/span><\/p>\n","protected":false},"excerpt":{"rendered":"<p>Na manh\u00e3 deste s\u00e1bado (15), a partir das 8h, uma s\u00e9rie de servi\u00e7os ser\u00e3o ofertados pela Secretaria de Cidadania na comunidade de Rajada, na Escola Municipal Jos\u00e9 C\u00edcero de Amorim. O evento abranger\u00e1 tamb\u00e9m os moradores de Uru\u00e1s, Atalho, Caititu e outras localidades circunvizinhas. A a\u00e7\u00e3o acontecer\u00e1 em conjunto com as secretarias de Habita\u00e7\u00e3o, Sa\u00fade e o apoio da Universidade Federal do Vale do S\u00e3o Francisco (Univasf). Os moradores ter\u00e3o acesso a consultas, exames, preservativos e teste r\u00e1pido para verifica\u00e7\u00e3o de Doen\u00e7as Sexualmente Transmiss\u00edveis (DSTs) feitos pelo Centro de Orienta\u00e7\u00e3o e Apoio Sorol\u00f3gico (COAS), din\u00e2micas de grupo e palestras do N\u00facleo de Sa\u00fade da Fam\u00edlia (NASF), servi\u00e7os t\u00e9cnicos dos centros de refer\u00eancia de Atendimento a Mulher (CRAM), Especializado em Assist\u00eancia&hellip; <\/p>\n","protected":false},"author":3,"featured_media":0,"comment_status":"open","ping_status":"open","sticky":false,"template":"","format":"standard","meta":{"_acf_changed":false,"footnotes":""},"categories":[22],"tags":[],"class_list":["post-76135","post","type-post","status-publish","format-standard","hentry","category-acao-social"],"acf":[],"yoast_head":"<!-- This site is optimized with the Yoast SEO plugin v27.5 - https:\/\/yoast.com\/product\/yoast-seo-wordpress\/ -->\n<title>RAJADA SER\u00c1 CONTEMPLADA COM A\u00c7\u00c3O DE CIDADANIA NESTE S\u00c1BADO (15) - Blog do Farn\u00e9sio<\/title>\n<meta name=\"robots\" content=\"index, follow, max-snippet:-1, max-image-preview:large, max-video-preview:-1\" \/>\n<link rel=\"canonical\" href=\"https:\/\/blogdofarnesio.com.br\/2014\/03\/comunidade-de-rajada-sera-contemplada-com-acao-de-cidadania-neste-sabado-15\/\" \/>\n<meta property=\"og:locale\" content=\"pt_BR\" \/>\n<meta property=\"og:type\" content=\"article\" \/>\n<meta property=\"og:title\" content=\"RAJADA SER\u00c1 CONTEMPLADA COM A\u00c7\u00c3O DE CIDADANIA NESTE S\u00c1BADO (15) - Blog do Farn\u00e9sio\" \/>\n<meta property=\"og:description\" content=\"Na manh\u00e3 deste s\u00e1bado (15), a partir das 8h, uma s\u00e9rie de servi\u00e7os ser\u00e3o ofertados pela Secretaria de Cidadania na comunidade de Rajada, na Escola Municipal Jos\u00e9 C\u00edcero de Amorim. O evento abranger\u00e1 tamb\u00e9m os moradores de Uru\u00e1s, Atalho, Caititu e outras localidades circunvizinhas. A a\u00e7\u00e3o acontecer\u00e1 em conjunto com as secretarias de Habita\u00e7\u00e3o, Sa\u00fade e o apoio da Universidade Federal do Vale do S\u00e3o Francisco (Univasf). Os moradores ter\u00e3o acesso a consultas, exames, preservativos e teste r\u00e1pido para verifica\u00e7\u00e3o de Doen\u00e7as Sexualmente Transmiss\u00edveis (DSTs) feitos pelo Centro de Orienta\u00e7\u00e3o e Apoio Sorol\u00f3gico (COAS), din\u00e2micas de grupo e palestras do N\u00facleo de Sa\u00fade da Fam\u00edlia (NASF), servi\u00e7os t\u00e9cnicos dos centros de refer\u00eancia de Atendimento a Mulher (CRAM), Especializado em Assist\u00eancia&hellip;\" \/>\n<meta property=\"og:url\" content=\"https:\/\/blogdofarnesio.com.br\/2014\/03\/comunidade-de-rajada-sera-contemplada-com-acao-de-cidadania-neste-sabado-15\/\" \/>\n<meta property=\"og:site_name\" content=\"Blog do Farn\u00e9sio\" \/>\n<meta property=\"article:publisher\" content=\"https:\/\/www.facebook.com\/BlogQuerSaberPolitica\/\" \/>\n<meta property=\"article:published_time\" content=\"2014-03-15T10:00:38+00:00\" \/>\n<meta property=\"og:image\" content=\"http:\/\/www.quersaberpolitica.com.br\/2016\/wp-content\/uploads\/2014\/01\/DSC0062.jpg\" \/>\n<meta name=\"author\" content=\"teste\" \/>\n<meta name=\"twitter:card\" content=\"summary_large_image\" \/>\n<meta name=\"twitter:label1\" content=\"Escrito por\" \/>\n\t<meta name=\"twitter:data1\" content=\"teste\" \/>\n\t<meta name=\"twitter:label2\" content=\"Est. tempo de leitura\" \/>\n\t<meta name=\"twitter:data2\" content=\"1 minuto\" \/>\n<script type=\"application\/ld+json\" class=\"yoast-schema-graph\">{\"@context\":\"https:\\\/\\\/schema.org\",\"@graph\":[{\"@type\":\"Article\",\"@id\":\"https:\\\/\\\/blogdofarnesio.com.br\\\/2014\\\/03\\\/comunidade-de-rajada-sera-contemplada-com-acao-de-cidadania-neste-sabado-15\\\/#article\",\"isPartOf\":{\"@id\":\"https:\\\/\\\/blogdofarnesio.com.br\\\/2014\\\/03\\\/comunidade-de-rajada-sera-contemplada-com-acao-de-cidadania-neste-sabado-15\\\/\"},\"author\":{\"name\":\"teste\",\"@id\":\"https:\\\/\\\/blogdofarnesio.com.br\\\/#\\\/schema\\\/person\\\/dd1bf5eba40b687199ba45ca6b97dff9\"},\"headline\":\"RAJADA SER\u00c1 CONTEMPLADA COM A\u00c7\u00c3O DE CIDADANIA NESTE S\u00c1BADO (15)\",\"datePublished\":\"2014-03-15T10:00:38+00:00\",\"mainEntityOfPage\":{\"@id\":\"https:\\\/\\\/blogdofarnesio.com.br\\\/2014\\\/03\\\/comunidade-de-rajada-sera-contemplada-com-acao-de-cidadania-neste-sabado-15\\\/\"},\"wordCount\":285,\"commentCount\":0,\"publisher\":{\"@id\":\"https:\\\/\\\/blogdofarnesio.com.br\\\/#organization\"},\"image\":{\"@id\":\"https:\\\/\\\/blogdofarnesio.com.br\\\/2014\\\/03\\\/comunidade-de-rajada-sera-contemplada-com-acao-de-cidadania-neste-sabado-15\\\/#primaryimage\"},\"thumbnailUrl\":\"http:\\\/\\\/www.quersaberpolitica.com.br\\\/2016\\\/wp-content\\\/uploads\\\/2014\\\/01\\\/DSC0062.jpg\",\"articleSection\":[\"A\u00e7\u00e3o Social\"],\"inLanguage\":\"pt-BR\",\"potentialAction\":[{\"@type\":\"CommentAction\",\"name\":\"Comment\",\"target\":[\"https:\\\/\\\/blogdofarnesio.com.br\\\/2014\\\/03\\\/comunidade-de-rajada-sera-contemplada-com-acao-de-cidadania-neste-sabado-15\\\/#respond\"]}]},{\"@type\":\"WebPage\",\"@id\":\"https:\\\/\\\/blogdofarnesio.com.br\\\/2014\\\/03\\\/comunidade-de-rajada-sera-contemplada-com-acao-de-cidadania-neste-sabado-15\\\/\",\"url\":\"https:\\\/\\\/blogdofarnesio.com.br\\\/2014\\\/03\\\/comunidade-de-rajada-sera-contemplada-com-acao-de-cidadania-neste-sabado-15\\\/\",\"name\":\"RAJADA SER\u00c1 CONTEMPLADA COM A\u00c7\u00c3O DE CIDADANIA NESTE S\u00c1BADO (15) - Blog do Farn\u00e9sio\",\"isPartOf\":{\"@id\":\"https:\\\/\\\/blogdofarnesio.com.br\\\/#website\"},\"primaryImageOfPage\":{\"@id\":\"https:\\\/\\\/blogdofarnesio.com.br\\\/2014\\\/03\\\/comunidade-de-rajada-sera-contemplada-com-acao-de-cidadania-neste-sabado-15\\\/#primaryimage\"},\"image\":{\"@id\":\"https:\\\/\\\/blogdofarnesio.com.br\\\/2014\\\/03\\\/comunidade-de-rajada-sera-contemplada-com-acao-de-cidadania-neste-sabado-15\\\/#primaryimage\"},\"thumbnailUrl\":\"http:\\\/\\\/www.quersaberpolitica.com.br\\\/2016\\\/wp-content\\\/uploads\\\/2014\\\/01\\\/DSC0062.jpg\",\"datePublished\":\"2014-03-15T10:00:38+00:00\",\"breadcrumb\":{\"@id\":\"https:\\\/\\\/blogdofarnesio.com.br\\\/2014\\\/03\\\/comunidade-de-rajada-sera-contemplada-com-acao-de-cidadania-neste-sabado-15\\\/#breadcrumb\"},\"inLanguage\":\"pt-BR\",\"potentialAction\":[{\"@type\":\"ReadAction\",\"target\":[\"https:\\\/\\\/blogdofarnesio.com.br\\\/2014\\\/03\\\/comunidade-de-rajada-sera-contemplada-com-acao-de-cidadania-neste-sabado-15\\\/\"]}]},{\"@type\":\"ImageObject\",\"inLanguage\":\"pt-BR\",\"@id\":\"https:\\\/\\\/blogdofarnesio.com.br\\\/2014\\\/03\\\/comunidade-de-rajada-sera-contemplada-com-acao-de-cidadania-neste-sabado-15\\\/#primaryimage\",\"url\":\"http:\\\/\\\/www.quersaberpolitica.com.br\\\/2016\\\/wp-content\\\/uploads\\\/2014\\\/01\\\/DSC0062.jpg\",\"contentUrl\":\"http:\\\/\\\/www.quersaberpolitica.com.br\\\/2016\\\/wp-content\\\/uploads\\\/2014\\\/01\\\/DSC0062.jpg\"},{\"@type\":\"BreadcrumbList\",\"@id\":\"https:\\\/\\\/blogdofarnesio.com.br\\\/2014\\\/03\\\/comunidade-de-rajada-sera-contemplada-com-acao-de-cidadania-neste-sabado-15\\\/#breadcrumb\",\"itemListElement\":[{\"@type\":\"ListItem\",\"position\":1,\"name\":\"In\u00edcio\",\"item\":\"https:\\\/\\\/blogdofarnesio.com.br\\\/\"},{\"@type\":\"ListItem\",\"position\":2,\"name\":\"RAJADA SER\u00c1 CONTEMPLADA COM A\u00c7\u00c3O DE CIDADANIA NESTE S\u00c1BADO (15)\"}]},{\"@type\":\"WebSite\",\"@id\":\"https:\\\/\\\/blogdofarnesio.com.br\\\/#website\",\"url\":\"https:\\\/\\\/blogdofarnesio.com.br\\\/\",\"name\":\"Blog do Farn\u00e9sio\",\"description\":\"Quer Saber Pol\u00edtica?\",\"publisher\":{\"@id\":\"https:\\\/\\\/blogdofarnesio.com.br\\\/#organization\"},\"potentialAction\":[{\"@type\":\"SearchAction\",\"target\":{\"@type\":\"EntryPoint\",\"urlTemplate\":\"https:\\\/\\\/blogdofarnesio.com.br\\\/?s={search_term_string}\"},\"query-input\":{\"@type\":\"PropertyValueSpecification\",\"valueRequired\":true,\"valueName\":\"search_term_string\"}}],\"inLanguage\":\"pt-BR\"},{\"@type\":\"Organization\",\"@id\":\"https:\\\/\\\/blogdofarnesio.com.br\\\/#organization\",\"name\":\"Blog do Farn\u00e9sio\",\"url\":\"https:\\\/\\\/blogdofarnesio.com.br\\\/\",\"logo\":{\"@type\":\"ImageObject\",\"inLanguage\":\"pt-BR\",\"@id\":\"https:\\\/\\\/blogdofarnesio.com.br\\\/#\\\/schema\\\/logo\\\/image\\\/\",\"url\":\"https:\\\/\\\/blogdofarnesio.com.br\\\/wp-content\\\/uploads\\\/2026\\\/03\\\/cropped-logo_new-1.png\",\"contentUrl\":\"https:\\\/\\\/blogdofarnesio.com.br\\\/wp-content\\\/uploads\\\/2026\\\/03\\\/cropped-logo_new-1.png\",\"width\":881,\"height\":685,\"caption\":\"Blog do Farn\u00e9sio\"},\"image\":{\"@id\":\"https:\\\/\\\/blogdofarnesio.com.br\\\/#\\\/schema\\\/logo\\\/image\\\/\"},\"sameAs\":[\"https:\\\/\\\/www.facebook.com\\\/BlogQuerSaberPolitica\\\/\"]},{\"@type\":\"Person\",\"@id\":\"https:\\\/\\\/blogdofarnesio.com.br\\\/#\\\/schema\\\/person\\\/dd1bf5eba40b687199ba45ca6b97dff9\",\"name\":\"teste\",\"image\":{\"@type\":\"ImageObject\",\"inLanguage\":\"pt-BR\",\"@id\":\"https:\\\/\\\/secure.gravatar.com\\\/avatar\\\/2172498d4914b51e1d89a0f97957b035ac4938723a5cac208135d389b6972a6d?s=96&d=mm&r=g\",\"url\":\"https:\\\/\\\/secure.gravatar.com\\\/avatar\\\/2172498d4914b51e1d89a0f97957b035ac4938723a5cac208135d389b6972a6d?s=96&d=mm&r=g\",\"contentUrl\":\"https:\\\/\\\/secure.gravatar.com\\\/avatar\\\/2172498d4914b51e1d89a0f97957b035ac4938723a5cac208135d389b6972a6d?s=96&d=mm&r=g\",\"caption\":\"teste\"},\"url\":\"https:\\\/\\\/blogdofarnesio.com.br\\\/author\\\/teste\\\/\"}]}<\/script>\n<!-- \/ Yoast SEO plugin. -->","yoast_head_json":{"title":"RAJADA SER\u00c1 CONTEMPLADA COM A\u00c7\u00c3O DE CIDADANIA NESTE S\u00c1BADO (15) - Blog do Farn\u00e9sio","robots":{"index":"index","follow":"follow","max-snippet":"max-snippet:-1","max-image-preview":"max-image-preview:large","max-video-preview":"max-video-preview:-1"},"canonical":"https:\/\/blogdofarnesio.com.br\/2014\/03\/comunidade-de-rajada-sera-contemplada-com-acao-de-cidadania-neste-sabado-15\/","og_locale":"pt_BR","og_type":"article","og_title":"RAJADA SER\u00c1 CONTEMPLADA COM A\u00c7\u00c3O DE CIDADANIA NESTE S\u00c1BADO (15) - Blog do Farn\u00e9sio","og_description":"Na manh\u00e3 deste s\u00e1bado (15), a partir das 8h, uma s\u00e9rie de servi\u00e7os ser\u00e3o ofertados pela Secretaria de Cidadania na comunidade de Rajada, na Escola Municipal Jos\u00e9 C\u00edcero de Amorim. O evento abranger\u00e1 tamb\u00e9m os moradores de Uru\u00e1s, Atalho, Caititu e outras localidades circunvizinhas. A a\u00e7\u00e3o acontecer\u00e1 em conjunto com as secretarias de Habita\u00e7\u00e3o, Sa\u00fade e o apoio da Universidade Federal do Vale do S\u00e3o Francisco (Univasf). Os moradores ter\u00e3o acesso a consultas, exames, preservativos e teste r\u00e1pido para verifica\u00e7\u00e3o de Doen\u00e7as Sexualmente Transmiss\u00edveis (DSTs) feitos pelo Centro de Orienta\u00e7\u00e3o e Apoio Sorol\u00f3gico (COAS), din\u00e2micas de grupo e palestras do N\u00facleo de Sa\u00fade da Fam\u00edlia (NASF), servi\u00e7os t\u00e9cnicos dos centros de refer\u00eancia de Atendimento a Mulher (CRAM), Especializado em Assist\u00eancia&hellip;","og_url":"https:\/\/blogdofarnesio.com.br\/2014\/03\/comunidade-de-rajada-sera-contemplada-com-acao-de-cidadania-neste-sabado-15\/","og_site_name":"Blog do Farn\u00e9sio","article_publisher":"https:\/\/www.facebook.com\/BlogQuerSaberPolitica\/","article_published_time":"2014-03-15T10:00:38+00:00","og_image":[{"url":"http:\/\/www.quersaberpolitica.com.br\/2016\/wp-content\/uploads\/2014\/01\/DSC0062.jpg","type":"","width":"","height":""}],"author":"teste","twitter_card":"summary_large_image","twitter_misc":{"Escrito por":"teste","Est. tempo de leitura":"1 minuto"},"schema":{"@context":"https:\/\/schema.org","@graph":[{"@type":"Article","@id":"https:\/\/blogdofarnesio.com.br\/2014\/03\/comunidade-de-rajada-sera-contemplada-com-acao-de-cidadania-neste-sabado-15\/#article","isPartOf":{"@id":"https:\/\/blogdofarnesio.com.br\/2014\/03\/comunidade-de-rajada-sera-contemplada-com-acao-de-cidadania-neste-sabado-15\/"},"author":{"name":"teste","@id":"https:\/\/blogdofarnesio.com.br\/#\/schema\/person\/dd1bf5eba40b687199ba45ca6b97dff9"},"headline":"RAJADA SER\u00c1 CONTEMPLADA COM A\u00c7\u00c3O DE CIDADANIA NESTE S\u00c1BADO (15)","datePublished":"2014-03-15T10:00:38+00:00","mainEntityOfPage":{"@id":"https:\/\/blogdofarnesio.com.br\/2014\/03\/comunidade-de-rajada-sera-contemplada-com-acao-de-cidadania-neste-sabado-15\/"},"wordCount":285,"commentCount":0,"publisher":{"@id":"https:\/\/blogdofarnesio.com.br\/#organization"},"image":{"@id":"https:\/\/blogdofarnesio.com.br\/2014\/03\/comunidade-de-rajada-sera-contemplada-com-acao-de-cidadania-neste-sabado-15\/#primaryimage"},"thumbnailUrl":"http:\/\/www.quersaberpolitica.com.br\/2016\/wp-content\/uploads\/2014\/01\/DSC0062.jpg","articleSection":["A\u00e7\u00e3o Social"],"inLanguage":"pt-BR","potentialAction":[{"@type":"CommentAction","name":"Comment","target":["https:\/\/blogdofarnesio.com.br\/2014\/03\/comunidade-de-rajada-sera-contemplada-com-acao-de-cidadania-neste-sabado-15\/#respond"]}]},{"@type":"WebPage","@id":"https:\/\/blogdofarnesio.com.br\/2014\/03\/comunidade-de-rajada-sera-contemplada-com-acao-de-cidadania-neste-sabado-15\/","url":"https:\/\/blogdofarnesio.com.br\/2014\/03\/comunidade-de-rajada-sera-contemplada-com-acao-de-cidadania-neste-sabado-15\/","name":"RAJADA SER\u00c1 CONTEMPLADA COM A\u00c7\u00c3O DE CIDADANIA NESTE S\u00c1BADO (15) - Blog do Farn\u00e9sio","isPartOf":{"@id":"https:\/\/blogdofarnesio.com.br\/#website"},"primaryImageOfPage":{"@id":"https:\/\/blogdofarnesio.com.br\/2014\/03\/comunidade-de-rajada-sera-contemplada-com-acao-de-cidadania-neste-sabado-15\/#primaryimage"},"image":{"@id":"https:\/\/blogdofarnesio.com.br\/2014\/03\/comunidade-de-rajada-sera-contemplada-com-acao-de-cidadania-neste-sabado-15\/#primaryimage"},"thumbnailUrl":"http:\/\/www.quersaberpolitica.com.br\/2016\/wp-content\/uploads\/2014\/01\/DSC0062.jpg","datePublished":"2014-03-15T10:00:38+00:00","breadcrumb":{"@id":"https:\/\/blogdofarnesio.com.br\/2014\/03\/comunidade-de-rajada-sera-contemplada-com-acao-de-cidadania-neste-sabado-15\/#breadcrumb"},"inLanguage":"pt-BR","potentialAction":[{"@type":"ReadAction","target":["https:\/\/blogdofarnesio.com.br\/2014\/03\/comunidade-de-rajada-sera-contemplada-com-acao-de-cidadania-neste-sabado-15\/"]}]},{"@type":"ImageObject","inLanguage":"pt-BR","@id":"https:\/\/blogdofarnesio.com.br\/2014\/03\/comunidade-de-rajada-sera-contemplada-com-acao-de-cidadania-neste-sabado-15\/#primaryimage","url":"http:\/\/www.quersaberpolitica.com.br\/2016\/wp-content\/uploads\/2014\/01\/DSC0062.jpg","contentUrl":"http:\/\/www.quersaberpolitica.com.br\/2016\/wp-content\/uploads\/2014\/01\/DSC0062.jpg"},{"@type":"BreadcrumbList","@id":"https:\/\/blogdofarnesio.com.br\/2014\/03\/comunidade-de-rajada-sera-contemplada-com-acao-de-cidadania-neste-sabado-15\/#breadcrumb","itemListElement":[{"@type":"ListItem","position":1,"name":"In\u00edcio","item":"https:\/\/blogdofarnesio.com.br\/"},{"@type":"ListItem","position":2,"name":"RAJADA SER\u00c1 CONTEMPLADA COM A\u00c7\u00c3O DE CIDADANIA NESTE S\u00c1BADO (15)"}]},{"@type":"WebSite","@id":"https:\/\/blogdofarnesio.com.br\/#website","url":"https:\/\/blogdofarnesio.com.br\/","name":"Blog do Farn\u00e9sio","description":"Quer Saber Pol\u00edtica?","publisher":{"@id":"https:\/\/blogdofarnesio.com.br\/#organization"},"potentialAction":[{"@type":"SearchAction","target":{"@type":"EntryPoint","urlTemplate":"https:\/\/blogdofarnesio.com.br\/?s={search_term_string}"},"query-input":{"@type":"PropertyValueSpecification","valueRequired":true,"valueName":"search_term_string"}}],"inLanguage":"pt-BR"},{"@type":"Organization","@id":"https:\/\/blogdofarnesio.com.br\/#organization","name":"Blog do Farn\u00e9sio","url":"https:\/\/blogdofarnesio.com.br\/","logo":{"@type":"ImageObject","inLanguage":"pt-BR","@id":"https:\/\/blogdofarnesio.com.br\/#\/schema\/logo\/image\/","url":"https:\/\/blogdofarnesio.com.br\/wp-content\/uploads\/2026\/03\/cropped-logo_new-1.png","contentUrl":"https:\/\/blogdofarnesio.com.br\/wp-content\/uploads\/2026\/03\/cropped-logo_new-1.png","width":881,"height":685,"caption":"Blog do Farn\u00e9sio"},"image":{"@id":"https:\/\/blogdofarnesio.com.br\/#\/schema\/logo\/image\/"},"sameAs":["https:\/\/www.facebook.com\/BlogQuerSaberPolitica\/"]},{"@type":"Person","@id":"https:\/\/blogdofarnesio.com.br\/#\/schema\/person\/dd1bf5eba40b687199ba45ca6b97dff9","name":"teste","image":{"@type":"ImageObject","inLanguage":"pt-BR","@id":"https:\/\/secure.gravatar.com\/avatar\/2172498d4914b51e1d89a0f97957b035ac4938723a5cac208135d389b6972a6d?s=96&d=mm&r=g","url":"https:\/\/secure.gravatar.com\/avatar\/2172498d4914b51e1d89a0f97957b035ac4938723a5cac208135d389b6972a6d?s=96&d=mm&r=g","contentUrl":"https:\/\/secure.gravatar.com\/avatar\/2172498d4914b51e1d89a0f97957b035ac4938723a5cac208135d389b6972a6d?s=96&d=mm&r=g","caption":"teste"},"url":"https:\/\/blogdofarnesio.com.br\/author\/teste\/"}]}},"_links":{"self":[{"href":"https:\/\/blogdofarnesio.com.br\/wp-json\/wp\/v2\/posts\/76135","targetHints":{"allow":["GET"]}}],"collection":[{"href":"https:\/\/blogdofarnesio.com.br\/wp-json\/wp\/v2\/posts"}],"about":[{"href":"https:\/\/blogdofarnesio.com.br\/wp-json\/wp\/v2\/types\/post"}],"author":[{"embeddable":true,"href":"https:\/\/blogdofarnesio.com.br\/wp-json\/wp\/v2\/users\/3"}],"replies":[{"embeddable":true,"href":"https:\/\/blogdofarnesio.com.br\/wp-json\/wp\/v2\/comments?post=76135"}],"version-history":[{"count":0,"href":"https:\/\/blogdofarnesio.com.br\/wp-json\/wp\/v2\/posts\/76135\/revisions"}],"wp:attachment":[{"href":"https:\/\/blogdofarnesio.com.br\/wp-json\/wp\/v2\/media?parent=76135"}],"wp:term":[{"taxonomy":"category","embeddable":true,"href":"https:\/\/blogdofarnesio.com.br\/wp-json\/wp\/v2\/categories?post=76135"},{"taxonomy":"post_tag","embeddable":true,"href":"https:\/\/blogdofarnesio.com.br\/wp-json\/wp\/v2\/tags?post=76135"}],"curies":[{"name":"wp","href":"https:\/\/api.w.org\/{rel}","templated":true}]}}