{"id":75989,"date":"2014-03-13T14:00:07","date_gmt":"2014-03-13T17:00:07","guid":{"rendered":"http:\/\/www.quersaberpolitica.com.br\/?p=75989"},"modified":"2014-03-13T14:05:56","modified_gmt":"2014-03-13T17:05:56","slug":"as-pessoas-moram-na-beira-do-lago-de-sobradinho-e-nao-tem-acesso-a-agua-e-a-energia-diz-integrante-do-mab","status":"publish","type":"post","link":"https:\/\/blogdofarnesio.com.br\/?p=75989","title":{"rendered":"\u201cAS PESSOAS MORAM NA BEIRA DO LAGO DE SOBRADINHO E N\u00c3O TEM ACESSO A \u00c1GUA E ENERGIA&#8221;, DIZ INTEGRANTE DO MAB"},"content":{"rendered":"<p style=\"text-align: justify\"><a href=\"http:\/\/www.quersaberpolitica.com.br\/2016\/wp-content\/uploads\/2013\/01\/blogqspbarragemsobradinho18.jpg\"><img loading=\"lazy\" decoding=\"async\" class=\"alignleft size-full wp-image-22513\" alt=\"blogqspbarragemsobradinho18\" src=\"http:\/\/www.quersaberpolitica.com.br\/2016\/wp-content\/uploads\/2013\/01\/blogqspbarragemsobradinho18.jpg\" width=\"268\" height=\"188\" \/><\/a>Amanh\u00e3 (14) \u00e9 considerado o dia internacional de Luta Contra as Barragens, para falar sobre esse assunto, o programa bastidores da not\u00edcia, veiculado na r\u00e1dio TropicalSat, recebeu uma integrante do Movimento dos Atingidos por Barragens (MAB) daqui da regi\u00e3o do Vale do S\u00e3o Francisco, Daniela Teles, em que ressaltou a import\u00e2ncia da luta.<\/p>\n<p style=\"text-align: justify\">Daniela destacou a situa\u00e7\u00e3o prec\u00e1ria que vivem as fam\u00edlias que foram atingidas pela barragem de sobradinho, que foi constru\u00edda h\u00e1 mais de 35 anos e at\u00e9 hoje, segundo ela, as fam\u00edlias n\u00e3o foram indenizadas e vivem em situa\u00e7\u00e3o de calamidade. \u201cTem comunidade que n\u00e3o tem acesso a comunica\u00e7\u00e3o, estradas, \u00e1gua, energia, uma situa\u00e7\u00e3o de pura calamidade\u201d, ressaltou.<!--more--><\/p>\n<p style=\"text-align: justify\">De acordo com ela, at\u00e9 hoje, n\u00e3o existe uma lei que garanta o pagamento das d\u00edvidas dos atingidos. \u201cMilhares de atingidos s\u00e3o relocados em situa\u00e7\u00e3o de mis\u00e9ria, mas n\u00e3o tem nenhuma lei que garanta os direitos dessas pessoas\u201d, continuando ela frisou que esse ano \u00e9 um ano de levante das massas, j\u00e1 que, desde o ano passado a lei j\u00e1 deveriam ter sido assinada e at\u00e9 agora nenhuma solu\u00e7\u00e3o.<\/p>\n<p style=\"text-align: justify\">Segundo Daniela, o MAB vem trabalhando com uma extensa pauta de reivindica\u00e7\u00f5es, e atrav\u00e9s de mobiliza\u00e7\u00f5es, reuni\u00f5es com o governo, tentam reverter essa situa\u00e7\u00e3o. \u201cAt\u00e9 agora a gente n\u00e3o avan\u00e7ou muito na nossa pauta, que \u00e9 a quest\u00e3o da \u00e1gua encanada que a gente n\u00e3o tem nas comunidade, energia, \u00e9 um absurdo as pessoas que moram a beira do lago de sobradinho n\u00e3o ter acesso a \u00e1gua e a energia\u201d, concluiu.<\/p>\n<p style=\"text-align: justify\"><strong>Por Cl\u00eailma Souza\/ BlogQSP<\/strong><\/p>\n","protected":false},"excerpt":{"rendered":"<p>Amanh\u00e3 (14) \u00e9 considerado o dia internacional de Luta Contra as Barragens, para falar sobre esse assunto, o programa bastidores da not\u00edcia, veiculado na r\u00e1dio TropicalSat, recebeu uma integrante do Movimento dos Atingidos por Barragens (MAB) daqui da regi\u00e3o do Vale do S\u00e3o Francisco, Daniela Teles, em que ressaltou a import\u00e2ncia da luta. Daniela destacou a situa\u00e7\u00e3o prec\u00e1ria que vivem as fam\u00edlias que foram atingidas pela barragem de sobradinho, que foi constru\u00edda h\u00e1 mais de 35 anos e at\u00e9 hoje, segundo ela, as fam\u00edlias n\u00e3o foram indenizadas e vivem em situa\u00e7\u00e3o de calamidade. \u201cTem comunidade que n\u00e3o tem acesso a comunica\u00e7\u00e3o, estradas, \u00e1gua, energia, uma situa\u00e7\u00e3o de pura calamidade\u201d, ressaltou.<\/p>\n","protected":false},"author":3,"featured_media":0,"comment_status":"open","ping_status":"open","sticky":false,"template":"","format":"standard","meta":{"_acf_changed":false,"footnotes":""},"categories":[29],"tags":[],"class_list":["post-75989","post","type-post","status-publish","format-standard","hentry","category-meio-ambiente"],"acf":[],"yoast_head":"<!-- This site is optimized with the Yoast SEO plugin v27.4 - https:\/\/yoast.com\/product\/yoast-seo-wordpress\/ -->\n<title>\u201cAS PESSOAS MORAM NA BEIRA DO LAGO DE SOBRADINHO E N\u00c3O TEM ACESSO A \u00c1GUA E ENERGIA&quot;, DIZ INTEGRANTE DO MAB  - Blog do Farn\u00e9sio<\/title>\n<meta name=\"robots\" content=\"index, follow, max-snippet:-1, max-image-preview:large, max-video-preview:-1\" \/>\n<link rel=\"canonical\" href=\"https:\/\/blogdofarnesio.com.br\/?p=75989\" \/>\n<meta property=\"og:locale\" content=\"pt_BR\" \/>\n<meta property=\"og:type\" content=\"article\" \/>\n<meta property=\"og:title\" content=\"\u201cAS PESSOAS MORAM NA BEIRA DO LAGO DE SOBRADINHO E N\u00c3O TEM ACESSO A \u00c1GUA E ENERGIA&quot;, DIZ INTEGRANTE DO MAB  - Blog do Farn\u00e9sio\" \/>\n<meta property=\"og:description\" content=\"Amanh\u00e3 (14) \u00e9 considerado o dia internacional de Luta Contra as Barragens, para falar sobre esse assunto, o programa bastidores da not\u00edcia, veiculado na r\u00e1dio TropicalSat, recebeu uma integrante do Movimento dos Atingidos por Barragens (MAB) daqui da regi\u00e3o do Vale do S\u00e3o Francisco, Daniela Teles, em que ressaltou a import\u00e2ncia da luta. Daniela destacou a situa\u00e7\u00e3o prec\u00e1ria que vivem as fam\u00edlias que foram atingidas pela barragem de sobradinho, que foi constru\u00edda h\u00e1 mais de 35 anos e at\u00e9 hoje, segundo ela, as fam\u00edlias n\u00e3o foram indenizadas e vivem em situa\u00e7\u00e3o de calamidade. \u201cTem comunidade que n\u00e3o tem acesso a comunica\u00e7\u00e3o, estradas, \u00e1gua, energia, uma situa\u00e7\u00e3o de pura calamidade\u201d, ressaltou.\" \/>\n<meta property=\"og:url\" content=\"https:\/\/blogdofarnesio.com.br\/?p=75989\" \/>\n<meta property=\"og:site_name\" content=\"Blog do Farn\u00e9sio\" \/>\n<meta property=\"article:publisher\" content=\"https:\/\/www.facebook.com\/BlogQuerSaberPolitica\/\" \/>\n<meta property=\"article:published_time\" content=\"2014-03-13T17:00:07+00:00\" \/>\n<meta property=\"article:modified_time\" content=\"2014-03-13T17:05:56+00:00\" \/>\n<meta property=\"og:image\" content=\"http:\/\/www.quersaberpolitica.com.br\/2016\/wp-content\/uploads\/2013\/01\/blogqspbarragemsobradinho18.jpg\" \/>\n<meta name=\"author\" content=\"teste\" \/>\n<meta name=\"twitter:card\" content=\"summary_large_image\" \/>\n<meta name=\"twitter:label1\" content=\"Escrito por\" \/>\n\t<meta name=\"twitter:data1\" content=\"teste\" \/>\n\t<meta name=\"twitter:label2\" content=\"Est. tempo de leitura\" \/>\n\t<meta name=\"twitter:data2\" content=\"1 minuto\" \/>\n<script type=\"application\/ld+json\" class=\"yoast-schema-graph\">{\"@context\":\"https:\\\/\\\/schema.org\",\"@graph\":[{\"@type\":\"Article\",\"@id\":\"https:\\\/\\\/blogdofarnesio.com.br\\\/?p=75989#article\",\"isPartOf\":{\"@id\":\"https:\\\/\\\/blogdofarnesio.com.br\\\/?p=75989\"},\"author\":{\"name\":\"teste\",\"@id\":\"https:\\\/\\\/blogdofarnesio.com.br\\\/#\\\/schema\\\/person\\\/dd1bf5eba40b687199ba45ca6b97dff9\"},\"headline\":\"\u201cAS PESSOAS MORAM NA BEIRA DO LAGO DE SOBRADINHO E N\u00c3O TEM ACESSO A \u00c1GUA E ENERGIA&#8221;, DIZ INTEGRANTE DO MAB\",\"datePublished\":\"2014-03-13T17:00:07+00:00\",\"dateModified\":\"2014-03-13T17:05:56+00:00\",\"mainEntityOfPage\":{\"@id\":\"https:\\\/\\\/blogdofarnesio.com.br\\\/?p=75989\"},\"wordCount\":303,\"commentCount\":0,\"publisher\":{\"@id\":\"https:\\\/\\\/blogdofarnesio.com.br\\\/#organization\"},\"image\":{\"@id\":\"https:\\\/\\\/blogdofarnesio.com.br\\\/?p=75989#primaryimage\"},\"thumbnailUrl\":\"http:\\\/\\\/www.quersaberpolitica.com.br\\\/2016\\\/wp-content\\\/uploads\\\/2013\\\/01\\\/blogqspbarragemsobradinho18.jpg\",\"articleSection\":[\"Meio Ambiente\"],\"inLanguage\":\"pt-BR\",\"potentialAction\":[{\"@type\":\"CommentAction\",\"name\":\"Comment\",\"target\":[\"https:\\\/\\\/blogdofarnesio.com.br\\\/?p=75989#respond\"]}]},{\"@type\":\"WebPage\",\"@id\":\"https:\\\/\\\/blogdofarnesio.com.br\\\/?p=75989\",\"url\":\"https:\\\/\\\/blogdofarnesio.com.br\\\/?p=75989\",\"name\":\"\u201cAS PESSOAS MORAM NA BEIRA DO LAGO DE SOBRADINHO E N\u00c3O TEM ACESSO A \u00c1GUA E ENERGIA\\\", DIZ INTEGRANTE DO MAB - Blog do Farn\u00e9sio\",\"isPartOf\":{\"@id\":\"https:\\\/\\\/blogdofarnesio.com.br\\\/#website\"},\"primaryImageOfPage\":{\"@id\":\"https:\\\/\\\/blogdofarnesio.com.br\\\/?p=75989#primaryimage\"},\"image\":{\"@id\":\"https:\\\/\\\/blogdofarnesio.com.br\\\/?p=75989#primaryimage\"},\"thumbnailUrl\":\"http:\\\/\\\/www.quersaberpolitica.com.br\\\/2016\\\/wp-content\\\/uploads\\\/2013\\\/01\\\/blogqspbarragemsobradinho18.jpg\",\"datePublished\":\"2014-03-13T17:00:07+00:00\",\"dateModified\":\"2014-03-13T17:05:56+00:00\",\"breadcrumb\":{\"@id\":\"https:\\\/\\\/blogdofarnesio.com.br\\\/?p=75989#breadcrumb\"},\"inLanguage\":\"pt-BR\",\"potentialAction\":[{\"@type\":\"ReadAction\",\"target\":[\"https:\\\/\\\/blogdofarnesio.com.br\\\/?p=75989\"]}]},{\"@type\":\"ImageObject\",\"inLanguage\":\"pt-BR\",\"@id\":\"https:\\\/\\\/blogdofarnesio.com.br\\\/?p=75989#primaryimage\",\"url\":\"http:\\\/\\\/www.quersaberpolitica.com.br\\\/2016\\\/wp-content\\\/uploads\\\/2013\\\/01\\\/blogqspbarragemsobradinho18.jpg\",\"contentUrl\":\"http:\\\/\\\/www.quersaberpolitica.com.br\\\/2016\\\/wp-content\\\/uploads\\\/2013\\\/01\\\/blogqspbarragemsobradinho18.jpg\"},{\"@type\":\"BreadcrumbList\",\"@id\":\"https:\\\/\\\/blogdofarnesio.com.br\\\/?p=75989#breadcrumb\",\"itemListElement\":[{\"@type\":\"ListItem\",\"position\":1,\"name\":\"In\u00edcio\",\"item\":\"https:\\\/\\\/blogdofarnesio.com.br\\\/\"},{\"@type\":\"ListItem\",\"position\":2,\"name\":\"\u201cAS PESSOAS MORAM NA BEIRA DO LAGO DE SOBRADINHO E N\u00c3O TEM ACESSO A \u00c1GUA E ENERGIA&#8221;, DIZ INTEGRANTE DO MAB\"}]},{\"@type\":\"WebSite\",\"@id\":\"https:\\\/\\\/blogdofarnesio.com.br\\\/#website\",\"url\":\"https:\\\/\\\/blogdofarnesio.com.br\\\/\",\"name\":\"Blog do Farn\u00e9sio\",\"description\":\"Quer Saber Pol\u00edtica?\",\"publisher\":{\"@id\":\"https:\\\/\\\/blogdofarnesio.com.br\\\/#organization\"},\"potentialAction\":[{\"@type\":\"SearchAction\",\"target\":{\"@type\":\"EntryPoint\",\"urlTemplate\":\"https:\\\/\\\/blogdofarnesio.com.br\\\/?s={search_term_string}\"},\"query-input\":{\"@type\":\"PropertyValueSpecification\",\"valueRequired\":true,\"valueName\":\"search_term_string\"}}],\"inLanguage\":\"pt-BR\"},{\"@type\":\"Organization\",\"@id\":\"https:\\\/\\\/blogdofarnesio.com.br\\\/#organization\",\"name\":\"Blog do Farn\u00e9sio\",\"url\":\"https:\\\/\\\/blogdofarnesio.com.br\\\/\",\"logo\":{\"@type\":\"ImageObject\",\"inLanguage\":\"pt-BR\",\"@id\":\"https:\\\/\\\/blogdofarnesio.com.br\\\/#\\\/schema\\\/logo\\\/image\\\/\",\"url\":\"https:\\\/\\\/blogdofarnesio.com.br\\\/wp-content\\\/uploads\\\/2026\\\/03\\\/cropped-logo_new-1.png\",\"contentUrl\":\"https:\\\/\\\/blogdofarnesio.com.br\\\/wp-content\\\/uploads\\\/2026\\\/03\\\/cropped-logo_new-1.png\",\"width\":881,\"height\":685,\"caption\":\"Blog do Farn\u00e9sio\"},\"image\":{\"@id\":\"https:\\\/\\\/blogdofarnesio.com.br\\\/#\\\/schema\\\/logo\\\/image\\\/\"},\"sameAs\":[\"https:\\\/\\\/www.facebook.com\\\/BlogQuerSaberPolitica\\\/\"]},{\"@type\":\"Person\",\"@id\":\"https:\\\/\\\/blogdofarnesio.com.br\\\/#\\\/schema\\\/person\\\/dd1bf5eba40b687199ba45ca6b97dff9\",\"name\":\"teste\",\"image\":{\"@type\":\"ImageObject\",\"inLanguage\":\"pt-BR\",\"@id\":\"https:\\\/\\\/secure.gravatar.com\\\/avatar\\\/2172498d4914b51e1d89a0f97957b035ac4938723a5cac208135d389b6972a6d?s=96&d=mm&r=g\",\"url\":\"https:\\\/\\\/secure.gravatar.com\\\/avatar\\\/2172498d4914b51e1d89a0f97957b035ac4938723a5cac208135d389b6972a6d?s=96&d=mm&r=g\",\"contentUrl\":\"https:\\\/\\\/secure.gravatar.com\\\/avatar\\\/2172498d4914b51e1d89a0f97957b035ac4938723a5cac208135d389b6972a6d?s=96&d=mm&r=g\",\"caption\":\"teste\"},\"url\":\"https:\\\/\\\/blogdofarnesio.com.br\\\/?author=3\"}]}<\/script>\n<!-- \/ Yoast SEO plugin. -->","yoast_head_json":{"title":"\u201cAS PESSOAS MORAM NA BEIRA DO LAGO DE SOBRADINHO E N\u00c3O TEM ACESSO A \u00c1GUA E ENERGIA\", DIZ INTEGRANTE DO MAB  - Blog do Farn\u00e9sio","robots":{"index":"index","follow":"follow","max-snippet":"max-snippet:-1","max-image-preview":"max-image-preview:large","max-video-preview":"max-video-preview:-1"},"canonical":"https:\/\/blogdofarnesio.com.br\/?p=75989","og_locale":"pt_BR","og_type":"article","og_title":"\u201cAS PESSOAS MORAM NA BEIRA DO LAGO DE SOBRADINHO E N\u00c3O TEM ACESSO A \u00c1GUA E ENERGIA\", DIZ INTEGRANTE DO MAB  - Blog do Farn\u00e9sio","og_description":"Amanh\u00e3 (14) \u00e9 considerado o dia internacional de Luta Contra as Barragens, para falar sobre esse assunto, o programa bastidores da not\u00edcia, veiculado na r\u00e1dio TropicalSat, recebeu uma integrante do Movimento dos Atingidos por Barragens (MAB) daqui da regi\u00e3o do Vale do S\u00e3o Francisco, Daniela Teles, em que ressaltou a import\u00e2ncia da luta. Daniela destacou a situa\u00e7\u00e3o prec\u00e1ria que vivem as fam\u00edlias que foram atingidas pela barragem de sobradinho, que foi constru\u00edda h\u00e1 mais de 35 anos e at\u00e9 hoje, segundo ela, as fam\u00edlias n\u00e3o foram indenizadas e vivem em situa\u00e7\u00e3o de calamidade. \u201cTem comunidade que n\u00e3o tem acesso a comunica\u00e7\u00e3o, estradas, \u00e1gua, energia, uma situa\u00e7\u00e3o de pura calamidade\u201d, ressaltou.","og_url":"https:\/\/blogdofarnesio.com.br\/?p=75989","og_site_name":"Blog do Farn\u00e9sio","article_publisher":"https:\/\/www.facebook.com\/BlogQuerSaberPolitica\/","article_published_time":"2014-03-13T17:00:07+00:00","article_modified_time":"2014-03-13T17:05:56+00:00","og_image":[{"url":"http:\/\/www.quersaberpolitica.com.br\/2016\/wp-content\/uploads\/2013\/01\/blogqspbarragemsobradinho18.jpg","type":"","width":"","height":""}],"author":"teste","twitter_card":"summary_large_image","twitter_misc":{"Escrito por":"teste","Est. tempo de leitura":"1 minuto"},"schema":{"@context":"https:\/\/schema.org","@graph":[{"@type":"Article","@id":"https:\/\/blogdofarnesio.com.br\/?p=75989#article","isPartOf":{"@id":"https:\/\/blogdofarnesio.com.br\/?p=75989"},"author":{"name":"teste","@id":"https:\/\/blogdofarnesio.com.br\/#\/schema\/person\/dd1bf5eba40b687199ba45ca6b97dff9"},"headline":"\u201cAS PESSOAS MORAM NA BEIRA DO LAGO DE SOBRADINHO E N\u00c3O TEM ACESSO A \u00c1GUA E ENERGIA&#8221;, DIZ INTEGRANTE DO MAB","datePublished":"2014-03-13T17:00:07+00:00","dateModified":"2014-03-13T17:05:56+00:00","mainEntityOfPage":{"@id":"https:\/\/blogdofarnesio.com.br\/?p=75989"},"wordCount":303,"commentCount":0,"publisher":{"@id":"https:\/\/blogdofarnesio.com.br\/#organization"},"image":{"@id":"https:\/\/blogdofarnesio.com.br\/?p=75989#primaryimage"},"thumbnailUrl":"http:\/\/www.quersaberpolitica.com.br\/2016\/wp-content\/uploads\/2013\/01\/blogqspbarragemsobradinho18.jpg","articleSection":["Meio Ambiente"],"inLanguage":"pt-BR","potentialAction":[{"@type":"CommentAction","name":"Comment","target":["https:\/\/blogdofarnesio.com.br\/?p=75989#respond"]}]},{"@type":"WebPage","@id":"https:\/\/blogdofarnesio.com.br\/?p=75989","url":"https:\/\/blogdofarnesio.com.br\/?p=75989","name":"\u201cAS PESSOAS MORAM NA BEIRA DO LAGO DE SOBRADINHO E N\u00c3O TEM ACESSO A \u00c1GUA E ENERGIA\", DIZ INTEGRANTE DO MAB - Blog do Farn\u00e9sio","isPartOf":{"@id":"https:\/\/blogdofarnesio.com.br\/#website"},"primaryImageOfPage":{"@id":"https:\/\/blogdofarnesio.com.br\/?p=75989#primaryimage"},"image":{"@id":"https:\/\/blogdofarnesio.com.br\/?p=75989#primaryimage"},"thumbnailUrl":"http:\/\/www.quersaberpolitica.com.br\/2016\/wp-content\/uploads\/2013\/01\/blogqspbarragemsobradinho18.jpg","datePublished":"2014-03-13T17:00:07+00:00","dateModified":"2014-03-13T17:05:56+00:00","breadcrumb":{"@id":"https:\/\/blogdofarnesio.com.br\/?p=75989#breadcrumb"},"inLanguage":"pt-BR","potentialAction":[{"@type":"ReadAction","target":["https:\/\/blogdofarnesio.com.br\/?p=75989"]}]},{"@type":"ImageObject","inLanguage":"pt-BR","@id":"https:\/\/blogdofarnesio.com.br\/?p=75989#primaryimage","url":"http:\/\/www.quersaberpolitica.com.br\/2016\/wp-content\/uploads\/2013\/01\/blogqspbarragemsobradinho18.jpg","contentUrl":"http:\/\/www.quersaberpolitica.com.br\/2016\/wp-content\/uploads\/2013\/01\/blogqspbarragemsobradinho18.jpg"},{"@type":"BreadcrumbList","@id":"https:\/\/blogdofarnesio.com.br\/?p=75989#breadcrumb","itemListElement":[{"@type":"ListItem","position":1,"name":"In\u00edcio","item":"https:\/\/blogdofarnesio.com.br\/"},{"@type":"ListItem","position":2,"name":"\u201cAS PESSOAS MORAM NA BEIRA DO LAGO DE SOBRADINHO E N\u00c3O TEM ACESSO A \u00c1GUA E ENERGIA&#8221;, DIZ INTEGRANTE DO MAB"}]},{"@type":"WebSite","@id":"https:\/\/blogdofarnesio.com.br\/#website","url":"https:\/\/blogdofarnesio.com.br\/","name":"Blog do Farn\u00e9sio","description":"Quer Saber Pol\u00edtica?","publisher":{"@id":"https:\/\/blogdofarnesio.com.br\/#organization"},"potentialAction":[{"@type":"SearchAction","target":{"@type":"EntryPoint","urlTemplate":"https:\/\/blogdofarnesio.com.br\/?s={search_term_string}"},"query-input":{"@type":"PropertyValueSpecification","valueRequired":true,"valueName":"search_term_string"}}],"inLanguage":"pt-BR"},{"@type":"Organization","@id":"https:\/\/blogdofarnesio.com.br\/#organization","name":"Blog do Farn\u00e9sio","url":"https:\/\/blogdofarnesio.com.br\/","logo":{"@type":"ImageObject","inLanguage":"pt-BR","@id":"https:\/\/blogdofarnesio.com.br\/#\/schema\/logo\/image\/","url":"https:\/\/blogdofarnesio.com.br\/wp-content\/uploads\/2026\/03\/cropped-logo_new-1.png","contentUrl":"https:\/\/blogdofarnesio.com.br\/wp-content\/uploads\/2026\/03\/cropped-logo_new-1.png","width":881,"height":685,"caption":"Blog do Farn\u00e9sio"},"image":{"@id":"https:\/\/blogdofarnesio.com.br\/#\/schema\/logo\/image\/"},"sameAs":["https:\/\/www.facebook.com\/BlogQuerSaberPolitica\/"]},{"@type":"Person","@id":"https:\/\/blogdofarnesio.com.br\/#\/schema\/person\/dd1bf5eba40b687199ba45ca6b97dff9","name":"teste","image":{"@type":"ImageObject","inLanguage":"pt-BR","@id":"https:\/\/secure.gravatar.com\/avatar\/2172498d4914b51e1d89a0f97957b035ac4938723a5cac208135d389b6972a6d?s=96&d=mm&r=g","url":"https:\/\/secure.gravatar.com\/avatar\/2172498d4914b51e1d89a0f97957b035ac4938723a5cac208135d389b6972a6d?s=96&d=mm&r=g","contentUrl":"https:\/\/secure.gravatar.com\/avatar\/2172498d4914b51e1d89a0f97957b035ac4938723a5cac208135d389b6972a6d?s=96&d=mm&r=g","caption":"teste"},"url":"https:\/\/blogdofarnesio.com.br\/?author=3"}]}},"_links":{"self":[{"href":"https:\/\/blogdofarnesio.com.br\/index.php?rest_route=\/wp\/v2\/posts\/75989","targetHints":{"allow":["GET"]}}],"collection":[{"href":"https:\/\/blogdofarnesio.com.br\/index.php?rest_route=\/wp\/v2\/posts"}],"about":[{"href":"https:\/\/blogdofarnesio.com.br\/index.php?rest_route=\/wp\/v2\/types\/post"}],"author":[{"embeddable":true,"href":"https:\/\/blogdofarnesio.com.br\/index.php?rest_route=\/wp\/v2\/users\/3"}],"replies":[{"embeddable":true,"href":"https:\/\/blogdofarnesio.com.br\/index.php?rest_route=%2Fwp%2Fv2%2Fcomments&post=75989"}],"version-history":[{"count":0,"href":"https:\/\/blogdofarnesio.com.br\/index.php?rest_route=\/wp\/v2\/posts\/75989\/revisions"}],"wp:attachment":[{"href":"https:\/\/blogdofarnesio.com.br\/index.php?rest_route=%2Fwp%2Fv2%2Fmedia&parent=75989"}],"wp:term":[{"taxonomy":"category","embeddable":true,"href":"https:\/\/blogdofarnesio.com.br\/index.php?rest_route=%2Fwp%2Fv2%2Fcategories&post=75989"},{"taxonomy":"post_tag","embeddable":true,"href":"https:\/\/blogdofarnesio.com.br\/index.php?rest_route=%2Fwp%2Fv2%2Ftags&post=75989"}],"curies":[{"name":"wp","href":"https:\/\/api.w.org\/{rel}","templated":true}]}}