{"id":75975,"date":"2014-03-13T13:00:38","date_gmt":"2014-03-13T16:00:38","guid":{"rendered":"http:\/\/www.quersaberpolitica.com.br\/?p=75975"},"modified":"2014-03-13T12:44:37","modified_gmt":"2014-03-13T15:44:37","slug":"petrolina-recebe-mais-duas-medicas-cubanas-pelo-programa-mais-medicos","status":"publish","type":"post","link":"https:\/\/blogdofarnesio.com.br\/2014\/03\/petrolina-recebe-mais-duas-medicas-cubanas-pelo-programa-mais-medicos\/","title":{"rendered":"PETROLINA RECEBE MAIS DUAS M\u00c9DICAS CUBANAS PELO PROGRAMA MAIS M\u00c9DICOS"},"content":{"rendered":"<p style=\"text-align: justify\"><a href=\"http:\/\/www.quersaberpolitica.com.br\/2016\/wp-content\/uploads\/2014\/03\/DSC08860.jpg\"><img loading=\"lazy\" decoding=\"async\" class=\"alignleft size-medium wp-image-75976\" alt=\"blogqspsaude\" src=\"http:\/\/www.quersaberpolitica.com.br\/2016\/wp-content\/uploads\/2014\/03\/DSC08860-300x225.jpg\" width=\"300\" height=\"225\" srcset=\"https:\/\/blogdofarnesio.com.br\/wp-content\/uploads\/2014\/03\/DSC08860-300x225.jpg 300w, https:\/\/blogdofarnesio.com.br\/wp-content\/uploads\/2014\/03\/DSC08860.jpg 400w\" sizes=\"auto, (max-width: 300px) 100vw, 300px\" \/><\/a>Na tarde desta quarta-feira, 12, mais duas m\u00e9dicas cubanas, Vivian Torres e Yainaira Pardo, chegaram ao munic\u00edpio de Petrolina para trabalharem nas comunidades de Izacol\u00e2ndia e N7, respectivamente. Na ocasi\u00e3o, as m\u00e9dicas foram recepcionadas pela secret\u00e1ria de Sa\u00fade, Lucia Giesta, pelo m\u00e9dico cubano, Alexander Rios e por profissionais da Secretaria de Sa\u00fade.<\/p>\n<p style=\"text-align: justify\">Para Alexander Rios, m\u00e9dico cubano que est\u00e1 em Petrolina h\u00e1 quatro meses, \u00e9 uma satisfa\u00e7\u00e3o recepcionar suas conterr\u00e2neas e ajuda-las nesses primeiros meses de adapta\u00e7\u00e3o. \u201cPara elas ser\u00e1 bem mais f\u00e1cil, pois ter\u00e3o o aux\u00edlio de n\u00f3s, cubanos, que j\u00e1 estamos familiarizados com a regi\u00e3o. Com certeza elas v\u00e3o gostar de Petrolina, pois \u00e9 muito bom trabalhar aqui\u201d, afirmou Alexander.<!--more--><\/p>\n<p style=\"text-align: justify\">Hoje, Petrolina tem uma cobertura de Sa\u00fade da Fam\u00edlia de 70%, o que significa que 70% da popula\u00e7\u00e3o \u00e9 assistida por equipes de profissionais nas unidades de sa\u00fade. \u201cA gest\u00e3o tem sempre procurado estrat\u00e9gias para que a popula\u00e7\u00e3o seja bem assistida e acolhida, por isso temos ampliado nossas equipes de Sa\u00fade da Fam\u00edlia atrav\u00e9s de mecanismos como a ades\u00e3o ao Programa Mais M\u00e9dicos\u201d, destacou a secret\u00e1ria de Sa\u00fade de Petrolina, Lucia Giesta.<\/p>\n<p style=\"text-align: justify\">\u201c\u00c9 um desafio sair de seu pa\u00eds para vir morar e trabalhar em outro, mas estou com expectativas positivas para iniciar meu trabalho com a comunidade de Izacol\u00e2ndia\u201d, contou a m\u00e9dica Vivian Torres. Na tarde desta quinta-feira, 13, mais um profissional m\u00e9dico chega a Petrolina para ampliar os profissionais da rede de Aten\u00e7\u00e3o B\u00e1sica.<\/p>\n<p><strong>ASCOM Sesau<\/strong><\/p>\n","protected":false},"excerpt":{"rendered":"<p>Na tarde desta quarta-feira, 12, mais duas m\u00e9dicas cubanas, Vivian Torres e Yainaira Pardo, chegaram ao munic\u00edpio de Petrolina para trabalharem nas comunidades de Izacol\u00e2ndia e N7, respectivamente. Na ocasi\u00e3o, as m\u00e9dicas foram recepcionadas pela secret\u00e1ria de Sa\u00fade, Lucia Giesta, pelo m\u00e9dico cubano, Alexander Rios e por profissionais da Secretaria de Sa\u00fade. Para Alexander Rios, m\u00e9dico cubano que est\u00e1 em Petrolina h\u00e1 quatro meses, \u00e9 uma satisfa\u00e7\u00e3o recepcionar suas conterr\u00e2neas e ajuda-las nesses primeiros meses de adapta\u00e7\u00e3o. \u201cPara elas ser\u00e1 bem mais f\u00e1cil, pois ter\u00e3o o aux\u00edlio de n\u00f3s, cubanos, que j\u00e1 estamos familiarizados com a regi\u00e3o. Com certeza elas v\u00e3o gostar de Petrolina, pois \u00e9 muito bom trabalhar aqui\u201d, afirmou Alexander.<\/p>\n","protected":false},"author":3,"featured_media":0,"comment_status":"open","ping_status":"open","sticky":false,"template":"","format":"standard","meta":{"_acf_changed":false,"footnotes":""},"categories":[4],"tags":[],"class_list":["post-75975","post","type-post","status-publish","format-standard","hentry","category-saude"],"acf":[],"yoast_head":"<!-- This site is optimized with the Yoast SEO plugin v27.5 - https:\/\/yoast.com\/product\/yoast-seo-wordpress\/ -->\n<title>PETROLINA RECEBE MAIS DUAS M\u00c9DICAS CUBANAS PELO PROGRAMA MAIS M\u00c9DICOS - Blog do Farn\u00e9sio<\/title>\n<meta name=\"robots\" content=\"index, follow, max-snippet:-1, max-image-preview:large, max-video-preview:-1\" \/>\n<link rel=\"canonical\" href=\"https:\/\/blogdofarnesio.com.br\/2014\/03\/petrolina-recebe-mais-duas-medicas-cubanas-pelo-programa-mais-medicos\/\" \/>\n<meta property=\"og:locale\" content=\"pt_BR\" \/>\n<meta property=\"og:type\" content=\"article\" \/>\n<meta property=\"og:title\" content=\"PETROLINA RECEBE MAIS DUAS M\u00c9DICAS CUBANAS PELO PROGRAMA MAIS M\u00c9DICOS - Blog do Farn\u00e9sio\" \/>\n<meta property=\"og:description\" content=\"Na tarde desta quarta-feira, 12, mais duas m\u00e9dicas cubanas, Vivian Torres e Yainaira Pardo, chegaram ao munic\u00edpio de Petrolina para trabalharem nas comunidades de Izacol\u00e2ndia e N7, respectivamente. Na ocasi\u00e3o, as m\u00e9dicas foram recepcionadas pela secret\u00e1ria de Sa\u00fade, Lucia Giesta, pelo m\u00e9dico cubano, Alexander Rios e por profissionais da Secretaria de Sa\u00fade. Para Alexander Rios, m\u00e9dico cubano que est\u00e1 em Petrolina h\u00e1 quatro meses, \u00e9 uma satisfa\u00e7\u00e3o recepcionar suas conterr\u00e2neas e ajuda-las nesses primeiros meses de adapta\u00e7\u00e3o. \u201cPara elas ser\u00e1 bem mais f\u00e1cil, pois ter\u00e3o o aux\u00edlio de n\u00f3s, cubanos, que j\u00e1 estamos familiarizados com a regi\u00e3o. Com certeza elas v\u00e3o gostar de Petrolina, pois \u00e9 muito bom trabalhar aqui\u201d, afirmou Alexander.\" \/>\n<meta property=\"og:url\" content=\"https:\/\/blogdofarnesio.com.br\/2014\/03\/petrolina-recebe-mais-duas-medicas-cubanas-pelo-programa-mais-medicos\/\" \/>\n<meta property=\"og:site_name\" content=\"Blog do Farn\u00e9sio\" \/>\n<meta property=\"article:publisher\" content=\"https:\/\/www.facebook.com\/BlogQuerSaberPolitica\/\" \/>\n<meta property=\"article:published_time\" content=\"2014-03-13T16:00:38+00:00\" \/>\n<meta property=\"og:image\" content=\"http:\/\/www.quersaberpolitica.com.br\/2016\/wp-content\/uploads\/2014\/03\/DSC08860-300x225.jpg\" \/>\n<meta name=\"author\" content=\"teste\" \/>\n<meta name=\"twitter:card\" content=\"summary_large_image\" \/>\n<meta name=\"twitter:label1\" content=\"Escrito por\" \/>\n\t<meta name=\"twitter:data1\" content=\"teste\" \/>\n\t<meta name=\"twitter:label2\" content=\"Est. tempo de leitura\" \/>\n\t<meta name=\"twitter:data2\" content=\"1 minuto\" \/>\n<script type=\"application\/ld+json\" class=\"yoast-schema-graph\">{\"@context\":\"https:\\\/\\\/schema.org\",\"@graph\":[{\"@type\":\"Article\",\"@id\":\"https:\\\/\\\/blogdofarnesio.com.br\\\/2014\\\/03\\\/petrolina-recebe-mais-duas-medicas-cubanas-pelo-programa-mais-medicos\\\/#article\",\"isPartOf\":{\"@id\":\"https:\\\/\\\/blogdofarnesio.com.br\\\/2014\\\/03\\\/petrolina-recebe-mais-duas-medicas-cubanas-pelo-programa-mais-medicos\\\/\"},\"author\":{\"name\":\"teste\",\"@id\":\"https:\\\/\\\/blogdofarnesio.com.br\\\/#\\\/schema\\\/person\\\/dd1bf5eba40b687199ba45ca6b97dff9\"},\"headline\":\"PETROLINA RECEBE MAIS DUAS M\u00c9DICAS CUBANAS PELO PROGRAMA MAIS M\u00c9DICOS\",\"datePublished\":\"2014-03-13T16:00:38+00:00\",\"mainEntityOfPage\":{\"@id\":\"https:\\\/\\\/blogdofarnesio.com.br\\\/2014\\\/03\\\/petrolina-recebe-mais-duas-medicas-cubanas-pelo-programa-mais-medicos\\\/\"},\"wordCount\":283,\"commentCount\":0,\"publisher\":{\"@id\":\"https:\\\/\\\/blogdofarnesio.com.br\\\/#organization\"},\"image\":{\"@id\":\"https:\\\/\\\/blogdofarnesio.com.br\\\/2014\\\/03\\\/petrolina-recebe-mais-duas-medicas-cubanas-pelo-programa-mais-medicos\\\/#primaryimage\"},\"thumbnailUrl\":\"http:\\\/\\\/www.quersaberpolitica.com.br\\\/2016\\\/wp-content\\\/uploads\\\/2014\\\/03\\\/DSC08860-300x225.jpg\",\"articleSection\":[\"Sa\u00fade\"],\"inLanguage\":\"pt-BR\",\"potentialAction\":[{\"@type\":\"CommentAction\",\"name\":\"Comment\",\"target\":[\"https:\\\/\\\/blogdofarnesio.com.br\\\/2014\\\/03\\\/petrolina-recebe-mais-duas-medicas-cubanas-pelo-programa-mais-medicos\\\/#respond\"]}]},{\"@type\":\"WebPage\",\"@id\":\"https:\\\/\\\/blogdofarnesio.com.br\\\/2014\\\/03\\\/petrolina-recebe-mais-duas-medicas-cubanas-pelo-programa-mais-medicos\\\/\",\"url\":\"https:\\\/\\\/blogdofarnesio.com.br\\\/2014\\\/03\\\/petrolina-recebe-mais-duas-medicas-cubanas-pelo-programa-mais-medicos\\\/\",\"name\":\"PETROLINA RECEBE MAIS DUAS M\u00c9DICAS CUBANAS PELO PROGRAMA MAIS M\u00c9DICOS - Blog do Farn\u00e9sio\",\"isPartOf\":{\"@id\":\"https:\\\/\\\/blogdofarnesio.com.br\\\/#website\"},\"primaryImageOfPage\":{\"@id\":\"https:\\\/\\\/blogdofarnesio.com.br\\\/2014\\\/03\\\/petrolina-recebe-mais-duas-medicas-cubanas-pelo-programa-mais-medicos\\\/#primaryimage\"},\"image\":{\"@id\":\"https:\\\/\\\/blogdofarnesio.com.br\\\/2014\\\/03\\\/petrolina-recebe-mais-duas-medicas-cubanas-pelo-programa-mais-medicos\\\/#primaryimage\"},\"thumbnailUrl\":\"http:\\\/\\\/www.quersaberpolitica.com.br\\\/2016\\\/wp-content\\\/uploads\\\/2014\\\/03\\\/DSC08860-300x225.jpg\",\"datePublished\":\"2014-03-13T16:00:38+00:00\",\"breadcrumb\":{\"@id\":\"https:\\\/\\\/blogdofarnesio.com.br\\\/2014\\\/03\\\/petrolina-recebe-mais-duas-medicas-cubanas-pelo-programa-mais-medicos\\\/#breadcrumb\"},\"inLanguage\":\"pt-BR\",\"potentialAction\":[{\"@type\":\"ReadAction\",\"target\":[\"https:\\\/\\\/blogdofarnesio.com.br\\\/2014\\\/03\\\/petrolina-recebe-mais-duas-medicas-cubanas-pelo-programa-mais-medicos\\\/\"]}]},{\"@type\":\"ImageObject\",\"inLanguage\":\"pt-BR\",\"@id\":\"https:\\\/\\\/blogdofarnesio.com.br\\\/2014\\\/03\\\/petrolina-recebe-mais-duas-medicas-cubanas-pelo-programa-mais-medicos\\\/#primaryimage\",\"url\":\"http:\\\/\\\/www.quersaberpolitica.com.br\\\/2016\\\/wp-content\\\/uploads\\\/2014\\\/03\\\/DSC08860-300x225.jpg\",\"contentUrl\":\"http:\\\/\\\/www.quersaberpolitica.com.br\\\/2016\\\/wp-content\\\/uploads\\\/2014\\\/03\\\/DSC08860-300x225.jpg\"},{\"@type\":\"BreadcrumbList\",\"@id\":\"https:\\\/\\\/blogdofarnesio.com.br\\\/2014\\\/03\\\/petrolina-recebe-mais-duas-medicas-cubanas-pelo-programa-mais-medicos\\\/#breadcrumb\",\"itemListElement\":[{\"@type\":\"ListItem\",\"position\":1,\"name\":\"In\u00edcio\",\"item\":\"https:\\\/\\\/blogdofarnesio.com.br\\\/\"},{\"@type\":\"ListItem\",\"position\":2,\"name\":\"PETROLINA RECEBE MAIS DUAS M\u00c9DICAS CUBANAS PELO PROGRAMA MAIS M\u00c9DICOS\"}]},{\"@type\":\"WebSite\",\"@id\":\"https:\\\/\\\/blogdofarnesio.com.br\\\/#website\",\"url\":\"https:\\\/\\\/blogdofarnesio.com.br\\\/\",\"name\":\"Blog do Farn\u00e9sio\",\"description\":\"Quer Saber Pol\u00edtica?\",\"publisher\":{\"@id\":\"https:\\\/\\\/blogdofarnesio.com.br\\\/#organization\"},\"potentialAction\":[{\"@type\":\"SearchAction\",\"target\":{\"@type\":\"EntryPoint\",\"urlTemplate\":\"https:\\\/\\\/blogdofarnesio.com.br\\\/?s={search_term_string}\"},\"query-input\":{\"@type\":\"PropertyValueSpecification\",\"valueRequired\":true,\"valueName\":\"search_term_string\"}}],\"inLanguage\":\"pt-BR\"},{\"@type\":\"Organization\",\"@id\":\"https:\\\/\\\/blogdofarnesio.com.br\\\/#organization\",\"name\":\"Blog do Farn\u00e9sio\",\"url\":\"https:\\\/\\\/blogdofarnesio.com.br\\\/\",\"logo\":{\"@type\":\"ImageObject\",\"inLanguage\":\"pt-BR\",\"@id\":\"https:\\\/\\\/blogdofarnesio.com.br\\\/#\\\/schema\\\/logo\\\/image\\\/\",\"url\":\"https:\\\/\\\/blogdofarnesio.com.br\\\/wp-content\\\/uploads\\\/2026\\\/03\\\/cropped-logo_new-1.png\",\"contentUrl\":\"https:\\\/\\\/blogdofarnesio.com.br\\\/wp-content\\\/uploads\\\/2026\\\/03\\\/cropped-logo_new-1.png\",\"width\":881,\"height\":685,\"caption\":\"Blog do Farn\u00e9sio\"},\"image\":{\"@id\":\"https:\\\/\\\/blogdofarnesio.com.br\\\/#\\\/schema\\\/logo\\\/image\\\/\"},\"sameAs\":[\"https:\\\/\\\/www.facebook.com\\\/BlogQuerSaberPolitica\\\/\"]},{\"@type\":\"Person\",\"@id\":\"https:\\\/\\\/blogdofarnesio.com.br\\\/#\\\/schema\\\/person\\\/dd1bf5eba40b687199ba45ca6b97dff9\",\"name\":\"teste\",\"image\":{\"@type\":\"ImageObject\",\"inLanguage\":\"pt-BR\",\"@id\":\"https:\\\/\\\/secure.gravatar.com\\\/avatar\\\/2172498d4914b51e1d89a0f97957b035ac4938723a5cac208135d389b6972a6d?s=96&d=mm&r=g\",\"url\":\"https:\\\/\\\/secure.gravatar.com\\\/avatar\\\/2172498d4914b51e1d89a0f97957b035ac4938723a5cac208135d389b6972a6d?s=96&d=mm&r=g\",\"contentUrl\":\"https:\\\/\\\/secure.gravatar.com\\\/avatar\\\/2172498d4914b51e1d89a0f97957b035ac4938723a5cac208135d389b6972a6d?s=96&d=mm&r=g\",\"caption\":\"teste\"},\"url\":\"https:\\\/\\\/blogdofarnesio.com.br\\\/author\\\/teste\\\/\"}]}<\/script>\n<!-- \/ Yoast SEO plugin. -->","yoast_head_json":{"title":"PETROLINA RECEBE MAIS DUAS M\u00c9DICAS CUBANAS PELO PROGRAMA MAIS M\u00c9DICOS - Blog do Farn\u00e9sio","robots":{"index":"index","follow":"follow","max-snippet":"max-snippet:-1","max-image-preview":"max-image-preview:large","max-video-preview":"max-video-preview:-1"},"canonical":"https:\/\/blogdofarnesio.com.br\/2014\/03\/petrolina-recebe-mais-duas-medicas-cubanas-pelo-programa-mais-medicos\/","og_locale":"pt_BR","og_type":"article","og_title":"PETROLINA RECEBE MAIS DUAS M\u00c9DICAS CUBANAS PELO PROGRAMA MAIS M\u00c9DICOS - Blog do Farn\u00e9sio","og_description":"Na tarde desta quarta-feira, 12, mais duas m\u00e9dicas cubanas, Vivian Torres e Yainaira Pardo, chegaram ao munic\u00edpio de Petrolina para trabalharem nas comunidades de Izacol\u00e2ndia e N7, respectivamente. Na ocasi\u00e3o, as m\u00e9dicas foram recepcionadas pela secret\u00e1ria de Sa\u00fade, Lucia Giesta, pelo m\u00e9dico cubano, Alexander Rios e por profissionais da Secretaria de Sa\u00fade. Para Alexander Rios, m\u00e9dico cubano que est\u00e1 em Petrolina h\u00e1 quatro meses, \u00e9 uma satisfa\u00e7\u00e3o recepcionar suas conterr\u00e2neas e ajuda-las nesses primeiros meses de adapta\u00e7\u00e3o. \u201cPara elas ser\u00e1 bem mais f\u00e1cil, pois ter\u00e3o o aux\u00edlio de n\u00f3s, cubanos, que j\u00e1 estamos familiarizados com a regi\u00e3o. Com certeza elas v\u00e3o gostar de Petrolina, pois \u00e9 muito bom trabalhar aqui\u201d, afirmou Alexander.","og_url":"https:\/\/blogdofarnesio.com.br\/2014\/03\/petrolina-recebe-mais-duas-medicas-cubanas-pelo-programa-mais-medicos\/","og_site_name":"Blog do Farn\u00e9sio","article_publisher":"https:\/\/www.facebook.com\/BlogQuerSaberPolitica\/","article_published_time":"2014-03-13T16:00:38+00:00","og_image":[{"url":"http:\/\/www.quersaberpolitica.com.br\/2016\/wp-content\/uploads\/2014\/03\/DSC08860-300x225.jpg","type":"","width":"","height":""}],"author":"teste","twitter_card":"summary_large_image","twitter_misc":{"Escrito por":"teste","Est. tempo de leitura":"1 minuto"},"schema":{"@context":"https:\/\/schema.org","@graph":[{"@type":"Article","@id":"https:\/\/blogdofarnesio.com.br\/2014\/03\/petrolina-recebe-mais-duas-medicas-cubanas-pelo-programa-mais-medicos\/#article","isPartOf":{"@id":"https:\/\/blogdofarnesio.com.br\/2014\/03\/petrolina-recebe-mais-duas-medicas-cubanas-pelo-programa-mais-medicos\/"},"author":{"name":"teste","@id":"https:\/\/blogdofarnesio.com.br\/#\/schema\/person\/dd1bf5eba40b687199ba45ca6b97dff9"},"headline":"PETROLINA RECEBE MAIS DUAS M\u00c9DICAS CUBANAS PELO PROGRAMA MAIS M\u00c9DICOS","datePublished":"2014-03-13T16:00:38+00:00","mainEntityOfPage":{"@id":"https:\/\/blogdofarnesio.com.br\/2014\/03\/petrolina-recebe-mais-duas-medicas-cubanas-pelo-programa-mais-medicos\/"},"wordCount":283,"commentCount":0,"publisher":{"@id":"https:\/\/blogdofarnesio.com.br\/#organization"},"image":{"@id":"https:\/\/blogdofarnesio.com.br\/2014\/03\/petrolina-recebe-mais-duas-medicas-cubanas-pelo-programa-mais-medicos\/#primaryimage"},"thumbnailUrl":"http:\/\/www.quersaberpolitica.com.br\/2016\/wp-content\/uploads\/2014\/03\/DSC08860-300x225.jpg","articleSection":["Sa\u00fade"],"inLanguage":"pt-BR","potentialAction":[{"@type":"CommentAction","name":"Comment","target":["https:\/\/blogdofarnesio.com.br\/2014\/03\/petrolina-recebe-mais-duas-medicas-cubanas-pelo-programa-mais-medicos\/#respond"]}]},{"@type":"WebPage","@id":"https:\/\/blogdofarnesio.com.br\/2014\/03\/petrolina-recebe-mais-duas-medicas-cubanas-pelo-programa-mais-medicos\/","url":"https:\/\/blogdofarnesio.com.br\/2014\/03\/petrolina-recebe-mais-duas-medicas-cubanas-pelo-programa-mais-medicos\/","name":"PETROLINA RECEBE MAIS DUAS M\u00c9DICAS CUBANAS PELO PROGRAMA MAIS M\u00c9DICOS - Blog do Farn\u00e9sio","isPartOf":{"@id":"https:\/\/blogdofarnesio.com.br\/#website"},"primaryImageOfPage":{"@id":"https:\/\/blogdofarnesio.com.br\/2014\/03\/petrolina-recebe-mais-duas-medicas-cubanas-pelo-programa-mais-medicos\/#primaryimage"},"image":{"@id":"https:\/\/blogdofarnesio.com.br\/2014\/03\/petrolina-recebe-mais-duas-medicas-cubanas-pelo-programa-mais-medicos\/#primaryimage"},"thumbnailUrl":"http:\/\/www.quersaberpolitica.com.br\/2016\/wp-content\/uploads\/2014\/03\/DSC08860-300x225.jpg","datePublished":"2014-03-13T16:00:38+00:00","breadcrumb":{"@id":"https:\/\/blogdofarnesio.com.br\/2014\/03\/petrolina-recebe-mais-duas-medicas-cubanas-pelo-programa-mais-medicos\/#breadcrumb"},"inLanguage":"pt-BR","potentialAction":[{"@type":"ReadAction","target":["https:\/\/blogdofarnesio.com.br\/2014\/03\/petrolina-recebe-mais-duas-medicas-cubanas-pelo-programa-mais-medicos\/"]}]},{"@type":"ImageObject","inLanguage":"pt-BR","@id":"https:\/\/blogdofarnesio.com.br\/2014\/03\/petrolina-recebe-mais-duas-medicas-cubanas-pelo-programa-mais-medicos\/#primaryimage","url":"http:\/\/www.quersaberpolitica.com.br\/2016\/wp-content\/uploads\/2014\/03\/DSC08860-300x225.jpg","contentUrl":"http:\/\/www.quersaberpolitica.com.br\/2016\/wp-content\/uploads\/2014\/03\/DSC08860-300x225.jpg"},{"@type":"BreadcrumbList","@id":"https:\/\/blogdofarnesio.com.br\/2014\/03\/petrolina-recebe-mais-duas-medicas-cubanas-pelo-programa-mais-medicos\/#breadcrumb","itemListElement":[{"@type":"ListItem","position":1,"name":"In\u00edcio","item":"https:\/\/blogdofarnesio.com.br\/"},{"@type":"ListItem","position":2,"name":"PETROLINA RECEBE MAIS DUAS M\u00c9DICAS CUBANAS PELO PROGRAMA MAIS M\u00c9DICOS"}]},{"@type":"WebSite","@id":"https:\/\/blogdofarnesio.com.br\/#website","url":"https:\/\/blogdofarnesio.com.br\/","name":"Blog do Farn\u00e9sio","description":"Quer Saber Pol\u00edtica?","publisher":{"@id":"https:\/\/blogdofarnesio.com.br\/#organization"},"potentialAction":[{"@type":"SearchAction","target":{"@type":"EntryPoint","urlTemplate":"https:\/\/blogdofarnesio.com.br\/?s={search_term_string}"},"query-input":{"@type":"PropertyValueSpecification","valueRequired":true,"valueName":"search_term_string"}}],"inLanguage":"pt-BR"},{"@type":"Organization","@id":"https:\/\/blogdofarnesio.com.br\/#organization","name":"Blog do Farn\u00e9sio","url":"https:\/\/blogdofarnesio.com.br\/","logo":{"@type":"ImageObject","inLanguage":"pt-BR","@id":"https:\/\/blogdofarnesio.com.br\/#\/schema\/logo\/image\/","url":"https:\/\/blogdofarnesio.com.br\/wp-content\/uploads\/2026\/03\/cropped-logo_new-1.png","contentUrl":"https:\/\/blogdofarnesio.com.br\/wp-content\/uploads\/2026\/03\/cropped-logo_new-1.png","width":881,"height":685,"caption":"Blog do Farn\u00e9sio"},"image":{"@id":"https:\/\/blogdofarnesio.com.br\/#\/schema\/logo\/image\/"},"sameAs":["https:\/\/www.facebook.com\/BlogQuerSaberPolitica\/"]},{"@type":"Person","@id":"https:\/\/blogdofarnesio.com.br\/#\/schema\/person\/dd1bf5eba40b687199ba45ca6b97dff9","name":"teste","image":{"@type":"ImageObject","inLanguage":"pt-BR","@id":"https:\/\/secure.gravatar.com\/avatar\/2172498d4914b51e1d89a0f97957b035ac4938723a5cac208135d389b6972a6d?s=96&d=mm&r=g","url":"https:\/\/secure.gravatar.com\/avatar\/2172498d4914b51e1d89a0f97957b035ac4938723a5cac208135d389b6972a6d?s=96&d=mm&r=g","contentUrl":"https:\/\/secure.gravatar.com\/avatar\/2172498d4914b51e1d89a0f97957b035ac4938723a5cac208135d389b6972a6d?s=96&d=mm&r=g","caption":"teste"},"url":"https:\/\/blogdofarnesio.com.br\/author\/teste\/"}]}},"_links":{"self":[{"href":"https:\/\/blogdofarnesio.com.br\/wp-json\/wp\/v2\/posts\/75975","targetHints":{"allow":["GET"]}}],"collection":[{"href":"https:\/\/blogdofarnesio.com.br\/wp-json\/wp\/v2\/posts"}],"about":[{"href":"https:\/\/blogdofarnesio.com.br\/wp-json\/wp\/v2\/types\/post"}],"author":[{"embeddable":true,"href":"https:\/\/blogdofarnesio.com.br\/wp-json\/wp\/v2\/users\/3"}],"replies":[{"embeddable":true,"href":"https:\/\/blogdofarnesio.com.br\/wp-json\/wp\/v2\/comments?post=75975"}],"version-history":[{"count":0,"href":"https:\/\/blogdofarnesio.com.br\/wp-json\/wp\/v2\/posts\/75975\/revisions"}],"wp:attachment":[{"href":"https:\/\/blogdofarnesio.com.br\/wp-json\/wp\/v2\/media?parent=75975"}],"wp:term":[{"taxonomy":"category","embeddable":true,"href":"https:\/\/blogdofarnesio.com.br\/wp-json\/wp\/v2\/categories?post=75975"},{"taxonomy":"post_tag","embeddable":true,"href":"https:\/\/blogdofarnesio.com.br\/wp-json\/wp\/v2\/tags?post=75975"}],"curies":[{"name":"wp","href":"https:\/\/api.w.org\/{rel}","templated":true}]}}