{"id":75966,"date":"2014-03-13T11:30:27","date_gmt":"2014-03-13T14:30:27","guid":{"rendered":"http:\/\/www.quersaberpolitica.com.br\/?p=75966"},"modified":"2014-03-13T21:32:07","modified_gmt":"2014-03-14T00:32:07","slug":"o-preco-dos-peixes-comecam-a-subir-na-regiao","status":"publish","type":"post","link":"https:\/\/blogdofarnesio.com.br\/2014\/03\/o-preco-dos-peixes-comecam-a-subir-na-regiao\/","title":{"rendered":"O PRE\u00c7O DO PEIXE COME\u00c7A A SUBIR NA REGI\u00c3O"},"content":{"rendered":"<p style=\"text-align: justify\"><a href=\"http:\/\/www.quersaberpolitica.com.br\/2016\/wp-content\/uploads\/2014\/03\/MG_7657.jpg\"><img loading=\"lazy\" decoding=\"async\" class=\"alignleft  wp-image-75969\" alt=\"blogqsppeixe\" src=\"http:\/\/www.quersaberpolitica.com.br\/2016\/wp-content\/uploads\/2014\/03\/MG_7657.jpg\" width=\"360\" height=\"239\" srcset=\"https:\/\/blogdofarnesio.com.br\/wp-content\/uploads\/2014\/03\/MG_7657.jpg 500w, https:\/\/blogdofarnesio.com.br\/wp-content\/uploads\/2014\/03\/MG_7657-300x199.jpg 300w, https:\/\/blogdofarnesio.com.br\/wp-content\/uploads\/2014\/03\/MG_7657-450x300.jpg 450w\" sizes=\"auto, (max-width: 360px) 100vw, 360px\" \/><\/a>Nem precisou chegar a Semana Santa para o pre\u00e7o do peixe em Petrolina e Juazeiro disparar. J\u00e1 subiu cerca de 30% de um m\u00eas pra c\u00e1, no final da piracema, per\u00edodo de reprodu\u00e7\u00e3o dos peixes quando a pesca comercial \u00e9 proibida pelo Ibama.<\/p>\n<p style=\"text-align: justify\">O peixe est\u00e1 mais caro do que a carne de boi. Na Pra\u00e7a do Peixe, no centro da cidade, a esp\u00e9cie mais barata custa 13 reais o quilo. Nesse patamar est\u00e3o a Til\u00e1pia, o Tambaqui e o Curimat\u00e1. Entres os mais caros est\u00e3o o dourado que custa 20 reais, e o surubim vendido a partir de 25 reais o quilo.<\/p>\n<p style=\"text-align: justify\">A alta do pre\u00e7o dos peixes com tanta anteced\u00eancia da pascoa n\u00e3o se trata de oportunismo, tem mais a ver com escassez. O problema tem ra\u00edzes antigas que se agravam a cada ano. A popula\u00e7\u00e3o de peixes no rio s\u00e3o Francisco come\u00e7ou cair depois da constru\u00e7\u00e3o da Barragem de Sobradinho na d\u00e9cada de setenta.<\/p>\n<p style=\"text-align: justify\">A represa prejudicou o ciclo de peixes que sobem a correnteza para a desova. A pesca predat\u00f3ria, e as v\u00e1rias agress\u00f5es sofridas pelo rio como a polui\u00e7\u00e3o e o assoreamento tamb\u00e9m contribuem para a diminui\u00e7\u00e3o da fauna. A baixa no n\u00edvel do rio agrava a situa\u00e7\u00e3o e desfavorece ainda mais a pesca. Com a queda na produ\u00e7\u00e3o pesqueira os pre\u00e7os sobem.<!--more--><\/p>\n<p style=\"text-align: justify\">Quem tem mais de quarenta anos de pesca como Erenildo de Souza, o Leleco do Angary, sabe como ningu\u00e9m que a degrada\u00e7\u00e3o do velho chico praticamente inviabiliza a atividade pesqueira. \u201ctem dia que eu vou no rio e n\u00e3o pego nada, tem dia que trago 10, 15 quilos. Est\u00e1 muito dif\u00edcil\u201d, desabafou.<\/p>\n<p style=\"text-align: justify\">Com a escassez as cidades de juazeiro e Petrolina s\u00e3o abastecidas com peixes vindos de outras regi\u00f5es. Mas isso n\u00e3o impede a eleva\u00e7\u00e3o de pre\u00e7os. A tend\u00eancia \u00e9 de que devem subir ainda mais at\u00e9 a semana santa. Uma sa\u00edda pode ser antecipar a compra de peixes.<\/p>\n<p><strong>Por Rinaldo Lima<\/strong><\/p>\n","protected":false},"excerpt":{"rendered":"<p>Nem precisou chegar a Semana Santa para o pre\u00e7o do peixe em Petrolina e Juazeiro disparar. J\u00e1 subiu cerca de 30% de um m\u00eas pra c\u00e1, no final da piracema, per\u00edodo de reprodu\u00e7\u00e3o dos peixes quando a pesca comercial \u00e9 proibida pelo Ibama. O peixe est\u00e1 mais caro do que a carne de boi. Na Pra\u00e7a do Peixe, no centro da cidade, a esp\u00e9cie mais barata custa 13 reais o quilo. Nesse patamar est\u00e3o a Til\u00e1pia, o Tambaqui e o Curimat\u00e1. Entres os mais caros est\u00e3o o dourado que custa 20 reais, e o surubim vendido a partir de 25 reais o quilo. A alta do pre\u00e7o dos peixes com tanta anteced\u00eancia da pascoa n\u00e3o se trata de oportunismo, tem&hellip; <\/p>\n","protected":false},"author":3,"featured_media":0,"comment_status":"open","ping_status":"open","sticky":false,"template":"","format":"standard","meta":{"_acf_changed":false,"footnotes":""},"categories":[20],"tags":[],"class_list":["post-75966","post","type-post","status-publish","format-standard","hentry","category-economia"],"acf":[],"yoast_head":"<!-- This site is optimized with the Yoast SEO plugin v27.5 - https:\/\/yoast.com\/product\/yoast-seo-wordpress\/ -->\n<title>O PRE\u00c7O DO PEIXE COME\u00c7A A SUBIR NA REGI\u00c3O - Blog do Farn\u00e9sio<\/title>\n<meta name=\"robots\" content=\"index, follow, max-snippet:-1, max-image-preview:large, max-video-preview:-1\" \/>\n<link rel=\"canonical\" href=\"https:\/\/blogdofarnesio.com.br\/2014\/03\/o-preco-dos-peixes-comecam-a-subir-na-regiao\/\" \/>\n<meta property=\"og:locale\" content=\"pt_BR\" \/>\n<meta property=\"og:type\" content=\"article\" \/>\n<meta property=\"og:title\" content=\"O PRE\u00c7O DO PEIXE COME\u00c7A A SUBIR NA REGI\u00c3O - Blog do Farn\u00e9sio\" \/>\n<meta property=\"og:description\" content=\"Nem precisou chegar a Semana Santa para o pre\u00e7o do peixe em Petrolina e Juazeiro disparar. J\u00e1 subiu cerca de 30% de um m\u00eas pra c\u00e1, no final da piracema, per\u00edodo de reprodu\u00e7\u00e3o dos peixes quando a pesca comercial \u00e9 proibida pelo Ibama. O peixe est\u00e1 mais caro do que a carne de boi. Na Pra\u00e7a do Peixe, no centro da cidade, a esp\u00e9cie mais barata custa 13 reais o quilo. Nesse patamar est\u00e3o a Til\u00e1pia, o Tambaqui e o Curimat\u00e1. Entres os mais caros est\u00e3o o dourado que custa 20 reais, e o surubim vendido a partir de 25 reais o quilo. A alta do pre\u00e7o dos peixes com tanta anteced\u00eancia da pascoa n\u00e3o se trata de oportunismo, tem&hellip;\" \/>\n<meta property=\"og:url\" content=\"https:\/\/blogdofarnesio.com.br\/2014\/03\/o-preco-dos-peixes-comecam-a-subir-na-regiao\/\" \/>\n<meta property=\"og:site_name\" content=\"Blog do Farn\u00e9sio\" \/>\n<meta property=\"article:publisher\" content=\"https:\/\/www.facebook.com\/BlogQuerSaberPolitica\/\" \/>\n<meta property=\"article:published_time\" content=\"2014-03-13T14:30:27+00:00\" \/>\n<meta property=\"article:modified_time\" content=\"2014-03-14T00:32:07+00:00\" \/>\n<meta property=\"og:image\" content=\"http:\/\/www.quersaberpolitica.com.br\/2016\/wp-content\/uploads\/2014\/03\/MG_7657.jpg\" \/>\n<meta name=\"author\" content=\"teste\" \/>\n<meta name=\"twitter:card\" content=\"summary_large_image\" \/>\n<meta name=\"twitter:label1\" content=\"Escrito por\" \/>\n\t<meta name=\"twitter:data1\" content=\"teste\" \/>\n\t<meta name=\"twitter:label2\" content=\"Est. tempo de leitura\" \/>\n\t<meta name=\"twitter:data2\" content=\"2 minutos\" \/>\n<script type=\"application\/ld+json\" class=\"yoast-schema-graph\">{\"@context\":\"https:\\\/\\\/schema.org\",\"@graph\":[{\"@type\":\"Article\",\"@id\":\"https:\\\/\\\/blogdofarnesio.com.br\\\/2014\\\/03\\\/o-preco-dos-peixes-comecam-a-subir-na-regiao\\\/#article\",\"isPartOf\":{\"@id\":\"https:\\\/\\\/blogdofarnesio.com.br\\\/2014\\\/03\\\/o-preco-dos-peixes-comecam-a-subir-na-regiao\\\/\"},\"author\":{\"name\":\"teste\",\"@id\":\"https:\\\/\\\/blogdofarnesio.com.br\\\/#\\\/schema\\\/person\\\/dd1bf5eba40b687199ba45ca6b97dff9\"},\"headline\":\"O PRE\u00c7O DO PEIXE COME\u00c7A A SUBIR NA REGI\u00c3O\",\"datePublished\":\"2014-03-13T14:30:27+00:00\",\"dateModified\":\"2014-03-14T00:32:07+00:00\",\"mainEntityOfPage\":{\"@id\":\"https:\\\/\\\/blogdofarnesio.com.br\\\/2014\\\/03\\\/o-preco-dos-peixes-comecam-a-subir-na-regiao\\\/\"},\"wordCount\":363,\"commentCount\":0,\"publisher\":{\"@id\":\"https:\\\/\\\/blogdofarnesio.com.br\\\/#organization\"},\"image\":{\"@id\":\"https:\\\/\\\/blogdofarnesio.com.br\\\/2014\\\/03\\\/o-preco-dos-peixes-comecam-a-subir-na-regiao\\\/#primaryimage\"},\"thumbnailUrl\":\"http:\\\/\\\/www.quersaberpolitica.com.br\\\/2016\\\/wp-content\\\/uploads\\\/2014\\\/03\\\/MG_7657.jpg\",\"articleSection\":[\"Economia\"],\"inLanguage\":\"pt-BR\",\"potentialAction\":[{\"@type\":\"CommentAction\",\"name\":\"Comment\",\"target\":[\"https:\\\/\\\/blogdofarnesio.com.br\\\/2014\\\/03\\\/o-preco-dos-peixes-comecam-a-subir-na-regiao\\\/#respond\"]}]},{\"@type\":\"WebPage\",\"@id\":\"https:\\\/\\\/blogdofarnesio.com.br\\\/2014\\\/03\\\/o-preco-dos-peixes-comecam-a-subir-na-regiao\\\/\",\"url\":\"https:\\\/\\\/blogdofarnesio.com.br\\\/2014\\\/03\\\/o-preco-dos-peixes-comecam-a-subir-na-regiao\\\/\",\"name\":\"O PRE\u00c7O DO PEIXE COME\u00c7A A SUBIR NA REGI\u00c3O - Blog do Farn\u00e9sio\",\"isPartOf\":{\"@id\":\"https:\\\/\\\/blogdofarnesio.com.br\\\/#website\"},\"primaryImageOfPage\":{\"@id\":\"https:\\\/\\\/blogdofarnesio.com.br\\\/2014\\\/03\\\/o-preco-dos-peixes-comecam-a-subir-na-regiao\\\/#primaryimage\"},\"image\":{\"@id\":\"https:\\\/\\\/blogdofarnesio.com.br\\\/2014\\\/03\\\/o-preco-dos-peixes-comecam-a-subir-na-regiao\\\/#primaryimage\"},\"thumbnailUrl\":\"http:\\\/\\\/www.quersaberpolitica.com.br\\\/2016\\\/wp-content\\\/uploads\\\/2014\\\/03\\\/MG_7657.jpg\",\"datePublished\":\"2014-03-13T14:30:27+00:00\",\"dateModified\":\"2014-03-14T00:32:07+00:00\",\"breadcrumb\":{\"@id\":\"https:\\\/\\\/blogdofarnesio.com.br\\\/2014\\\/03\\\/o-preco-dos-peixes-comecam-a-subir-na-regiao\\\/#breadcrumb\"},\"inLanguage\":\"pt-BR\",\"potentialAction\":[{\"@type\":\"ReadAction\",\"target\":[\"https:\\\/\\\/blogdofarnesio.com.br\\\/2014\\\/03\\\/o-preco-dos-peixes-comecam-a-subir-na-regiao\\\/\"]}]},{\"@type\":\"ImageObject\",\"inLanguage\":\"pt-BR\",\"@id\":\"https:\\\/\\\/blogdofarnesio.com.br\\\/2014\\\/03\\\/o-preco-dos-peixes-comecam-a-subir-na-regiao\\\/#primaryimage\",\"url\":\"http:\\\/\\\/www.quersaberpolitica.com.br\\\/2016\\\/wp-content\\\/uploads\\\/2014\\\/03\\\/MG_7657.jpg\",\"contentUrl\":\"http:\\\/\\\/www.quersaberpolitica.com.br\\\/2016\\\/wp-content\\\/uploads\\\/2014\\\/03\\\/MG_7657.jpg\"},{\"@type\":\"BreadcrumbList\",\"@id\":\"https:\\\/\\\/blogdofarnesio.com.br\\\/2014\\\/03\\\/o-preco-dos-peixes-comecam-a-subir-na-regiao\\\/#breadcrumb\",\"itemListElement\":[{\"@type\":\"ListItem\",\"position\":1,\"name\":\"In\u00edcio\",\"item\":\"https:\\\/\\\/blogdofarnesio.com.br\\\/\"},{\"@type\":\"ListItem\",\"position\":2,\"name\":\"O PRE\u00c7O DO PEIXE COME\u00c7A A SUBIR NA REGI\u00c3O\"}]},{\"@type\":\"WebSite\",\"@id\":\"https:\\\/\\\/blogdofarnesio.com.br\\\/#website\",\"url\":\"https:\\\/\\\/blogdofarnesio.com.br\\\/\",\"name\":\"Blog do Farn\u00e9sio\",\"description\":\"Quer Saber Pol\u00edtica?\",\"publisher\":{\"@id\":\"https:\\\/\\\/blogdofarnesio.com.br\\\/#organization\"},\"potentialAction\":[{\"@type\":\"SearchAction\",\"target\":{\"@type\":\"EntryPoint\",\"urlTemplate\":\"https:\\\/\\\/blogdofarnesio.com.br\\\/?s={search_term_string}\"},\"query-input\":{\"@type\":\"PropertyValueSpecification\",\"valueRequired\":true,\"valueName\":\"search_term_string\"}}],\"inLanguage\":\"pt-BR\"},{\"@type\":\"Organization\",\"@id\":\"https:\\\/\\\/blogdofarnesio.com.br\\\/#organization\",\"name\":\"Blog do Farn\u00e9sio\",\"url\":\"https:\\\/\\\/blogdofarnesio.com.br\\\/\",\"logo\":{\"@type\":\"ImageObject\",\"inLanguage\":\"pt-BR\",\"@id\":\"https:\\\/\\\/blogdofarnesio.com.br\\\/#\\\/schema\\\/logo\\\/image\\\/\",\"url\":\"https:\\\/\\\/blogdofarnesio.com.br\\\/wp-content\\\/uploads\\\/2026\\\/03\\\/cropped-logo_new-1.png\",\"contentUrl\":\"https:\\\/\\\/blogdofarnesio.com.br\\\/wp-content\\\/uploads\\\/2026\\\/03\\\/cropped-logo_new-1.png\",\"width\":881,\"height\":685,\"caption\":\"Blog do Farn\u00e9sio\"},\"image\":{\"@id\":\"https:\\\/\\\/blogdofarnesio.com.br\\\/#\\\/schema\\\/logo\\\/image\\\/\"},\"sameAs\":[\"https:\\\/\\\/www.facebook.com\\\/BlogQuerSaberPolitica\\\/\"]},{\"@type\":\"Person\",\"@id\":\"https:\\\/\\\/blogdofarnesio.com.br\\\/#\\\/schema\\\/person\\\/dd1bf5eba40b687199ba45ca6b97dff9\",\"name\":\"teste\",\"image\":{\"@type\":\"ImageObject\",\"inLanguage\":\"pt-BR\",\"@id\":\"https:\\\/\\\/secure.gravatar.com\\\/avatar\\\/2172498d4914b51e1d89a0f97957b035ac4938723a5cac208135d389b6972a6d?s=96&d=mm&r=g\",\"url\":\"https:\\\/\\\/secure.gravatar.com\\\/avatar\\\/2172498d4914b51e1d89a0f97957b035ac4938723a5cac208135d389b6972a6d?s=96&d=mm&r=g\",\"contentUrl\":\"https:\\\/\\\/secure.gravatar.com\\\/avatar\\\/2172498d4914b51e1d89a0f97957b035ac4938723a5cac208135d389b6972a6d?s=96&d=mm&r=g\",\"caption\":\"teste\"},\"url\":\"https:\\\/\\\/blogdofarnesio.com.br\\\/author\\\/teste\\\/\"}]}<\/script>\n<!-- \/ Yoast SEO plugin. -->","yoast_head_json":{"title":"O PRE\u00c7O DO PEIXE COME\u00c7A A SUBIR NA REGI\u00c3O - Blog do Farn\u00e9sio","robots":{"index":"index","follow":"follow","max-snippet":"max-snippet:-1","max-image-preview":"max-image-preview:large","max-video-preview":"max-video-preview:-1"},"canonical":"https:\/\/blogdofarnesio.com.br\/2014\/03\/o-preco-dos-peixes-comecam-a-subir-na-regiao\/","og_locale":"pt_BR","og_type":"article","og_title":"O PRE\u00c7O DO PEIXE COME\u00c7A A SUBIR NA REGI\u00c3O - Blog do Farn\u00e9sio","og_description":"Nem precisou chegar a Semana Santa para o pre\u00e7o do peixe em Petrolina e Juazeiro disparar. J\u00e1 subiu cerca de 30% de um m\u00eas pra c\u00e1, no final da piracema, per\u00edodo de reprodu\u00e7\u00e3o dos peixes quando a pesca comercial \u00e9 proibida pelo Ibama. O peixe est\u00e1 mais caro do que a carne de boi. Na Pra\u00e7a do Peixe, no centro da cidade, a esp\u00e9cie mais barata custa 13 reais o quilo. Nesse patamar est\u00e3o a Til\u00e1pia, o Tambaqui e o Curimat\u00e1. Entres os mais caros est\u00e3o o dourado que custa 20 reais, e o surubim vendido a partir de 25 reais o quilo. A alta do pre\u00e7o dos peixes com tanta anteced\u00eancia da pascoa n\u00e3o se trata de oportunismo, tem&hellip;","og_url":"https:\/\/blogdofarnesio.com.br\/2014\/03\/o-preco-dos-peixes-comecam-a-subir-na-regiao\/","og_site_name":"Blog do Farn\u00e9sio","article_publisher":"https:\/\/www.facebook.com\/BlogQuerSaberPolitica\/","article_published_time":"2014-03-13T14:30:27+00:00","article_modified_time":"2014-03-14T00:32:07+00:00","og_image":[{"url":"http:\/\/www.quersaberpolitica.com.br\/2016\/wp-content\/uploads\/2014\/03\/MG_7657.jpg","type":"","width":"","height":""}],"author":"teste","twitter_card":"summary_large_image","twitter_misc":{"Escrito por":"teste","Est. tempo de leitura":"2 minutos"},"schema":{"@context":"https:\/\/schema.org","@graph":[{"@type":"Article","@id":"https:\/\/blogdofarnesio.com.br\/2014\/03\/o-preco-dos-peixes-comecam-a-subir-na-regiao\/#article","isPartOf":{"@id":"https:\/\/blogdofarnesio.com.br\/2014\/03\/o-preco-dos-peixes-comecam-a-subir-na-regiao\/"},"author":{"name":"teste","@id":"https:\/\/blogdofarnesio.com.br\/#\/schema\/person\/dd1bf5eba40b687199ba45ca6b97dff9"},"headline":"O PRE\u00c7O DO PEIXE COME\u00c7A A SUBIR NA REGI\u00c3O","datePublished":"2014-03-13T14:30:27+00:00","dateModified":"2014-03-14T00:32:07+00:00","mainEntityOfPage":{"@id":"https:\/\/blogdofarnesio.com.br\/2014\/03\/o-preco-dos-peixes-comecam-a-subir-na-regiao\/"},"wordCount":363,"commentCount":0,"publisher":{"@id":"https:\/\/blogdofarnesio.com.br\/#organization"},"image":{"@id":"https:\/\/blogdofarnesio.com.br\/2014\/03\/o-preco-dos-peixes-comecam-a-subir-na-regiao\/#primaryimage"},"thumbnailUrl":"http:\/\/www.quersaberpolitica.com.br\/2016\/wp-content\/uploads\/2014\/03\/MG_7657.jpg","articleSection":["Economia"],"inLanguage":"pt-BR","potentialAction":[{"@type":"CommentAction","name":"Comment","target":["https:\/\/blogdofarnesio.com.br\/2014\/03\/o-preco-dos-peixes-comecam-a-subir-na-regiao\/#respond"]}]},{"@type":"WebPage","@id":"https:\/\/blogdofarnesio.com.br\/2014\/03\/o-preco-dos-peixes-comecam-a-subir-na-regiao\/","url":"https:\/\/blogdofarnesio.com.br\/2014\/03\/o-preco-dos-peixes-comecam-a-subir-na-regiao\/","name":"O PRE\u00c7O DO PEIXE COME\u00c7A A SUBIR NA REGI\u00c3O - Blog do Farn\u00e9sio","isPartOf":{"@id":"https:\/\/blogdofarnesio.com.br\/#website"},"primaryImageOfPage":{"@id":"https:\/\/blogdofarnesio.com.br\/2014\/03\/o-preco-dos-peixes-comecam-a-subir-na-regiao\/#primaryimage"},"image":{"@id":"https:\/\/blogdofarnesio.com.br\/2014\/03\/o-preco-dos-peixes-comecam-a-subir-na-regiao\/#primaryimage"},"thumbnailUrl":"http:\/\/www.quersaberpolitica.com.br\/2016\/wp-content\/uploads\/2014\/03\/MG_7657.jpg","datePublished":"2014-03-13T14:30:27+00:00","dateModified":"2014-03-14T00:32:07+00:00","breadcrumb":{"@id":"https:\/\/blogdofarnesio.com.br\/2014\/03\/o-preco-dos-peixes-comecam-a-subir-na-regiao\/#breadcrumb"},"inLanguage":"pt-BR","potentialAction":[{"@type":"ReadAction","target":["https:\/\/blogdofarnesio.com.br\/2014\/03\/o-preco-dos-peixes-comecam-a-subir-na-regiao\/"]}]},{"@type":"ImageObject","inLanguage":"pt-BR","@id":"https:\/\/blogdofarnesio.com.br\/2014\/03\/o-preco-dos-peixes-comecam-a-subir-na-regiao\/#primaryimage","url":"http:\/\/www.quersaberpolitica.com.br\/2016\/wp-content\/uploads\/2014\/03\/MG_7657.jpg","contentUrl":"http:\/\/www.quersaberpolitica.com.br\/2016\/wp-content\/uploads\/2014\/03\/MG_7657.jpg"},{"@type":"BreadcrumbList","@id":"https:\/\/blogdofarnesio.com.br\/2014\/03\/o-preco-dos-peixes-comecam-a-subir-na-regiao\/#breadcrumb","itemListElement":[{"@type":"ListItem","position":1,"name":"In\u00edcio","item":"https:\/\/blogdofarnesio.com.br\/"},{"@type":"ListItem","position":2,"name":"O PRE\u00c7O DO PEIXE COME\u00c7A A SUBIR NA REGI\u00c3O"}]},{"@type":"WebSite","@id":"https:\/\/blogdofarnesio.com.br\/#website","url":"https:\/\/blogdofarnesio.com.br\/","name":"Blog do Farn\u00e9sio","description":"Quer Saber Pol\u00edtica?","publisher":{"@id":"https:\/\/blogdofarnesio.com.br\/#organization"},"potentialAction":[{"@type":"SearchAction","target":{"@type":"EntryPoint","urlTemplate":"https:\/\/blogdofarnesio.com.br\/?s={search_term_string}"},"query-input":{"@type":"PropertyValueSpecification","valueRequired":true,"valueName":"search_term_string"}}],"inLanguage":"pt-BR"},{"@type":"Organization","@id":"https:\/\/blogdofarnesio.com.br\/#organization","name":"Blog do Farn\u00e9sio","url":"https:\/\/blogdofarnesio.com.br\/","logo":{"@type":"ImageObject","inLanguage":"pt-BR","@id":"https:\/\/blogdofarnesio.com.br\/#\/schema\/logo\/image\/","url":"https:\/\/blogdofarnesio.com.br\/wp-content\/uploads\/2026\/03\/cropped-logo_new-1.png","contentUrl":"https:\/\/blogdofarnesio.com.br\/wp-content\/uploads\/2026\/03\/cropped-logo_new-1.png","width":881,"height":685,"caption":"Blog do Farn\u00e9sio"},"image":{"@id":"https:\/\/blogdofarnesio.com.br\/#\/schema\/logo\/image\/"},"sameAs":["https:\/\/www.facebook.com\/BlogQuerSaberPolitica\/"]},{"@type":"Person","@id":"https:\/\/blogdofarnesio.com.br\/#\/schema\/person\/dd1bf5eba40b687199ba45ca6b97dff9","name":"teste","image":{"@type":"ImageObject","inLanguage":"pt-BR","@id":"https:\/\/secure.gravatar.com\/avatar\/2172498d4914b51e1d89a0f97957b035ac4938723a5cac208135d389b6972a6d?s=96&d=mm&r=g","url":"https:\/\/secure.gravatar.com\/avatar\/2172498d4914b51e1d89a0f97957b035ac4938723a5cac208135d389b6972a6d?s=96&d=mm&r=g","contentUrl":"https:\/\/secure.gravatar.com\/avatar\/2172498d4914b51e1d89a0f97957b035ac4938723a5cac208135d389b6972a6d?s=96&d=mm&r=g","caption":"teste"},"url":"https:\/\/blogdofarnesio.com.br\/author\/teste\/"}]}},"_links":{"self":[{"href":"https:\/\/blogdofarnesio.com.br\/wp-json\/wp\/v2\/posts\/75966","targetHints":{"allow":["GET"]}}],"collection":[{"href":"https:\/\/blogdofarnesio.com.br\/wp-json\/wp\/v2\/posts"}],"about":[{"href":"https:\/\/blogdofarnesio.com.br\/wp-json\/wp\/v2\/types\/post"}],"author":[{"embeddable":true,"href":"https:\/\/blogdofarnesio.com.br\/wp-json\/wp\/v2\/users\/3"}],"replies":[{"embeddable":true,"href":"https:\/\/blogdofarnesio.com.br\/wp-json\/wp\/v2\/comments?post=75966"}],"version-history":[{"count":0,"href":"https:\/\/blogdofarnesio.com.br\/wp-json\/wp\/v2\/posts\/75966\/revisions"}],"wp:attachment":[{"href":"https:\/\/blogdofarnesio.com.br\/wp-json\/wp\/v2\/media?parent=75966"}],"wp:term":[{"taxonomy":"category","embeddable":true,"href":"https:\/\/blogdofarnesio.com.br\/wp-json\/wp\/v2\/categories?post=75966"},{"taxonomy":"post_tag","embeddable":true,"href":"https:\/\/blogdofarnesio.com.br\/wp-json\/wp\/v2\/tags?post=75966"}],"curies":[{"name":"wp","href":"https:\/\/api.w.org\/{rel}","templated":true}]}}