{"id":75848,"date":"2014-03-17T06:16:30","date_gmt":"2014-03-17T09:16:30","guid":{"rendered":"http:\/\/www.quersaberpolitica.com.br\/?p=75848"},"modified":"2014-03-12T14:57:07","modified_gmt":"2014-03-12T17:57:07","slug":"instituicoes-de-ensino-superior-debatem-sobre-autonomia-universitaria","status":"publish","type":"post","link":"https:\/\/blogdofarnesio.com.br\/?p=75848","title":{"rendered":"INSTITUI\u00c7\u00d5ES DE ENSINO SUPERIOR DEBATEM SOBRE AUTONOMIA UNIVERSIT\u00c1RIA"},"content":{"rendered":"<p style=\"text-align: justify\"><a href=\"http:\/\/www.quersaberpolitica.com.br\/2016\/wp-content\/uploads\/2014\/02\/blogqspuniversidade.jpg\"><img loading=\"lazy\" decoding=\"async\" class=\" wp-image-74539 alignleft\" alt=\"blogqspuniversidade\" src=\"http:\/\/www.quersaberpolitica.com.br\/2016\/wp-content\/uploads\/2014\/02\/blogqspuniversidade.jpg\" width=\"257\" height=\"360\" \/><\/a>Para que serve a universidade p\u00fablica? A indaga\u00e7\u00e3o \u00e9 o cerne dos debates que ocorrer\u00e3o no campus da UPE em Petrolina, nesta segunda-feira, dia 17 de mar\u00e7o.\u00a0Como conferencista do tema foi convidado o convidado o professor A\u00e9cio Gomes de Matos, pesquisador em psicologia e sociologia da UFPE e organizador do livro &#8220;Pra que serve a universidade p\u00fablica?&#8221;<\/p>\n<p style=\"text-align: justify\">Entre os debatedores est\u00e3o os representantes da Universidade de Pernambuco (UPE), da Dire\u00e7\u00e3o do Campus UPE Petrolina, da Universidade Federal do Vale do S\u00e3o Francisco (UNIVASF), da Universidade Estadual da Bahia (UNEB), da Faculdade de Ci\u00eancias Aplicadas e Sociais de Petrolina (FACAPE), da Se\u00e7\u00e3o Sindical dos Docentes da Universidade de Pernambuco (ADUPE), do N\u00facleo de Diversidade e Identidades Sociais\/UPE (NDIS), do N\u00facleo Integrado de Sa\u00fade Coletiva da UPE (NISC), do Sindicato dos Servidores da UPE (SINDUPE) e do Diret\u00f3rio Central dos Estudantes e CAs.<!--more--><\/p>\n<p style=\"text-align: justify\">O evento integra a programa\u00e7\u00e3o da s\u00e9rie debates que est\u00e3o acontecendo nos diversos campi da Universidade de Pernambuco. Em Petrolina, o debate ser\u00e1 realizado em dois momentos: pela manh\u00e3 as 8 h30 e a noite \u00e0s 19 h. Os pain\u00e9is tem como organizadores a Reitoria da UPE, a Se\u00e7\u00e3o Sindical dos Docentes da UPE (ADUPE) o N\u00facleo de Diversidade e Identidades Sociais\/UPE (NDIS), o N\u00facleo Integrado de Sa\u00fade Coletiva (NISC), o Sindicato dos Servidores da UPE (SINDUPE) e o Diret\u00f3rio Central dos Estudantes da UPE. O evento \u00e9 abertura ao p\u00fablico e acontecer\u00e1 no audit\u00f3rio Central do Campus<\/p>\n","protected":false},"excerpt":{"rendered":"<p>Para que serve a universidade p\u00fablica? A indaga\u00e7\u00e3o \u00e9 o cerne dos debates que ocorrer\u00e3o no campus da UPE em Petrolina, nesta segunda-feira, dia 17 de mar\u00e7o.\u00a0Como conferencista do tema foi convidado o convidado o professor A\u00e9cio Gomes de Matos, pesquisador em psicologia e sociologia da UFPE e organizador do livro &#8220;Pra que serve a universidade p\u00fablica?&#8221; Entre os debatedores est\u00e3o os representantes da Universidade de Pernambuco (UPE), da Dire\u00e7\u00e3o do Campus UPE Petrolina, da Universidade Federal do Vale do S\u00e3o Francisco (UNIVASF), da Universidade Estadual da Bahia (UNEB), da Faculdade de Ci\u00eancias Aplicadas e Sociais de Petrolina (FACAPE), da Se\u00e7\u00e3o Sindical dos Docentes da Universidade de Pernambuco (ADUPE), do N\u00facleo de Diversidade e Identidades Sociais\/UPE (NDIS), do N\u00facleo Integrado&hellip; <\/p>\n","protected":false},"author":3,"featured_media":0,"comment_status":"open","ping_status":"open","sticky":false,"template":"","format":"standard","meta":{"_acf_changed":false,"footnotes":""},"categories":[6],"tags":[],"class_list":["post-75848","post","type-post","status-publish","format-standard","hentry","category-educacao"],"acf":[],"yoast_head":"<!-- This site is optimized with the Yoast SEO plugin v27.4 - https:\/\/yoast.com\/product\/yoast-seo-wordpress\/ -->\n<title>INSTITUI\u00c7\u00d5ES DE ENSINO SUPERIOR DEBATEM SOBRE AUTONOMIA UNIVERSIT\u00c1RIA - Blog do Farn\u00e9sio<\/title>\n<meta name=\"robots\" content=\"index, follow, max-snippet:-1, max-image-preview:large, max-video-preview:-1\" \/>\n<link rel=\"canonical\" href=\"https:\/\/blogdofarnesio.com.br\/?p=75848\" \/>\n<meta property=\"og:locale\" content=\"pt_BR\" \/>\n<meta property=\"og:type\" content=\"article\" \/>\n<meta property=\"og:title\" content=\"INSTITUI\u00c7\u00d5ES DE ENSINO SUPERIOR DEBATEM SOBRE AUTONOMIA UNIVERSIT\u00c1RIA - Blog do Farn\u00e9sio\" \/>\n<meta property=\"og:description\" content=\"Para que serve a universidade p\u00fablica? A indaga\u00e7\u00e3o \u00e9 o cerne dos debates que ocorrer\u00e3o no campus da UPE em Petrolina, nesta segunda-feira, dia 17 de mar\u00e7o.\u00a0Como conferencista do tema foi convidado o convidado o professor A\u00e9cio Gomes de Matos, pesquisador em psicologia e sociologia da UFPE e organizador do livro &#8220;Pra que serve a universidade p\u00fablica?&#8221; Entre os debatedores est\u00e3o os representantes da Universidade de Pernambuco (UPE), da Dire\u00e7\u00e3o do Campus UPE Petrolina, da Universidade Federal do Vale do S\u00e3o Francisco (UNIVASF), da Universidade Estadual da Bahia (UNEB), da Faculdade de Ci\u00eancias Aplicadas e Sociais de Petrolina (FACAPE), da Se\u00e7\u00e3o Sindical dos Docentes da Universidade de Pernambuco (ADUPE), do N\u00facleo de Diversidade e Identidades Sociais\/UPE (NDIS), do N\u00facleo Integrado&hellip;\" \/>\n<meta property=\"og:url\" content=\"https:\/\/blogdofarnesio.com.br\/?p=75848\" \/>\n<meta property=\"og:site_name\" content=\"Blog do Farn\u00e9sio\" \/>\n<meta property=\"article:publisher\" content=\"https:\/\/www.facebook.com\/BlogQuerSaberPolitica\/\" \/>\n<meta property=\"article:published_time\" content=\"2014-03-17T09:16:30+00:00\" \/>\n<meta property=\"og:image\" content=\"http:\/\/www.quersaberpolitica.com.br\/2016\/wp-content\/uploads\/2014\/02\/blogqspuniversidade.jpg\" \/>\n<meta name=\"author\" content=\"teste\" \/>\n<meta name=\"twitter:card\" content=\"summary_large_image\" \/>\n<meta name=\"twitter:label1\" content=\"Escrito por\" \/>\n\t<meta name=\"twitter:data1\" content=\"teste\" \/>\n\t<meta name=\"twitter:label2\" content=\"Est. tempo de leitura\" \/>\n\t<meta name=\"twitter:data2\" content=\"1 minuto\" \/>\n<script type=\"application\/ld+json\" class=\"yoast-schema-graph\">{\"@context\":\"https:\\\/\\\/schema.org\",\"@graph\":[{\"@type\":\"Article\",\"@id\":\"https:\\\/\\\/blogdofarnesio.com.br\\\/?p=75848#article\",\"isPartOf\":{\"@id\":\"https:\\\/\\\/blogdofarnesio.com.br\\\/?p=75848\"},\"author\":{\"name\":\"teste\",\"@id\":\"https:\\\/\\\/blogdofarnesio.com.br\\\/#\\\/schema\\\/person\\\/dd1bf5eba40b687199ba45ca6b97dff9\"},\"headline\":\"INSTITUI\u00c7\u00d5ES DE ENSINO SUPERIOR DEBATEM SOBRE AUTONOMIA UNIVERSIT\u00c1RIA\",\"datePublished\":\"2014-03-17T09:16:30+00:00\",\"mainEntityOfPage\":{\"@id\":\"https:\\\/\\\/blogdofarnesio.com.br\\\/?p=75848\"},\"wordCount\":273,\"commentCount\":0,\"publisher\":{\"@id\":\"https:\\\/\\\/blogdofarnesio.com.br\\\/#organization\"},\"image\":{\"@id\":\"https:\\\/\\\/blogdofarnesio.com.br\\\/?p=75848#primaryimage\"},\"thumbnailUrl\":\"http:\\\/\\\/www.quersaberpolitica.com.br\\\/2016\\\/wp-content\\\/uploads\\\/2014\\\/02\\\/blogqspuniversidade.jpg\",\"articleSection\":[\"Educa\u00e7\u00e3o\"],\"inLanguage\":\"pt-BR\",\"potentialAction\":[{\"@type\":\"CommentAction\",\"name\":\"Comment\",\"target\":[\"https:\\\/\\\/blogdofarnesio.com.br\\\/?p=75848#respond\"]}]},{\"@type\":\"WebPage\",\"@id\":\"https:\\\/\\\/blogdofarnesio.com.br\\\/?p=75848\",\"url\":\"https:\\\/\\\/blogdofarnesio.com.br\\\/?p=75848\",\"name\":\"INSTITUI\u00c7\u00d5ES DE ENSINO SUPERIOR DEBATEM SOBRE AUTONOMIA UNIVERSIT\u00c1RIA - Blog do Farn\u00e9sio\",\"isPartOf\":{\"@id\":\"https:\\\/\\\/blogdofarnesio.com.br\\\/#website\"},\"primaryImageOfPage\":{\"@id\":\"https:\\\/\\\/blogdofarnesio.com.br\\\/?p=75848#primaryimage\"},\"image\":{\"@id\":\"https:\\\/\\\/blogdofarnesio.com.br\\\/?p=75848#primaryimage\"},\"thumbnailUrl\":\"http:\\\/\\\/www.quersaberpolitica.com.br\\\/2016\\\/wp-content\\\/uploads\\\/2014\\\/02\\\/blogqspuniversidade.jpg\",\"datePublished\":\"2014-03-17T09:16:30+00:00\",\"breadcrumb\":{\"@id\":\"https:\\\/\\\/blogdofarnesio.com.br\\\/?p=75848#breadcrumb\"},\"inLanguage\":\"pt-BR\",\"potentialAction\":[{\"@type\":\"ReadAction\",\"target\":[\"https:\\\/\\\/blogdofarnesio.com.br\\\/?p=75848\"]}]},{\"@type\":\"ImageObject\",\"inLanguage\":\"pt-BR\",\"@id\":\"https:\\\/\\\/blogdofarnesio.com.br\\\/?p=75848#primaryimage\",\"url\":\"http:\\\/\\\/www.quersaberpolitica.com.br\\\/2016\\\/wp-content\\\/uploads\\\/2014\\\/02\\\/blogqspuniversidade.jpg\",\"contentUrl\":\"http:\\\/\\\/www.quersaberpolitica.com.br\\\/2016\\\/wp-content\\\/uploads\\\/2014\\\/02\\\/blogqspuniversidade.jpg\"},{\"@type\":\"BreadcrumbList\",\"@id\":\"https:\\\/\\\/blogdofarnesio.com.br\\\/?p=75848#breadcrumb\",\"itemListElement\":[{\"@type\":\"ListItem\",\"position\":1,\"name\":\"In\u00edcio\",\"item\":\"https:\\\/\\\/blogdofarnesio.com.br\\\/\"},{\"@type\":\"ListItem\",\"position\":2,\"name\":\"INSTITUI\u00c7\u00d5ES DE ENSINO SUPERIOR DEBATEM SOBRE AUTONOMIA UNIVERSIT\u00c1RIA\"}]},{\"@type\":\"WebSite\",\"@id\":\"https:\\\/\\\/blogdofarnesio.com.br\\\/#website\",\"url\":\"https:\\\/\\\/blogdofarnesio.com.br\\\/\",\"name\":\"Blog do Farn\u00e9sio\",\"description\":\"Quer Saber Pol\u00edtica?\",\"publisher\":{\"@id\":\"https:\\\/\\\/blogdofarnesio.com.br\\\/#organization\"},\"potentialAction\":[{\"@type\":\"SearchAction\",\"target\":{\"@type\":\"EntryPoint\",\"urlTemplate\":\"https:\\\/\\\/blogdofarnesio.com.br\\\/?s={search_term_string}\"},\"query-input\":{\"@type\":\"PropertyValueSpecification\",\"valueRequired\":true,\"valueName\":\"search_term_string\"}}],\"inLanguage\":\"pt-BR\"},{\"@type\":\"Organization\",\"@id\":\"https:\\\/\\\/blogdofarnesio.com.br\\\/#organization\",\"name\":\"Blog do Farn\u00e9sio\",\"url\":\"https:\\\/\\\/blogdofarnesio.com.br\\\/\",\"logo\":{\"@type\":\"ImageObject\",\"inLanguage\":\"pt-BR\",\"@id\":\"https:\\\/\\\/blogdofarnesio.com.br\\\/#\\\/schema\\\/logo\\\/image\\\/\",\"url\":\"https:\\\/\\\/blogdofarnesio.com.br\\\/wp-content\\\/uploads\\\/2026\\\/03\\\/cropped-logo_new-1.png\",\"contentUrl\":\"https:\\\/\\\/blogdofarnesio.com.br\\\/wp-content\\\/uploads\\\/2026\\\/03\\\/cropped-logo_new-1.png\",\"width\":881,\"height\":685,\"caption\":\"Blog do Farn\u00e9sio\"},\"image\":{\"@id\":\"https:\\\/\\\/blogdofarnesio.com.br\\\/#\\\/schema\\\/logo\\\/image\\\/\"},\"sameAs\":[\"https:\\\/\\\/www.facebook.com\\\/BlogQuerSaberPolitica\\\/\"]},{\"@type\":\"Person\",\"@id\":\"https:\\\/\\\/blogdofarnesio.com.br\\\/#\\\/schema\\\/person\\\/dd1bf5eba40b687199ba45ca6b97dff9\",\"name\":\"teste\",\"image\":{\"@type\":\"ImageObject\",\"inLanguage\":\"pt-BR\",\"@id\":\"https:\\\/\\\/secure.gravatar.com\\\/avatar\\\/2172498d4914b51e1d89a0f97957b035ac4938723a5cac208135d389b6972a6d?s=96&d=mm&r=g\",\"url\":\"https:\\\/\\\/secure.gravatar.com\\\/avatar\\\/2172498d4914b51e1d89a0f97957b035ac4938723a5cac208135d389b6972a6d?s=96&d=mm&r=g\",\"contentUrl\":\"https:\\\/\\\/secure.gravatar.com\\\/avatar\\\/2172498d4914b51e1d89a0f97957b035ac4938723a5cac208135d389b6972a6d?s=96&d=mm&r=g\",\"caption\":\"teste\"},\"url\":\"https:\\\/\\\/blogdofarnesio.com.br\\\/?author=3\"}]}<\/script>\n<!-- \/ Yoast SEO plugin. -->","yoast_head_json":{"title":"INSTITUI\u00c7\u00d5ES DE ENSINO SUPERIOR DEBATEM SOBRE AUTONOMIA UNIVERSIT\u00c1RIA - Blog do Farn\u00e9sio","robots":{"index":"index","follow":"follow","max-snippet":"max-snippet:-1","max-image-preview":"max-image-preview:large","max-video-preview":"max-video-preview:-1"},"canonical":"https:\/\/blogdofarnesio.com.br\/?p=75848","og_locale":"pt_BR","og_type":"article","og_title":"INSTITUI\u00c7\u00d5ES DE ENSINO SUPERIOR DEBATEM SOBRE AUTONOMIA UNIVERSIT\u00c1RIA - Blog do Farn\u00e9sio","og_description":"Para que serve a universidade p\u00fablica? A indaga\u00e7\u00e3o \u00e9 o cerne dos debates que ocorrer\u00e3o no campus da UPE em Petrolina, nesta segunda-feira, dia 17 de mar\u00e7o.\u00a0Como conferencista do tema foi convidado o convidado o professor A\u00e9cio Gomes de Matos, pesquisador em psicologia e sociologia da UFPE e organizador do livro &#8220;Pra que serve a universidade p\u00fablica?&#8221; Entre os debatedores est\u00e3o os representantes da Universidade de Pernambuco (UPE), da Dire\u00e7\u00e3o do Campus UPE Petrolina, da Universidade Federal do Vale do S\u00e3o Francisco (UNIVASF), da Universidade Estadual da Bahia (UNEB), da Faculdade de Ci\u00eancias Aplicadas e Sociais de Petrolina (FACAPE), da Se\u00e7\u00e3o Sindical dos Docentes da Universidade de Pernambuco (ADUPE), do N\u00facleo de Diversidade e Identidades Sociais\/UPE (NDIS), do N\u00facleo Integrado&hellip;","og_url":"https:\/\/blogdofarnesio.com.br\/?p=75848","og_site_name":"Blog do Farn\u00e9sio","article_publisher":"https:\/\/www.facebook.com\/BlogQuerSaberPolitica\/","article_published_time":"2014-03-17T09:16:30+00:00","og_image":[{"url":"http:\/\/www.quersaberpolitica.com.br\/2016\/wp-content\/uploads\/2014\/02\/blogqspuniversidade.jpg","type":"","width":"","height":""}],"author":"teste","twitter_card":"summary_large_image","twitter_misc":{"Escrito por":"teste","Est. tempo de leitura":"1 minuto"},"schema":{"@context":"https:\/\/schema.org","@graph":[{"@type":"Article","@id":"https:\/\/blogdofarnesio.com.br\/?p=75848#article","isPartOf":{"@id":"https:\/\/blogdofarnesio.com.br\/?p=75848"},"author":{"name":"teste","@id":"https:\/\/blogdofarnesio.com.br\/#\/schema\/person\/dd1bf5eba40b687199ba45ca6b97dff9"},"headline":"INSTITUI\u00c7\u00d5ES DE ENSINO SUPERIOR DEBATEM SOBRE AUTONOMIA UNIVERSIT\u00c1RIA","datePublished":"2014-03-17T09:16:30+00:00","mainEntityOfPage":{"@id":"https:\/\/blogdofarnesio.com.br\/?p=75848"},"wordCount":273,"commentCount":0,"publisher":{"@id":"https:\/\/blogdofarnesio.com.br\/#organization"},"image":{"@id":"https:\/\/blogdofarnesio.com.br\/?p=75848#primaryimage"},"thumbnailUrl":"http:\/\/www.quersaberpolitica.com.br\/2016\/wp-content\/uploads\/2014\/02\/blogqspuniversidade.jpg","articleSection":["Educa\u00e7\u00e3o"],"inLanguage":"pt-BR","potentialAction":[{"@type":"CommentAction","name":"Comment","target":["https:\/\/blogdofarnesio.com.br\/?p=75848#respond"]}]},{"@type":"WebPage","@id":"https:\/\/blogdofarnesio.com.br\/?p=75848","url":"https:\/\/blogdofarnesio.com.br\/?p=75848","name":"INSTITUI\u00c7\u00d5ES DE ENSINO SUPERIOR DEBATEM SOBRE AUTONOMIA UNIVERSIT\u00c1RIA - Blog do Farn\u00e9sio","isPartOf":{"@id":"https:\/\/blogdofarnesio.com.br\/#website"},"primaryImageOfPage":{"@id":"https:\/\/blogdofarnesio.com.br\/?p=75848#primaryimage"},"image":{"@id":"https:\/\/blogdofarnesio.com.br\/?p=75848#primaryimage"},"thumbnailUrl":"http:\/\/www.quersaberpolitica.com.br\/2016\/wp-content\/uploads\/2014\/02\/blogqspuniversidade.jpg","datePublished":"2014-03-17T09:16:30+00:00","breadcrumb":{"@id":"https:\/\/blogdofarnesio.com.br\/?p=75848#breadcrumb"},"inLanguage":"pt-BR","potentialAction":[{"@type":"ReadAction","target":["https:\/\/blogdofarnesio.com.br\/?p=75848"]}]},{"@type":"ImageObject","inLanguage":"pt-BR","@id":"https:\/\/blogdofarnesio.com.br\/?p=75848#primaryimage","url":"http:\/\/www.quersaberpolitica.com.br\/2016\/wp-content\/uploads\/2014\/02\/blogqspuniversidade.jpg","contentUrl":"http:\/\/www.quersaberpolitica.com.br\/2016\/wp-content\/uploads\/2014\/02\/blogqspuniversidade.jpg"},{"@type":"BreadcrumbList","@id":"https:\/\/blogdofarnesio.com.br\/?p=75848#breadcrumb","itemListElement":[{"@type":"ListItem","position":1,"name":"In\u00edcio","item":"https:\/\/blogdofarnesio.com.br\/"},{"@type":"ListItem","position":2,"name":"INSTITUI\u00c7\u00d5ES DE ENSINO SUPERIOR DEBATEM SOBRE AUTONOMIA UNIVERSIT\u00c1RIA"}]},{"@type":"WebSite","@id":"https:\/\/blogdofarnesio.com.br\/#website","url":"https:\/\/blogdofarnesio.com.br\/","name":"Blog do Farn\u00e9sio","description":"Quer Saber Pol\u00edtica?","publisher":{"@id":"https:\/\/blogdofarnesio.com.br\/#organization"},"potentialAction":[{"@type":"SearchAction","target":{"@type":"EntryPoint","urlTemplate":"https:\/\/blogdofarnesio.com.br\/?s={search_term_string}"},"query-input":{"@type":"PropertyValueSpecification","valueRequired":true,"valueName":"search_term_string"}}],"inLanguage":"pt-BR"},{"@type":"Organization","@id":"https:\/\/blogdofarnesio.com.br\/#organization","name":"Blog do Farn\u00e9sio","url":"https:\/\/blogdofarnesio.com.br\/","logo":{"@type":"ImageObject","inLanguage":"pt-BR","@id":"https:\/\/blogdofarnesio.com.br\/#\/schema\/logo\/image\/","url":"https:\/\/blogdofarnesio.com.br\/wp-content\/uploads\/2026\/03\/cropped-logo_new-1.png","contentUrl":"https:\/\/blogdofarnesio.com.br\/wp-content\/uploads\/2026\/03\/cropped-logo_new-1.png","width":881,"height":685,"caption":"Blog do Farn\u00e9sio"},"image":{"@id":"https:\/\/blogdofarnesio.com.br\/#\/schema\/logo\/image\/"},"sameAs":["https:\/\/www.facebook.com\/BlogQuerSaberPolitica\/"]},{"@type":"Person","@id":"https:\/\/blogdofarnesio.com.br\/#\/schema\/person\/dd1bf5eba40b687199ba45ca6b97dff9","name":"teste","image":{"@type":"ImageObject","inLanguage":"pt-BR","@id":"https:\/\/secure.gravatar.com\/avatar\/2172498d4914b51e1d89a0f97957b035ac4938723a5cac208135d389b6972a6d?s=96&d=mm&r=g","url":"https:\/\/secure.gravatar.com\/avatar\/2172498d4914b51e1d89a0f97957b035ac4938723a5cac208135d389b6972a6d?s=96&d=mm&r=g","contentUrl":"https:\/\/secure.gravatar.com\/avatar\/2172498d4914b51e1d89a0f97957b035ac4938723a5cac208135d389b6972a6d?s=96&d=mm&r=g","caption":"teste"},"url":"https:\/\/blogdofarnesio.com.br\/?author=3"}]}},"_links":{"self":[{"href":"https:\/\/blogdofarnesio.com.br\/index.php?rest_route=\/wp\/v2\/posts\/75848","targetHints":{"allow":["GET"]}}],"collection":[{"href":"https:\/\/blogdofarnesio.com.br\/index.php?rest_route=\/wp\/v2\/posts"}],"about":[{"href":"https:\/\/blogdofarnesio.com.br\/index.php?rest_route=\/wp\/v2\/types\/post"}],"author":[{"embeddable":true,"href":"https:\/\/blogdofarnesio.com.br\/index.php?rest_route=\/wp\/v2\/users\/3"}],"replies":[{"embeddable":true,"href":"https:\/\/blogdofarnesio.com.br\/index.php?rest_route=%2Fwp%2Fv2%2Fcomments&post=75848"}],"version-history":[{"count":0,"href":"https:\/\/blogdofarnesio.com.br\/index.php?rest_route=\/wp\/v2\/posts\/75848\/revisions"}],"wp:attachment":[{"href":"https:\/\/blogdofarnesio.com.br\/index.php?rest_route=%2Fwp%2Fv2%2Fmedia&parent=75848"}],"wp:term":[{"taxonomy":"category","embeddable":true,"href":"https:\/\/blogdofarnesio.com.br\/index.php?rest_route=%2Fwp%2Fv2%2Fcategories&post=75848"},{"taxonomy":"post_tag","embeddable":true,"href":"https:\/\/blogdofarnesio.com.br\/index.php?rest_route=%2Fwp%2Fv2%2Ftags&post=75848"}],"curies":[{"name":"wp","href":"https:\/\/api.w.org\/{rel}","templated":true}]}}